{"id":434766,"date":"2026-04-06T19:17:14","date_gmt":"2026-04-06T22:17:14","guid":{"rendered":"https:\/\/portaltela.pt\/noticias\/2026\/04\/06\/otamendi-assume-responsabilidade-e-afirma-que-o-benfica-merece-respeito\/"},"modified":"2026-04-06T19:17:14","modified_gmt":"2026-04-06T22:17:14","slug":"otamendi-assume-responsabilidade-e-afirma-que-o-benfica-merece-respeito","status":"publish","type":"post","link":"https:\/\/portaltela.pt\/desporto\/futebol\/2026\/04\/06\/otamendi-assume-responsabilidade-e-afirma-que-o-benfica-merece-respeito\/","title":{"rendered":"Otamendi assume responsabilidade e afirma que o Benfica merece respeito"},"content":{"rendered":"<p>O Benfica empatou 1-1 com o Casa Pia, em jogo da jornada suficiente para balan\u00e7ar a luta pelo t\u00edtulo. Na flash interview ap\u00f3s o encontro, o capit\u00e3o Otamendi assumiu a responsabilidade pela igualdade e enfatizou a necessidade de ambi\u00e7\u00e3o e de manter o n\u00edvel de exig\u00eancia dentro de campo.<\/p>\n<p>O defesa argentino sublinhou que, mesmo em vantagem, o Benfica tem de ser contundente e n\u00e3o permitir que o advers\u00e1rio recupere a desvantagem. Disse ainda que um clube da grandeza do Benfica merece respeito e personalidade para somar os tr\u00eas pontos, apontando uma falha coletiva na gest\u00e3o da partida.<\/p>\n<p>Sobre o futuro a meio da temporada, Otamendi n\u00e3o quis comentar uma eventual sa\u00edda no fim do curso. Mantendo o foco no jogo, afirmou estar bastante chateado com o resultado e priorizou a an\u00e1lise ao duelo frente ao Casa Pia. Fonte: C.S.<\/p>\n","protected":false},"excerpt":{"rendered":"<ul>\n<li>Em jogo a 1-1 com o Casa Pia, o Benfica empatou e viu reduzidas as hip\u00f3teses de conquistar o campeonato.<\/li>\n<li>O capit\u00e3o Otamendi afirmou que a culpa \u00e9 toda do Benfica, pela falta de ambi\u00e7\u00e3o e pela rea\u00e7\u00e3o ap\u00f3s estar a vencer 1-0.<\/li>\n<li>Destacou que um clube grande como o Benfica n\u00e3o pode conceder oportunidades e precisa de ambi\u00e7\u00e3o e personalidade para vencer.<\/li>\n<li>A equipa tem de somar os tr\u00eas pontos e manter o respeito e a personalidade em cada campo.<\/li>\n<li>Sobre uma poss\u00edvel sa\u00edda ao fim da \u00e9poca, n\u00e3o comentou, mantendo o foco no jogo e na decep\u00e7\u00e3o pelo resultado.<\/li>\n<\/ul>\n","protected":false},"author":2,"featured_media":434767,"comment_status":"closed","ping_status":"closed","sticky":false,"template":"","format":"standard","meta":{"footnotes":""},"categories":[21,24],"tags":[4143,4059,1946,5176,32,4117],"class_list":["post-434766","post","type-post","status-publish","format-standard","has-post-thumbnail","hentry","category-desporto","category-futebol","tag-1-liga","tag-1-a-liga","tag-benfica","tag-casa-pia","tag-futebol","tag-otamendi"],"yoast_head":"<!-- This site is optimized with the Yoast SEO plugin v27.2 - https:\/\/yoast.com\/product\/yoast-seo-wordpress\/ -->\n<title>Otamendi assume responsabilidade e afirma que o Benfica merece respeito - Portal Tela Portugal<\/title>\n<meta name=\"robots\" content=\"index, follow, max-snippet:-1, max-image-preview:large, max-video-preview:-1\" \/>\n<meta property=\"og:locale\" content=\"pt_PT\" \/>\n<meta property=\"og:type\" content=\"article\" \/>\n<meta property=\"og:title\" content=\"Otamendi assume responsabilidade e afirma que o Benfica merece respeito - Portal Tela Portugal\" \/>\n<meta property=\"og:description\" content=\"Em jogo a 1-1 com o Casa Pia, o Benfica empatou e viu reduzidas as hip\u00f3teses de conquistar o campeonato. O capit\u00e3o Otamendi afirmou que a culpa \u00e9 toda do Benfica, pela falta de ambi\u00e7\u00e3o e pela rea\u00e7\u00e3o ap\u00f3s estar a vencer 1-0. Destacou que um clube grande como o Benfica n\u00e3o pode conceder oportunidades e precisa de ambi\u00e7\u00e3o e personalidade para vencer. A equipa tem de somar os tr\u00eas pontos e manter o respeito e a personalidade em cada campo. Sobre uma poss\u00edvel sa\u00edda ao fim da \u00e9poca, n\u00e3o comentou, mantendo o foco no jogo e na decep\u00e7\u00e3o pelo resultado.\" \/>\n<meta property=\"og:url\" content=\"https:\/\/portaltela.pt\/noticias\/2026\/04\/06\/otamendi-assume-responsabilidade-e-afirma-que-o-benfica-merece-respeito\/\" \/>\n<meta property=\"og:site_name\" content=\"Portal Tela Portugal\" \/>\n<meta property=\"article:published_time\" content=\"2026-04-06T22:17:14+00:00\" \/>\n<meta name=\"author\" content=\"Telinha\" \/>\n<meta name=\"twitter:card\" content=\"summary_large_image\" \/>\n<meta name=\"twitter:label1\" content=\"Escrito por\" \/>\n\t<meta name=\"twitter:data1\" content=\"Telinha\" \/>\n\t<meta name=\"twitter:label2\" content=\"Tempo estimado de leitura\" \/>\n\t<meta name=\"twitter:data2\" content=\"1 minuto\" \/>\n<script type=\"application\/ld+json\" class=\"yoast-schema-graph\">{\"@context\":\"https:\/\/schema.org\",\"@graph\":[{\"@type\":\"Article\",\"@id\":\"https:\/\/portaltela.pt\/noticias\/2026\/04\/06\/otamendi-assume-responsabilidade-e-afirma-que-o-benfica-merece-respeito\/#article\",\"isPartOf\":{\"@id\":\"https:\/\/portaltela.pt\/noticias\/2026\/04\/06\/otamendi-assume-responsabilidade-e-afirma-que-o-benfica-merece-respeito\/\"},\"author\":{\"name\":\"Telinha\",\"@id\":\"https:\/\/portaltela.pt\/#\/schema\/person\/c4278d4a6028830caff9ee44b42d32ed\"},\"headline\":\"Otamendi assume responsabilidade e afirma que o Benfica merece respeito\",\"datePublished\":\"2026-04-06T22:17:14+00:00\",\"mainEntityOfPage\":{\"@id\":\"https:\/\/portaltela.pt\/noticias\/2026\/04\/06\/otamendi-assume-responsabilidade-e-afirma-que-o-benfica-merece-respeito\/\"},\"wordCount\":165,\"image\":{\"@id\":\"https:\/\/portaltela.pt\/noticias\/2026\/04\/06\/otamendi-assume-responsabilidade-e-afirma-que-o-benfica-merece-respeito\/#primaryimage\"},\"thumbnailUrl\":\"https:\/\/portaltela.pt\/s.01k8rhncp4jt1\/2026\/04\/img_920x518uu2026-04-06-23-15-11-2431501.jpg\",\"keywords\":[\"1. Liga\",\"1.\u00aa Liga\",\"Benfica\",\"Casa Pia\",\"futebol\",\"Otamendi\"],\"articleSection\":[\"Desporto\",\"Futebol\"],\"inLanguage\":\"pt-PT\"},{\"@type\":\"WebPage\",\"@id\":\"https:\/\/portaltela.pt\/noticias\/2026\/04\/06\/otamendi-assume-responsabilidade-e-afirma-que-o-benfica-merece-respeito\/\",\"url\":\"https:\/\/portaltela.pt\/noticias\/2026\/04\/06\/otamendi-assume-responsabilidade-e-afirma-que-o-benfica-merece-respeito\/\",\"name\":\"Otamendi assume responsabilidade e afirma que o Benfica merece respeito - Portal Tela Portugal\",\"isPartOf\":{\"@id\":\"https:\/\/portaltela.pt\/#website\"},\"primaryImageOfPage\":{\"@id\":\"https:\/\/portaltela.pt\/noticias\/2026\/04\/06\/otamendi-assume-responsabilidade-e-afirma-que-o-benfica-merece-respeito\/#primaryimage\"},\"image\":{\"@id\":\"https:\/\/portaltela.pt\/noticias\/2026\/04\/06\/otamendi-assume-responsabilidade-e-afirma-que-o-benfica-merece-respeito\/#primaryimage\"},\"thumbnailUrl\":\"https:\/\/portaltela.pt\/s.01k8rhncp4jt1\/2026\/04\/img_920x518uu2026-04-06-23-15-11-2431501.jpg\",\"datePublished\":\"2026-04-06T22:17:14+00:00\",\"author\":{\"@id\":\"https:\/\/portaltela.pt\/#\/schema\/person\/c4278d4a6028830caff9ee44b42d32ed\"},\"breadcrumb\":{\"@id\":\"https:\/\/portaltela.pt\/noticias\/2026\/04\/06\/otamendi-assume-responsabilidade-e-afirma-que-o-benfica-merece-respeito\/#breadcrumb\"},\"inLanguage\":\"pt-PT\",\"potentialAction\":[{\"@type\":\"ReadAction\",\"target\":[\"https:\/\/portaltela.pt\/noticias\/2026\/04\/06\/otamendi-assume-responsabilidade-e-afirma-que-o-benfica-merece-respeito\/\"]}]},{\"@type\":\"ImageObject\",\"inLanguage\":\"pt-PT\",\"@id\":\"https:\/\/portaltela.pt\/noticias\/2026\/04\/06\/otamendi-assume-responsabilidade-e-afirma-que-o-benfica-merece-respeito\/#primaryimage\",\"url\":\"https:\/\/portaltela.pt\/s.01k8rhncp4jt1\/2026\/04\/img_920x518uu2026-04-06-23-15-11-2431501.jpg\",\"contentUrl\":\"https:\/\/portaltela.pt\/s.01k8rhncp4jt1\/2026\/04\/img_920x518uu2026-04-06-23-15-11-2431501.jpg\",\"width\":796,\"height\":448,\"caption\":\"Otamendi\"},{\"@type\":\"BreadcrumbList\",\"@id\":\"https:\/\/portaltela.pt\/noticias\/2026\/04\/06\/otamendi-assume-responsabilidade-e-afirma-que-o-benfica-merece-respeito\/#breadcrumb\",\"itemListElement\":[{\"@type\":\"ListItem\",\"position\":1,\"name\":\"In\u00edcio\",\"item\":\"https:\/\/portaltela.pt\/\"},{\"@type\":\"ListItem\",\"position\":2,\"name\":\"Otamendi assume responsabilidade e afirma que o Benfica merece respeito\"}]},{\"@type\":\"WebSite\",\"@id\":\"https:\/\/portaltela.pt\/#website\",\"url\":\"https:\/\/portaltela.pt\/\",\"name\":\"Portal Tela Portugal\",\"description\":\"\",\"potentialAction\":[{\"@type\":\"SearchAction\",\"target\":{\"@type\":\"EntryPoint\",\"urlTemplate\":\"https:\/\/portaltela.pt\/?s={search_term_string}\"},\"query-input\":{\"@type\":\"PropertyValueSpecification\",\"valueRequired\":true,\"valueName\":\"search_term_string\"}}],\"inLanguage\":\"pt-PT\"},{\"@type\":\"Person\",\"@id\":\"https:\/\/portaltela.pt\/#\/schema\/person\/c4278d4a6028830caff9ee44b42d32ed\",\"name\":\"Telinha\",\"image\":{\"@type\":\"ImageObject\",\"inLanguage\":\"pt-PT\",\"@id\":\"https:\/\/portaltela.pt\/s.01k8rhncp4jt1\/2025\/11\/talking-bot-125x125.png\",\"url\":\"https:\/\/portaltela.pt\/s.01k8rhncp4jt1\/2025\/11\/talking-bot-125x125.png\",\"contentUrl\":\"https:\/\/portaltela.pt\/s.01k8rhncp4jt1\/2025\/11\/talking-bot-125x125.png\",\"caption\":\"Telinha\"},\"sameAs\":[\"https:\/\/portaltela.pt\/\"],\"url\":\"https:\/\/portaltela.pt\/por\/367410592786\/\"}]}<\/script>\n<!-- \/ Yoast SEO plugin. -->","yoast_head_json":{"title":"Otamendi assume responsabilidade e afirma que o Benfica merece respeito - Portal Tela Portugal","robots":{"index":"index","follow":"follow","max-snippet":"max-snippet:-1","max-image-preview":"max-image-preview:large","max-video-preview":"max-video-preview:-1"},"og_locale":"pt_PT","og_type":"article","og_title":"Otamendi assume responsabilidade e afirma que o Benfica merece respeito - Portal Tela Portugal","og_description":"Em jogo a 1-1 com o Casa Pia, o Benfica empatou e viu reduzidas as hip\u00f3teses de conquistar o campeonato. O capit\u00e3o Otamendi afirmou que a culpa \u00e9 toda do Benfica, pela falta de ambi\u00e7\u00e3o e pela rea\u00e7\u00e3o ap\u00f3s estar a vencer 1-0. Destacou que um clube grande como o Benfica n\u00e3o pode conceder oportunidades e precisa de ambi\u00e7\u00e3o e personalidade para vencer. A equipa tem de somar os tr\u00eas pontos e manter o respeito e a personalidade em cada campo. Sobre uma poss\u00edvel sa\u00edda ao fim da \u00e9poca, n\u00e3o comentou, mantendo o foco no jogo e na decep\u00e7\u00e3o pelo resultado.","og_url":"https:\/\/portaltela.pt\/noticias\/2026\/04\/06\/otamendi-assume-responsabilidade-e-afirma-que-o-benfica-merece-respeito\/","og_site_name":"Portal Tela Portugal","article_published_time":"2026-04-06T22:17:14+00:00","author":"Telinha","twitter_card":"summary_large_image","twitter_misc":{"Escrito por":"Telinha","Tempo estimado de leitura":"1 minuto"},"schema":{"@context":"https:\/\/schema.org","@graph":[{"@type":"Article","@id":"https:\/\/portaltela.pt\/noticias\/2026\/04\/06\/otamendi-assume-responsabilidade-e-afirma-que-o-benfica-merece-respeito\/#article","isPartOf":{"@id":"https:\/\/portaltela.pt\/noticias\/2026\/04\/06\/otamendi-assume-responsabilidade-e-afirma-que-o-benfica-merece-respeito\/"},"author":{"name":"Telinha","@id":"https:\/\/portaltela.pt\/#\/schema\/person\/c4278d4a6028830caff9ee44b42d32ed"},"headline":"Otamendi assume responsabilidade e afirma que o Benfica merece respeito","datePublished":"2026-04-06T22:17:14+00:00","mainEntityOfPage":{"@id":"https:\/\/portaltela.pt\/noticias\/2026\/04\/06\/otamendi-assume-responsabilidade-e-afirma-que-o-benfica-merece-respeito\/"},"wordCount":165,"image":{"@id":"https:\/\/portaltela.pt\/noticias\/2026\/04\/06\/otamendi-assume-responsabilidade-e-afirma-que-o-benfica-merece-respeito\/#primaryimage"},"thumbnailUrl":"https:\/\/portaltela.pt\/s.01k8rhncp4jt1\/2026\/04\/img_920x518uu2026-04-06-23-15-11-2431501.jpg","keywords":["1. Liga","1.\u00aa Liga","Benfica","Casa Pia","futebol","Otamendi"],"articleSection":["Desporto","Futebol"],"inLanguage":"pt-PT"},{"@type":"WebPage","@id":"https:\/\/portaltela.pt\/noticias\/2026\/04\/06\/otamendi-assume-responsabilidade-e-afirma-que-o-benfica-merece-respeito\/","url":"https:\/\/portaltela.pt\/noticias\/2026\/04\/06\/otamendi-assume-responsabilidade-e-afirma-que-o-benfica-merece-respeito\/","name":"Otamendi assume responsabilidade e afirma que o Benfica merece respeito - Portal Tela Portugal","isPartOf":{"@id":"https:\/\/portaltela.pt\/#website"},"primaryImageOfPage":{"@id":"https:\/\/portaltela.pt\/noticias\/2026\/04\/06\/otamendi-assume-responsabilidade-e-afirma-que-o-benfica-merece-respeito\/#primaryimage"},"image":{"@id":"https:\/\/portaltela.pt\/noticias\/2026\/04\/06\/otamendi-assume-responsabilidade-e-afirma-que-o-benfica-merece-respeito\/#primaryimage"},"thumbnailUrl":"https:\/\/portaltela.pt\/s.01k8rhncp4jt1\/2026\/04\/img_920x518uu2026-04-06-23-15-11-2431501.jpg","datePublished":"2026-04-06T22:17:14+00:00","author":{"@id":"https:\/\/portaltela.pt\/#\/schema\/person\/c4278d4a6028830caff9ee44b42d32ed"},"breadcrumb":{"@id":"https:\/\/portaltela.pt\/noticias\/2026\/04\/06\/otamendi-assume-responsabilidade-e-afirma-que-o-benfica-merece-respeito\/#breadcrumb"},"inLanguage":"pt-PT","potentialAction":[{"@type":"ReadAction","target":["https:\/\/portaltela.pt\/noticias\/2026\/04\/06\/otamendi-assume-responsabilidade-e-afirma-que-o-benfica-merece-respeito\/"]}]},{"@type":"ImageObject","inLanguage":"pt-PT","@id":"https:\/\/portaltela.pt\/noticias\/2026\/04\/06\/otamendi-assume-responsabilidade-e-afirma-que-o-benfica-merece-respeito\/#primaryimage","url":"https:\/\/portaltela.pt\/s.01k8rhncp4jt1\/2026\/04\/img_920x518uu2026-04-06-23-15-11-2431501.jpg","contentUrl":"https:\/\/portaltela.pt\/s.01k8rhncp4jt1\/2026\/04\/img_920x518uu2026-04-06-23-15-11-2431501.jpg","width":796,"height":448,"caption":"Otamendi"},{"@type":"BreadcrumbList","@id":"https:\/\/portaltela.pt\/noticias\/2026\/04\/06\/otamendi-assume-responsabilidade-e-afirma-que-o-benfica-merece-respeito\/#breadcrumb","itemListElement":[{"@type":"ListItem","position":1,"name":"In\u00edcio","item":"https:\/\/portaltela.pt\/"},{"@type":"ListItem","position":2,"name":"Otamendi assume responsabilidade e afirma que o Benfica merece respeito"}]},{"@type":"WebSite","@id":"https:\/\/portaltela.pt\/#website","url":"https:\/\/portaltela.pt\/","name":"Portal Tela Portugal","description":"","potentialAction":[{"@type":"SearchAction","target":{"@type":"EntryPoint","urlTemplate":"https:\/\/portaltela.pt\/?s={search_term_string}"},"query-input":{"@type":"PropertyValueSpecification","valueRequired":true,"valueName":"search_term_string"}}],"inLanguage":"pt-PT"},{"@type":"Person","@id":"https:\/\/portaltela.pt\/#\/schema\/person\/c4278d4a6028830caff9ee44b42d32ed","name":"Telinha","image":{"@type":"ImageObject","inLanguage":"pt-PT","@id":"https:\/\/portaltela.pt\/s.01k8rhncp4jt1\/2025\/11\/talking-bot-125x125.png","url":"https:\/\/portaltela.pt\/s.01k8rhncp4jt1\/2025\/11\/talking-bot-125x125.png","contentUrl":"https:\/\/portaltela.pt\/s.01k8rhncp4jt1\/2025\/11\/talking-bot-125x125.png","caption":"Telinha"},"sameAs":["https:\/\/portaltela.pt\/"],"url":"https:\/\/portaltela.pt\/por\/367410592786\/"}]}},"_links":{"self":[{"href":"https:\/\/portaltela.pt\/api\/wp\/v2\/posts\/434766","targetHints":{"allow":["GET"]}}],"collection":[{"href":"https:\/\/portaltela.pt\/api\/wp\/v2\/posts"}],"about":[{"href":"https:\/\/portaltela.pt\/api\/wp\/v2\/types\/post"}],"author":[{"embeddable":true,"href":"https:\/\/portaltela.pt\/api\/wp\/v2\/users\/2"}],"replies":[{"embeddable":true,"href":"https:\/\/portaltela.pt\/api\/wp\/v2\/comments?post=434766"}],"version-history":[{"count":0,"href":"https:\/\/portaltela.pt\/api\/wp\/v2\/posts\/434766\/revisions"}],"wp:featuredmedia":[{"embeddable":true,"href":"https:\/\/portaltela.pt\/api\/wp\/v2\/media\/434767"}],"wp:attachment":[{"href":"https:\/\/portaltela.pt\/api\/wp\/v2\/media?parent=434766"}],"wp:term":[{"taxonomy":"category","embeddable":true,"href":"https:\/\/portaltela.pt\/api\/wp\/v2\/categories?post=434766"},{"taxonomy":"post_tag","embeddable":true,"href":"https:\/\/portaltela.pt\/api\/wp\/v2\/tags?post=434766"}],"curies":[{"name":"wp","href":"https:\/\/api.w.org\/{rel}","templated":true}]}}