{"id":434736,"date":"2026-04-06T18:32:17","date_gmt":"2026-04-06T21:32:17","guid":{"rendered":"https:\/\/portaltela.pt\/noticias\/2026\/04\/06\/club-brugge-de-carlos-forbs-vence-anderlecht-na-belgica\/"},"modified":"2026-04-06T18:32:17","modified_gmt":"2026-04-06T21:32:17","slug":"club-brugge-de-carlos-forbs-vence-anderlecht-na-belgica","status":"publish","type":"post","link":"https:\/\/portaltela.pt\/desporto\/futebol\/2026\/04\/06\/club-brugge-de-carlos-forbs-vence-anderlecht-na-belgica\/","title":{"rendered":"Club Brugge de Carlos Forbs vence Anderlecht na B\u00e9lgica"},"content":{"rendered":"<p>O Club Brugge venceu o Anderlecht por 4-2, na fase de apuramento do campeonato belga. Carlos Forbs foi titular pelo Club Brugge e saiu aos 87 minutos, em exatamente a meio da rea\u00e7\u00e3o do advers\u00e1rio.<\/p>\n<p>Os golos do anfitri\u00e3o surgiram na primeira parte, com Sabbe aos 15 minutos, Stankovic aos 29 e Tziolis aos 37. O Assalto inicial definiu o desfecho da partida, com o Brugge a dominar a meia hora inicial.<\/p>\n<p>Na segunda parte, Thorgan Hazard reduziu aos 55 minutos, seguido de Cvetkovic aos 90+1. Vermant fechou o marcador aos 90+4, garantindo a vit\u00f3ria. O Brugge soma 35 pontos, a 1 do l\u00edder Saint-Gilloise.<\/p>\n<h3>Desempenho e contexto<\/h3>\n<p>O resultado coloca o Brugge no terceiro lugar da classifica\u00e7\u00e3o atual, ainda perto do topo. A equipa manteve dom\u00ednio ofensivo e criou v\u00e1rias ocasi\u00f5es antes do intervalo.<\/p>\n<p>Forbs manteve presen\u00e7a na frente de ataque, participando ativamente na constru\u00e7\u00e3o de jogadas e servindo de refer\u00eancia para os esfor\u00e7os ofensivos do clube. O Anderlecht mostrou rea\u00e7\u00e3o na segunda metade, mas ficou a perder no per\u00edodo inicial.<\/p>\n","protected":false},"excerpt":{"rendered":"<ul>\n<li>O Club Brugge recebeu e venceu o Anderlecht por 4-2, abrindo a fase de apuramento do campe\u00e3o belga.<\/li>\n<li>O internacional portugu\u00eas Carlos Forbs foi titular e saiu aos 87 minutos.<\/li>\n<li>Os golos do Club Brugge, na primeira parte, foram de Sabbe (15&#8242;), Stankovic (29&#8242;) e Tziolis (37&#8242;).<\/li>\n<li>No segundo tempo, Thorgan Hazard reduziu aos 55&#8242;, Cvetkovic fez o 3-2 aos 90&#8217;+1, mas Vermant fechou o marcador aos 90&#8217;+4.<\/li>\n<li>O Club Brugge passou a somar 35 pontos, a 1 do l\u00edder Saint-Gilloise.<\/li>\n<\/ul>\n","protected":false},"author":2,"featured_media":434738,"comment_status":"closed","ping_status":"closed","sticky":false,"template":"","format":"standard","meta":{"footnotes":""},"categories":[21,24],"tags":[7755,7640,4143,2726,1599,3749],"class_list":["post-434736","post","type-post","status-publish","format-standard","has-post-thumbnail","hentry","category-desporto","category-futebol","tag-_futebol","tag-linha-de-golo","tag-1-liga","tag-anderlecht","tag-belgica","tag-club-brugge"],"yoast_head":"<!-- This site is optimized with the Yoast SEO plugin v27.2 - https:\/\/yoast.com\/product\/yoast-seo-wordpress\/ -->\n<title>Club Brugge de Carlos Forbs vence Anderlecht na B\u00e9lgica - Portal Tela Portugal<\/title>\n<meta name=\"robots\" content=\"index, follow, max-snippet:-1, max-image-preview:large, max-video-preview:-1\" \/>\n<meta property=\"og:locale\" content=\"pt_PT\" \/>\n<meta property=\"og:type\" content=\"article\" \/>\n<meta property=\"og:title\" content=\"Club Brugge de Carlos Forbs vence Anderlecht na B\u00e9lgica - Portal Tela Portugal\" \/>\n<meta property=\"og:description\" content=\"O Club Brugge recebeu e venceu o Anderlecht por 4-2, abrindo a fase de apuramento do campe\u00e3o belga. O internacional portugu\u00eas Carlos Forbs foi titular e saiu aos 87 minutos. Os golos do Club Brugge, na primeira parte, foram de Sabbe (15&#039;), Stankovic (29&#039;) e Tziolis (37&#039;). No segundo tempo, Thorgan Hazard reduziu aos 55&#039;, Cvetkovic fez o 3-2 aos 90&#039;+1, mas Vermant fechou o marcador aos 90&#039;+4. O Club Brugge passou a somar 35 pontos, a 1 do l\u00edder Saint-Gilloise.\" \/>\n<meta property=\"og:url\" content=\"https:\/\/portaltela.pt\/noticias\/2026\/04\/06\/club-brugge-de-carlos-forbs-vence-anderlecht-na-belgica\/\" \/>\n<meta property=\"og:site_name\" content=\"Portal Tela Portugal\" \/>\n<meta property=\"article:published_time\" content=\"2026-04-06T21:32:17+00:00\" \/>\n<meta name=\"author\" content=\"Telinha\" \/>\n<meta name=\"twitter:card\" content=\"summary_large_image\" \/>\n<meta name=\"twitter:label1\" content=\"Escrito por\" \/>\n\t<meta name=\"twitter:data1\" content=\"Telinha\" \/>\n\t<meta name=\"twitter:label2\" content=\"Tempo estimado de leitura\" \/>\n\t<meta name=\"twitter:data2\" content=\"1 minuto\" \/>\n<script type=\"application\/ld+json\" class=\"yoast-schema-graph\">{\"@context\":\"https:\/\/schema.org\",\"@graph\":[{\"@type\":\"Article\",\"@id\":\"https:\/\/portaltela.pt\/noticias\/2026\/04\/06\/club-brugge-de-carlos-forbs-vence-anderlecht-na-belgica\/#article\",\"isPartOf\":{\"@id\":\"https:\/\/portaltela.pt\/noticias\/2026\/04\/06\/club-brugge-de-carlos-forbs-vence-anderlecht-na-belgica\/\"},\"author\":{\"name\":\"Telinha\",\"@id\":\"https:\/\/portaltela.pt\/#\/schema\/person\/c4278d4a6028830caff9ee44b42d32ed\"},\"headline\":\"Club Brugge de Carlos Forbs vence Anderlecht na B\u00e9lgica\",\"datePublished\":\"2026-04-06T21:32:17+00:00\",\"mainEntityOfPage\":{\"@id\":\"https:\/\/portaltela.pt\/noticias\/2026\/04\/06\/club-brugge-de-carlos-forbs-vence-anderlecht-na-belgica\/\"},\"wordCount\":188,\"image\":{\"@id\":\"https:\/\/portaltela.pt\/noticias\/2026\/04\/06\/club-brugge-de-carlos-forbs-vence-anderlecht-na-belgica\/#primaryimage\"},\"thumbnailUrl\":\"https:\/\/portaltela.pt\/s.01k8rhncp4jt1\/2026\/04\/img_920x518uu2025-11-25-13-19-17-2404876-im-638996735718334734.jpg\",\"keywords\":[\"_futebol\",\"#linha de golo\",\"1. Liga\",\"Anderlecht\",\"B\u00e9lgica\",\"Club Brugge\"],\"articleSection\":[\"Desporto\",\"Futebol\"],\"inLanguage\":\"pt-PT\"},{\"@type\":\"WebPage\",\"@id\":\"https:\/\/portaltela.pt\/noticias\/2026\/04\/06\/club-brugge-de-carlos-forbs-vence-anderlecht-na-belgica\/\",\"url\":\"https:\/\/portaltela.pt\/noticias\/2026\/04\/06\/club-brugge-de-carlos-forbs-vence-anderlecht-na-belgica\/\",\"name\":\"Club Brugge de Carlos Forbs vence Anderlecht na B\u00e9lgica - Portal Tela Portugal\",\"isPartOf\":{\"@id\":\"https:\/\/portaltela.pt\/#website\"},\"primaryImageOfPage\":{\"@id\":\"https:\/\/portaltela.pt\/noticias\/2026\/04\/06\/club-brugge-de-carlos-forbs-vence-anderlecht-na-belgica\/#primaryimage\"},\"image\":{\"@id\":\"https:\/\/portaltela.pt\/noticias\/2026\/04\/06\/club-brugge-de-carlos-forbs-vence-anderlecht-na-belgica\/#primaryimage\"},\"thumbnailUrl\":\"https:\/\/portaltela.pt\/s.01k8rhncp4jt1\/2026\/04\/img_920x518uu2025-11-25-13-19-17-2404876-im-638996735718334734.jpg\",\"datePublished\":\"2026-04-06T21:32:17+00:00\",\"author\":{\"@id\":\"https:\/\/portaltela.pt\/#\/schema\/person\/c4278d4a6028830caff9ee44b42d32ed\"},\"breadcrumb\":{\"@id\":\"https:\/\/portaltela.pt\/noticias\/2026\/04\/06\/club-brugge-de-carlos-forbs-vence-anderlecht-na-belgica\/#breadcrumb\"},\"inLanguage\":\"pt-PT\",\"potentialAction\":[{\"@type\":\"ReadAction\",\"target\":[\"https:\/\/portaltela.pt\/noticias\/2026\/04\/06\/club-brugge-de-carlos-forbs-vence-anderlecht-na-belgica\/\"]}]},{\"@type\":\"ImageObject\",\"inLanguage\":\"pt-PT\",\"@id\":\"https:\/\/portaltela.pt\/noticias\/2026\/04\/06\/club-brugge-de-carlos-forbs-vence-anderlecht-na-belgica\/#primaryimage\",\"url\":\"https:\/\/portaltela.pt\/s.01k8rhncp4jt1\/2026\/04\/img_920x518uu2025-11-25-13-19-17-2404876-im-638996735718334734.jpg\",\"contentUrl\":\"https:\/\/portaltela.pt\/s.01k8rhncp4jt1\/2026\/04\/img_920x518uu2025-11-25-13-19-17-2404876-im-638996735718334734.jpg\",\"width\":796,\"height\":448,\"caption\":\"Carlos Forbs, avan\u00e7ado do Club Brugge\"},{\"@type\":\"BreadcrumbList\",\"@id\":\"https:\/\/portaltela.pt\/noticias\/2026\/04\/06\/club-brugge-de-carlos-forbs-vence-anderlecht-na-belgica\/#breadcrumb\",\"itemListElement\":[{\"@type\":\"ListItem\",\"position\":1,\"name\":\"In\u00edcio\",\"item\":\"https:\/\/portaltela.pt\/\"},{\"@type\":\"ListItem\",\"position\":2,\"name\":\"Club Brugge de Carlos Forbs vence Anderlecht na B\u00e9lgica\"}]},{\"@type\":\"WebSite\",\"@id\":\"https:\/\/portaltela.pt\/#website\",\"url\":\"https:\/\/portaltela.pt\/\",\"name\":\"Portal Tela Portugal\",\"description\":\"\",\"potentialAction\":[{\"@type\":\"SearchAction\",\"target\":{\"@type\":\"EntryPoint\",\"urlTemplate\":\"https:\/\/portaltela.pt\/?s={search_term_string}\"},\"query-input\":{\"@type\":\"PropertyValueSpecification\",\"valueRequired\":true,\"valueName\":\"search_term_string\"}}],\"inLanguage\":\"pt-PT\"},{\"@type\":\"Person\",\"@id\":\"https:\/\/portaltela.pt\/#\/schema\/person\/c4278d4a6028830caff9ee44b42d32ed\",\"name\":\"Telinha\",\"image\":{\"@type\":\"ImageObject\",\"inLanguage\":\"pt-PT\",\"@id\":\"https:\/\/portaltela.pt\/s.01k8rhncp4jt1\/2025\/11\/talking-bot-125x125.png\",\"url\":\"https:\/\/portaltela.pt\/s.01k8rhncp4jt1\/2025\/11\/talking-bot-125x125.png\",\"contentUrl\":\"https:\/\/portaltela.pt\/s.01k8rhncp4jt1\/2025\/11\/talking-bot-125x125.png\",\"caption\":\"Telinha\"},\"sameAs\":[\"https:\/\/portaltela.pt\/\"],\"url\":\"https:\/\/portaltela.pt\/por\/367410592786\/\"}]}<\/script>\n<!-- \/ Yoast SEO plugin. -->","yoast_head_json":{"title":"Club Brugge de Carlos Forbs vence Anderlecht na B\u00e9lgica - Portal Tela Portugal","robots":{"index":"index","follow":"follow","max-snippet":"max-snippet:-1","max-image-preview":"max-image-preview:large","max-video-preview":"max-video-preview:-1"},"og_locale":"pt_PT","og_type":"article","og_title":"Club Brugge de Carlos Forbs vence Anderlecht na B\u00e9lgica - Portal Tela Portugal","og_description":"O Club Brugge recebeu e venceu o Anderlecht por 4-2, abrindo a fase de apuramento do campe\u00e3o belga. O internacional portugu\u00eas Carlos Forbs foi titular e saiu aos 87 minutos. Os golos do Club Brugge, na primeira parte, foram de Sabbe (15'), Stankovic (29') e Tziolis (37'). No segundo tempo, Thorgan Hazard reduziu aos 55', Cvetkovic fez o 3-2 aos 90'+1, mas Vermant fechou o marcador aos 90'+4. O Club Brugge passou a somar 35 pontos, a 1 do l\u00edder Saint-Gilloise.","og_url":"https:\/\/portaltela.pt\/noticias\/2026\/04\/06\/club-brugge-de-carlos-forbs-vence-anderlecht-na-belgica\/","og_site_name":"Portal Tela Portugal","article_published_time":"2026-04-06T21:32:17+00:00","author":"Telinha","twitter_card":"summary_large_image","twitter_misc":{"Escrito por":"Telinha","Tempo estimado de leitura":"1 minuto"},"schema":{"@context":"https:\/\/schema.org","@graph":[{"@type":"Article","@id":"https:\/\/portaltela.pt\/noticias\/2026\/04\/06\/club-brugge-de-carlos-forbs-vence-anderlecht-na-belgica\/#article","isPartOf":{"@id":"https:\/\/portaltela.pt\/noticias\/2026\/04\/06\/club-brugge-de-carlos-forbs-vence-anderlecht-na-belgica\/"},"author":{"name":"Telinha","@id":"https:\/\/portaltela.pt\/#\/schema\/person\/c4278d4a6028830caff9ee44b42d32ed"},"headline":"Club Brugge de Carlos Forbs vence Anderlecht na B\u00e9lgica","datePublished":"2026-04-06T21:32:17+00:00","mainEntityOfPage":{"@id":"https:\/\/portaltela.pt\/noticias\/2026\/04\/06\/club-brugge-de-carlos-forbs-vence-anderlecht-na-belgica\/"},"wordCount":188,"image":{"@id":"https:\/\/portaltela.pt\/noticias\/2026\/04\/06\/club-brugge-de-carlos-forbs-vence-anderlecht-na-belgica\/#primaryimage"},"thumbnailUrl":"https:\/\/portaltela.pt\/s.01k8rhncp4jt1\/2026\/04\/img_920x518uu2025-11-25-13-19-17-2404876-im-638996735718334734.jpg","keywords":["_futebol","#linha de golo","1. Liga","Anderlecht","B\u00e9lgica","Club Brugge"],"articleSection":["Desporto","Futebol"],"inLanguage":"pt-PT"},{"@type":"WebPage","@id":"https:\/\/portaltela.pt\/noticias\/2026\/04\/06\/club-brugge-de-carlos-forbs-vence-anderlecht-na-belgica\/","url":"https:\/\/portaltela.pt\/noticias\/2026\/04\/06\/club-brugge-de-carlos-forbs-vence-anderlecht-na-belgica\/","name":"Club Brugge de Carlos Forbs vence Anderlecht na B\u00e9lgica - Portal Tela Portugal","isPartOf":{"@id":"https:\/\/portaltela.pt\/#website"},"primaryImageOfPage":{"@id":"https:\/\/portaltela.pt\/noticias\/2026\/04\/06\/club-brugge-de-carlos-forbs-vence-anderlecht-na-belgica\/#primaryimage"},"image":{"@id":"https:\/\/portaltela.pt\/noticias\/2026\/04\/06\/club-brugge-de-carlos-forbs-vence-anderlecht-na-belgica\/#primaryimage"},"thumbnailUrl":"https:\/\/portaltela.pt\/s.01k8rhncp4jt1\/2026\/04\/img_920x518uu2025-11-25-13-19-17-2404876-im-638996735718334734.jpg","datePublished":"2026-04-06T21:32:17+00:00","author":{"@id":"https:\/\/portaltela.pt\/#\/schema\/person\/c4278d4a6028830caff9ee44b42d32ed"},"breadcrumb":{"@id":"https:\/\/portaltela.pt\/noticias\/2026\/04\/06\/club-brugge-de-carlos-forbs-vence-anderlecht-na-belgica\/#breadcrumb"},"inLanguage":"pt-PT","potentialAction":[{"@type":"ReadAction","target":["https:\/\/portaltela.pt\/noticias\/2026\/04\/06\/club-brugge-de-carlos-forbs-vence-anderlecht-na-belgica\/"]}]},{"@type":"ImageObject","inLanguage":"pt-PT","@id":"https:\/\/portaltela.pt\/noticias\/2026\/04\/06\/club-brugge-de-carlos-forbs-vence-anderlecht-na-belgica\/#primaryimage","url":"https:\/\/portaltela.pt\/s.01k8rhncp4jt1\/2026\/04\/img_920x518uu2025-11-25-13-19-17-2404876-im-638996735718334734.jpg","contentUrl":"https:\/\/portaltela.pt\/s.01k8rhncp4jt1\/2026\/04\/img_920x518uu2025-11-25-13-19-17-2404876-im-638996735718334734.jpg","width":796,"height":448,"caption":"Carlos Forbs, avan\u00e7ado do Club Brugge"},{"@type":"BreadcrumbList","@id":"https:\/\/portaltela.pt\/noticias\/2026\/04\/06\/club-brugge-de-carlos-forbs-vence-anderlecht-na-belgica\/#breadcrumb","itemListElement":[{"@type":"ListItem","position":1,"name":"In\u00edcio","item":"https:\/\/portaltela.pt\/"},{"@type":"ListItem","position":2,"name":"Club Brugge de Carlos Forbs vence Anderlecht na B\u00e9lgica"}]},{"@type":"WebSite","@id":"https:\/\/portaltela.pt\/#website","url":"https:\/\/portaltela.pt\/","name":"Portal Tela Portugal","description":"","potentialAction":[{"@type":"SearchAction","target":{"@type":"EntryPoint","urlTemplate":"https:\/\/portaltela.pt\/?s={search_term_string}"},"query-input":{"@type":"PropertyValueSpecification","valueRequired":true,"valueName":"search_term_string"}}],"inLanguage":"pt-PT"},{"@type":"Person","@id":"https:\/\/portaltela.pt\/#\/schema\/person\/c4278d4a6028830caff9ee44b42d32ed","name":"Telinha","image":{"@type":"ImageObject","inLanguage":"pt-PT","@id":"https:\/\/portaltela.pt\/s.01k8rhncp4jt1\/2025\/11\/talking-bot-125x125.png","url":"https:\/\/portaltela.pt\/s.01k8rhncp4jt1\/2025\/11\/talking-bot-125x125.png","contentUrl":"https:\/\/portaltela.pt\/s.01k8rhncp4jt1\/2025\/11\/talking-bot-125x125.png","caption":"Telinha"},"sameAs":["https:\/\/portaltela.pt\/"],"url":"https:\/\/portaltela.pt\/por\/367410592786\/"}]}},"_links":{"self":[{"href":"https:\/\/portaltela.pt\/api\/wp\/v2\/posts\/434736","targetHints":{"allow":["GET"]}}],"collection":[{"href":"https:\/\/portaltela.pt\/api\/wp\/v2\/posts"}],"about":[{"href":"https:\/\/portaltela.pt\/api\/wp\/v2\/types\/post"}],"author":[{"embeddable":true,"href":"https:\/\/portaltela.pt\/api\/wp\/v2\/users\/2"}],"replies":[{"embeddable":true,"href":"https:\/\/portaltela.pt\/api\/wp\/v2\/comments?post=434736"}],"version-history":[{"count":0,"href":"https:\/\/portaltela.pt\/api\/wp\/v2\/posts\/434736\/revisions"}],"wp:featuredmedia":[{"embeddable":true,"href":"https:\/\/portaltela.pt\/api\/wp\/v2\/media\/434738"}],"wp:attachment":[{"href":"https:\/\/portaltela.pt\/api\/wp\/v2\/media?parent=434736"}],"wp:term":[{"taxonomy":"category","embeddable":true,"href":"https:\/\/portaltela.pt\/api\/wp\/v2\/categories?post=434736"},{"taxonomy":"post_tag","embeddable":true,"href":"https:\/\/portaltela.pt\/api\/wp\/v2\/tags?post=434736"}],"curies":[{"name":"wp","href":"https:\/\/api.w.org\/{rel}","templated":true}]}}