{"id":434733,"date":"2026-04-06T18:32:11","date_gmt":"2026-04-06T21:32:11","guid":{"rendered":"https:\/\/portaltela.pt\/noticias\/2026\/04\/06\/lopes-cabral-quase-sempre-sozinho-no-aquecimento-para-o-casa-pia-benfica\/"},"modified":"2026-04-06T18:32:11","modified_gmt":"2026-04-06T21:32:11","slug":"lopes-cabral-quase-sempre-sozinho-no-aquecimento-para-o-casa-pia-benfica","status":"publish","type":"post","link":"https:\/\/portaltela.pt\/desporto\/futebol\/2026\/04\/06\/lopes-cabral-quase-sempre-sozinho-no-aquecimento-para-o-casa-pia-benfica\/","title":{"rendered":"Lopes Cabral quase sempre sozinho no aquecimento para o Casa Pia-Benfica"},"content":{"rendered":"<p>Lopes Cabral voltou a enfrentar tempo de jogo limitado, assistindo ao aquecimento quase sozinho antes do encontro entre Benfica e Casa Pia. O extremo cabo-verdiano chegou ao banco de suplentes sem grande intera\u00e7\u00e3o com os colegas.<\/p>\n<p>Durante o aquecimento e ap\u00f3s os registos nos balne\u00e1rios, o jogador mostrou pouca liga\u00e7\u00e3o com a equipa. Sentou-se com dois lugares de dist\u00e2ncia dos restantes e apenas manteve conversa com Ivanovic, com quem posou para uma fotografia.<\/p>\n<p>O contexto envolve o momento recente do internacional cabo-verdiano, ap\u00f3s o epis\u00f3dio pol\u00e9mico no Santiago Bernab\u00e9u, onde solicitou a camisola de Vin\u00edcius J\u00fanior. No embalo dessa situa\u00e7\u00e3o, o jogo desta noite foi acompanhado de perto pela imprensa desportiva, sem que Cabral tenha participado ativamente das discuss\u00f5es do plantel.<\/p>\n","protected":false},"excerpt":{"rendered":"<ul>\n<li>Sidny Lopes Cabral esteve quase sempre sozinho durante o aquecimento antes do jogo entre Casa Pia e Benfica, chegando ao banco isolado.<\/li>\n<li>O jogador interagiu pouco com os colegas, sentado com um intervalo de duas cadeiras em rela\u00e7\u00e3o aos restantes no banco de suplentes.<\/li>\n<li>S\u00f3 conversou com Ivanovic, com quem ainda posou para uma fotografia.<\/li>\n<li>O contexto menciona um epis\u00f3dio pol\u00e9mico com Vin\u00edcius J\u00fanior no Santiago Bernab\u00e9u, relacionado com o desejo de receber a camisola do brasileiro.<\/li>\n<li>O momento atual aponta para uma menor participa\u00e7\u00e3o do cabo-verdiano no clube, com o comportamento observado no aquecimento a sugerir uma fase menos favor\u00e1vel.<\/li>\n<\/ul>\n","protected":false},"author":2,"featured_media":434735,"comment_status":"closed","ping_status":"closed","sticky":false,"template":"","format":"standard","meta":{"footnotes":""},"categories":[21,24],"tags":[1946,2329,5176,32,2401,2265],"class_list":["post-434733","post","type-post","status-publish","format-standard","has-post-thumbnail","hentry","category-desporto","category-futebol","tag-benfica","tag-cabo-verde","tag-casa-pia","tag-futebol","tag-lopes-cabral","tag-vinicius-junior"],"yoast_head":"<!-- This site is optimized with the Yoast SEO plugin v27.2 - https:\/\/yoast.com\/product\/yoast-seo-wordpress\/ -->\n<title>Lopes Cabral quase sempre sozinho no aquecimento para o Casa Pia-Benfica - Portal Tela Portugal<\/title>\n<meta name=\"robots\" content=\"index, follow, max-snippet:-1, max-image-preview:large, max-video-preview:-1\" \/>\n<meta property=\"og:locale\" content=\"pt_PT\" \/>\n<meta property=\"og:type\" content=\"article\" \/>\n<meta property=\"og:title\" content=\"Lopes Cabral quase sempre sozinho no aquecimento para o Casa Pia-Benfica - Portal Tela Portugal\" \/>\n<meta property=\"og:description\" content=\"Sidny Lopes Cabral esteve quase sempre sozinho durante o aquecimento antes do jogo entre Casa Pia e Benfica, chegando ao banco isolado. O jogador interagiu pouco com os colegas, sentado com um intervalo de duas cadeiras em rela\u00e7\u00e3o aos restantes no banco de suplentes. S\u00f3 conversou com Ivanovic, com quem ainda posou para uma fotografia. O contexto menciona um epis\u00f3dio pol\u00e9mico com Vin\u00edcius J\u00fanior no Santiago Bernab\u00e9u, relacionado com o desejo de receber a camisola do brasileiro. O momento atual aponta para uma menor participa\u00e7\u00e3o do cabo-verdiano no clube, com o comportamento observado no aquecimento a sugerir uma fase menos favor\u00e1vel.\" \/>\n<meta property=\"og:url\" content=\"https:\/\/portaltela.pt\/noticias\/2026\/04\/06\/lopes-cabral-quase-sempre-sozinho-no-aquecimento-para-o-casa-pia-benfica\/\" \/>\n<meta property=\"og:site_name\" content=\"Portal Tela Portugal\" \/>\n<meta property=\"article:published_time\" content=\"2026-04-06T21:32:11+00:00\" \/>\n<meta name=\"author\" content=\"Telinha\" \/>\n<meta name=\"twitter:card\" content=\"summary_large_image\" \/>\n<meta name=\"twitter:label1\" content=\"Escrito por\" \/>\n\t<meta name=\"twitter:data1\" content=\"Telinha\" \/>\n\t<meta name=\"twitter:label2\" content=\"Tempo estimado de leitura\" \/>\n\t<meta name=\"twitter:data2\" content=\"1 minuto\" \/>\n<script type=\"application\/ld+json\" class=\"yoast-schema-graph\">{\"@context\":\"https:\/\/schema.org\",\"@graph\":[{\"@type\":\"Article\",\"@id\":\"https:\/\/portaltela.pt\/noticias\/2026\/04\/06\/lopes-cabral-quase-sempre-sozinho-no-aquecimento-para-o-casa-pia-benfica\/#article\",\"isPartOf\":{\"@id\":\"https:\/\/portaltela.pt\/noticias\/2026\/04\/06\/lopes-cabral-quase-sempre-sozinho-no-aquecimento-para-o-casa-pia-benfica\/\"},\"author\":{\"name\":\"Telinha\",\"@id\":\"https:\/\/portaltela.pt\/#\/schema\/person\/c4278d4a6028830caff9ee44b42d32ed\"},\"headline\":\"Lopes Cabral quase sempre sozinho no aquecimento para o Casa Pia-Benfica\",\"datePublished\":\"2026-04-06T21:32:11+00:00\",\"mainEntityOfPage\":{\"@id\":\"https:\/\/portaltela.pt\/noticias\/2026\/04\/06\/lopes-cabral-quase-sempre-sozinho-no-aquecimento-para-o-casa-pia-benfica\/\"},\"wordCount\":145,\"image\":{\"@id\":\"https:\/\/portaltela.pt\/noticias\/2026\/04\/06\/lopes-cabral-quase-sempre-sozinho-no-aquecimento-para-o-casa-pia-benfica\/#primaryimage\"},\"thumbnailUrl\":\"https:\/\/portaltela.pt\/s.01k8rhncp4jt1\/2026\/04\/img_1200x721uu2026-04-06-22-24-05-2431483.jpg\",\"keywords\":[\"Benfica\",\"Cabo Verde\",\"Casa Pia\",\"futebol\",\"Lopes Cabral\",\"Vin\u00edcius J\u00fanior\"],\"articleSection\":[\"Desporto\",\"Futebol\"],\"inLanguage\":\"pt-PT\"},{\"@type\":\"WebPage\",\"@id\":\"https:\/\/portaltela.pt\/noticias\/2026\/04\/06\/lopes-cabral-quase-sempre-sozinho-no-aquecimento-para-o-casa-pia-benfica\/\",\"url\":\"https:\/\/portaltela.pt\/noticias\/2026\/04\/06\/lopes-cabral-quase-sempre-sozinho-no-aquecimento-para-o-casa-pia-benfica\/\",\"name\":\"Lopes Cabral quase sempre sozinho no aquecimento para o Casa Pia-Benfica - Portal Tela Portugal\",\"isPartOf\":{\"@id\":\"https:\/\/portaltela.pt\/#website\"},\"primaryImageOfPage\":{\"@id\":\"https:\/\/portaltela.pt\/noticias\/2026\/04\/06\/lopes-cabral-quase-sempre-sozinho-no-aquecimento-para-o-casa-pia-benfica\/#primaryimage\"},\"image\":{\"@id\":\"https:\/\/portaltela.pt\/noticias\/2026\/04\/06\/lopes-cabral-quase-sempre-sozinho-no-aquecimento-para-o-casa-pia-benfica\/#primaryimage\"},\"thumbnailUrl\":\"https:\/\/portaltela.pt\/s.01k8rhncp4jt1\/2026\/04\/img_1200x721uu2026-04-06-22-24-05-2431483.jpg\",\"datePublished\":\"2026-04-06T21:32:11+00:00\",\"author\":{\"@id\":\"https:\/\/portaltela.pt\/#\/schema\/person\/c4278d4a6028830caff9ee44b42d32ed\"},\"breadcrumb\":{\"@id\":\"https:\/\/portaltela.pt\/noticias\/2026\/04\/06\/lopes-cabral-quase-sempre-sozinho-no-aquecimento-para-o-casa-pia-benfica\/#breadcrumb\"},\"inLanguage\":\"pt-PT\",\"potentialAction\":[{\"@type\":\"ReadAction\",\"target\":[\"https:\/\/portaltela.pt\/noticias\/2026\/04\/06\/lopes-cabral-quase-sempre-sozinho-no-aquecimento-para-o-casa-pia-benfica\/\"]}]},{\"@type\":\"ImageObject\",\"inLanguage\":\"pt-PT\",\"@id\":\"https:\/\/portaltela.pt\/noticias\/2026\/04\/06\/lopes-cabral-quase-sempre-sozinho-no-aquecimento-para-o-casa-pia-benfica\/#primaryimage\",\"url\":\"https:\/\/portaltela.pt\/s.01k8rhncp4jt1\/2026\/04\/img_1200x721uu2026-04-06-22-24-05-2431483.jpg\",\"contentUrl\":\"https:\/\/portaltela.pt\/s.01k8rhncp4jt1\/2026\/04\/img_1200x721uu2026-04-06-22-24-05-2431483.jpg\",\"width\":1200,\"height\":721,\"caption\":\"Photo\"},{\"@type\":\"BreadcrumbList\",\"@id\":\"https:\/\/portaltela.pt\/noticias\/2026\/04\/06\/lopes-cabral-quase-sempre-sozinho-no-aquecimento-para-o-casa-pia-benfica\/#breadcrumb\",\"itemListElement\":[{\"@type\":\"ListItem\",\"position\":1,\"name\":\"In\u00edcio\",\"item\":\"https:\/\/portaltela.pt\/\"},{\"@type\":\"ListItem\",\"position\":2,\"name\":\"Lopes Cabral quase sempre sozinho no aquecimento para o Casa Pia-Benfica\"}]},{\"@type\":\"WebSite\",\"@id\":\"https:\/\/portaltela.pt\/#website\",\"url\":\"https:\/\/portaltela.pt\/\",\"name\":\"Portal Tela Portugal\",\"description\":\"\",\"potentialAction\":[{\"@type\":\"SearchAction\",\"target\":{\"@type\":\"EntryPoint\",\"urlTemplate\":\"https:\/\/portaltela.pt\/?s={search_term_string}\"},\"query-input\":{\"@type\":\"PropertyValueSpecification\",\"valueRequired\":true,\"valueName\":\"search_term_string\"}}],\"inLanguage\":\"pt-PT\"},{\"@type\":\"Person\",\"@id\":\"https:\/\/portaltela.pt\/#\/schema\/person\/c4278d4a6028830caff9ee44b42d32ed\",\"name\":\"Telinha\",\"image\":{\"@type\":\"ImageObject\",\"inLanguage\":\"pt-PT\",\"@id\":\"https:\/\/portaltela.pt\/s.01k8rhncp4jt1\/2025\/11\/talking-bot-125x125.png\",\"url\":\"https:\/\/portaltela.pt\/s.01k8rhncp4jt1\/2025\/11\/talking-bot-125x125.png\",\"contentUrl\":\"https:\/\/portaltela.pt\/s.01k8rhncp4jt1\/2025\/11\/talking-bot-125x125.png\",\"caption\":\"Telinha\"},\"sameAs\":[\"https:\/\/portaltela.pt\/\"],\"url\":\"https:\/\/portaltela.pt\/por\/367410592786\/\"}]}<\/script>\n<!-- \/ Yoast SEO plugin. -->","yoast_head_json":{"title":"Lopes Cabral quase sempre sozinho no aquecimento para o Casa Pia-Benfica - Portal Tela Portugal","robots":{"index":"index","follow":"follow","max-snippet":"max-snippet:-1","max-image-preview":"max-image-preview:large","max-video-preview":"max-video-preview:-1"},"og_locale":"pt_PT","og_type":"article","og_title":"Lopes Cabral quase sempre sozinho no aquecimento para o Casa Pia-Benfica - Portal Tela Portugal","og_description":"Sidny Lopes Cabral esteve quase sempre sozinho durante o aquecimento antes do jogo entre Casa Pia e Benfica, chegando ao banco isolado. O jogador interagiu pouco com os colegas, sentado com um intervalo de duas cadeiras em rela\u00e7\u00e3o aos restantes no banco de suplentes. S\u00f3 conversou com Ivanovic, com quem ainda posou para uma fotografia. O contexto menciona um epis\u00f3dio pol\u00e9mico com Vin\u00edcius J\u00fanior no Santiago Bernab\u00e9u, relacionado com o desejo de receber a camisola do brasileiro. O momento atual aponta para uma menor participa\u00e7\u00e3o do cabo-verdiano no clube, com o comportamento observado no aquecimento a sugerir uma fase menos favor\u00e1vel.","og_url":"https:\/\/portaltela.pt\/noticias\/2026\/04\/06\/lopes-cabral-quase-sempre-sozinho-no-aquecimento-para-o-casa-pia-benfica\/","og_site_name":"Portal Tela Portugal","article_published_time":"2026-04-06T21:32:11+00:00","author":"Telinha","twitter_card":"summary_large_image","twitter_misc":{"Escrito por":"Telinha","Tempo estimado de leitura":"1 minuto"},"schema":{"@context":"https:\/\/schema.org","@graph":[{"@type":"Article","@id":"https:\/\/portaltela.pt\/noticias\/2026\/04\/06\/lopes-cabral-quase-sempre-sozinho-no-aquecimento-para-o-casa-pia-benfica\/#article","isPartOf":{"@id":"https:\/\/portaltela.pt\/noticias\/2026\/04\/06\/lopes-cabral-quase-sempre-sozinho-no-aquecimento-para-o-casa-pia-benfica\/"},"author":{"name":"Telinha","@id":"https:\/\/portaltela.pt\/#\/schema\/person\/c4278d4a6028830caff9ee44b42d32ed"},"headline":"Lopes Cabral quase sempre sozinho no aquecimento para o Casa Pia-Benfica","datePublished":"2026-04-06T21:32:11+00:00","mainEntityOfPage":{"@id":"https:\/\/portaltela.pt\/noticias\/2026\/04\/06\/lopes-cabral-quase-sempre-sozinho-no-aquecimento-para-o-casa-pia-benfica\/"},"wordCount":145,"image":{"@id":"https:\/\/portaltela.pt\/noticias\/2026\/04\/06\/lopes-cabral-quase-sempre-sozinho-no-aquecimento-para-o-casa-pia-benfica\/#primaryimage"},"thumbnailUrl":"https:\/\/portaltela.pt\/s.01k8rhncp4jt1\/2026\/04\/img_1200x721uu2026-04-06-22-24-05-2431483.jpg","keywords":["Benfica","Cabo Verde","Casa Pia","futebol","Lopes Cabral","Vin\u00edcius J\u00fanior"],"articleSection":["Desporto","Futebol"],"inLanguage":"pt-PT"},{"@type":"WebPage","@id":"https:\/\/portaltela.pt\/noticias\/2026\/04\/06\/lopes-cabral-quase-sempre-sozinho-no-aquecimento-para-o-casa-pia-benfica\/","url":"https:\/\/portaltela.pt\/noticias\/2026\/04\/06\/lopes-cabral-quase-sempre-sozinho-no-aquecimento-para-o-casa-pia-benfica\/","name":"Lopes Cabral quase sempre sozinho no aquecimento para o Casa Pia-Benfica - Portal Tela Portugal","isPartOf":{"@id":"https:\/\/portaltela.pt\/#website"},"primaryImageOfPage":{"@id":"https:\/\/portaltela.pt\/noticias\/2026\/04\/06\/lopes-cabral-quase-sempre-sozinho-no-aquecimento-para-o-casa-pia-benfica\/#primaryimage"},"image":{"@id":"https:\/\/portaltela.pt\/noticias\/2026\/04\/06\/lopes-cabral-quase-sempre-sozinho-no-aquecimento-para-o-casa-pia-benfica\/#primaryimage"},"thumbnailUrl":"https:\/\/portaltela.pt\/s.01k8rhncp4jt1\/2026\/04\/img_1200x721uu2026-04-06-22-24-05-2431483.jpg","datePublished":"2026-04-06T21:32:11+00:00","author":{"@id":"https:\/\/portaltela.pt\/#\/schema\/person\/c4278d4a6028830caff9ee44b42d32ed"},"breadcrumb":{"@id":"https:\/\/portaltela.pt\/noticias\/2026\/04\/06\/lopes-cabral-quase-sempre-sozinho-no-aquecimento-para-o-casa-pia-benfica\/#breadcrumb"},"inLanguage":"pt-PT","potentialAction":[{"@type":"ReadAction","target":["https:\/\/portaltela.pt\/noticias\/2026\/04\/06\/lopes-cabral-quase-sempre-sozinho-no-aquecimento-para-o-casa-pia-benfica\/"]}]},{"@type":"ImageObject","inLanguage":"pt-PT","@id":"https:\/\/portaltela.pt\/noticias\/2026\/04\/06\/lopes-cabral-quase-sempre-sozinho-no-aquecimento-para-o-casa-pia-benfica\/#primaryimage","url":"https:\/\/portaltela.pt\/s.01k8rhncp4jt1\/2026\/04\/img_1200x721uu2026-04-06-22-24-05-2431483.jpg","contentUrl":"https:\/\/portaltela.pt\/s.01k8rhncp4jt1\/2026\/04\/img_1200x721uu2026-04-06-22-24-05-2431483.jpg","width":1200,"height":721,"caption":"Photo"},{"@type":"BreadcrumbList","@id":"https:\/\/portaltela.pt\/noticias\/2026\/04\/06\/lopes-cabral-quase-sempre-sozinho-no-aquecimento-para-o-casa-pia-benfica\/#breadcrumb","itemListElement":[{"@type":"ListItem","position":1,"name":"In\u00edcio","item":"https:\/\/portaltela.pt\/"},{"@type":"ListItem","position":2,"name":"Lopes Cabral quase sempre sozinho no aquecimento para o Casa Pia-Benfica"}]},{"@type":"WebSite","@id":"https:\/\/portaltela.pt\/#website","url":"https:\/\/portaltela.pt\/","name":"Portal Tela Portugal","description":"","potentialAction":[{"@type":"SearchAction","target":{"@type":"EntryPoint","urlTemplate":"https:\/\/portaltela.pt\/?s={search_term_string}"},"query-input":{"@type":"PropertyValueSpecification","valueRequired":true,"valueName":"search_term_string"}}],"inLanguage":"pt-PT"},{"@type":"Person","@id":"https:\/\/portaltela.pt\/#\/schema\/person\/c4278d4a6028830caff9ee44b42d32ed","name":"Telinha","image":{"@type":"ImageObject","inLanguage":"pt-PT","@id":"https:\/\/portaltela.pt\/s.01k8rhncp4jt1\/2025\/11\/talking-bot-125x125.png","url":"https:\/\/portaltela.pt\/s.01k8rhncp4jt1\/2025\/11\/talking-bot-125x125.png","contentUrl":"https:\/\/portaltela.pt\/s.01k8rhncp4jt1\/2025\/11\/talking-bot-125x125.png","caption":"Telinha"},"sameAs":["https:\/\/portaltela.pt\/"],"url":"https:\/\/portaltela.pt\/por\/367410592786\/"}]}},"_links":{"self":[{"href":"https:\/\/portaltela.pt\/api\/wp\/v2\/posts\/434733","targetHints":{"allow":["GET"]}}],"collection":[{"href":"https:\/\/portaltela.pt\/api\/wp\/v2\/posts"}],"about":[{"href":"https:\/\/portaltela.pt\/api\/wp\/v2\/types\/post"}],"author":[{"embeddable":true,"href":"https:\/\/portaltela.pt\/api\/wp\/v2\/users\/2"}],"replies":[{"embeddable":true,"href":"https:\/\/portaltela.pt\/api\/wp\/v2\/comments?post=434733"}],"version-history":[{"count":0,"href":"https:\/\/portaltela.pt\/api\/wp\/v2\/posts\/434733\/revisions"}],"wp:featuredmedia":[{"embeddable":true,"href":"https:\/\/portaltela.pt\/api\/wp\/v2\/media\/434735"}],"wp:attachment":[{"href":"https:\/\/portaltela.pt\/api\/wp\/v2\/media?parent=434733"}],"wp:term":[{"taxonomy":"category","embeddable":true,"href":"https:\/\/portaltela.pt\/api\/wp\/v2\/categories?post=434733"},{"taxonomy":"post_tag","embeddable":true,"href":"https:\/\/portaltela.pt\/api\/wp\/v2\/tags?post=434733"}],"curies":[{"name":"wp","href":"https:\/\/api.w.org\/{rel}","templated":true}]}}