{"id":434720,"date":"2026-04-06T18:17:22","date_gmt":"2026-04-06T21:17:22","guid":{"rendered":"https:\/\/portaltela.pt\/noticias\/2026\/04\/06\/rui-costa-faz-lobbying-pela-benfica-fm-fora-da-agenda-oficial\/"},"modified":"2026-04-06T18:17:22","modified_gmt":"2026-04-06T21:17:22","slug":"rui-costa-faz-lobbying-pela-benfica-fm-fora-da-agenda-oficial","status":"publish","type":"post","link":"https:\/\/portaltela.pt\/noticias\/politica\/2026\/04\/06\/rui-costa-faz-lobbying-pela-benfica-fm-fora-da-agenda-oficial\/","title":{"rendered":"Rui Costa faz lobbying pela Benfica FM fora da agenda oficial"},"content":{"rendered":"<p>Rui Costa, presidente do Benfica, voltou esta semana ao Parlamento para uma miss\u00e3o de press\u00e3o junto dos deputados, ap\u00f3s uma reuni\u00e3o com o PSD na semana passada. O objetivo \u00e9 encontrar apoio entre grupos parlamentares para a Benfica FM, cuja emiss\u00e3o permaneceu apenas online. A iniciativa ocorre fora da agenda oficial do clube.<\/p>\n<p>A visita \u00e0 Assembleia da Rep\u00fablica surge na sequ\u00eancia da recusa da emiss\u00e3o em sinal hertziano pela ERC pela segunda vez. A entidade alegou riscos relacionados com diversidade, pluralismo e independ\u00eancia editorial no projeto da Benfica FM, ligados \u00e0 transforma\u00e7\u00e3o de r\u00e1dios do grupo Bauer.<\/p>\n<p>Depois da primeira reuni\u00e3o com o PSD, o clube procurou agora encontros com deputados do PS, Chega e IL. O Benfica pretende que o regulador reveja a posi\u00e7\u00e3o, envolvendo o poder pol\u00edtico na avalia\u00e7\u00e3o do projeto de r\u00e1dio do clube. A emiss\u00e3o online continua a sustentar a opera\u00e7\u00e3o.<\/p>\n<h3>Contexto do processo e posicionamento da ERC<\/h3>\n<p>A ERC justificou a decis\u00e3o de n\u00e3o licenciar a Benfica FM, destacando preocupa\u00e7\u00f5es com a diversidade de vozes e com a independ\u00eancia editorial no conte\u00fado transmitido. O regulador mant\u00e9m a exig\u00eancia de cumprir regras de pluralismo para autoriza\u00e7\u00f5es de emiss\u00e3o.<\/p>\n<p>O Benfica j\u00e1 sinalizou que vai recorrer \u00e0s institui\u00e7\u00f5es p\u00fablicas para defender o projeto. A dire\u00e7\u00e3o do clube entende que a r\u00e1dio online pode cumprir objetivos informativos sem depender de licenciamento de frequ\u00eancia. A posi\u00e7\u00e3o do regulador, contudo, permanece inalterada.<\/p>\n","protected":false},"excerpt":{"rendered":"<ul>\n<li>Rui Costa, presidente do Benfica, desloca-se \u00e0 Assembleia da Rep\u00fablica para fazer lobbying pela Benfica FM, al\u00e9m da agenda oficial.<\/li>\n<li>Ap\u00f3s reuni\u00e3o com o PSD na semana passada, o dirigente volta ao Parlamento para encontrar-se com deputados do PS, Chega e IL.<\/li>\n<li>A emiss\u00e3o da Benfica FM continua apenas online, sem licen\u00e7a para sinal hertziano.<\/li>\n<li>A Entidade Reguladora para a Comunica\u00e7\u00e3o Social recusou, pela segunda vez, o licenciamento da r\u00e1dio, alegando riscos de incumprimento da diversidade, do pluralismo e da independ\u00eancia editorial.<\/li>\n<li>O clube diz que recorrer\u00e1 aos deputados para pressionar o regulador.<\/li>\n<\/ul>\n","protected":false},"author":2,"featured_media":434724,"comment_status":"closed","ping_status":"closed","sticky":false,"template":"","format":"standard","meta":{"footnotes":""},"categories":[1,5],"tags":[4211,5326,2206,5563,3512,2832],"class_list":["post-434720","post","type-post","status-publish","format-standard","has-post-thumbnail","hentry","category-noticias","category-politica","tag-assembleia-nacional","tag-comunicacao-social","tag-comunicacoes","tag-informacao-publica","tag-liberdade-de-imprensa","tag-politica"],"yoast_head":"<!-- This site is optimized with the Yoast SEO plugin v27.2 - https:\/\/yoast.com\/product\/yoast-seo-wordpress\/ -->\n<title>Rui Costa faz lobbying pela Benfica FM fora da agenda oficial - Portal Tela Portugal<\/title>\n<meta name=\"robots\" content=\"index, follow, max-snippet:-1, max-image-preview:large, max-video-preview:-1\" \/>\n<meta property=\"og:locale\" content=\"pt_PT\" \/>\n<meta property=\"og:type\" content=\"article\" \/>\n<meta property=\"og:title\" content=\"Rui Costa faz lobbying pela Benfica FM fora da agenda oficial - Portal Tela Portugal\" \/>\n<meta property=\"og:description\" content=\"Rui Costa, presidente do Benfica, desloca-se \u00e0 Assembleia da Rep\u00fablica para fazer lobbying pela Benfica FM, al\u00e9m da agenda oficial. Ap\u00f3s reuni\u00e3o com o PSD na semana passada, o dirigente volta ao Parlamento para encontrar-se com deputados do PS, Chega e IL. A emiss\u00e3o da Benfica FM continua apenas online, sem licen\u00e7a para sinal hertziano. A Entidade Reguladora para a Comunica\u00e7\u00e3o Social recusou, pela segunda vez, o licenciamento da r\u00e1dio, alegando riscos de incumprimento da diversidade, do pluralismo e da independ\u00eancia editorial. O clube diz que recorrer\u00e1 aos deputados para pressionar o regulador.\" \/>\n<meta property=\"og:url\" content=\"https:\/\/portaltela.pt\/noticias\/2026\/04\/06\/rui-costa-faz-lobbying-pela-benfica-fm-fora-da-agenda-oficial\/\" \/>\n<meta property=\"og:site_name\" content=\"Portal Tela Portugal\" \/>\n<meta property=\"article:published_time\" content=\"2026-04-06T21:17:22+00:00\" \/>\n<meta name=\"author\" content=\"Telinha\" \/>\n<meta name=\"twitter:card\" content=\"summary_large_image\" \/>\n<meta name=\"twitter:label1\" content=\"Escrito por\" \/>\n\t<meta name=\"twitter:data1\" content=\"Telinha\" \/>\n\t<meta name=\"twitter:label2\" content=\"Tempo estimado de leitura\" \/>\n\t<meta name=\"twitter:data2\" content=\"1 minuto\" \/>\n<script type=\"application\/ld+json\" class=\"yoast-schema-graph\">{\"@context\":\"https:\/\/schema.org\",\"@graph\":[{\"@type\":\"Article\",\"@id\":\"https:\/\/portaltela.pt\/noticias\/2026\/04\/06\/rui-costa-faz-lobbying-pela-benfica-fm-fora-da-agenda-oficial\/#article\",\"isPartOf\":{\"@id\":\"https:\/\/portaltela.pt\/noticias\/2026\/04\/06\/rui-costa-faz-lobbying-pela-benfica-fm-fora-da-agenda-oficial\/\"},\"author\":{\"name\":\"Telinha\",\"@id\":\"https:\/\/portaltela.pt\/#\/schema\/person\/c4278d4a6028830caff9ee44b42d32ed\"},\"headline\":\"Rui Costa faz lobbying pela Benfica FM fora da agenda oficial\",\"datePublished\":\"2026-04-06T21:17:22+00:00\",\"mainEntityOfPage\":{\"@id\":\"https:\/\/portaltela.pt\/noticias\/2026\/04\/06\/rui-costa-faz-lobbying-pela-benfica-fm-fora-da-agenda-oficial\/\"},\"wordCount\":274,\"image\":{\"@id\":\"https:\/\/portaltela.pt\/noticias\/2026\/04\/06\/rui-costa-faz-lobbying-pela-benfica-fm-fora-da-agenda-oficial\/#primaryimage\"},\"thumbnailUrl\":\"https:\/\/portaltela.pt\/s.01k8rhncp4jt1\/2026\/04\/2079605.jpg\",\"keywords\":[\"Assembleia Nacional\",\"comunica\u00e7\u00e3o social\",\"comunica\u00e7\u00f5es\",\"informa\u00e7\u00e3o p\u00fablica\",\"liberdade de imprensa\",\"pol\u00edtica\"],\"articleSection\":[\"Not\u00edcias\",\"Pol\u00edtica\"],\"inLanguage\":\"pt-PT\"},{\"@type\":\"WebPage\",\"@id\":\"https:\/\/portaltela.pt\/noticias\/2026\/04\/06\/rui-costa-faz-lobbying-pela-benfica-fm-fora-da-agenda-oficial\/\",\"url\":\"https:\/\/portaltela.pt\/noticias\/2026\/04\/06\/rui-costa-faz-lobbying-pela-benfica-fm-fora-da-agenda-oficial\/\",\"name\":\"Rui Costa faz lobbying pela Benfica FM fora da agenda oficial - Portal Tela Portugal\",\"isPartOf\":{\"@id\":\"https:\/\/portaltela.pt\/#website\"},\"primaryImageOfPage\":{\"@id\":\"https:\/\/portaltela.pt\/noticias\/2026\/04\/06\/rui-costa-faz-lobbying-pela-benfica-fm-fora-da-agenda-oficial\/#primaryimage\"},\"image\":{\"@id\":\"https:\/\/portaltela.pt\/noticias\/2026\/04\/06\/rui-costa-faz-lobbying-pela-benfica-fm-fora-da-agenda-oficial\/#primaryimage\"},\"thumbnailUrl\":\"https:\/\/portaltela.pt\/s.01k8rhncp4jt1\/2026\/04\/2079605.jpg\",\"datePublished\":\"2026-04-06T21:17:22+00:00\",\"author\":{\"@id\":\"https:\/\/portaltela.pt\/#\/schema\/person\/c4278d4a6028830caff9ee44b42d32ed\"},\"breadcrumb\":{\"@id\":\"https:\/\/portaltela.pt\/noticias\/2026\/04\/06\/rui-costa-faz-lobbying-pela-benfica-fm-fora-da-agenda-oficial\/#breadcrumb\"},\"inLanguage\":\"pt-PT\",\"potentialAction\":[{\"@type\":\"ReadAction\",\"target\":[\"https:\/\/portaltela.pt\/noticias\/2026\/04\/06\/rui-costa-faz-lobbying-pela-benfica-fm-fora-da-agenda-oficial\/\"]}]},{\"@type\":\"ImageObject\",\"inLanguage\":\"pt-PT\",\"@id\":\"https:\/\/portaltela.pt\/noticias\/2026\/04\/06\/rui-costa-faz-lobbying-pela-benfica-fm-fora-da-agenda-oficial\/#primaryimage\",\"url\":\"https:\/\/portaltela.pt\/s.01k8rhncp4jt1\/2026\/04\/2079605.jpg\",\"contentUrl\":\"https:\/\/portaltela.pt\/s.01k8rhncp4jt1\/2026\/04\/2079605.jpg\",\"width\":796,\"height\":448,\"caption\":\"Rui Costa \u00e9 presidente do Benfica\"},{\"@type\":\"BreadcrumbList\",\"@id\":\"https:\/\/portaltela.pt\/noticias\/2026\/04\/06\/rui-costa-faz-lobbying-pela-benfica-fm-fora-da-agenda-oficial\/#breadcrumb\",\"itemListElement\":[{\"@type\":\"ListItem\",\"position\":1,\"name\":\"In\u00edcio\",\"item\":\"https:\/\/portaltela.pt\/\"},{\"@type\":\"ListItem\",\"position\":2,\"name\":\"Rui Costa faz lobbying pela Benfica FM fora da agenda oficial\"}]},{\"@type\":\"WebSite\",\"@id\":\"https:\/\/portaltela.pt\/#website\",\"url\":\"https:\/\/portaltela.pt\/\",\"name\":\"Portal Tela Portugal\",\"description\":\"\",\"potentialAction\":[{\"@type\":\"SearchAction\",\"target\":{\"@type\":\"EntryPoint\",\"urlTemplate\":\"https:\/\/portaltela.pt\/?s={search_term_string}\"},\"query-input\":{\"@type\":\"PropertyValueSpecification\",\"valueRequired\":true,\"valueName\":\"search_term_string\"}}],\"inLanguage\":\"pt-PT\"},{\"@type\":\"Person\",\"@id\":\"https:\/\/portaltela.pt\/#\/schema\/person\/c4278d4a6028830caff9ee44b42d32ed\",\"name\":\"Telinha\",\"image\":{\"@type\":\"ImageObject\",\"inLanguage\":\"pt-PT\",\"@id\":\"https:\/\/portaltela.pt\/s.01k8rhncp4jt1\/2025\/11\/talking-bot-125x125.png\",\"url\":\"https:\/\/portaltela.pt\/s.01k8rhncp4jt1\/2025\/11\/talking-bot-125x125.png\",\"contentUrl\":\"https:\/\/portaltela.pt\/s.01k8rhncp4jt1\/2025\/11\/talking-bot-125x125.png\",\"caption\":\"Telinha\"},\"sameAs\":[\"https:\/\/portaltela.pt\/\"],\"url\":\"https:\/\/portaltela.pt\/por\/367410592786\/\"}]}<\/script>\n<!-- \/ Yoast SEO plugin. -->","yoast_head_json":{"title":"Rui Costa faz lobbying pela Benfica FM fora da agenda oficial - Portal Tela Portugal","robots":{"index":"index","follow":"follow","max-snippet":"max-snippet:-1","max-image-preview":"max-image-preview:large","max-video-preview":"max-video-preview:-1"},"og_locale":"pt_PT","og_type":"article","og_title":"Rui Costa faz lobbying pela Benfica FM fora da agenda oficial - Portal Tela Portugal","og_description":"Rui Costa, presidente do Benfica, desloca-se \u00e0 Assembleia da Rep\u00fablica para fazer lobbying pela Benfica FM, al\u00e9m da agenda oficial. Ap\u00f3s reuni\u00e3o com o PSD na semana passada, o dirigente volta ao Parlamento para encontrar-se com deputados do PS, Chega e IL. A emiss\u00e3o da Benfica FM continua apenas online, sem licen\u00e7a para sinal hertziano. A Entidade Reguladora para a Comunica\u00e7\u00e3o Social recusou, pela segunda vez, o licenciamento da r\u00e1dio, alegando riscos de incumprimento da diversidade, do pluralismo e da independ\u00eancia editorial. O clube diz que recorrer\u00e1 aos deputados para pressionar o regulador.","og_url":"https:\/\/portaltela.pt\/noticias\/2026\/04\/06\/rui-costa-faz-lobbying-pela-benfica-fm-fora-da-agenda-oficial\/","og_site_name":"Portal Tela Portugal","article_published_time":"2026-04-06T21:17:22+00:00","author":"Telinha","twitter_card":"summary_large_image","twitter_misc":{"Escrito por":"Telinha","Tempo estimado de leitura":"1 minuto"},"schema":{"@context":"https:\/\/schema.org","@graph":[{"@type":"Article","@id":"https:\/\/portaltela.pt\/noticias\/2026\/04\/06\/rui-costa-faz-lobbying-pela-benfica-fm-fora-da-agenda-oficial\/#article","isPartOf":{"@id":"https:\/\/portaltela.pt\/noticias\/2026\/04\/06\/rui-costa-faz-lobbying-pela-benfica-fm-fora-da-agenda-oficial\/"},"author":{"name":"Telinha","@id":"https:\/\/portaltela.pt\/#\/schema\/person\/c4278d4a6028830caff9ee44b42d32ed"},"headline":"Rui Costa faz lobbying pela Benfica FM fora da agenda oficial","datePublished":"2026-04-06T21:17:22+00:00","mainEntityOfPage":{"@id":"https:\/\/portaltela.pt\/noticias\/2026\/04\/06\/rui-costa-faz-lobbying-pela-benfica-fm-fora-da-agenda-oficial\/"},"wordCount":274,"image":{"@id":"https:\/\/portaltela.pt\/noticias\/2026\/04\/06\/rui-costa-faz-lobbying-pela-benfica-fm-fora-da-agenda-oficial\/#primaryimage"},"thumbnailUrl":"https:\/\/portaltela.pt\/s.01k8rhncp4jt1\/2026\/04\/2079605.jpg","keywords":["Assembleia Nacional","comunica\u00e7\u00e3o social","comunica\u00e7\u00f5es","informa\u00e7\u00e3o p\u00fablica","liberdade de imprensa","pol\u00edtica"],"articleSection":["Not\u00edcias","Pol\u00edtica"],"inLanguage":"pt-PT"},{"@type":"WebPage","@id":"https:\/\/portaltela.pt\/noticias\/2026\/04\/06\/rui-costa-faz-lobbying-pela-benfica-fm-fora-da-agenda-oficial\/","url":"https:\/\/portaltela.pt\/noticias\/2026\/04\/06\/rui-costa-faz-lobbying-pela-benfica-fm-fora-da-agenda-oficial\/","name":"Rui Costa faz lobbying pela Benfica FM fora da agenda oficial - Portal Tela Portugal","isPartOf":{"@id":"https:\/\/portaltela.pt\/#website"},"primaryImageOfPage":{"@id":"https:\/\/portaltela.pt\/noticias\/2026\/04\/06\/rui-costa-faz-lobbying-pela-benfica-fm-fora-da-agenda-oficial\/#primaryimage"},"image":{"@id":"https:\/\/portaltela.pt\/noticias\/2026\/04\/06\/rui-costa-faz-lobbying-pela-benfica-fm-fora-da-agenda-oficial\/#primaryimage"},"thumbnailUrl":"https:\/\/portaltela.pt\/s.01k8rhncp4jt1\/2026\/04\/2079605.jpg","datePublished":"2026-04-06T21:17:22+00:00","author":{"@id":"https:\/\/portaltela.pt\/#\/schema\/person\/c4278d4a6028830caff9ee44b42d32ed"},"breadcrumb":{"@id":"https:\/\/portaltela.pt\/noticias\/2026\/04\/06\/rui-costa-faz-lobbying-pela-benfica-fm-fora-da-agenda-oficial\/#breadcrumb"},"inLanguage":"pt-PT","potentialAction":[{"@type":"ReadAction","target":["https:\/\/portaltela.pt\/noticias\/2026\/04\/06\/rui-costa-faz-lobbying-pela-benfica-fm-fora-da-agenda-oficial\/"]}]},{"@type":"ImageObject","inLanguage":"pt-PT","@id":"https:\/\/portaltela.pt\/noticias\/2026\/04\/06\/rui-costa-faz-lobbying-pela-benfica-fm-fora-da-agenda-oficial\/#primaryimage","url":"https:\/\/portaltela.pt\/s.01k8rhncp4jt1\/2026\/04\/2079605.jpg","contentUrl":"https:\/\/portaltela.pt\/s.01k8rhncp4jt1\/2026\/04\/2079605.jpg","width":796,"height":448,"caption":"Rui Costa \u00e9 presidente do Benfica"},{"@type":"BreadcrumbList","@id":"https:\/\/portaltela.pt\/noticias\/2026\/04\/06\/rui-costa-faz-lobbying-pela-benfica-fm-fora-da-agenda-oficial\/#breadcrumb","itemListElement":[{"@type":"ListItem","position":1,"name":"In\u00edcio","item":"https:\/\/portaltela.pt\/"},{"@type":"ListItem","position":2,"name":"Rui Costa faz lobbying pela Benfica FM fora da agenda oficial"}]},{"@type":"WebSite","@id":"https:\/\/portaltela.pt\/#website","url":"https:\/\/portaltela.pt\/","name":"Portal Tela Portugal","description":"","potentialAction":[{"@type":"SearchAction","target":{"@type":"EntryPoint","urlTemplate":"https:\/\/portaltela.pt\/?s={search_term_string}"},"query-input":{"@type":"PropertyValueSpecification","valueRequired":true,"valueName":"search_term_string"}}],"inLanguage":"pt-PT"},{"@type":"Person","@id":"https:\/\/portaltela.pt\/#\/schema\/person\/c4278d4a6028830caff9ee44b42d32ed","name":"Telinha","image":{"@type":"ImageObject","inLanguage":"pt-PT","@id":"https:\/\/portaltela.pt\/s.01k8rhncp4jt1\/2025\/11\/talking-bot-125x125.png","url":"https:\/\/portaltela.pt\/s.01k8rhncp4jt1\/2025\/11\/talking-bot-125x125.png","contentUrl":"https:\/\/portaltela.pt\/s.01k8rhncp4jt1\/2025\/11\/talking-bot-125x125.png","caption":"Telinha"},"sameAs":["https:\/\/portaltela.pt\/"],"url":"https:\/\/portaltela.pt\/por\/367410592786\/"}]}},"_links":{"self":[{"href":"https:\/\/portaltela.pt\/api\/wp\/v2\/posts\/434720","targetHints":{"allow":["GET"]}}],"collection":[{"href":"https:\/\/portaltela.pt\/api\/wp\/v2\/posts"}],"about":[{"href":"https:\/\/portaltela.pt\/api\/wp\/v2\/types\/post"}],"author":[{"embeddable":true,"href":"https:\/\/portaltela.pt\/api\/wp\/v2\/users\/2"}],"replies":[{"embeddable":true,"href":"https:\/\/portaltela.pt\/api\/wp\/v2\/comments?post=434720"}],"version-history":[{"count":0,"href":"https:\/\/portaltela.pt\/api\/wp\/v2\/posts\/434720\/revisions"}],"wp:featuredmedia":[{"embeddable":true,"href":"https:\/\/portaltela.pt\/api\/wp\/v2\/media\/434724"}],"wp:attachment":[{"href":"https:\/\/portaltela.pt\/api\/wp\/v2\/media?parent=434720"}],"wp:term":[{"taxonomy":"category","embeddable":true,"href":"https:\/\/portaltela.pt\/api\/wp\/v2\/categories?post=434720"},{"taxonomy":"post_tag","embeddable":true,"href":"https:\/\/portaltela.pt\/api\/wp\/v2\/tags?post=434720"}],"curies":[{"name":"wp","href":"https:\/\/api.w.org\/{rel}","templated":true}]}}