{"id":434682,"date":"2026-04-06T17:18:01","date_gmt":"2026-04-06T20:18:01","guid":{"rendered":"https:\/\/portaltela.pt\/noticias\/2026\/04\/06\/reforma-trabalhista-patroes-e-sindicatos-submetem-proposta-final\/"},"modified":"2026-04-06T17:18:01","modified_gmt":"2026-04-06T20:18:01","slug":"reforma-trabalhista-patroes-e-sindicatos-submetem-proposta-final","status":"publish","type":"post","link":"https:\/\/portaltela.pt\/noticias\/economia\/2026\/04\/06\/reforma-trabalhista-patroes-e-sindicatos-submetem-proposta-final\/","title":{"rendered":"Reforma trabalhista: patr\u00f5es e sindicatos submetem proposta final"},"content":{"rendered":"<p>O Governo, os patr\u00f5es e os sindicatos reuniram-se pela 53. vez para discutir a reforma das leis do trabalho, mas o encontro terminou sem um acordo para anunciar. Ros\u00e1rio Palma Ramalho, ministra do Trabalho, indicou que as partes v\u00e3o apresentar a proposta aos seus \u00f3rg\u00e3os internos para decis\u00e3o final.<\/p>\n<p>A chefe da pasta disse que a reuni\u00e3o correu bem depois de oito meses de negocia\u00e7\u00f5es, com a CGTP ausente. Foi referido que a constru\u00e7\u00e3o da proposta est\u00e1 em cima da mesa entre as estruturas envolvidas e que cada \u00f3rg\u00e3o dever\u00e1 consultar os seus associados antes de avan\u00e7ar.<\/p>\n<p>A ministra aguardou serenamente a conclus\u00e3o dessas consultas, que dever\u00e3o ser definitivas. Uma sess\u00e3o plen\u00e1ria da Comiss\u00e3o Permanente da Concerta\u00e7\u00e3o Social est\u00e1 prevista em breve, para tratar tamb\u00e9m deste dossier. A UGT tem reuni\u00e3o interna marcada para a pr\u00f3xima quinta-feira.<\/p>\n<h3>Desdobramentos do pacote laboral<\/h3>\n<p>Antes do encontro desta tarde, o Governo j\u00e1 tinha recuado em alguns pontos do pacote, mantendo, no entanto, a posi\u00e7\u00e3o de afastar a UGT em \u00e1reas como f\u00e9rias, contratos a termo, banco de horas e poss\u00edvel jornada cont\u00ednua, dependentes da negocia\u00e7\u00e3o coletiva ou do acordo entre empregadores.<\/p>\n<p>Entre as altera\u00e7\u00f5es em an\u00e1lise estava a manuten\u00e7\u00e3o da proibi\u00e7\u00e3o de outsourcing por seis meses ap\u00f3s um despedimento. Outro ponto visado foi a refer\u00eancia a 25 dias de f\u00e9rias anuais, que tinha sido apresentado como trunfo, mas que desapareceu do documento em circula\u00e7\u00e3o.<\/p>\n<p>Est\u00e1 em causa a modifica\u00e7\u00e3o ao artigo 238.\u00ba do C\u00f3digo do Trabalho, que permitia somar aos 22 dias de f\u00e9rias atuais mais tr\u00eas dias, caso o trabalhador n\u00e3o faltasse ou tivesse apenas faltas justificadas. A recupera\u00e7\u00e3o desse regime, existente at\u00e9 2013, era visto como alternativa \u00e0 compra de dois dias de f\u00e9rias pelo trabalhador.<\/p>\n","protected":false},"excerpt":{"rendered":"<ul>\n<li>Governo apresenta aos parceiros sociais a proposta final da reforma laboral; 53.\u00aa reuni\u00e3o terminou sem declara\u00e7\u00f5es p\u00fablicas, cabendo \u00e0 ministra a leitura de que patr\u00f5es e sindicatos entregar\u00e3o a proposta aos seus \u00f3rg\u00e3os para a \u00faltima palavra.<\/li>\n<li>A ministra Ros\u00e1rio Palma Ramalho afirmou que a proposta est\u00e1 numa fase de constru\u00e7\u00e3o acordada entre as partes e que cada estrutura deve consultar os seus \u00f3rg\u00e3os e associados, sem confirmar altera\u00e7\u00f5es bruscas ao que j\u00e1 estava em cima da mesa.<\/li>\n<li>Est\u00e1 prevista uma reuni\u00e3o plen\u00e1ria da Comiss\u00e3o Permanente da Concerta\u00e7\u00e3o Social em breve; a Uni\u00e3o Geral dos Trabalhadores tem reuni\u00e3o interna marcada para quinta-feira.<\/li>\n<li>O Governo recuou em alguns pontos do pacote laboral, mantendo diferen\u00e7as com a UGT em \u00e1reas como f\u00e9rias, contratos a termo, banco de horas e eventual jornada cont\u00ednua dependente de negocia\u00e7\u00e3o coletiva ou acordo do empregador.<\/li>\n<li>Entre as propostas, o Governo mant\u00e9m a proibi\u00e7\u00e3o de outsourcing apenas nos seis meses ap\u00f3s um despedimento; desapareceu a refer\u00eancia aos 25 dias de f\u00e9rias e continua em debate a altera\u00e7\u00e3o ao artigo 238.\u00ba do C\u00f3digo do Trabalho, que previa somar aos 22 dias mais tr\u00eas dias conforme faltas.<\/li>\n<\/ul>\n","protected":false},"author":2,"featured_media":434683,"comment_status":"closed","ping_status":"closed","sticky":false,"template":"","format":"standard","meta":{"footnotes":""},"categories":[2,6871],"tags":[6337,4408,1006,34,966,2201],"class_list":["post-434682","post","type-post","status-publish","format-standard","has-post-thumbnail","hentry","category-economia","category-sociedade","tag-direito","tag-direitos-sociais","tag-emprego","tag-governo","tag-sindicatos","tag-trabalho"],"yoast_head":"<!-- This site is optimized with the Yoast SEO plugin v27.2 - https:\/\/yoast.com\/product\/yoast-seo-wordpress\/ -->\n<title>Reforma trabalhista: patr\u00f5es e sindicatos submetem proposta final - Portal Tela Portugal<\/title>\n<meta name=\"robots\" content=\"index, follow, max-snippet:-1, max-image-preview:large, max-video-preview:-1\" \/>\n<meta property=\"og:locale\" content=\"pt_PT\" \/>\n<meta property=\"og:type\" content=\"article\" \/>\n<meta property=\"og:title\" content=\"Reforma trabalhista: patr\u00f5es e sindicatos submetem proposta final - Portal Tela Portugal\" \/>\n<meta property=\"og:description\" content=\"Governo apresenta aos parceiros sociais a proposta final da reforma laboral; 53.\u00aa reuni\u00e3o terminou sem declara\u00e7\u00f5es p\u00fablicas, cabendo \u00e0 ministra a leitura de que patr\u00f5es e sindicatos entregar\u00e3o a proposta aos seus \u00f3rg\u00e3os para a \u00faltima palavra. A ministra Ros\u00e1rio Palma Ramalho afirmou que a proposta est\u00e1 numa fase de constru\u00e7\u00e3o acordada entre as partes e que cada estrutura deve consultar os seus \u00f3rg\u00e3os e associados, sem confirmar altera\u00e7\u00f5es bruscas ao que j\u00e1 estava em cima da mesa. Est\u00e1 prevista uma reuni\u00e3o plen\u00e1ria da Comiss\u00e3o Permanente da Concerta\u00e7\u00e3o Social em breve; a Uni\u00e3o Geral dos Trabalhadores tem reuni\u00e3o interna marcada para quinta-feira. O Governo recuou em alguns pontos do pacote laboral, mantendo diferen\u00e7as com a UGT em \u00e1reas como f\u00e9rias, contratos a termo, banco de horas e eventual jornada cont\u00ednua dependente de negocia\u00e7\u00e3o coletiva ou acordo do empregador. Entre as propostas, o Governo mant\u00e9m a proibi\u00e7\u00e3o de outsourcing apenas nos seis meses ap\u00f3s um despedimento; desapareceu a refer\u00eancia aos 25 dias de f\u00e9rias e continua em debate a altera\u00e7\u00e3o ao artigo 238.\u00ba do C\u00f3digo do Trabalho, que previa somar aos 22 dias mais tr\u00eas dias conforme faltas.\" \/>\n<meta property=\"og:url\" content=\"https:\/\/portaltela.pt\/noticias\/2026\/04\/06\/reforma-trabalhista-patroes-e-sindicatos-submetem-proposta-final\/\" \/>\n<meta property=\"og:site_name\" content=\"Portal Tela Portugal\" \/>\n<meta property=\"article:published_time\" content=\"2026-04-06T20:18:01+00:00\" \/>\n<meta name=\"author\" content=\"Telinha\" \/>\n<meta name=\"twitter:card\" content=\"summary_large_image\" \/>\n<meta name=\"twitter:label1\" content=\"Escrito por\" \/>\n\t<meta name=\"twitter:data1\" content=\"Telinha\" \/>\n\t<meta name=\"twitter:label2\" content=\"Tempo estimado de leitura\" \/>\n\t<meta name=\"twitter:data2\" content=\"2 minutos\" \/>\n<script type=\"application\/ld+json\" class=\"yoast-schema-graph\">{\"@context\":\"https:\/\/schema.org\",\"@graph\":[{\"@type\":\"Article\",\"@id\":\"https:\/\/portaltela.pt\/noticias\/2026\/04\/06\/reforma-trabalhista-patroes-e-sindicatos-submetem-proposta-final\/#article\",\"isPartOf\":{\"@id\":\"https:\/\/portaltela.pt\/noticias\/2026\/04\/06\/reforma-trabalhista-patroes-e-sindicatos-submetem-proposta-final\/\"},\"author\":{\"name\":\"Telinha\",\"@id\":\"https:\/\/portaltela.pt\/#\/schema\/person\/c4278d4a6028830caff9ee44b42d32ed\"},\"headline\":\"Reforma trabalhista: patr\u00f5es e sindicatos submetem proposta final\",\"datePublished\":\"2026-04-06T20:18:01+00:00\",\"mainEntityOfPage\":{\"@id\":\"https:\/\/portaltela.pt\/noticias\/2026\/04\/06\/reforma-trabalhista-patroes-e-sindicatos-submetem-proposta-final\/\"},\"wordCount\":327,\"image\":{\"@id\":\"https:\/\/portaltela.pt\/noticias\/2026\/04\/06\/reforma-trabalhista-patroes-e-sindicatos-submetem-proposta-final\/#primaryimage\"},\"thumbnailUrl\":\"https:\/\/portaltela.pt\/s.01k8rhncp4jt1\/2026\/04\/2079602.jpg\",\"keywords\":[\"direito\",\"direitos sociais\",\"emprego\",\"governo\",\"sindicatos\",\"trabalho\"],\"articleSection\":[\"Economia\",\"Sociedade\"],\"inLanguage\":\"pt-PT\"},{\"@type\":\"WebPage\",\"@id\":\"https:\/\/portaltela.pt\/noticias\/2026\/04\/06\/reforma-trabalhista-patroes-e-sindicatos-submetem-proposta-final\/\",\"url\":\"https:\/\/portaltela.pt\/noticias\/2026\/04\/06\/reforma-trabalhista-patroes-e-sindicatos-submetem-proposta-final\/\",\"name\":\"Reforma trabalhista: patr\u00f5es e sindicatos submetem proposta final - Portal Tela Portugal\",\"isPartOf\":{\"@id\":\"https:\/\/portaltela.pt\/#website\"},\"primaryImageOfPage\":{\"@id\":\"https:\/\/portaltela.pt\/noticias\/2026\/04\/06\/reforma-trabalhista-patroes-e-sindicatos-submetem-proposta-final\/#primaryimage\"},\"image\":{\"@id\":\"https:\/\/portaltela.pt\/noticias\/2026\/04\/06\/reforma-trabalhista-patroes-e-sindicatos-submetem-proposta-final\/#primaryimage\"},\"thumbnailUrl\":\"https:\/\/portaltela.pt\/s.01k8rhncp4jt1\/2026\/04\/2079602.jpg\",\"datePublished\":\"2026-04-06T20:18:01+00:00\",\"author\":{\"@id\":\"https:\/\/portaltela.pt\/#\/schema\/person\/c4278d4a6028830caff9ee44b42d32ed\"},\"breadcrumb\":{\"@id\":\"https:\/\/portaltela.pt\/noticias\/2026\/04\/06\/reforma-trabalhista-patroes-e-sindicatos-submetem-proposta-final\/#breadcrumb\"},\"inLanguage\":\"pt-PT\",\"potentialAction\":[{\"@type\":\"ReadAction\",\"target\":[\"https:\/\/portaltela.pt\/noticias\/2026\/04\/06\/reforma-trabalhista-patroes-e-sindicatos-submetem-proposta-final\/\"]}]},{\"@type\":\"ImageObject\",\"inLanguage\":\"pt-PT\",\"@id\":\"https:\/\/portaltela.pt\/noticias\/2026\/04\/06\/reforma-trabalhista-patroes-e-sindicatos-submetem-proposta-final\/#primaryimage\",\"url\":\"https:\/\/portaltela.pt\/s.01k8rhncp4jt1\/2026\/04\/2079602.jpg\",\"contentUrl\":\"https:\/\/portaltela.pt\/s.01k8rhncp4jt1\/2026\/04\/2079602.jpg\",\"width\":796,\"height\":448,\"caption\":\"A ministra do Trabalho, Ros\u00e1rio Palma Ramalho, deixou subentendido que n\u00e3o haver\u00e1 mais reuni\u00f5es para negocia\u00e7\u00e3o da reforma do C\u00f3digo do Trabalho\"},{\"@type\":\"BreadcrumbList\",\"@id\":\"https:\/\/portaltela.pt\/noticias\/2026\/04\/06\/reforma-trabalhista-patroes-e-sindicatos-submetem-proposta-final\/#breadcrumb\",\"itemListElement\":[{\"@type\":\"ListItem\",\"position\":1,\"name\":\"In\u00edcio\",\"item\":\"https:\/\/portaltela.pt\/\"},{\"@type\":\"ListItem\",\"position\":2,\"name\":\"Reforma trabalhista: patr\u00f5es e sindicatos submetem proposta final\"}]},{\"@type\":\"WebSite\",\"@id\":\"https:\/\/portaltela.pt\/#website\",\"url\":\"https:\/\/portaltela.pt\/\",\"name\":\"Portal Tela Portugal\",\"description\":\"\",\"potentialAction\":[{\"@type\":\"SearchAction\",\"target\":{\"@type\":\"EntryPoint\",\"urlTemplate\":\"https:\/\/portaltela.pt\/?s={search_term_string}\"},\"query-input\":{\"@type\":\"PropertyValueSpecification\",\"valueRequired\":true,\"valueName\":\"search_term_string\"}}],\"inLanguage\":\"pt-PT\"},{\"@type\":\"Person\",\"@id\":\"https:\/\/portaltela.pt\/#\/schema\/person\/c4278d4a6028830caff9ee44b42d32ed\",\"name\":\"Telinha\",\"image\":{\"@type\":\"ImageObject\",\"inLanguage\":\"pt-PT\",\"@id\":\"https:\/\/portaltela.pt\/s.01k8rhncp4jt1\/2025\/11\/talking-bot-125x125.png\",\"url\":\"https:\/\/portaltela.pt\/s.01k8rhncp4jt1\/2025\/11\/talking-bot-125x125.png\",\"contentUrl\":\"https:\/\/portaltela.pt\/s.01k8rhncp4jt1\/2025\/11\/talking-bot-125x125.png\",\"caption\":\"Telinha\"},\"sameAs\":[\"https:\/\/portaltela.pt\/\"],\"url\":\"https:\/\/portaltela.pt\/por\/367410592786\/\"}]}<\/script>\n<!-- \/ Yoast SEO plugin. -->","yoast_head_json":{"title":"Reforma trabalhista: patr\u00f5es e sindicatos submetem proposta final - Portal Tela Portugal","robots":{"index":"index","follow":"follow","max-snippet":"max-snippet:-1","max-image-preview":"max-image-preview:large","max-video-preview":"max-video-preview:-1"},"og_locale":"pt_PT","og_type":"article","og_title":"Reforma trabalhista: patr\u00f5es e sindicatos submetem proposta final - Portal Tela Portugal","og_description":"Governo apresenta aos parceiros sociais a proposta final da reforma laboral; 53.\u00aa reuni\u00e3o terminou sem declara\u00e7\u00f5es p\u00fablicas, cabendo \u00e0 ministra a leitura de que patr\u00f5es e sindicatos entregar\u00e3o a proposta aos seus \u00f3rg\u00e3os para a \u00faltima palavra. A ministra Ros\u00e1rio Palma Ramalho afirmou que a proposta est\u00e1 numa fase de constru\u00e7\u00e3o acordada entre as partes e que cada estrutura deve consultar os seus \u00f3rg\u00e3os e associados, sem confirmar altera\u00e7\u00f5es bruscas ao que j\u00e1 estava em cima da mesa. Est\u00e1 prevista uma reuni\u00e3o plen\u00e1ria da Comiss\u00e3o Permanente da Concerta\u00e7\u00e3o Social em breve; a Uni\u00e3o Geral dos Trabalhadores tem reuni\u00e3o interna marcada para quinta-feira. O Governo recuou em alguns pontos do pacote laboral, mantendo diferen\u00e7as com a UGT em \u00e1reas como f\u00e9rias, contratos a termo, banco de horas e eventual jornada cont\u00ednua dependente de negocia\u00e7\u00e3o coletiva ou acordo do empregador. Entre as propostas, o Governo mant\u00e9m a proibi\u00e7\u00e3o de outsourcing apenas nos seis meses ap\u00f3s um despedimento; desapareceu a refer\u00eancia aos 25 dias de f\u00e9rias e continua em debate a altera\u00e7\u00e3o ao artigo 238.\u00ba do C\u00f3digo do Trabalho, que previa somar aos 22 dias mais tr\u00eas dias conforme faltas.","og_url":"https:\/\/portaltela.pt\/noticias\/2026\/04\/06\/reforma-trabalhista-patroes-e-sindicatos-submetem-proposta-final\/","og_site_name":"Portal Tela Portugal","article_published_time":"2026-04-06T20:18:01+00:00","author":"Telinha","twitter_card":"summary_large_image","twitter_misc":{"Escrito por":"Telinha","Tempo estimado de leitura":"2 minutos"},"schema":{"@context":"https:\/\/schema.org","@graph":[{"@type":"Article","@id":"https:\/\/portaltela.pt\/noticias\/2026\/04\/06\/reforma-trabalhista-patroes-e-sindicatos-submetem-proposta-final\/#article","isPartOf":{"@id":"https:\/\/portaltela.pt\/noticias\/2026\/04\/06\/reforma-trabalhista-patroes-e-sindicatos-submetem-proposta-final\/"},"author":{"name":"Telinha","@id":"https:\/\/portaltela.pt\/#\/schema\/person\/c4278d4a6028830caff9ee44b42d32ed"},"headline":"Reforma trabalhista: patr\u00f5es e sindicatos submetem proposta final","datePublished":"2026-04-06T20:18:01+00:00","mainEntityOfPage":{"@id":"https:\/\/portaltela.pt\/noticias\/2026\/04\/06\/reforma-trabalhista-patroes-e-sindicatos-submetem-proposta-final\/"},"wordCount":327,"image":{"@id":"https:\/\/portaltela.pt\/noticias\/2026\/04\/06\/reforma-trabalhista-patroes-e-sindicatos-submetem-proposta-final\/#primaryimage"},"thumbnailUrl":"https:\/\/portaltela.pt\/s.01k8rhncp4jt1\/2026\/04\/2079602.jpg","keywords":["direito","direitos sociais","emprego","governo","sindicatos","trabalho"],"articleSection":["Economia","Sociedade"],"inLanguage":"pt-PT"},{"@type":"WebPage","@id":"https:\/\/portaltela.pt\/noticias\/2026\/04\/06\/reforma-trabalhista-patroes-e-sindicatos-submetem-proposta-final\/","url":"https:\/\/portaltela.pt\/noticias\/2026\/04\/06\/reforma-trabalhista-patroes-e-sindicatos-submetem-proposta-final\/","name":"Reforma trabalhista: patr\u00f5es e sindicatos submetem proposta final - Portal Tela Portugal","isPartOf":{"@id":"https:\/\/portaltela.pt\/#website"},"primaryImageOfPage":{"@id":"https:\/\/portaltela.pt\/noticias\/2026\/04\/06\/reforma-trabalhista-patroes-e-sindicatos-submetem-proposta-final\/#primaryimage"},"image":{"@id":"https:\/\/portaltela.pt\/noticias\/2026\/04\/06\/reforma-trabalhista-patroes-e-sindicatos-submetem-proposta-final\/#primaryimage"},"thumbnailUrl":"https:\/\/portaltela.pt\/s.01k8rhncp4jt1\/2026\/04\/2079602.jpg","datePublished":"2026-04-06T20:18:01+00:00","author":{"@id":"https:\/\/portaltela.pt\/#\/schema\/person\/c4278d4a6028830caff9ee44b42d32ed"},"breadcrumb":{"@id":"https:\/\/portaltela.pt\/noticias\/2026\/04\/06\/reforma-trabalhista-patroes-e-sindicatos-submetem-proposta-final\/#breadcrumb"},"inLanguage":"pt-PT","potentialAction":[{"@type":"ReadAction","target":["https:\/\/portaltela.pt\/noticias\/2026\/04\/06\/reforma-trabalhista-patroes-e-sindicatos-submetem-proposta-final\/"]}]},{"@type":"ImageObject","inLanguage":"pt-PT","@id":"https:\/\/portaltela.pt\/noticias\/2026\/04\/06\/reforma-trabalhista-patroes-e-sindicatos-submetem-proposta-final\/#primaryimage","url":"https:\/\/portaltela.pt\/s.01k8rhncp4jt1\/2026\/04\/2079602.jpg","contentUrl":"https:\/\/portaltela.pt\/s.01k8rhncp4jt1\/2026\/04\/2079602.jpg","width":796,"height":448,"caption":"A ministra do Trabalho, Ros\u00e1rio Palma Ramalho, deixou subentendido que n\u00e3o haver\u00e1 mais reuni\u00f5es para negocia\u00e7\u00e3o da reforma do C\u00f3digo do Trabalho"},{"@type":"BreadcrumbList","@id":"https:\/\/portaltela.pt\/noticias\/2026\/04\/06\/reforma-trabalhista-patroes-e-sindicatos-submetem-proposta-final\/#breadcrumb","itemListElement":[{"@type":"ListItem","position":1,"name":"In\u00edcio","item":"https:\/\/portaltela.pt\/"},{"@type":"ListItem","position":2,"name":"Reforma trabalhista: patr\u00f5es e sindicatos submetem proposta final"}]},{"@type":"WebSite","@id":"https:\/\/portaltela.pt\/#website","url":"https:\/\/portaltela.pt\/","name":"Portal Tela Portugal","description":"","potentialAction":[{"@type":"SearchAction","target":{"@type":"EntryPoint","urlTemplate":"https:\/\/portaltela.pt\/?s={search_term_string}"},"query-input":{"@type":"PropertyValueSpecification","valueRequired":true,"valueName":"search_term_string"}}],"inLanguage":"pt-PT"},{"@type":"Person","@id":"https:\/\/portaltela.pt\/#\/schema\/person\/c4278d4a6028830caff9ee44b42d32ed","name":"Telinha","image":{"@type":"ImageObject","inLanguage":"pt-PT","@id":"https:\/\/portaltela.pt\/s.01k8rhncp4jt1\/2025\/11\/talking-bot-125x125.png","url":"https:\/\/portaltela.pt\/s.01k8rhncp4jt1\/2025\/11\/talking-bot-125x125.png","contentUrl":"https:\/\/portaltela.pt\/s.01k8rhncp4jt1\/2025\/11\/talking-bot-125x125.png","caption":"Telinha"},"sameAs":["https:\/\/portaltela.pt\/"],"url":"https:\/\/portaltela.pt\/por\/367410592786\/"}]}},"_links":{"self":[{"href":"https:\/\/portaltela.pt\/api\/wp\/v2\/posts\/434682","targetHints":{"allow":["GET"]}}],"collection":[{"href":"https:\/\/portaltela.pt\/api\/wp\/v2\/posts"}],"about":[{"href":"https:\/\/portaltela.pt\/api\/wp\/v2\/types\/post"}],"author":[{"embeddable":true,"href":"https:\/\/portaltela.pt\/api\/wp\/v2\/users\/2"}],"replies":[{"embeddable":true,"href":"https:\/\/portaltela.pt\/api\/wp\/v2\/comments?post=434682"}],"version-history":[{"count":0,"href":"https:\/\/portaltela.pt\/api\/wp\/v2\/posts\/434682\/revisions"}],"wp:featuredmedia":[{"embeddable":true,"href":"https:\/\/portaltela.pt\/api\/wp\/v2\/media\/434683"}],"wp:attachment":[{"href":"https:\/\/portaltela.pt\/api\/wp\/v2\/media?parent=434682"}],"wp:term":[{"taxonomy":"category","embeddable":true,"href":"https:\/\/portaltela.pt\/api\/wp\/v2\/categories?post=434682"},{"taxonomy":"post_tag","embeddable":true,"href":"https:\/\/portaltela.pt\/api\/wp\/v2\/tags?post=434682"}],"curies":[{"name":"wp","href":"https:\/\/api.w.org\/{rel}","templated":true}]}}