{"id":434660,"date":"2026-04-06T17:02:16","date_gmt":"2026-04-06T20:02:16","guid":{"rendered":"https:\/\/portaltela.pt\/noticias\/2026\/04\/06\/fogo-de-artificio-antes-de-casa-pia-benfica-danificou-o-estadio-de-rio-maior\/"},"modified":"2026-04-06T17:02:16","modified_gmt":"2026-04-06T20:02:16","slug":"fogo-de-artificio-antes-de-casa-pia-benfica-danificou-o-estadio-de-rio-maior","status":"publish","type":"post","link":"https:\/\/portaltela.pt\/desporto\/futebol\/2026\/04\/06\/fogo-de-artificio-antes-de-casa-pia-benfica-danificou-o-estadio-de-rio-maior\/","title":{"rendered":"Fogo de artif\u00edcio antes de Casa Pia-Benfica danificou o Est\u00e1dio de Rio Maior"},"content":{"rendered":"<p>Instantes antes do apito inicial do jogo Casa Pia-Benfica, uma chuva de fogo de artif\u00edcio inundou o Est\u00e1dio de Rio Maior, deixando o recinto praticamente coberto por fumo.<\/p>\n<p>O incidente ocorreu no momento de entrada das equipas, antes do in\u00edcio da partida, segundo relatos de testemunhas presentes no est\u00e1dio.<\/p>\n<p>A cobertura de fumo resultante do lan\u00e7amento de objetos pirot\u00e9cnicos dificultou a vis\u00e3o em partes do relvado e das bancadas, sem confirma\u00e7\u00e3o imediata de feridos.<\/p>\n<p>N\u00e3o foram divulgados detalhes oficiais sobre respons\u00e1veis ou medidas tomadas pela organiza\u00e7\u00e3o do evento, nem sobre eventuais atrasos na partida.<\/p>\n","protected":false},"excerpt":{"rendered":"<ul>\n<li>Instantes antes do apito inicial do Casa Pia-Benfica, ocorreu uma chuva de fogo de artif\u00edcio.<\/li>\n<li>O lan\u00e7amento de pirot\u00e9cnicos deixou o Est\u00e1dio de Rio Maior com fumo dominante no recinto.<\/li>\n<li>O epis\u00f3dio aconteceu no est\u00e1dio que recebeu a partida.<\/li>\n<li>A situa\u00e7\u00e3o ocorreu antes do in\u00edcio do jogo.<\/li>\n<\/ul>\n","protected":false},"author":2,"featured_media":434661,"comment_status":"closed","ping_status":"closed","sticky":false,"template":"","format":"standard","meta":{"footnotes":""},"categories":[21,24],"tags":[1946,5176,152,1959,32],"class_list":["post-434660","post","type-post","status-publish","format-standard","has-post-thumbnail","hentry","category-desporto","category-futebol","tag-benfica","tag-casa-pia","tag-desporto","tag-fogo-de-artificio","tag-futebol"],"yoast_head":"<!-- This site is optimized with the Yoast SEO plugin v27.2 - https:\/\/yoast.com\/product\/yoast-seo-wordpress\/ -->\n<title>Fogo de artif\u00edcio antes de Casa Pia-Benfica danificou o Est\u00e1dio de Rio Maior - Portal Tela Portugal<\/title>\n<meta name=\"robots\" content=\"index, follow, max-snippet:-1, max-image-preview:large, max-video-preview:-1\" \/>\n<meta property=\"og:locale\" content=\"pt_PT\" \/>\n<meta property=\"og:type\" content=\"article\" \/>\n<meta property=\"og:title\" content=\"Fogo de artif\u00edcio antes de Casa Pia-Benfica danificou o Est\u00e1dio de Rio Maior - Portal Tela Portugal\" \/>\n<meta property=\"og:description\" content=\"Instantes antes do apito inicial do Casa Pia-Benfica, ocorreu uma chuva de fogo de artif\u00edcio. O lan\u00e7amento de pirot\u00e9cnicos deixou o Est\u00e1dio de Rio Maior com fumo dominante no recinto. O epis\u00f3dio aconteceu no est\u00e1dio que recebeu a partida. A situa\u00e7\u00e3o ocorreu antes do in\u00edcio do jogo.\" \/>\n<meta property=\"og:url\" content=\"https:\/\/portaltela.pt\/noticias\/2026\/04\/06\/fogo-de-artificio-antes-de-casa-pia-benfica-danificou-o-estadio-de-rio-maior\/\" \/>\n<meta property=\"og:site_name\" content=\"Portal Tela Portugal\" \/>\n<meta property=\"article:published_time\" content=\"2026-04-06T20:02:16+00:00\" \/>\n<meta name=\"author\" content=\"Telinha\" \/>\n<meta name=\"twitter:card\" content=\"summary_large_image\" \/>\n<meta name=\"twitter:label1\" content=\"Escrito por\" \/>\n\t<meta name=\"twitter:data1\" content=\"Telinha\" \/>\n\t<meta name=\"twitter:label2\" content=\"Tempo estimado de leitura\" \/>\n\t<meta name=\"twitter:data2\" content=\"1 minuto\" \/>\n<script type=\"application\/ld+json\" class=\"yoast-schema-graph\">{\"@context\":\"https:\/\/schema.org\",\"@graph\":[{\"@type\":\"Article\",\"@id\":\"https:\/\/portaltela.pt\/noticias\/2026\/04\/06\/fogo-de-artificio-antes-de-casa-pia-benfica-danificou-o-estadio-de-rio-maior\/#article\",\"isPartOf\":{\"@id\":\"https:\/\/portaltela.pt\/noticias\/2026\/04\/06\/fogo-de-artificio-antes-de-casa-pia-benfica-danificou-o-estadio-de-rio-maior\/\"},\"author\":{\"name\":\"Telinha\",\"@id\":\"https:\/\/portaltela.pt\/#\/schema\/person\/c4278d4a6028830caff9ee44b42d32ed\"},\"headline\":\"Fogo de artif\u00edcio antes de Casa Pia-Benfica danificou o Est\u00e1dio de Rio Maior\",\"datePublished\":\"2026-04-06T20:02:16+00:00\",\"mainEntityOfPage\":{\"@id\":\"https:\/\/portaltela.pt\/noticias\/2026\/04\/06\/fogo-de-artificio-antes-de-casa-pia-benfica-danificou-o-estadio-de-rio-maior\/\"},\"wordCount\":120,\"image\":{\"@id\":\"https:\/\/portaltela.pt\/noticias\/2026\/04\/06\/fogo-de-artificio-antes-de-casa-pia-benfica-danificou-o-estadio-de-rio-maior\/#primaryimage\"},\"thumbnailUrl\":\"https:\/\/portaltela.pt\/s.01k8rhncp4jt1\/2026\/04\/img_1200x721uu2026-04-06-20-54-41-2431467.jpg\",\"keywords\":[\"Benfica\",\"Casa Pia\",\"desporto\",\"fogo de artif\u00edcio\",\"futebol\"],\"articleSection\":[\"Desporto\",\"Futebol\"],\"inLanguage\":\"pt-PT\"},{\"@type\":\"WebPage\",\"@id\":\"https:\/\/portaltela.pt\/noticias\/2026\/04\/06\/fogo-de-artificio-antes-de-casa-pia-benfica-danificou-o-estadio-de-rio-maior\/\",\"url\":\"https:\/\/portaltela.pt\/noticias\/2026\/04\/06\/fogo-de-artificio-antes-de-casa-pia-benfica-danificou-o-estadio-de-rio-maior\/\",\"name\":\"Fogo de artif\u00edcio antes de Casa Pia-Benfica danificou o Est\u00e1dio de Rio Maior - Portal Tela Portugal\",\"isPartOf\":{\"@id\":\"https:\/\/portaltela.pt\/#website\"},\"primaryImageOfPage\":{\"@id\":\"https:\/\/portaltela.pt\/noticias\/2026\/04\/06\/fogo-de-artificio-antes-de-casa-pia-benfica-danificou-o-estadio-de-rio-maior\/#primaryimage\"},\"image\":{\"@id\":\"https:\/\/portaltela.pt\/noticias\/2026\/04\/06\/fogo-de-artificio-antes-de-casa-pia-benfica-danificou-o-estadio-de-rio-maior\/#primaryimage\"},\"thumbnailUrl\":\"https:\/\/portaltela.pt\/s.01k8rhncp4jt1\/2026\/04\/img_1200x721uu2026-04-06-20-54-41-2431467.jpg\",\"datePublished\":\"2026-04-06T20:02:16+00:00\",\"author\":{\"@id\":\"https:\/\/portaltela.pt\/#\/schema\/person\/c4278d4a6028830caff9ee44b42d32ed\"},\"breadcrumb\":{\"@id\":\"https:\/\/portaltela.pt\/noticias\/2026\/04\/06\/fogo-de-artificio-antes-de-casa-pia-benfica-danificou-o-estadio-de-rio-maior\/#breadcrumb\"},\"inLanguage\":\"pt-PT\",\"potentialAction\":[{\"@type\":\"ReadAction\",\"target\":[\"https:\/\/portaltela.pt\/noticias\/2026\/04\/06\/fogo-de-artificio-antes-de-casa-pia-benfica-danificou-o-estadio-de-rio-maior\/\"]}]},{\"@type\":\"ImageObject\",\"inLanguage\":\"pt-PT\",\"@id\":\"https:\/\/portaltela.pt\/noticias\/2026\/04\/06\/fogo-de-artificio-antes-de-casa-pia-benfica-danificou-o-estadio-de-rio-maior\/#primaryimage\",\"url\":\"https:\/\/portaltela.pt\/s.01k8rhncp4jt1\/2026\/04\/img_1200x721uu2026-04-06-20-54-41-2431467.jpg\",\"contentUrl\":\"https:\/\/portaltela.pt\/s.01k8rhncp4jt1\/2026\/04\/img_1200x721uu2026-04-06-20-54-41-2431467.jpg\",\"width\":796,\"height\":448,\"caption\":\"Fogo de artif\u00edcio antes do Casa Pia-Benfica deixou Est\u00e1dio de Rio Maior neste estado\"},{\"@type\":\"BreadcrumbList\",\"@id\":\"https:\/\/portaltela.pt\/noticias\/2026\/04\/06\/fogo-de-artificio-antes-de-casa-pia-benfica-danificou-o-estadio-de-rio-maior\/#breadcrumb\",\"itemListElement\":[{\"@type\":\"ListItem\",\"position\":1,\"name\":\"In\u00edcio\",\"item\":\"https:\/\/portaltela.pt\/\"},{\"@type\":\"ListItem\",\"position\":2,\"name\":\"Fogo de artif\u00edcio antes de Casa Pia-Benfica danificou o Est\u00e1dio de Rio Maior\"}]},{\"@type\":\"WebSite\",\"@id\":\"https:\/\/portaltela.pt\/#website\",\"url\":\"https:\/\/portaltela.pt\/\",\"name\":\"Portal Tela Portugal\",\"description\":\"\",\"potentialAction\":[{\"@type\":\"SearchAction\",\"target\":{\"@type\":\"EntryPoint\",\"urlTemplate\":\"https:\/\/portaltela.pt\/?s={search_term_string}\"},\"query-input\":{\"@type\":\"PropertyValueSpecification\",\"valueRequired\":true,\"valueName\":\"search_term_string\"}}],\"inLanguage\":\"pt-PT\"},{\"@type\":\"Person\",\"@id\":\"https:\/\/portaltela.pt\/#\/schema\/person\/c4278d4a6028830caff9ee44b42d32ed\",\"name\":\"Telinha\",\"image\":{\"@type\":\"ImageObject\",\"inLanguage\":\"pt-PT\",\"@id\":\"https:\/\/portaltela.pt\/s.01k8rhncp4jt1\/2025\/11\/talking-bot-125x125.png\",\"url\":\"https:\/\/portaltela.pt\/s.01k8rhncp4jt1\/2025\/11\/talking-bot-125x125.png\",\"contentUrl\":\"https:\/\/portaltela.pt\/s.01k8rhncp4jt1\/2025\/11\/talking-bot-125x125.png\",\"caption\":\"Telinha\"},\"sameAs\":[\"https:\/\/portaltela.pt\/\"],\"url\":\"https:\/\/portaltela.pt\/por\/367410592786\/\"}]}<\/script>\n<!-- \/ Yoast SEO plugin. -->","yoast_head_json":{"title":"Fogo de artif\u00edcio antes de Casa Pia-Benfica danificou o Est\u00e1dio de Rio Maior - Portal Tela Portugal","robots":{"index":"index","follow":"follow","max-snippet":"max-snippet:-1","max-image-preview":"max-image-preview:large","max-video-preview":"max-video-preview:-1"},"og_locale":"pt_PT","og_type":"article","og_title":"Fogo de artif\u00edcio antes de Casa Pia-Benfica danificou o Est\u00e1dio de Rio Maior - Portal Tela Portugal","og_description":"Instantes antes do apito inicial do Casa Pia-Benfica, ocorreu uma chuva de fogo de artif\u00edcio. O lan\u00e7amento de pirot\u00e9cnicos deixou o Est\u00e1dio de Rio Maior com fumo dominante no recinto. O epis\u00f3dio aconteceu no est\u00e1dio que recebeu a partida. A situa\u00e7\u00e3o ocorreu antes do in\u00edcio do jogo.","og_url":"https:\/\/portaltela.pt\/noticias\/2026\/04\/06\/fogo-de-artificio-antes-de-casa-pia-benfica-danificou-o-estadio-de-rio-maior\/","og_site_name":"Portal Tela Portugal","article_published_time":"2026-04-06T20:02:16+00:00","author":"Telinha","twitter_card":"summary_large_image","twitter_misc":{"Escrito por":"Telinha","Tempo estimado de leitura":"1 minuto"},"schema":{"@context":"https:\/\/schema.org","@graph":[{"@type":"Article","@id":"https:\/\/portaltela.pt\/noticias\/2026\/04\/06\/fogo-de-artificio-antes-de-casa-pia-benfica-danificou-o-estadio-de-rio-maior\/#article","isPartOf":{"@id":"https:\/\/portaltela.pt\/noticias\/2026\/04\/06\/fogo-de-artificio-antes-de-casa-pia-benfica-danificou-o-estadio-de-rio-maior\/"},"author":{"name":"Telinha","@id":"https:\/\/portaltela.pt\/#\/schema\/person\/c4278d4a6028830caff9ee44b42d32ed"},"headline":"Fogo de artif\u00edcio antes de Casa Pia-Benfica danificou o Est\u00e1dio de Rio Maior","datePublished":"2026-04-06T20:02:16+00:00","mainEntityOfPage":{"@id":"https:\/\/portaltela.pt\/noticias\/2026\/04\/06\/fogo-de-artificio-antes-de-casa-pia-benfica-danificou-o-estadio-de-rio-maior\/"},"wordCount":120,"image":{"@id":"https:\/\/portaltela.pt\/noticias\/2026\/04\/06\/fogo-de-artificio-antes-de-casa-pia-benfica-danificou-o-estadio-de-rio-maior\/#primaryimage"},"thumbnailUrl":"https:\/\/portaltela.pt\/s.01k8rhncp4jt1\/2026\/04\/img_1200x721uu2026-04-06-20-54-41-2431467.jpg","keywords":["Benfica","Casa Pia","desporto","fogo de artif\u00edcio","futebol"],"articleSection":["Desporto","Futebol"],"inLanguage":"pt-PT"},{"@type":"WebPage","@id":"https:\/\/portaltela.pt\/noticias\/2026\/04\/06\/fogo-de-artificio-antes-de-casa-pia-benfica-danificou-o-estadio-de-rio-maior\/","url":"https:\/\/portaltela.pt\/noticias\/2026\/04\/06\/fogo-de-artificio-antes-de-casa-pia-benfica-danificou-o-estadio-de-rio-maior\/","name":"Fogo de artif\u00edcio antes de Casa Pia-Benfica danificou o Est\u00e1dio de Rio Maior - Portal Tela Portugal","isPartOf":{"@id":"https:\/\/portaltela.pt\/#website"},"primaryImageOfPage":{"@id":"https:\/\/portaltela.pt\/noticias\/2026\/04\/06\/fogo-de-artificio-antes-de-casa-pia-benfica-danificou-o-estadio-de-rio-maior\/#primaryimage"},"image":{"@id":"https:\/\/portaltela.pt\/noticias\/2026\/04\/06\/fogo-de-artificio-antes-de-casa-pia-benfica-danificou-o-estadio-de-rio-maior\/#primaryimage"},"thumbnailUrl":"https:\/\/portaltela.pt\/s.01k8rhncp4jt1\/2026\/04\/img_1200x721uu2026-04-06-20-54-41-2431467.jpg","datePublished":"2026-04-06T20:02:16+00:00","author":{"@id":"https:\/\/portaltela.pt\/#\/schema\/person\/c4278d4a6028830caff9ee44b42d32ed"},"breadcrumb":{"@id":"https:\/\/portaltela.pt\/noticias\/2026\/04\/06\/fogo-de-artificio-antes-de-casa-pia-benfica-danificou-o-estadio-de-rio-maior\/#breadcrumb"},"inLanguage":"pt-PT","potentialAction":[{"@type":"ReadAction","target":["https:\/\/portaltela.pt\/noticias\/2026\/04\/06\/fogo-de-artificio-antes-de-casa-pia-benfica-danificou-o-estadio-de-rio-maior\/"]}]},{"@type":"ImageObject","inLanguage":"pt-PT","@id":"https:\/\/portaltela.pt\/noticias\/2026\/04\/06\/fogo-de-artificio-antes-de-casa-pia-benfica-danificou-o-estadio-de-rio-maior\/#primaryimage","url":"https:\/\/portaltela.pt\/s.01k8rhncp4jt1\/2026\/04\/img_1200x721uu2026-04-06-20-54-41-2431467.jpg","contentUrl":"https:\/\/portaltela.pt\/s.01k8rhncp4jt1\/2026\/04\/img_1200x721uu2026-04-06-20-54-41-2431467.jpg","width":796,"height":448,"caption":"Fogo de artif\u00edcio antes do Casa Pia-Benfica deixou Est\u00e1dio de Rio Maior neste estado"},{"@type":"BreadcrumbList","@id":"https:\/\/portaltela.pt\/noticias\/2026\/04\/06\/fogo-de-artificio-antes-de-casa-pia-benfica-danificou-o-estadio-de-rio-maior\/#breadcrumb","itemListElement":[{"@type":"ListItem","position":1,"name":"In\u00edcio","item":"https:\/\/portaltela.pt\/"},{"@type":"ListItem","position":2,"name":"Fogo de artif\u00edcio antes de Casa Pia-Benfica danificou o Est\u00e1dio de Rio Maior"}]},{"@type":"WebSite","@id":"https:\/\/portaltela.pt\/#website","url":"https:\/\/portaltela.pt\/","name":"Portal Tela Portugal","description":"","potentialAction":[{"@type":"SearchAction","target":{"@type":"EntryPoint","urlTemplate":"https:\/\/portaltela.pt\/?s={search_term_string}"},"query-input":{"@type":"PropertyValueSpecification","valueRequired":true,"valueName":"search_term_string"}}],"inLanguage":"pt-PT"},{"@type":"Person","@id":"https:\/\/portaltela.pt\/#\/schema\/person\/c4278d4a6028830caff9ee44b42d32ed","name":"Telinha","image":{"@type":"ImageObject","inLanguage":"pt-PT","@id":"https:\/\/portaltela.pt\/s.01k8rhncp4jt1\/2025\/11\/talking-bot-125x125.png","url":"https:\/\/portaltela.pt\/s.01k8rhncp4jt1\/2025\/11\/talking-bot-125x125.png","contentUrl":"https:\/\/portaltela.pt\/s.01k8rhncp4jt1\/2025\/11\/talking-bot-125x125.png","caption":"Telinha"},"sameAs":["https:\/\/portaltela.pt\/"],"url":"https:\/\/portaltela.pt\/por\/367410592786\/"}]}},"_links":{"self":[{"href":"https:\/\/portaltela.pt\/api\/wp\/v2\/posts\/434660","targetHints":{"allow":["GET"]}}],"collection":[{"href":"https:\/\/portaltela.pt\/api\/wp\/v2\/posts"}],"about":[{"href":"https:\/\/portaltela.pt\/api\/wp\/v2\/types\/post"}],"author":[{"embeddable":true,"href":"https:\/\/portaltela.pt\/api\/wp\/v2\/users\/2"}],"replies":[{"embeddable":true,"href":"https:\/\/portaltela.pt\/api\/wp\/v2\/comments?post=434660"}],"version-history":[{"count":0,"href":"https:\/\/portaltela.pt\/api\/wp\/v2\/posts\/434660\/revisions"}],"wp:featuredmedia":[{"embeddable":true,"href":"https:\/\/portaltela.pt\/api\/wp\/v2\/media\/434661"}],"wp:attachment":[{"href":"https:\/\/portaltela.pt\/api\/wp\/v2\/media?parent=434660"}],"wp:term":[{"taxonomy":"category","embeddable":true,"href":"https:\/\/portaltela.pt\/api\/wp\/v2\/categories?post=434660"},{"taxonomy":"post_tag","embeddable":true,"href":"https:\/\/portaltela.pt\/api\/wp\/v2\/tags?post=434660"}],"curies":[{"name":"wp","href":"https:\/\/api.w.org\/{rel}","templated":true}]}}