{"id":434638,"date":"2026-04-06T16:32:11","date_gmt":"2026-04-06T19:32:11","guid":{"rendered":"https:\/\/portaltela.pt\/noticias\/2026\/04\/06\/antigo-asilo-de-mendicidade-do-porto-em-abandono-venda-termina-na-justica\/"},"modified":"2026-04-06T16:32:11","modified_gmt":"2026-04-06T19:32:11","slug":"antigo-asilo-de-mendicidade-do-porto-em-abandono-venda-termina-na-justica","status":"publish","type":"post","link":"https:\/\/portaltela.pt\/sociedade\/2026\/04\/06\/antigo-asilo-de-mendicidade-do-porto-em-abandono-venda-termina-na-justica\/","title":{"rendered":"Antigo Asilo de Mendicidade do Porto em abandono; venda termina na justi\u00e7a"},"content":{"rendered":"<p>O antigo Asilo de Mendicidade do Porto encontra-se ao abandono, com o processo de venda do edif\u00edcio encerrado na justi\u00e7a. Localizado na cidade do Porto, a situa\u00e7\u00e3o tem levantado preocupa\u00e7\u00f5es entre moradores e comerciantes das Fontainhas.<\/p>\n<p>Os residentes denunciam degrada\u00e7\u00e3o acentuada, com janelas e portas danificadas e sinais de vandalismo. Relatam sensa\u00e7\u00e3o de inseguran\u00e7a na \u00e1rea, que j\u00e1 atrai visita de v\u00e2ndalos e aumenta o risco para quem transita na zona.<\/p>\n<p>A venda do im\u00f3vel foi autorizada ap\u00f3s um processo judicial que visou a regulariza\u00e7\u00e3o da propriedade e a aliena\u00e7\u00e3o. A tutela enfatiza que o objetivo \u00e9 recuperar o edif\u00edcio e integr\u00e1-lo na cidade, preservando o patrim\u00f3nio e contribuindo para a revitaliza\u00e7\u00e3o.<\/p>\n<h3>Estado do edif\u00edcio<\/h3>\n<p>A comunidade local aguarda a conclus\u00e3o r\u00e1pida do processo de aliena\u00e7\u00e3o para permitir a recupera\u00e7\u00e3o do antigo edif\u00edcio. O objetivo \u00e9 devolv\u00ea-lo \u00e0 cidade, associando preserva\u00e7\u00e3o hist\u00f3rica a melhorias na envolvente.<\/p>\n<h3>Perspectivas para a \u00e1rea<\/h3>\n<p>A expectativa \u00e9 que a reabilita\u00e7\u00e3o sirva de impulso para a revitaliza\u00e7\u00e3o da zona, beneficiando moradores e comerciantes. O dossier indica a import\u00e2ncia hist\u00f3rica e social do edif\u00edcio para o Porto e a necessidade de prote\u00e7\u00e3o patrimonial.<\/p>\n","protected":false},"excerpt":{"rendered":"<ul>\n<li>O antigo Asilo de Mendicidade do Porto, na cidade do Porto, encontra-se ao abandono e o processo de venda foi encerrado na justi\u00e7a.<\/li>\n<li>Moradores das Fontainhas lamentam a degrada\u00e7\u00e3o do edif\u00edcio e referem sentir-se inseguros devido ao seu estado.<\/li>\n<li>O Minist\u00e9rio do Trabalho, Solidariedade e Seguran\u00e7a Social informou que o processo de aliena\u00e7\u00e3o est\u00e1 em curso, visando a venda e poss\u00edvel reabilita\u00e7\u00e3o.<\/li>\n<li>O edif\u00edcio apresenta degrada\u00e7\u00e3o avan\u00e7ada, com janelas e portas danificadas e sinais de vandalismo, tendo valor hist\u00f3rico e social para a comunidade.<\/li>\n<li>A venda foi autorizada ap\u00f3s um processo judicial de regulariza\u00e7\u00e3o da propriedade; a inten\u00e7\u00e3o \u00e9 recuperar o edif\u00edcio e integrar na cidade, contribuindo para a revitaliza\u00e7\u00e3o da \u00e1rea.<\/li>\n<\/ul>\n","protected":false},"author":2,"featured_media":434639,"comment_status":"closed","ping_status":"closed","sticky":false,"template":"","format":"standard","meta":{"footnotes":""},"categories":[6725,6871],"tags":[145,299,814,1175,982,2643],"class_list":["post-434638","post","type-post","status-publish","format-standard","has-post-thumbnail","hentry","category-meio-ambiente","category-sociedade","tag-cultura","tag-historia","tag-patrimonio","tag-patrimonio-cultural","tag-porto","tag-reabilitacao-urbana"],"yoast_head":"<!-- This site is optimized with the Yoast SEO plugin v27.2 - https:\/\/yoast.com\/product\/yoast-seo-wordpress\/ -->\n<title>Antigo Asilo de Mendicidade do Porto em abandono; venda termina na justi\u00e7a - Portal Tela Portugal<\/title>\n<meta name=\"robots\" content=\"index, follow, max-snippet:-1, max-image-preview:large, max-video-preview:-1\" \/>\n<meta property=\"og:locale\" content=\"pt_PT\" \/>\n<meta property=\"og:type\" content=\"article\" \/>\n<meta property=\"og:title\" content=\"Antigo Asilo de Mendicidade do Porto em abandono; venda termina na justi\u00e7a - Portal Tela Portugal\" \/>\n<meta property=\"og:description\" content=\"O antigo Asilo de Mendicidade do Porto, na cidade do Porto, encontra-se ao abandono e o processo de venda foi encerrado na justi\u00e7a. Moradores das Fontainhas lamentam a degrada\u00e7\u00e3o do edif\u00edcio e referem sentir-se inseguros devido ao seu estado. O Minist\u00e9rio do Trabalho, Solidariedade e Seguran\u00e7a Social informou que o processo de aliena\u00e7\u00e3o est\u00e1 em curso, visando a venda e poss\u00edvel reabilita\u00e7\u00e3o. O edif\u00edcio apresenta degrada\u00e7\u00e3o avan\u00e7ada, com janelas e portas danificadas e sinais de vandalismo, tendo valor hist\u00f3rico e social para a comunidade. A venda foi autorizada ap\u00f3s um processo judicial de regulariza\u00e7\u00e3o da propriedade; a inten\u00e7\u00e3o \u00e9 recuperar o edif\u00edcio e integrar na cidade, contribuindo para a revitaliza\u00e7\u00e3o da \u00e1rea.\" \/>\n<meta property=\"og:url\" content=\"https:\/\/portaltela.pt\/noticias\/2026\/04\/06\/antigo-asilo-de-mendicidade-do-porto-em-abandono-venda-termina-na-justica\/\" \/>\n<meta property=\"og:site_name\" content=\"Portal Tela Portugal\" \/>\n<meta property=\"article:published_time\" content=\"2026-04-06T19:32:11+00:00\" \/>\n<meta name=\"author\" content=\"Telinha\" \/>\n<meta name=\"twitter:card\" content=\"summary_large_image\" \/>\n<meta name=\"twitter:label1\" content=\"Escrito por\" \/>\n\t<meta name=\"twitter:data1\" content=\"Telinha\" \/>\n\t<meta name=\"twitter:label2\" content=\"Tempo estimado de leitura\" \/>\n\t<meta name=\"twitter:data2\" content=\"1 minuto\" \/>\n<script type=\"application\/ld+json\" class=\"yoast-schema-graph\">{\"@context\":\"https:\/\/schema.org\",\"@graph\":[{\"@type\":\"Article\",\"@id\":\"https:\/\/portaltela.pt\/noticias\/2026\/04\/06\/antigo-asilo-de-mendicidade-do-porto-em-abandono-venda-termina-na-justica\/#article\",\"isPartOf\":{\"@id\":\"https:\/\/portaltela.pt\/noticias\/2026\/04\/06\/antigo-asilo-de-mendicidade-do-porto-em-abandono-venda-termina-na-justica\/\"},\"author\":{\"name\":\"Telinha\",\"@id\":\"https:\/\/portaltela.pt\/#\/schema\/person\/c4278d4a6028830caff9ee44b42d32ed\"},\"headline\":\"Antigo Asilo de Mendicidade do Porto em abandono; venda termina na justi\u00e7a\",\"datePublished\":\"2026-04-06T19:32:11+00:00\",\"mainEntityOfPage\":{\"@id\":\"https:\/\/portaltela.pt\/noticias\/2026\/04\/06\/antigo-asilo-de-mendicidade-do-porto-em-abandono-venda-termina-na-justica\/\"},\"wordCount\":227,\"image\":{\"@id\":\"https:\/\/portaltela.pt\/noticias\/2026\/04\/06\/antigo-asilo-de-mendicidade-do-porto-em-abandono-venda-termina-na-justica\/#primaryimage\"},\"thumbnailUrl\":\"https:\/\/portaltela.pt\/s.01k8rhncp4jt1\/2026\/04\/img_1280x722uu2026-04-06-20-23-20-2276915.jpg\",\"keywords\":[\"cultura\",\"hist\u00f3ria\",\"patrim\u00f3nio\",\"Patrim\u00f3nio Cultural\",\"Porto\",\"reabilita\u00e7\u00e3o urbana\"],\"articleSection\":[\"Meio Ambiente\",\"Sociedade\"],\"inLanguage\":\"pt-PT\"},{\"@type\":\"WebPage\",\"@id\":\"https:\/\/portaltela.pt\/noticias\/2026\/04\/06\/antigo-asilo-de-mendicidade-do-porto-em-abandono-venda-termina-na-justica\/\",\"url\":\"https:\/\/portaltela.pt\/noticias\/2026\/04\/06\/antigo-asilo-de-mendicidade-do-porto-em-abandono-venda-termina-na-justica\/\",\"name\":\"Antigo Asilo de Mendicidade do Porto em abandono; venda termina na justi\u00e7a - Portal Tela Portugal\",\"isPartOf\":{\"@id\":\"https:\/\/portaltela.pt\/#website\"},\"primaryImageOfPage\":{\"@id\":\"https:\/\/portaltela.pt\/noticias\/2026\/04\/06\/antigo-asilo-de-mendicidade-do-porto-em-abandono-venda-termina-na-justica\/#primaryimage\"},\"image\":{\"@id\":\"https:\/\/portaltela.pt\/noticias\/2026\/04\/06\/antigo-asilo-de-mendicidade-do-porto-em-abandono-venda-termina-na-justica\/#primaryimage\"},\"thumbnailUrl\":\"https:\/\/portaltela.pt\/s.01k8rhncp4jt1\/2026\/04\/img_1280x722uu2026-04-06-20-23-20-2276915.jpg\",\"datePublished\":\"2026-04-06T19:32:11+00:00\",\"author\":{\"@id\":\"https:\/\/portaltela.pt\/#\/schema\/person\/c4278d4a6028830caff9ee44b42d32ed\"},\"breadcrumb\":{\"@id\":\"https:\/\/portaltela.pt\/noticias\/2026\/04\/06\/antigo-asilo-de-mendicidade-do-porto-em-abandono-venda-termina-na-justica\/#breadcrumb\"},\"inLanguage\":\"pt-PT\",\"potentialAction\":[{\"@type\":\"ReadAction\",\"target\":[\"https:\/\/portaltela.pt\/noticias\/2026\/04\/06\/antigo-asilo-de-mendicidade-do-porto-em-abandono-venda-termina-na-justica\/\"]}]},{\"@type\":\"ImageObject\",\"inLanguage\":\"pt-PT\",\"@id\":\"https:\/\/portaltela.pt\/noticias\/2026\/04\/06\/antigo-asilo-de-mendicidade-do-porto-em-abandono-venda-termina-na-justica\/#primaryimage\",\"url\":\"https:\/\/portaltela.pt\/s.01k8rhncp4jt1\/2026\/04\/img_1280x722uu2026-04-06-20-23-20-2276915.jpg\",\"contentUrl\":\"https:\/\/portaltela.pt\/s.01k8rhncp4jt1\/2026\/04\/img_1280x722uu2026-04-06-20-23-20-2276915.jpg\",\"width\":796,\"height\":448,\"caption\":\"Antigo Asilo de Mendicidade do Porto est\u00e1 ao abandono e processo de venda acabou na justi\u00e7a\"},{\"@type\":\"BreadcrumbList\",\"@id\":\"https:\/\/portaltela.pt\/noticias\/2026\/04\/06\/antigo-asilo-de-mendicidade-do-porto-em-abandono-venda-termina-na-justica\/#breadcrumb\",\"itemListElement\":[{\"@type\":\"ListItem\",\"position\":1,\"name\":\"In\u00edcio\",\"item\":\"https:\/\/portaltela.pt\/\"},{\"@type\":\"ListItem\",\"position\":2,\"name\":\"Antigo Asilo de Mendicidade do Porto em abandono; venda termina na justi\u00e7a\"}]},{\"@type\":\"WebSite\",\"@id\":\"https:\/\/portaltela.pt\/#website\",\"url\":\"https:\/\/portaltela.pt\/\",\"name\":\"Portal Tela Portugal\",\"description\":\"\",\"potentialAction\":[{\"@type\":\"SearchAction\",\"target\":{\"@type\":\"EntryPoint\",\"urlTemplate\":\"https:\/\/portaltela.pt\/?s={search_term_string}\"},\"query-input\":{\"@type\":\"PropertyValueSpecification\",\"valueRequired\":true,\"valueName\":\"search_term_string\"}}],\"inLanguage\":\"pt-PT\"},{\"@type\":\"Person\",\"@id\":\"https:\/\/portaltela.pt\/#\/schema\/person\/c4278d4a6028830caff9ee44b42d32ed\",\"name\":\"Telinha\",\"image\":{\"@type\":\"ImageObject\",\"inLanguage\":\"pt-PT\",\"@id\":\"https:\/\/portaltela.pt\/s.01k8rhncp4jt1\/2025\/11\/talking-bot-125x125.png\",\"url\":\"https:\/\/portaltela.pt\/s.01k8rhncp4jt1\/2025\/11\/talking-bot-125x125.png\",\"contentUrl\":\"https:\/\/portaltela.pt\/s.01k8rhncp4jt1\/2025\/11\/talking-bot-125x125.png\",\"caption\":\"Telinha\"},\"sameAs\":[\"https:\/\/portaltela.pt\/\"],\"url\":\"https:\/\/portaltela.pt\/por\/367410592786\/\"}]}<\/script>\n<!-- \/ Yoast SEO plugin. -->","yoast_head_json":{"title":"Antigo Asilo de Mendicidade do Porto em abandono; venda termina na justi\u00e7a - Portal Tela Portugal","robots":{"index":"index","follow":"follow","max-snippet":"max-snippet:-1","max-image-preview":"max-image-preview:large","max-video-preview":"max-video-preview:-1"},"og_locale":"pt_PT","og_type":"article","og_title":"Antigo Asilo de Mendicidade do Porto em abandono; venda termina na justi\u00e7a - Portal Tela Portugal","og_description":"O antigo Asilo de Mendicidade do Porto, na cidade do Porto, encontra-se ao abandono e o processo de venda foi encerrado na justi\u00e7a. Moradores das Fontainhas lamentam a degrada\u00e7\u00e3o do edif\u00edcio e referem sentir-se inseguros devido ao seu estado. O Minist\u00e9rio do Trabalho, Solidariedade e Seguran\u00e7a Social informou que o processo de aliena\u00e7\u00e3o est\u00e1 em curso, visando a venda e poss\u00edvel reabilita\u00e7\u00e3o. O edif\u00edcio apresenta degrada\u00e7\u00e3o avan\u00e7ada, com janelas e portas danificadas e sinais de vandalismo, tendo valor hist\u00f3rico e social para a comunidade. A venda foi autorizada ap\u00f3s um processo judicial de regulariza\u00e7\u00e3o da propriedade; a inten\u00e7\u00e3o \u00e9 recuperar o edif\u00edcio e integrar na cidade, contribuindo para a revitaliza\u00e7\u00e3o da \u00e1rea.","og_url":"https:\/\/portaltela.pt\/noticias\/2026\/04\/06\/antigo-asilo-de-mendicidade-do-porto-em-abandono-venda-termina-na-justica\/","og_site_name":"Portal Tela Portugal","article_published_time":"2026-04-06T19:32:11+00:00","author":"Telinha","twitter_card":"summary_large_image","twitter_misc":{"Escrito por":"Telinha","Tempo estimado de leitura":"1 minuto"},"schema":{"@context":"https:\/\/schema.org","@graph":[{"@type":"Article","@id":"https:\/\/portaltela.pt\/noticias\/2026\/04\/06\/antigo-asilo-de-mendicidade-do-porto-em-abandono-venda-termina-na-justica\/#article","isPartOf":{"@id":"https:\/\/portaltela.pt\/noticias\/2026\/04\/06\/antigo-asilo-de-mendicidade-do-porto-em-abandono-venda-termina-na-justica\/"},"author":{"name":"Telinha","@id":"https:\/\/portaltela.pt\/#\/schema\/person\/c4278d4a6028830caff9ee44b42d32ed"},"headline":"Antigo Asilo de Mendicidade do Porto em abandono; venda termina na justi\u00e7a","datePublished":"2026-04-06T19:32:11+00:00","mainEntityOfPage":{"@id":"https:\/\/portaltela.pt\/noticias\/2026\/04\/06\/antigo-asilo-de-mendicidade-do-porto-em-abandono-venda-termina-na-justica\/"},"wordCount":227,"image":{"@id":"https:\/\/portaltela.pt\/noticias\/2026\/04\/06\/antigo-asilo-de-mendicidade-do-porto-em-abandono-venda-termina-na-justica\/#primaryimage"},"thumbnailUrl":"https:\/\/portaltela.pt\/s.01k8rhncp4jt1\/2026\/04\/img_1280x722uu2026-04-06-20-23-20-2276915.jpg","keywords":["cultura","hist\u00f3ria","patrim\u00f3nio","Patrim\u00f3nio Cultural","Porto","reabilita\u00e7\u00e3o urbana"],"articleSection":["Meio Ambiente","Sociedade"],"inLanguage":"pt-PT"},{"@type":"WebPage","@id":"https:\/\/portaltela.pt\/noticias\/2026\/04\/06\/antigo-asilo-de-mendicidade-do-porto-em-abandono-venda-termina-na-justica\/","url":"https:\/\/portaltela.pt\/noticias\/2026\/04\/06\/antigo-asilo-de-mendicidade-do-porto-em-abandono-venda-termina-na-justica\/","name":"Antigo Asilo de Mendicidade do Porto em abandono; venda termina na justi\u00e7a - Portal Tela Portugal","isPartOf":{"@id":"https:\/\/portaltela.pt\/#website"},"primaryImageOfPage":{"@id":"https:\/\/portaltela.pt\/noticias\/2026\/04\/06\/antigo-asilo-de-mendicidade-do-porto-em-abandono-venda-termina-na-justica\/#primaryimage"},"image":{"@id":"https:\/\/portaltela.pt\/noticias\/2026\/04\/06\/antigo-asilo-de-mendicidade-do-porto-em-abandono-venda-termina-na-justica\/#primaryimage"},"thumbnailUrl":"https:\/\/portaltela.pt\/s.01k8rhncp4jt1\/2026\/04\/img_1280x722uu2026-04-06-20-23-20-2276915.jpg","datePublished":"2026-04-06T19:32:11+00:00","author":{"@id":"https:\/\/portaltela.pt\/#\/schema\/person\/c4278d4a6028830caff9ee44b42d32ed"},"breadcrumb":{"@id":"https:\/\/portaltela.pt\/noticias\/2026\/04\/06\/antigo-asilo-de-mendicidade-do-porto-em-abandono-venda-termina-na-justica\/#breadcrumb"},"inLanguage":"pt-PT","potentialAction":[{"@type":"ReadAction","target":["https:\/\/portaltela.pt\/noticias\/2026\/04\/06\/antigo-asilo-de-mendicidade-do-porto-em-abandono-venda-termina-na-justica\/"]}]},{"@type":"ImageObject","inLanguage":"pt-PT","@id":"https:\/\/portaltela.pt\/noticias\/2026\/04\/06\/antigo-asilo-de-mendicidade-do-porto-em-abandono-venda-termina-na-justica\/#primaryimage","url":"https:\/\/portaltela.pt\/s.01k8rhncp4jt1\/2026\/04\/img_1280x722uu2026-04-06-20-23-20-2276915.jpg","contentUrl":"https:\/\/portaltela.pt\/s.01k8rhncp4jt1\/2026\/04\/img_1280x722uu2026-04-06-20-23-20-2276915.jpg","width":796,"height":448,"caption":"Antigo Asilo de Mendicidade do Porto est\u00e1 ao abandono e processo de venda acabou na justi\u00e7a"},{"@type":"BreadcrumbList","@id":"https:\/\/portaltela.pt\/noticias\/2026\/04\/06\/antigo-asilo-de-mendicidade-do-porto-em-abandono-venda-termina-na-justica\/#breadcrumb","itemListElement":[{"@type":"ListItem","position":1,"name":"In\u00edcio","item":"https:\/\/portaltela.pt\/"},{"@type":"ListItem","position":2,"name":"Antigo Asilo de Mendicidade do Porto em abandono; venda termina na justi\u00e7a"}]},{"@type":"WebSite","@id":"https:\/\/portaltela.pt\/#website","url":"https:\/\/portaltela.pt\/","name":"Portal Tela Portugal","description":"","potentialAction":[{"@type":"SearchAction","target":{"@type":"EntryPoint","urlTemplate":"https:\/\/portaltela.pt\/?s={search_term_string}"},"query-input":{"@type":"PropertyValueSpecification","valueRequired":true,"valueName":"search_term_string"}}],"inLanguage":"pt-PT"},{"@type":"Person","@id":"https:\/\/portaltela.pt\/#\/schema\/person\/c4278d4a6028830caff9ee44b42d32ed","name":"Telinha","image":{"@type":"ImageObject","inLanguage":"pt-PT","@id":"https:\/\/portaltela.pt\/s.01k8rhncp4jt1\/2025\/11\/talking-bot-125x125.png","url":"https:\/\/portaltela.pt\/s.01k8rhncp4jt1\/2025\/11\/talking-bot-125x125.png","contentUrl":"https:\/\/portaltela.pt\/s.01k8rhncp4jt1\/2025\/11\/talking-bot-125x125.png","caption":"Telinha"},"sameAs":["https:\/\/portaltela.pt\/"],"url":"https:\/\/portaltela.pt\/por\/367410592786\/"}]}},"_links":{"self":[{"href":"https:\/\/portaltela.pt\/api\/wp\/v2\/posts\/434638","targetHints":{"allow":["GET"]}}],"collection":[{"href":"https:\/\/portaltela.pt\/api\/wp\/v2\/posts"}],"about":[{"href":"https:\/\/portaltela.pt\/api\/wp\/v2\/types\/post"}],"author":[{"embeddable":true,"href":"https:\/\/portaltela.pt\/api\/wp\/v2\/users\/2"}],"replies":[{"embeddable":true,"href":"https:\/\/portaltela.pt\/api\/wp\/v2\/comments?post=434638"}],"version-history":[{"count":0,"href":"https:\/\/portaltela.pt\/api\/wp\/v2\/posts\/434638\/revisions"}],"wp:featuredmedia":[{"embeddable":true,"href":"https:\/\/portaltela.pt\/api\/wp\/v2\/media\/434639"}],"wp:attachment":[{"href":"https:\/\/portaltela.pt\/api\/wp\/v2\/media?parent=434638"}],"wp:term":[{"taxonomy":"category","embeddable":true,"href":"https:\/\/portaltela.pt\/api\/wp\/v2\/categories?post=434638"},{"taxonomy":"post_tag","embeddable":true,"href":"https:\/\/portaltela.pt\/api\/wp\/v2\/tags?post=434638"}],"curies":[{"name":"wp","href":"https:\/\/api.w.org\/{rel}","templated":true}]}}