{"id":434628,"date":"2026-04-06T16:17:31","date_gmt":"2026-04-06T19:17:31","guid":{"rendered":"https:\/\/portaltela.pt\/noticias\/2026\/04\/06\/vini-jr-aborda-bayern-ligacao-a-xabi-alonso-renovacao-e-racismo\/"},"modified":"2026-04-06T16:17:31","modified_gmt":"2026-04-06T19:17:31","slug":"vini-jr-aborda-bayern-ligacao-a-xabi-alonso-renovacao-e-racismo","status":"publish","type":"post","link":"https:\/\/portaltela.pt\/desporto\/futebol\/2026\/04\/06\/vini-jr-aborda-bayern-ligacao-a-xabi-alonso-renovacao-e-racismo\/","title":{"rendered":"Vini Jr. aborda Bayern, liga\u00e7\u00e3o a Xabi Alonso, renova\u00e7\u00e3o e racismo"},"content":{"rendered":"<p>O Real Madrid recebe o Bayern de Munique nesta ter\u00e7a-feira, no Santiago Bernab\u00e9u. Vin\u00edcius J\u00fanior diz que o desempenho depende da liga\u00e7\u00e3o entre o plantel e Mbapp\u00e9, um elo que pode desequilibrar o duelo com a equipa alem\u00e3. O brasileiro sublinha que a equipa se sente mais segura quando est\u00e1 conectada no campo.<\/p>\n<p>H\u00e1 dias em que o Real parece mais solto e outros em que a liga\u00e7\u00e3o n\u00e3o flui na mesma intensidade. O extremo afirma que a diferen\u00e7a se sente, principalmente quando o grupo n\u00e3o joga a 200 por cento, o que implica menos sucesso coletivo.<\/p>\n<p>A rela\u00e7\u00e3o com o t\u00e9cnico mudou em rela\u00e7\u00e3o ao passado. Vin\u00edcius diz que n\u00e3o conectou bem com Xabi Alonso, antigo treinador, mas mant\u00e9m uma boa rela\u00e7\u00e3o com \u00c1lvaro Arbeloa, que passou a transmitir confian\u00e7a. O jogador aponta ainda que o trabalho com Ancelotti tamb\u00e9m era positivo.<\/p>\n<p>Quanto ao futuro contratual, o brasileiro revela que o v\u00ednculo atual expira em 2027 e admite tranquilidade, esperando renovar no momento adequado. O presidente do clube mant\u00e9m a confian\u00e7a nele, que define como o jogador dos seus sonhos.<\/p>\n<p>No aspeto extra-campo, Vin\u00edcius defende a luta contra o racismo e incentiva Lamine Yamal a manter o combate, agradecendo a visibilidade que a dupla oferece. O atacante recorda que o racismo existe em v\u00e1rios pa\u00edses e que o esfor\u00e7o conjunto pode amplificar a voz das v\u00edtimas.<\/p>\n<h3>Rela\u00e7\u00e3o com Mbapp\u00e9 e Arbeloa<\/h3>\n<p>Vin\u00edcius destaca a import\u00e2ncia de estar bem ligado a Mbapp\u00e9 para os momentos decisivos. Afirma que o entrosamento pode marcar a diferen\u00e7a em jogos de alto n\u00edvel.<\/p>\n<h3>Renova\u00e7\u00e3o e futuro no Real<\/h3>\n<p>O atacante aponta que tem contrato at\u00e9 2027 e confia numa renova\u00e7\u00e3o futura, com o clube a demonstrar apoio institucional. A prioridade permanece jogar pelo Real Madrid a longo prazo.<\/p>\n<h3>Luta contra o racismo<\/h3>\n<p>O jogador refor\u00e7a a necessidade de combate ao racismo e incentiva a solidariedade com jovens estrelas negras, defendendo que a uni\u00e3o pode ampliar a voz de quem sofre discrimina\u00e7\u00e3o.<\/p>\n","protected":false},"excerpt":{"rendered":"<ul>\n<li>O Real Madrid recebe o Bayern de Munique no Santiago Bernab\u00e9u numa partida em que a liga\u00e7\u00e3o entre Vin\u00edcius J\u00fanior e Mbapp\u00e9 pode decidir o jogo.<\/li>\n<li>Vin\u00edcius admite que, quando a equipa est\u00e1 mais conectada, o rendimento aumenta, e destaca a import\u00e2ncia dos momentos em que todos est\u00e3o a 200 por cento.<\/li>\n<li>O brasileiro explica que a liga\u00e7\u00e3o com o treinador \u00c1lvaro Arbeloa \u00e9 muito diferente da que tinha com o anterior Xabi Alonso, referindo uma rela\u00e7\u00e3o de confian\u00e7a m\u00fatua.<\/li>\n<li>Vin\u00edcius diz esperar renovar o contrato atual, que expira em 2027, e afirma estar tranquilo, contando com o apoio da presid\u00eancia.<\/li>\n<li>O avan\u00e7ado aborda o tema do racismo, elogia Lamine Yamal e pede uni\u00e3o na luta contra a discrimina\u00e7\u00e3o, reconhecendo que o problema existe em v\u00e1rios pa\u00edses.<\/li>\n<\/ul>\n","protected":false},"author":2,"featured_media":434631,"comment_status":"closed","ping_status":"closed","sticky":false,"template":"","format":"standard","meta":{"footnotes":""},"categories":[21,24],"tags":[2960,3218,32,3375,6032,2664],"class_list":["post-434628","post","type-post","status-publish","format-standard","has-post-thumbnail","hentry","category-desporto","category-futebol","tag-arbeloa","tag-carlo-ancelotti","tag-futebol","tag-mbappe","tag-racismo","tag-xabi-alonso"],"yoast_head":"<!-- This site is optimized with the Yoast SEO plugin v27.2 - https:\/\/yoast.com\/product\/yoast-seo-wordpress\/ -->\n<title>Vini Jr. aborda Bayern, liga\u00e7\u00e3o a Xabi Alonso, renova\u00e7\u00e3o e racismo - Portal Tela Portugal<\/title>\n<meta name=\"robots\" content=\"index, follow, max-snippet:-1, max-image-preview:large, max-video-preview:-1\" \/>\n<meta property=\"og:locale\" content=\"pt_PT\" \/>\n<meta property=\"og:type\" content=\"article\" \/>\n<meta property=\"og:title\" content=\"Vini Jr. aborda Bayern, liga\u00e7\u00e3o a Xabi Alonso, renova\u00e7\u00e3o e racismo - Portal Tela Portugal\" \/>\n<meta property=\"og:description\" content=\"O Real Madrid recebe o Bayern de Munique no Santiago Bernab\u00e9u numa partida em que a liga\u00e7\u00e3o entre Vin\u00edcius J\u00fanior e Mbapp\u00e9 pode decidir o jogo. Vin\u00edcius admite que, quando a equipa est\u00e1 mais conectada, o rendimento aumenta, e destaca a import\u00e2ncia dos momentos em que todos est\u00e3o a 200 por cento. O brasileiro explica que a liga\u00e7\u00e3o com o treinador \u00c1lvaro Arbeloa \u00e9 muito diferente da que tinha com o anterior Xabi Alonso, referindo uma rela\u00e7\u00e3o de confian\u00e7a m\u00fatua. Vin\u00edcius diz esperar renovar o contrato atual, que expira em 2027, e afirma estar tranquilo, contando com o apoio da presid\u00eancia. O avan\u00e7ado aborda o tema do racismo, elogia Lamine Yamal e pede uni\u00e3o na luta contra a discrimina\u00e7\u00e3o, reconhecendo que o problema existe em v\u00e1rios pa\u00edses.\" \/>\n<meta property=\"og:url\" content=\"https:\/\/portaltela.pt\/noticias\/2026\/04\/06\/vini-jr-aborda-bayern-ligacao-a-xabi-alonso-renovacao-e-racismo\/\" \/>\n<meta property=\"og:site_name\" content=\"Portal Tela Portugal\" \/>\n<meta property=\"article:published_time\" content=\"2026-04-06T19:17:31+00:00\" \/>\n<meta name=\"author\" content=\"Telinha\" \/>\n<meta name=\"twitter:card\" content=\"summary_large_image\" \/>\n<meta name=\"twitter:label1\" content=\"Escrito por\" \/>\n\t<meta name=\"twitter:data1\" content=\"Telinha\" \/>\n\t<meta name=\"twitter:label2\" content=\"Tempo estimado de leitura\" \/>\n\t<meta name=\"twitter:data2\" content=\"2 minutos\" \/>\n<script type=\"application\/ld+json\" class=\"yoast-schema-graph\">{\"@context\":\"https:\/\/schema.org\",\"@graph\":[{\"@type\":\"Article\",\"@id\":\"https:\/\/portaltela.pt\/noticias\/2026\/04\/06\/vini-jr-aborda-bayern-ligacao-a-xabi-alonso-renovacao-e-racismo\/#article\",\"isPartOf\":{\"@id\":\"https:\/\/portaltela.pt\/noticias\/2026\/04\/06\/vini-jr-aborda-bayern-ligacao-a-xabi-alonso-renovacao-e-racismo\/\"},\"author\":{\"name\":\"Telinha\",\"@id\":\"https:\/\/portaltela.pt\/#\/schema\/person\/c4278d4a6028830caff9ee44b42d32ed\"},\"headline\":\"Vini Jr. aborda Bayern, liga\u00e7\u00e3o a Xabi Alonso, renova\u00e7\u00e3o e racismo\",\"datePublished\":\"2026-04-06T19:17:31+00:00\",\"mainEntityOfPage\":{\"@id\":\"https:\/\/portaltela.pt\/noticias\/2026\/04\/06\/vini-jr-aborda-bayern-ligacao-a-xabi-alonso-renovacao-e-racismo\/\"},\"wordCount\":373,\"image\":{\"@id\":\"https:\/\/portaltela.pt\/noticias\/2026\/04\/06\/vini-jr-aborda-bayern-ligacao-a-xabi-alonso-renovacao-e-racismo\/#primaryimage\"},\"thumbnailUrl\":\"https:\/\/portaltela.pt\/s.01k8rhncp4jt1\/2026\/04\/img_920x518uu2026-04-06-13-18-31-2431379.jpg\",\"keywords\":[\"Arbeloa\",\"Carlo Ancelotti\",\"futebol\",\"Mbapp\u00e9\",\"racismo\",\"Xabi Alonso\"],\"articleSection\":[\"Desporto\",\"Futebol\"],\"inLanguage\":\"pt-PT\"},{\"@type\":\"WebPage\",\"@id\":\"https:\/\/portaltela.pt\/noticias\/2026\/04\/06\/vini-jr-aborda-bayern-ligacao-a-xabi-alonso-renovacao-e-racismo\/\",\"url\":\"https:\/\/portaltela.pt\/noticias\/2026\/04\/06\/vini-jr-aborda-bayern-ligacao-a-xabi-alonso-renovacao-e-racismo\/\",\"name\":\"Vini Jr. aborda Bayern, liga\u00e7\u00e3o a Xabi Alonso, renova\u00e7\u00e3o e racismo - Portal Tela Portugal\",\"isPartOf\":{\"@id\":\"https:\/\/portaltela.pt\/#website\"},\"primaryImageOfPage\":{\"@id\":\"https:\/\/portaltela.pt\/noticias\/2026\/04\/06\/vini-jr-aborda-bayern-ligacao-a-xabi-alonso-renovacao-e-racismo\/#primaryimage\"},\"image\":{\"@id\":\"https:\/\/portaltela.pt\/noticias\/2026\/04\/06\/vini-jr-aborda-bayern-ligacao-a-xabi-alonso-renovacao-e-racismo\/#primaryimage\"},\"thumbnailUrl\":\"https:\/\/portaltela.pt\/s.01k8rhncp4jt1\/2026\/04\/img_920x518uu2026-04-06-13-18-31-2431379.jpg\",\"datePublished\":\"2026-04-06T19:17:31+00:00\",\"author\":{\"@id\":\"https:\/\/portaltela.pt\/#\/schema\/person\/c4278d4a6028830caff9ee44b42d32ed\"},\"breadcrumb\":{\"@id\":\"https:\/\/portaltela.pt\/noticias\/2026\/04\/06\/vini-jr-aborda-bayern-ligacao-a-xabi-alonso-renovacao-e-racismo\/#breadcrumb\"},\"inLanguage\":\"pt-PT\",\"potentialAction\":[{\"@type\":\"ReadAction\",\"target\":[\"https:\/\/portaltela.pt\/noticias\/2026\/04\/06\/vini-jr-aborda-bayern-ligacao-a-xabi-alonso-renovacao-e-racismo\/\"]}]},{\"@type\":\"ImageObject\",\"inLanguage\":\"pt-PT\",\"@id\":\"https:\/\/portaltela.pt\/noticias\/2026\/04\/06\/vini-jr-aborda-bayern-ligacao-a-xabi-alonso-renovacao-e-racismo\/#primaryimage\",\"url\":\"https:\/\/portaltela.pt\/s.01k8rhncp4jt1\/2026\/04\/img_920x518uu2026-04-06-13-18-31-2431379.jpg\",\"contentUrl\":\"https:\/\/portaltela.pt\/s.01k8rhncp4jt1\/2026\/04\/img_920x518uu2026-04-06-13-18-31-2431379.jpg\",\"width\":796,\"height\":448,\"caption\":\"Vin\u00edcius na antevis\u00e3o ao Real Madrid-Bayern\"},{\"@type\":\"BreadcrumbList\",\"@id\":\"https:\/\/portaltela.pt\/noticias\/2026\/04\/06\/vini-jr-aborda-bayern-ligacao-a-xabi-alonso-renovacao-e-racismo\/#breadcrumb\",\"itemListElement\":[{\"@type\":\"ListItem\",\"position\":1,\"name\":\"In\u00edcio\",\"item\":\"https:\/\/portaltela.pt\/\"},{\"@type\":\"ListItem\",\"position\":2,\"name\":\"Vini Jr. aborda Bayern, liga\u00e7\u00e3o a Xabi Alonso, renova\u00e7\u00e3o e racismo\"}]},{\"@type\":\"WebSite\",\"@id\":\"https:\/\/portaltela.pt\/#website\",\"url\":\"https:\/\/portaltela.pt\/\",\"name\":\"Portal Tela Portugal\",\"description\":\"\",\"potentialAction\":[{\"@type\":\"SearchAction\",\"target\":{\"@type\":\"EntryPoint\",\"urlTemplate\":\"https:\/\/portaltela.pt\/?s={search_term_string}\"},\"query-input\":{\"@type\":\"PropertyValueSpecification\",\"valueRequired\":true,\"valueName\":\"search_term_string\"}}],\"inLanguage\":\"pt-PT\"},{\"@type\":\"Person\",\"@id\":\"https:\/\/portaltela.pt\/#\/schema\/person\/c4278d4a6028830caff9ee44b42d32ed\",\"name\":\"Telinha\",\"image\":{\"@type\":\"ImageObject\",\"inLanguage\":\"pt-PT\",\"@id\":\"https:\/\/portaltela.pt\/s.01k8rhncp4jt1\/2025\/11\/talking-bot-125x125.png\",\"url\":\"https:\/\/portaltela.pt\/s.01k8rhncp4jt1\/2025\/11\/talking-bot-125x125.png\",\"contentUrl\":\"https:\/\/portaltela.pt\/s.01k8rhncp4jt1\/2025\/11\/talking-bot-125x125.png\",\"caption\":\"Telinha\"},\"sameAs\":[\"https:\/\/portaltela.pt\/\"],\"url\":\"https:\/\/portaltela.pt\/por\/367410592786\/\"}]}<\/script>\n<!-- \/ Yoast SEO plugin. -->","yoast_head_json":{"title":"Vini Jr. aborda Bayern, liga\u00e7\u00e3o a Xabi Alonso, renova\u00e7\u00e3o e racismo - Portal Tela Portugal","robots":{"index":"index","follow":"follow","max-snippet":"max-snippet:-1","max-image-preview":"max-image-preview:large","max-video-preview":"max-video-preview:-1"},"og_locale":"pt_PT","og_type":"article","og_title":"Vini Jr. aborda Bayern, liga\u00e7\u00e3o a Xabi Alonso, renova\u00e7\u00e3o e racismo - Portal Tela Portugal","og_description":"O Real Madrid recebe o Bayern de Munique no Santiago Bernab\u00e9u numa partida em que a liga\u00e7\u00e3o entre Vin\u00edcius J\u00fanior e Mbapp\u00e9 pode decidir o jogo. Vin\u00edcius admite que, quando a equipa est\u00e1 mais conectada, o rendimento aumenta, e destaca a import\u00e2ncia dos momentos em que todos est\u00e3o a 200 por cento. O brasileiro explica que a liga\u00e7\u00e3o com o treinador \u00c1lvaro Arbeloa \u00e9 muito diferente da que tinha com o anterior Xabi Alonso, referindo uma rela\u00e7\u00e3o de confian\u00e7a m\u00fatua. Vin\u00edcius diz esperar renovar o contrato atual, que expira em 2027, e afirma estar tranquilo, contando com o apoio da presid\u00eancia. O avan\u00e7ado aborda o tema do racismo, elogia Lamine Yamal e pede uni\u00e3o na luta contra a discrimina\u00e7\u00e3o, reconhecendo que o problema existe em v\u00e1rios pa\u00edses.","og_url":"https:\/\/portaltela.pt\/noticias\/2026\/04\/06\/vini-jr-aborda-bayern-ligacao-a-xabi-alonso-renovacao-e-racismo\/","og_site_name":"Portal Tela Portugal","article_published_time":"2026-04-06T19:17:31+00:00","author":"Telinha","twitter_card":"summary_large_image","twitter_misc":{"Escrito por":"Telinha","Tempo estimado de leitura":"2 minutos"},"schema":{"@context":"https:\/\/schema.org","@graph":[{"@type":"Article","@id":"https:\/\/portaltela.pt\/noticias\/2026\/04\/06\/vini-jr-aborda-bayern-ligacao-a-xabi-alonso-renovacao-e-racismo\/#article","isPartOf":{"@id":"https:\/\/portaltela.pt\/noticias\/2026\/04\/06\/vini-jr-aborda-bayern-ligacao-a-xabi-alonso-renovacao-e-racismo\/"},"author":{"name":"Telinha","@id":"https:\/\/portaltela.pt\/#\/schema\/person\/c4278d4a6028830caff9ee44b42d32ed"},"headline":"Vini Jr. aborda Bayern, liga\u00e7\u00e3o a Xabi Alonso, renova\u00e7\u00e3o e racismo","datePublished":"2026-04-06T19:17:31+00:00","mainEntityOfPage":{"@id":"https:\/\/portaltela.pt\/noticias\/2026\/04\/06\/vini-jr-aborda-bayern-ligacao-a-xabi-alonso-renovacao-e-racismo\/"},"wordCount":373,"image":{"@id":"https:\/\/portaltela.pt\/noticias\/2026\/04\/06\/vini-jr-aborda-bayern-ligacao-a-xabi-alonso-renovacao-e-racismo\/#primaryimage"},"thumbnailUrl":"https:\/\/portaltela.pt\/s.01k8rhncp4jt1\/2026\/04\/img_920x518uu2026-04-06-13-18-31-2431379.jpg","keywords":["Arbeloa","Carlo Ancelotti","futebol","Mbapp\u00e9","racismo","Xabi Alonso"],"articleSection":["Desporto","Futebol"],"inLanguage":"pt-PT"},{"@type":"WebPage","@id":"https:\/\/portaltela.pt\/noticias\/2026\/04\/06\/vini-jr-aborda-bayern-ligacao-a-xabi-alonso-renovacao-e-racismo\/","url":"https:\/\/portaltela.pt\/noticias\/2026\/04\/06\/vini-jr-aborda-bayern-ligacao-a-xabi-alonso-renovacao-e-racismo\/","name":"Vini Jr. aborda Bayern, liga\u00e7\u00e3o a Xabi Alonso, renova\u00e7\u00e3o e racismo - Portal Tela Portugal","isPartOf":{"@id":"https:\/\/portaltela.pt\/#website"},"primaryImageOfPage":{"@id":"https:\/\/portaltela.pt\/noticias\/2026\/04\/06\/vini-jr-aborda-bayern-ligacao-a-xabi-alonso-renovacao-e-racismo\/#primaryimage"},"image":{"@id":"https:\/\/portaltela.pt\/noticias\/2026\/04\/06\/vini-jr-aborda-bayern-ligacao-a-xabi-alonso-renovacao-e-racismo\/#primaryimage"},"thumbnailUrl":"https:\/\/portaltela.pt\/s.01k8rhncp4jt1\/2026\/04\/img_920x518uu2026-04-06-13-18-31-2431379.jpg","datePublished":"2026-04-06T19:17:31+00:00","author":{"@id":"https:\/\/portaltela.pt\/#\/schema\/person\/c4278d4a6028830caff9ee44b42d32ed"},"breadcrumb":{"@id":"https:\/\/portaltela.pt\/noticias\/2026\/04\/06\/vini-jr-aborda-bayern-ligacao-a-xabi-alonso-renovacao-e-racismo\/#breadcrumb"},"inLanguage":"pt-PT","potentialAction":[{"@type":"ReadAction","target":["https:\/\/portaltela.pt\/noticias\/2026\/04\/06\/vini-jr-aborda-bayern-ligacao-a-xabi-alonso-renovacao-e-racismo\/"]}]},{"@type":"ImageObject","inLanguage":"pt-PT","@id":"https:\/\/portaltela.pt\/noticias\/2026\/04\/06\/vini-jr-aborda-bayern-ligacao-a-xabi-alonso-renovacao-e-racismo\/#primaryimage","url":"https:\/\/portaltela.pt\/s.01k8rhncp4jt1\/2026\/04\/img_920x518uu2026-04-06-13-18-31-2431379.jpg","contentUrl":"https:\/\/portaltela.pt\/s.01k8rhncp4jt1\/2026\/04\/img_920x518uu2026-04-06-13-18-31-2431379.jpg","width":796,"height":448,"caption":"Vin\u00edcius na antevis\u00e3o ao Real Madrid-Bayern"},{"@type":"BreadcrumbList","@id":"https:\/\/portaltela.pt\/noticias\/2026\/04\/06\/vini-jr-aborda-bayern-ligacao-a-xabi-alonso-renovacao-e-racismo\/#breadcrumb","itemListElement":[{"@type":"ListItem","position":1,"name":"In\u00edcio","item":"https:\/\/portaltela.pt\/"},{"@type":"ListItem","position":2,"name":"Vini Jr. aborda Bayern, liga\u00e7\u00e3o a Xabi Alonso, renova\u00e7\u00e3o e racismo"}]},{"@type":"WebSite","@id":"https:\/\/portaltela.pt\/#website","url":"https:\/\/portaltela.pt\/","name":"Portal Tela Portugal","description":"","potentialAction":[{"@type":"SearchAction","target":{"@type":"EntryPoint","urlTemplate":"https:\/\/portaltela.pt\/?s={search_term_string}"},"query-input":{"@type":"PropertyValueSpecification","valueRequired":true,"valueName":"search_term_string"}}],"inLanguage":"pt-PT"},{"@type":"Person","@id":"https:\/\/portaltela.pt\/#\/schema\/person\/c4278d4a6028830caff9ee44b42d32ed","name":"Telinha","image":{"@type":"ImageObject","inLanguage":"pt-PT","@id":"https:\/\/portaltela.pt\/s.01k8rhncp4jt1\/2025\/11\/talking-bot-125x125.png","url":"https:\/\/portaltela.pt\/s.01k8rhncp4jt1\/2025\/11\/talking-bot-125x125.png","contentUrl":"https:\/\/portaltela.pt\/s.01k8rhncp4jt1\/2025\/11\/talking-bot-125x125.png","caption":"Telinha"},"sameAs":["https:\/\/portaltela.pt\/"],"url":"https:\/\/portaltela.pt\/por\/367410592786\/"}]}},"_links":{"self":[{"href":"https:\/\/portaltela.pt\/api\/wp\/v2\/posts\/434628","targetHints":{"allow":["GET"]}}],"collection":[{"href":"https:\/\/portaltela.pt\/api\/wp\/v2\/posts"}],"about":[{"href":"https:\/\/portaltela.pt\/api\/wp\/v2\/types\/post"}],"author":[{"embeddable":true,"href":"https:\/\/portaltela.pt\/api\/wp\/v2\/users\/2"}],"replies":[{"embeddable":true,"href":"https:\/\/portaltela.pt\/api\/wp\/v2\/comments?post=434628"}],"version-history":[{"count":0,"href":"https:\/\/portaltela.pt\/api\/wp\/v2\/posts\/434628\/revisions"}],"wp:featuredmedia":[{"embeddable":true,"href":"https:\/\/portaltela.pt\/api\/wp\/v2\/media\/434631"}],"wp:attachment":[{"href":"https:\/\/portaltela.pt\/api\/wp\/v2\/media?parent=434628"}],"wp:term":[{"taxonomy":"category","embeddable":true,"href":"https:\/\/portaltela.pt\/api\/wp\/v2\/categories?post=434628"},{"taxonomy":"post_tag","embeddable":true,"href":"https:\/\/portaltela.pt\/api\/wp\/v2\/tags?post=434628"}],"curies":[{"name":"wp","href":"https:\/\/api.w.org\/{rel}","templated":true}]}}