{"id":434618,"date":"2026-04-06T16:17:15","date_gmt":"2026-04-06T19:17:15","guid":{"rendered":"https:\/\/portaltela.pt\/noticias\/2026\/04\/06\/dois-suspeitos-detidos-e-260-kg-de-cocaina-apreendidos-em-elvas\/"},"modified":"2026-04-06T16:17:15","modified_gmt":"2026-04-06T19:17:15","slug":"dois-suspeitos-detidos-e-260-kg-de-cocaina-apreendidos-em-elvas","status":"publish","type":"post","link":"https:\/\/portaltela.pt\/policia\/2026\/04\/06\/dois-suspeitos-detidos-e-260-kg-de-cocaina-apreendidos-em-elvas\/","title":{"rendered":"Dois suspeitos detidos e 260 kg de coca\u00edna apreendidos em Elvas"},"content":{"rendered":"<p>Na fronteira do Caia, em Elvas, foram apreendidos mais de 260 quilos de coca\u00edna e detidos dois suspeitos de tr\u00e1fico de droga. A opera\u00e7\u00e3o ocorreu no contexto de uma a\u00e7\u00e3o de controlo rodovi\u00e1rio, com refer\u00eancia a 30 de mar\u00e7o.<\/p>\n<p>Segundo o Minist\u00e9rio P\u00fablico, um dos detidos, um homem de 52 anos e nacionalidade estrangeira, foi encontrado com 175 quilos de coca\u00edna na posse. O indiv\u00edduo foi presente a primeiro interrogat\u00f3rio judicial a 1 de abril e ficou em pris\u00e3o preventiva.<\/p>\n<p>O segundo arguido, um homem de 37 anos, tamb\u00e9m de nacionalidade estrangeira, foi detido no mesmo local, transportando mais de 85 quilos de coca\u00edna. O MP indica que ambos teriam participa\u00e7\u00e3o na aquisi\u00e7\u00e3o, armazenamento e distribui\u00e7\u00e3o da droga.<\/p>\n<h3>A\u00e7\u00e3o e fundamenta\u00e7\u00e3o<\/h3>\n<p>A investiga\u00e7\u00e3o, dirigida pelo MP de Elvas, fundamenta-se na suposta atua\u00e7\u00e3o de venda a terceiros de grandes quantidades de droga mediante contrapartidas monet\u00e1rias. O juiz de instru\u00e7\u00e3o entendeu existir perigo de continua\u00e7\u00e3o da atividade criminosa, marcando a pris\u00e3o preventiva de ambos.<\/p>\n<p>A per\u00edcia segue em curso para apurar a origem e o destino da coca\u00edna apreendida. As autoridades n\u00e3o revelaram detalhes sobre a rede ou eventuais outros intervenientes. As investiga\u00e7\u00f5es continuam sob a dire\u00e7\u00e3o do MP de Elvas.<\/p>\n","protected":false},"excerpt":{"rendered":"<ul>\n<li>Dois homens foram detidos, no Caia, Elvas, em a\u00e7\u00f5es de controlo rodovi\u00e1rio, e acusados de tr\u00e1fico de estupefacientes agravado.<\/li>\n<li>Foram apreendidos mais de 260 quilos de coca\u00edna, com o primeiro suspeito a possuir 175 quilos.<\/li>\n<li>O homem de 52 anos, estrangeiro, foi presente a primeiro interrogat\u00f3rio a 1 de abril e mantido em pris\u00e3o preventiva por perigo de continua\u00e7\u00e3o da atividade criminosa e perturba\u00e7\u00e3o da ordem p\u00fablica.<\/li>\n<li>O segundo suspeito, de 37 anos, tamb\u00e9m estrangeiro, transportava mais de 85 quilos de coca\u00edna e foi igualmente sujeito a pris\u00e3o preventiva.<\/li>\n<li>As investiga\u00e7\u00f5es s\u00e3o conduzidas pelo Minist\u00e9rio P\u00fablico de Elvas, com a\u00e7\u00f5es da Guarda Nacional Republicana na fronteira do Caia.<\/li>\n<\/ul>\n","protected":false},"author":2,"featured_media":434622,"comment_status":"closed","ping_status":"closed","sticky":false,"template":"","format":"standard","meta":{"footnotes":""},"categories":[6907,6781],"tags":[7000,3699,147,1089,1878,96],"class_list":["post-434618","post","type-post","status-publish","format-standard","has-post-thumbnail","hentry","category-crime","category-policia","tag-apreensoes","tag-cocaina","tag-crime","tag-elvas","tag-inquerito-criminal","tag-trafico-de-droga"],"yoast_head":"<!-- This site is optimized with the Yoast SEO plugin v27.2 - https:\/\/yoast.com\/product\/yoast-seo-wordpress\/ -->\n<title>Dois suspeitos detidos e 260 kg de coca\u00edna apreendidos em Elvas - Portal Tela Portugal<\/title>\n<meta name=\"robots\" content=\"index, follow, max-snippet:-1, max-image-preview:large, max-video-preview:-1\" \/>\n<meta property=\"og:locale\" content=\"pt_PT\" \/>\n<meta property=\"og:type\" content=\"article\" \/>\n<meta property=\"og:title\" content=\"Dois suspeitos detidos e 260 kg de coca\u00edna apreendidos em Elvas - Portal Tela Portugal\" \/>\n<meta property=\"og:description\" content=\"Dois homens foram detidos, no Caia, Elvas, em a\u00e7\u00f5es de controlo rodovi\u00e1rio, e acusados de tr\u00e1fico de estupefacientes agravado. Foram apreendidos mais de 260 quilos de coca\u00edna, com o primeiro suspeito a possuir 175 quilos. O homem de 52 anos, estrangeiro, foi presente a primeiro interrogat\u00f3rio a 1 de abril e mantido em pris\u00e3o preventiva por perigo de continua\u00e7\u00e3o da atividade criminosa e perturba\u00e7\u00e3o da ordem p\u00fablica. O segundo suspeito, de 37 anos, tamb\u00e9m estrangeiro, transportava mais de 85 quilos de coca\u00edna e foi igualmente sujeito a pris\u00e3o preventiva. As investiga\u00e7\u00f5es s\u00e3o conduzidas pelo Minist\u00e9rio P\u00fablico de Elvas, com a\u00e7\u00f5es da Guarda Nacional Republicana na fronteira do Caia.\" \/>\n<meta property=\"og:url\" content=\"https:\/\/portaltela.pt\/noticias\/2026\/04\/06\/dois-suspeitos-detidos-e-260-kg-de-cocaina-apreendidos-em-elvas\/\" \/>\n<meta property=\"og:site_name\" content=\"Portal Tela Portugal\" \/>\n<meta property=\"article:published_time\" content=\"2026-04-06T19:17:15+00:00\" \/>\n<meta name=\"author\" content=\"Telinha\" \/>\n<meta name=\"twitter:card\" content=\"summary_large_image\" \/>\n<meta name=\"twitter:label1\" content=\"Escrito por\" \/>\n\t<meta name=\"twitter:data1\" content=\"Telinha\" \/>\n\t<meta name=\"twitter:label2\" content=\"Tempo estimado de leitura\" \/>\n\t<meta name=\"twitter:data2\" content=\"1 minuto\" \/>\n<script type=\"application\/ld+json\" class=\"yoast-schema-graph\">{\"@context\":\"https:\/\/schema.org\",\"@graph\":[{\"@type\":\"Article\",\"@id\":\"https:\/\/portaltela.pt\/noticias\/2026\/04\/06\/dois-suspeitos-detidos-e-260-kg-de-cocaina-apreendidos-em-elvas\/#article\",\"isPartOf\":{\"@id\":\"https:\/\/portaltela.pt\/noticias\/2026\/04\/06\/dois-suspeitos-detidos-e-260-kg-de-cocaina-apreendidos-em-elvas\/\"},\"author\":{\"name\":\"Telinha\",\"@id\":\"https:\/\/portaltela.pt\/#\/schema\/person\/c4278d4a6028830caff9ee44b42d32ed\"},\"headline\":\"Dois suspeitos detidos e 260 kg de coca\u00edna apreendidos em Elvas\",\"datePublished\":\"2026-04-06T19:17:15+00:00\",\"mainEntityOfPage\":{\"@id\":\"https:\/\/portaltela.pt\/noticias\/2026\/04\/06\/dois-suspeitos-detidos-e-260-kg-de-cocaina-apreendidos-em-elvas\/\"},\"wordCount\":234,\"image\":{\"@id\":\"https:\/\/portaltela.pt\/noticias\/2026\/04\/06\/dois-suspeitos-detidos-e-260-kg-de-cocaina-apreendidos-em-elvas\/#primaryimage\"},\"thumbnailUrl\":\"https:\/\/portaltela.pt\/s.01k8rhncp4jt1\/2026\/04\/img_1500x1000uu2025-09-05-20-21-34-2233501.jpg\",\"keywords\":[\"apreens\u00f5es\",\"coca\u00edna\",\"crime\",\"Elvas\",\"inqu\u00e9rito criminal\",\"tr\u00e1fico de droga\"],\"articleSection\":[\"Crime\",\"Pol\u00edcia\"],\"inLanguage\":\"pt-PT\"},{\"@type\":\"WebPage\",\"@id\":\"https:\/\/portaltela.pt\/noticias\/2026\/04\/06\/dois-suspeitos-detidos-e-260-kg-de-cocaina-apreendidos-em-elvas\/\",\"url\":\"https:\/\/portaltela.pt\/noticias\/2026\/04\/06\/dois-suspeitos-detidos-e-260-kg-de-cocaina-apreendidos-em-elvas\/\",\"name\":\"Dois suspeitos detidos e 260 kg de coca\u00edna apreendidos em Elvas - Portal Tela Portugal\",\"isPartOf\":{\"@id\":\"https:\/\/portaltela.pt\/#website\"},\"primaryImageOfPage\":{\"@id\":\"https:\/\/portaltela.pt\/noticias\/2026\/04\/06\/dois-suspeitos-detidos-e-260-kg-de-cocaina-apreendidos-em-elvas\/#primaryimage\"},\"image\":{\"@id\":\"https:\/\/portaltela.pt\/noticias\/2026\/04\/06\/dois-suspeitos-detidos-e-260-kg-de-cocaina-apreendidos-em-elvas\/#primaryimage\"},\"thumbnailUrl\":\"https:\/\/portaltela.pt\/s.01k8rhncp4jt1\/2026\/04\/img_1500x1000uu2025-09-05-20-21-34-2233501.jpg\",\"datePublished\":\"2026-04-06T19:17:15+00:00\",\"author\":{\"@id\":\"https:\/\/portaltela.pt\/#\/schema\/person\/c4278d4a6028830caff9ee44b42d32ed\"},\"breadcrumb\":{\"@id\":\"https:\/\/portaltela.pt\/noticias\/2026\/04\/06\/dois-suspeitos-detidos-e-260-kg-de-cocaina-apreendidos-em-elvas\/#breadcrumb\"},\"inLanguage\":\"pt-PT\",\"potentialAction\":[{\"@type\":\"ReadAction\",\"target\":[\"https:\/\/portaltela.pt\/noticias\/2026\/04\/06\/dois-suspeitos-detidos-e-260-kg-de-cocaina-apreendidos-em-elvas\/\"]}]},{\"@type\":\"ImageObject\",\"inLanguage\":\"pt-PT\",\"@id\":\"https:\/\/portaltela.pt\/noticias\/2026\/04\/06\/dois-suspeitos-detidos-e-260-kg-de-cocaina-apreendidos-em-elvas\/#primaryimage\",\"url\":\"https:\/\/portaltela.pt\/s.01k8rhncp4jt1\/2026\/04\/img_1500x1000uu2025-09-05-20-21-34-2233501.jpg\",\"contentUrl\":\"https:\/\/portaltela.pt\/s.01k8rhncp4jt1\/2026\/04\/img_1500x1000uu2025-09-05-20-21-34-2233501.jpg\",\"width\":1500,\"height\":1000,\"caption\":\"Coca\u00edna\"},{\"@type\":\"BreadcrumbList\",\"@id\":\"https:\/\/portaltela.pt\/noticias\/2026\/04\/06\/dois-suspeitos-detidos-e-260-kg-de-cocaina-apreendidos-em-elvas\/#breadcrumb\",\"itemListElement\":[{\"@type\":\"ListItem\",\"position\":1,\"name\":\"In\u00edcio\",\"item\":\"https:\/\/portaltela.pt\/\"},{\"@type\":\"ListItem\",\"position\":2,\"name\":\"Dois suspeitos detidos e 260 kg de coca\u00edna apreendidos em Elvas\"}]},{\"@type\":\"WebSite\",\"@id\":\"https:\/\/portaltela.pt\/#website\",\"url\":\"https:\/\/portaltela.pt\/\",\"name\":\"Portal Tela Portugal\",\"description\":\"\",\"potentialAction\":[{\"@type\":\"SearchAction\",\"target\":{\"@type\":\"EntryPoint\",\"urlTemplate\":\"https:\/\/portaltela.pt\/?s={search_term_string}\"},\"query-input\":{\"@type\":\"PropertyValueSpecification\",\"valueRequired\":true,\"valueName\":\"search_term_string\"}}],\"inLanguage\":\"pt-PT\"},{\"@type\":\"Person\",\"@id\":\"https:\/\/portaltela.pt\/#\/schema\/person\/c4278d4a6028830caff9ee44b42d32ed\",\"name\":\"Telinha\",\"image\":{\"@type\":\"ImageObject\",\"inLanguage\":\"pt-PT\",\"@id\":\"https:\/\/portaltela.pt\/s.01k8rhncp4jt1\/2025\/11\/talking-bot-125x125.png\",\"url\":\"https:\/\/portaltela.pt\/s.01k8rhncp4jt1\/2025\/11\/talking-bot-125x125.png\",\"contentUrl\":\"https:\/\/portaltela.pt\/s.01k8rhncp4jt1\/2025\/11\/talking-bot-125x125.png\",\"caption\":\"Telinha\"},\"sameAs\":[\"https:\/\/portaltela.pt\/\"],\"url\":\"https:\/\/portaltela.pt\/por\/367410592786\/\"}]}<\/script>\n<!-- \/ Yoast SEO plugin. -->","yoast_head_json":{"title":"Dois suspeitos detidos e 260 kg de coca\u00edna apreendidos em Elvas - Portal Tela Portugal","robots":{"index":"index","follow":"follow","max-snippet":"max-snippet:-1","max-image-preview":"max-image-preview:large","max-video-preview":"max-video-preview:-1"},"og_locale":"pt_PT","og_type":"article","og_title":"Dois suspeitos detidos e 260 kg de coca\u00edna apreendidos em Elvas - Portal Tela Portugal","og_description":"Dois homens foram detidos, no Caia, Elvas, em a\u00e7\u00f5es de controlo rodovi\u00e1rio, e acusados de tr\u00e1fico de estupefacientes agravado. Foram apreendidos mais de 260 quilos de coca\u00edna, com o primeiro suspeito a possuir 175 quilos. O homem de 52 anos, estrangeiro, foi presente a primeiro interrogat\u00f3rio a 1 de abril e mantido em pris\u00e3o preventiva por perigo de continua\u00e7\u00e3o da atividade criminosa e perturba\u00e7\u00e3o da ordem p\u00fablica. O segundo suspeito, de 37 anos, tamb\u00e9m estrangeiro, transportava mais de 85 quilos de coca\u00edna e foi igualmente sujeito a pris\u00e3o preventiva. As investiga\u00e7\u00f5es s\u00e3o conduzidas pelo Minist\u00e9rio P\u00fablico de Elvas, com a\u00e7\u00f5es da Guarda Nacional Republicana na fronteira do Caia.","og_url":"https:\/\/portaltela.pt\/noticias\/2026\/04\/06\/dois-suspeitos-detidos-e-260-kg-de-cocaina-apreendidos-em-elvas\/","og_site_name":"Portal Tela Portugal","article_published_time":"2026-04-06T19:17:15+00:00","author":"Telinha","twitter_card":"summary_large_image","twitter_misc":{"Escrito por":"Telinha","Tempo estimado de leitura":"1 minuto"},"schema":{"@context":"https:\/\/schema.org","@graph":[{"@type":"Article","@id":"https:\/\/portaltela.pt\/noticias\/2026\/04\/06\/dois-suspeitos-detidos-e-260-kg-de-cocaina-apreendidos-em-elvas\/#article","isPartOf":{"@id":"https:\/\/portaltela.pt\/noticias\/2026\/04\/06\/dois-suspeitos-detidos-e-260-kg-de-cocaina-apreendidos-em-elvas\/"},"author":{"name":"Telinha","@id":"https:\/\/portaltela.pt\/#\/schema\/person\/c4278d4a6028830caff9ee44b42d32ed"},"headline":"Dois suspeitos detidos e 260 kg de coca\u00edna apreendidos em Elvas","datePublished":"2026-04-06T19:17:15+00:00","mainEntityOfPage":{"@id":"https:\/\/portaltela.pt\/noticias\/2026\/04\/06\/dois-suspeitos-detidos-e-260-kg-de-cocaina-apreendidos-em-elvas\/"},"wordCount":234,"image":{"@id":"https:\/\/portaltela.pt\/noticias\/2026\/04\/06\/dois-suspeitos-detidos-e-260-kg-de-cocaina-apreendidos-em-elvas\/#primaryimage"},"thumbnailUrl":"https:\/\/portaltela.pt\/s.01k8rhncp4jt1\/2026\/04\/img_1500x1000uu2025-09-05-20-21-34-2233501.jpg","keywords":["apreens\u00f5es","coca\u00edna","crime","Elvas","inqu\u00e9rito criminal","tr\u00e1fico de droga"],"articleSection":["Crime","Pol\u00edcia"],"inLanguage":"pt-PT"},{"@type":"WebPage","@id":"https:\/\/portaltela.pt\/noticias\/2026\/04\/06\/dois-suspeitos-detidos-e-260-kg-de-cocaina-apreendidos-em-elvas\/","url":"https:\/\/portaltela.pt\/noticias\/2026\/04\/06\/dois-suspeitos-detidos-e-260-kg-de-cocaina-apreendidos-em-elvas\/","name":"Dois suspeitos detidos e 260 kg de coca\u00edna apreendidos em Elvas - Portal Tela Portugal","isPartOf":{"@id":"https:\/\/portaltela.pt\/#website"},"primaryImageOfPage":{"@id":"https:\/\/portaltela.pt\/noticias\/2026\/04\/06\/dois-suspeitos-detidos-e-260-kg-de-cocaina-apreendidos-em-elvas\/#primaryimage"},"image":{"@id":"https:\/\/portaltela.pt\/noticias\/2026\/04\/06\/dois-suspeitos-detidos-e-260-kg-de-cocaina-apreendidos-em-elvas\/#primaryimage"},"thumbnailUrl":"https:\/\/portaltela.pt\/s.01k8rhncp4jt1\/2026\/04\/img_1500x1000uu2025-09-05-20-21-34-2233501.jpg","datePublished":"2026-04-06T19:17:15+00:00","author":{"@id":"https:\/\/portaltela.pt\/#\/schema\/person\/c4278d4a6028830caff9ee44b42d32ed"},"breadcrumb":{"@id":"https:\/\/portaltela.pt\/noticias\/2026\/04\/06\/dois-suspeitos-detidos-e-260-kg-de-cocaina-apreendidos-em-elvas\/#breadcrumb"},"inLanguage":"pt-PT","potentialAction":[{"@type":"ReadAction","target":["https:\/\/portaltela.pt\/noticias\/2026\/04\/06\/dois-suspeitos-detidos-e-260-kg-de-cocaina-apreendidos-em-elvas\/"]}]},{"@type":"ImageObject","inLanguage":"pt-PT","@id":"https:\/\/portaltela.pt\/noticias\/2026\/04\/06\/dois-suspeitos-detidos-e-260-kg-de-cocaina-apreendidos-em-elvas\/#primaryimage","url":"https:\/\/portaltela.pt\/s.01k8rhncp4jt1\/2026\/04\/img_1500x1000uu2025-09-05-20-21-34-2233501.jpg","contentUrl":"https:\/\/portaltela.pt\/s.01k8rhncp4jt1\/2026\/04\/img_1500x1000uu2025-09-05-20-21-34-2233501.jpg","width":1500,"height":1000,"caption":"Coca\u00edna"},{"@type":"BreadcrumbList","@id":"https:\/\/portaltela.pt\/noticias\/2026\/04\/06\/dois-suspeitos-detidos-e-260-kg-de-cocaina-apreendidos-em-elvas\/#breadcrumb","itemListElement":[{"@type":"ListItem","position":1,"name":"In\u00edcio","item":"https:\/\/portaltela.pt\/"},{"@type":"ListItem","position":2,"name":"Dois suspeitos detidos e 260 kg de coca\u00edna apreendidos em Elvas"}]},{"@type":"WebSite","@id":"https:\/\/portaltela.pt\/#website","url":"https:\/\/portaltela.pt\/","name":"Portal Tela Portugal","description":"","potentialAction":[{"@type":"SearchAction","target":{"@type":"EntryPoint","urlTemplate":"https:\/\/portaltela.pt\/?s={search_term_string}"},"query-input":{"@type":"PropertyValueSpecification","valueRequired":true,"valueName":"search_term_string"}}],"inLanguage":"pt-PT"},{"@type":"Person","@id":"https:\/\/portaltela.pt\/#\/schema\/person\/c4278d4a6028830caff9ee44b42d32ed","name":"Telinha","image":{"@type":"ImageObject","inLanguage":"pt-PT","@id":"https:\/\/portaltela.pt\/s.01k8rhncp4jt1\/2025\/11\/talking-bot-125x125.png","url":"https:\/\/portaltela.pt\/s.01k8rhncp4jt1\/2025\/11\/talking-bot-125x125.png","contentUrl":"https:\/\/portaltela.pt\/s.01k8rhncp4jt1\/2025\/11\/talking-bot-125x125.png","caption":"Telinha"},"sameAs":["https:\/\/portaltela.pt\/"],"url":"https:\/\/portaltela.pt\/por\/367410592786\/"}]}},"_links":{"self":[{"href":"https:\/\/portaltela.pt\/api\/wp\/v2\/posts\/434618","targetHints":{"allow":["GET"]}}],"collection":[{"href":"https:\/\/portaltela.pt\/api\/wp\/v2\/posts"}],"about":[{"href":"https:\/\/portaltela.pt\/api\/wp\/v2\/types\/post"}],"author":[{"embeddable":true,"href":"https:\/\/portaltela.pt\/api\/wp\/v2\/users\/2"}],"replies":[{"embeddable":true,"href":"https:\/\/portaltela.pt\/api\/wp\/v2\/comments?post=434618"}],"version-history":[{"count":0,"href":"https:\/\/portaltela.pt\/api\/wp\/v2\/posts\/434618\/revisions"}],"wp:featuredmedia":[{"embeddable":true,"href":"https:\/\/portaltela.pt\/api\/wp\/v2\/media\/434622"}],"wp:attachment":[{"href":"https:\/\/portaltela.pt\/api\/wp\/v2\/media?parent=434618"}],"wp:term":[{"taxonomy":"category","embeddable":true,"href":"https:\/\/portaltela.pt\/api\/wp\/v2\/categories?post=434618"},{"taxonomy":"post_tag","embeddable":true,"href":"https:\/\/portaltela.pt\/api\/wp\/v2\/tags?post=434618"}],"curies":[{"name":"wp","href":"https:\/\/api.w.org\/{rel}","templated":true}]}}