{"id":434608,"date":"2026-04-06T16:16:50","date_gmt":"2026-04-06T19:16:50","guid":{"rendered":"https:\/\/portaltela.pt\/noticias\/2026\/04\/06\/geres-em-destaque-numa-loja-online-que-vende-o-futuro-e-devolve-natureza\/"},"modified":"2026-04-06T16:16:50","modified_gmt":"2026-04-06T19:16:50","slug":"geres-em-destaque-numa-loja-online-que-vende-o-futuro-e-devolve-natureza","status":"publish","type":"post","link":"https:\/\/portaltela.pt\/meio-ambiente\/2026\/04\/06\/geres-em-destaque-numa-loja-online-que-vende-o-futuro-e-devolve-natureza\/","title":{"rendered":"Ger\u00eas em destaque numa loja online que vende o futuro e devolve natureza"},"content":{"rendered":"<p>A WWF Portugal lan\u00e7ou uma iniciativa de preserva\u00e7\u00e3o que utiliza uma loja online para angariar contributos destinados \u00e0 devolu\u00e7\u00e3o da natureza. A a\u00e7\u00e3o envolve cidad\u00e3os e empresas, que podem participar atrav\u00e9s de uma plataforma digital.<\/p>\n<p>A loja apresenta tr\u00eas &#8220;produtos&#8221; em destaque, n\u00e3o ligados a entradas ou privil\u00e9gios, mas \u00e0 possibilidade de apoiar a recupera\u00e7\u00e3o de \u00e1reas naturais em Portugal. Os espa\u00e7os escolhidos s\u00e3o o Parque Nacional da Peneda-Ger\u00eas, o Estu\u00e1rio do Tejo e a Serra do Caldeir\u00e3o, com foco nas regi\u00f5es do Norte, da \u00e1rea de Lisboa e do Algarve.<\/p>\n<h3>Zonas priorit\u00e1rias<\/h3>\n<p>No conjunto, o PNPG \u00e9 o mais apoiado, com 12 contribui\u00e7\u00f5es j\u00e1 registadas. O Estu\u00e1rio do Tejo contabiliza duas contribui\u00e7\u00f5es, enquanto a Serra do Caldeir\u00e3o soma dez. A iniciativa sublinha que o objetivo \u00e9 mobilizar pessoas e organiza\u00e7\u00f5es para contribuir para a restaura\u00e7\u00e3o ambiental dessas \u00e1reas emblem\u00e1ticas.<\/p>\n","protected":false},"excerpt":{"rendered":"<ul>\n<li>A WWF Portugal criou uma loja online que permite contribuir para devolver natureza, promovendo a restaura\u00e7\u00e3o de \u00e1reas naturais.<\/li>\n<li>O projeto foca-se em tr\u00eas zonas emblem\u00e1ticas: a Norte (Peneda-Ger\u00eas), na regi\u00e3o de Lisboa (Estu\u00e1rio do Tejo) e no Algarve (Serra do Caldeir\u00e3o).<\/li>\n<li>Os destaques de apoio s\u00e3o: Parque Nacional da Peneda-Ger\u00eas com 12 contribui\u00e7\u00f5es, Estu\u00e1rio do Tejo com 2 e Serra do Caldeir\u00e3o com 10.<\/li>\n<li>N\u00e3o se tratam de entradas ou privil\u00e9gios, mas da oportunidade para cidad\u00e3os e empresas apoiarem projetos de restauro ambiental.<\/li>\n<\/ul>\n","protected":false},"author":2,"featured_media":434609,"comment_status":"closed","ping_status":"closed","sticky":false,"template":"","format":"standard","meta":{"footnotes":""},"categories":[6725],"tags":[7767,928,4880,981,2765,1014],"class_list":["post-434608","post","type-post","status-publish","format-standard","has-post-thumbnail","hentry","category-meio-ambiente","tag-_meio-ambiente","tag-algarve","tag-conservacao-ambiental","tag-lisboa","tag-norte","tag-portugal"],"yoast_head":"<!-- This site is optimized with the Yoast SEO plugin v27.2 - https:\/\/yoast.com\/product\/yoast-seo-wordpress\/ -->\n<title>Ger\u00eas em destaque numa loja online que vende o futuro e devolve natureza - Portal Tela Portugal<\/title>\n<meta name=\"robots\" content=\"index, follow, max-snippet:-1, max-image-preview:large, max-video-preview:-1\" \/>\n<meta property=\"og:locale\" content=\"pt_PT\" \/>\n<meta property=\"og:type\" content=\"article\" \/>\n<meta property=\"og:title\" content=\"Ger\u00eas em destaque numa loja online que vende o futuro e devolve natureza - Portal Tela Portugal\" \/>\n<meta property=\"og:description\" content=\"A WWF Portugal criou uma loja online que permite contribuir para devolver natureza, promovendo a restaura\u00e7\u00e3o de \u00e1reas naturais. O projeto foca-se em tr\u00eas zonas emblem\u00e1ticas: a Norte (Peneda-Ger\u00eas), na regi\u00e3o de Lisboa (Estu\u00e1rio do Tejo) e no Algarve (Serra do Caldeir\u00e3o). Os destaques de apoio s\u00e3o: Parque Nacional da Peneda-Ger\u00eas com 12 contribui\u00e7\u00f5es, Estu\u00e1rio do Tejo com 2 e Serra do Caldeir\u00e3o com 10. N\u00e3o se tratam de entradas ou privil\u00e9gios, mas da oportunidade para cidad\u00e3os e empresas apoiarem projetos de restauro ambiental.\" \/>\n<meta property=\"og:url\" content=\"https:\/\/portaltela.pt\/noticias\/2026\/04\/06\/geres-em-destaque-numa-loja-online-que-vende-o-futuro-e-devolve-natureza\/\" \/>\n<meta property=\"og:site_name\" content=\"Portal Tela Portugal\" \/>\n<meta property=\"article:published_time\" content=\"2026-04-06T19:16:50+00:00\" \/>\n<meta name=\"author\" content=\"Telinha\" \/>\n<meta name=\"twitter:card\" content=\"summary_large_image\" \/>\n<meta name=\"twitter:label1\" content=\"Escrito por\" \/>\n\t<meta name=\"twitter:data1\" content=\"Telinha\" \/>\n\t<meta name=\"twitter:label2\" content=\"Tempo estimado de leitura\" \/>\n\t<meta name=\"twitter:data2\" content=\"1 minuto\" \/>\n<script type=\"application\/ld+json\" class=\"yoast-schema-graph\">{\"@context\":\"https:\/\/schema.org\",\"@graph\":[{\"@type\":\"Article\",\"@id\":\"https:\/\/portaltela.pt\/noticias\/2026\/04\/06\/geres-em-destaque-numa-loja-online-que-vende-o-futuro-e-devolve-natureza\/#article\",\"isPartOf\":{\"@id\":\"https:\/\/portaltela.pt\/noticias\/2026\/04\/06\/geres-em-destaque-numa-loja-online-que-vende-o-futuro-e-devolve-natureza\/\"},\"author\":{\"name\":\"Telinha\",\"@id\":\"https:\/\/portaltela.pt\/#\/schema\/person\/c4278d4a6028830caff9ee44b42d32ed\"},\"headline\":\"Ger\u00eas em destaque numa loja online que vende o futuro e devolve natureza\",\"datePublished\":\"2026-04-06T19:16:50+00:00\",\"mainEntityOfPage\":{\"@id\":\"https:\/\/portaltela.pt\/noticias\/2026\/04\/06\/geres-em-destaque-numa-loja-online-que-vende-o-futuro-e-devolve-natureza\/\"},\"wordCount\":173,\"image\":{\"@id\":\"https:\/\/portaltela.pt\/noticias\/2026\/04\/06\/geres-em-destaque-numa-loja-online-que-vende-o-futuro-e-devolve-natureza\/#primaryimage\"},\"thumbnailUrl\":\"https:\/\/portaltela.pt\/s.01k8rhncp4jt1\/2026\/04\/image-342.jpg\",\"keywords\":[\"_meio-ambiente\",\"Algarve\",\"conserva\u00e7\u00e3o ambiental\",\"Lisboa\",\"Norte\",\"Portugal\"],\"articleSection\":[\"Meio Ambiente\"],\"inLanguage\":\"pt-PT\"},{\"@type\":\"WebPage\",\"@id\":\"https:\/\/portaltela.pt\/noticias\/2026\/04\/06\/geres-em-destaque-numa-loja-online-que-vende-o-futuro-e-devolve-natureza\/\",\"url\":\"https:\/\/portaltela.pt\/noticias\/2026\/04\/06\/geres-em-destaque-numa-loja-online-que-vende-o-futuro-e-devolve-natureza\/\",\"name\":\"Ger\u00eas em destaque numa loja online que vende o futuro e devolve natureza - Portal Tela Portugal\",\"isPartOf\":{\"@id\":\"https:\/\/portaltela.pt\/#website\"},\"primaryImageOfPage\":{\"@id\":\"https:\/\/portaltela.pt\/noticias\/2026\/04\/06\/geres-em-destaque-numa-loja-online-que-vende-o-futuro-e-devolve-natureza\/#primaryimage\"},\"image\":{\"@id\":\"https:\/\/portaltela.pt\/noticias\/2026\/04\/06\/geres-em-destaque-numa-loja-online-que-vende-o-futuro-e-devolve-natureza\/#primaryimage\"},\"thumbnailUrl\":\"https:\/\/portaltela.pt\/s.01k8rhncp4jt1\/2026\/04\/image-342.jpg\",\"datePublished\":\"2026-04-06T19:16:50+00:00\",\"author\":{\"@id\":\"https:\/\/portaltela.pt\/#\/schema\/person\/c4278d4a6028830caff9ee44b42d32ed\"},\"breadcrumb\":{\"@id\":\"https:\/\/portaltela.pt\/noticias\/2026\/04\/06\/geres-em-destaque-numa-loja-online-que-vende-o-futuro-e-devolve-natureza\/#breadcrumb\"},\"inLanguage\":\"pt-PT\",\"potentialAction\":[{\"@type\":\"ReadAction\",\"target\":[\"https:\/\/portaltela.pt\/noticias\/2026\/04\/06\/geres-em-destaque-numa-loja-online-que-vende-o-futuro-e-devolve-natureza\/\"]}]},{\"@type\":\"ImageObject\",\"inLanguage\":\"pt-PT\",\"@id\":\"https:\/\/portaltela.pt\/noticias\/2026\/04\/06\/geres-em-destaque-numa-loja-online-que-vende-o-futuro-e-devolve-natureza\/#primaryimage\",\"url\":\"https:\/\/portaltela.pt\/s.01k8rhncp4jt1\/2026\/04\/image-342.jpg\",\"contentUrl\":\"https:\/\/portaltela.pt\/s.01k8rhncp4jt1\/2026\/04\/image-342.jpg\",\"width\":796,\"height\":448,\"caption\":\"Parque da Peneda-Ger\u00eas foi o mais apoiado na iniciativa da WWF\"},{\"@type\":\"BreadcrumbList\",\"@id\":\"https:\/\/portaltela.pt\/noticias\/2026\/04\/06\/geres-em-destaque-numa-loja-online-que-vende-o-futuro-e-devolve-natureza\/#breadcrumb\",\"itemListElement\":[{\"@type\":\"ListItem\",\"position\":1,\"name\":\"In\u00edcio\",\"item\":\"https:\/\/portaltela.pt\/\"},{\"@type\":\"ListItem\",\"position\":2,\"name\":\"Ger\u00eas em destaque numa loja online que vende o futuro e devolve natureza\"}]},{\"@type\":\"WebSite\",\"@id\":\"https:\/\/portaltela.pt\/#website\",\"url\":\"https:\/\/portaltela.pt\/\",\"name\":\"Portal Tela Portugal\",\"description\":\"\",\"potentialAction\":[{\"@type\":\"SearchAction\",\"target\":{\"@type\":\"EntryPoint\",\"urlTemplate\":\"https:\/\/portaltela.pt\/?s={search_term_string}\"},\"query-input\":{\"@type\":\"PropertyValueSpecification\",\"valueRequired\":true,\"valueName\":\"search_term_string\"}}],\"inLanguage\":\"pt-PT\"},{\"@type\":\"Person\",\"@id\":\"https:\/\/portaltela.pt\/#\/schema\/person\/c4278d4a6028830caff9ee44b42d32ed\",\"name\":\"Telinha\",\"image\":{\"@type\":\"ImageObject\",\"inLanguage\":\"pt-PT\",\"@id\":\"https:\/\/portaltela.pt\/s.01k8rhncp4jt1\/2025\/11\/talking-bot-125x125.png\",\"url\":\"https:\/\/portaltela.pt\/s.01k8rhncp4jt1\/2025\/11\/talking-bot-125x125.png\",\"contentUrl\":\"https:\/\/portaltela.pt\/s.01k8rhncp4jt1\/2025\/11\/talking-bot-125x125.png\",\"caption\":\"Telinha\"},\"sameAs\":[\"https:\/\/portaltela.pt\/\"],\"url\":\"https:\/\/portaltela.pt\/por\/367410592786\/\"}]}<\/script>\n<!-- \/ Yoast SEO plugin. -->","yoast_head_json":{"title":"Ger\u00eas em destaque numa loja online que vende o futuro e devolve natureza - Portal Tela Portugal","robots":{"index":"index","follow":"follow","max-snippet":"max-snippet:-1","max-image-preview":"max-image-preview:large","max-video-preview":"max-video-preview:-1"},"og_locale":"pt_PT","og_type":"article","og_title":"Ger\u00eas em destaque numa loja online que vende o futuro e devolve natureza - Portal Tela Portugal","og_description":"A WWF Portugal criou uma loja online que permite contribuir para devolver natureza, promovendo a restaura\u00e7\u00e3o de \u00e1reas naturais. O projeto foca-se em tr\u00eas zonas emblem\u00e1ticas: a Norte (Peneda-Ger\u00eas), na regi\u00e3o de Lisboa (Estu\u00e1rio do Tejo) e no Algarve (Serra do Caldeir\u00e3o). Os destaques de apoio s\u00e3o: Parque Nacional da Peneda-Ger\u00eas com 12 contribui\u00e7\u00f5es, Estu\u00e1rio do Tejo com 2 e Serra do Caldeir\u00e3o com 10. N\u00e3o se tratam de entradas ou privil\u00e9gios, mas da oportunidade para cidad\u00e3os e empresas apoiarem projetos de restauro ambiental.","og_url":"https:\/\/portaltela.pt\/noticias\/2026\/04\/06\/geres-em-destaque-numa-loja-online-que-vende-o-futuro-e-devolve-natureza\/","og_site_name":"Portal Tela Portugal","article_published_time":"2026-04-06T19:16:50+00:00","author":"Telinha","twitter_card":"summary_large_image","twitter_misc":{"Escrito por":"Telinha","Tempo estimado de leitura":"1 minuto"},"schema":{"@context":"https:\/\/schema.org","@graph":[{"@type":"Article","@id":"https:\/\/portaltela.pt\/noticias\/2026\/04\/06\/geres-em-destaque-numa-loja-online-que-vende-o-futuro-e-devolve-natureza\/#article","isPartOf":{"@id":"https:\/\/portaltela.pt\/noticias\/2026\/04\/06\/geres-em-destaque-numa-loja-online-que-vende-o-futuro-e-devolve-natureza\/"},"author":{"name":"Telinha","@id":"https:\/\/portaltela.pt\/#\/schema\/person\/c4278d4a6028830caff9ee44b42d32ed"},"headline":"Ger\u00eas em destaque numa loja online que vende o futuro e devolve natureza","datePublished":"2026-04-06T19:16:50+00:00","mainEntityOfPage":{"@id":"https:\/\/portaltela.pt\/noticias\/2026\/04\/06\/geres-em-destaque-numa-loja-online-que-vende-o-futuro-e-devolve-natureza\/"},"wordCount":173,"image":{"@id":"https:\/\/portaltela.pt\/noticias\/2026\/04\/06\/geres-em-destaque-numa-loja-online-que-vende-o-futuro-e-devolve-natureza\/#primaryimage"},"thumbnailUrl":"https:\/\/portaltela.pt\/s.01k8rhncp4jt1\/2026\/04\/image-342.jpg","keywords":["_meio-ambiente","Algarve","conserva\u00e7\u00e3o ambiental","Lisboa","Norte","Portugal"],"articleSection":["Meio Ambiente"],"inLanguage":"pt-PT"},{"@type":"WebPage","@id":"https:\/\/portaltela.pt\/noticias\/2026\/04\/06\/geres-em-destaque-numa-loja-online-que-vende-o-futuro-e-devolve-natureza\/","url":"https:\/\/portaltela.pt\/noticias\/2026\/04\/06\/geres-em-destaque-numa-loja-online-que-vende-o-futuro-e-devolve-natureza\/","name":"Ger\u00eas em destaque numa loja online que vende o futuro e devolve natureza - Portal Tela Portugal","isPartOf":{"@id":"https:\/\/portaltela.pt\/#website"},"primaryImageOfPage":{"@id":"https:\/\/portaltela.pt\/noticias\/2026\/04\/06\/geres-em-destaque-numa-loja-online-que-vende-o-futuro-e-devolve-natureza\/#primaryimage"},"image":{"@id":"https:\/\/portaltela.pt\/noticias\/2026\/04\/06\/geres-em-destaque-numa-loja-online-que-vende-o-futuro-e-devolve-natureza\/#primaryimage"},"thumbnailUrl":"https:\/\/portaltela.pt\/s.01k8rhncp4jt1\/2026\/04\/image-342.jpg","datePublished":"2026-04-06T19:16:50+00:00","author":{"@id":"https:\/\/portaltela.pt\/#\/schema\/person\/c4278d4a6028830caff9ee44b42d32ed"},"breadcrumb":{"@id":"https:\/\/portaltela.pt\/noticias\/2026\/04\/06\/geres-em-destaque-numa-loja-online-que-vende-o-futuro-e-devolve-natureza\/#breadcrumb"},"inLanguage":"pt-PT","potentialAction":[{"@type":"ReadAction","target":["https:\/\/portaltela.pt\/noticias\/2026\/04\/06\/geres-em-destaque-numa-loja-online-que-vende-o-futuro-e-devolve-natureza\/"]}]},{"@type":"ImageObject","inLanguage":"pt-PT","@id":"https:\/\/portaltela.pt\/noticias\/2026\/04\/06\/geres-em-destaque-numa-loja-online-que-vende-o-futuro-e-devolve-natureza\/#primaryimage","url":"https:\/\/portaltela.pt\/s.01k8rhncp4jt1\/2026\/04\/image-342.jpg","contentUrl":"https:\/\/portaltela.pt\/s.01k8rhncp4jt1\/2026\/04\/image-342.jpg","width":796,"height":448,"caption":"Parque da Peneda-Ger\u00eas foi o mais apoiado na iniciativa da WWF"},{"@type":"BreadcrumbList","@id":"https:\/\/portaltela.pt\/noticias\/2026\/04\/06\/geres-em-destaque-numa-loja-online-que-vende-o-futuro-e-devolve-natureza\/#breadcrumb","itemListElement":[{"@type":"ListItem","position":1,"name":"In\u00edcio","item":"https:\/\/portaltela.pt\/"},{"@type":"ListItem","position":2,"name":"Ger\u00eas em destaque numa loja online que vende o futuro e devolve natureza"}]},{"@type":"WebSite","@id":"https:\/\/portaltela.pt\/#website","url":"https:\/\/portaltela.pt\/","name":"Portal Tela Portugal","description":"","potentialAction":[{"@type":"SearchAction","target":{"@type":"EntryPoint","urlTemplate":"https:\/\/portaltela.pt\/?s={search_term_string}"},"query-input":{"@type":"PropertyValueSpecification","valueRequired":true,"valueName":"search_term_string"}}],"inLanguage":"pt-PT"},{"@type":"Person","@id":"https:\/\/portaltela.pt\/#\/schema\/person\/c4278d4a6028830caff9ee44b42d32ed","name":"Telinha","image":{"@type":"ImageObject","inLanguage":"pt-PT","@id":"https:\/\/portaltela.pt\/s.01k8rhncp4jt1\/2025\/11\/talking-bot-125x125.png","url":"https:\/\/portaltela.pt\/s.01k8rhncp4jt1\/2025\/11\/talking-bot-125x125.png","contentUrl":"https:\/\/portaltela.pt\/s.01k8rhncp4jt1\/2025\/11\/talking-bot-125x125.png","caption":"Telinha"},"sameAs":["https:\/\/portaltela.pt\/"],"url":"https:\/\/portaltela.pt\/por\/367410592786\/"}]}},"_links":{"self":[{"href":"https:\/\/portaltela.pt\/api\/wp\/v2\/posts\/434608","targetHints":{"allow":["GET"]}}],"collection":[{"href":"https:\/\/portaltela.pt\/api\/wp\/v2\/posts"}],"about":[{"href":"https:\/\/portaltela.pt\/api\/wp\/v2\/types\/post"}],"author":[{"embeddable":true,"href":"https:\/\/portaltela.pt\/api\/wp\/v2\/users\/2"}],"replies":[{"embeddable":true,"href":"https:\/\/portaltela.pt\/api\/wp\/v2\/comments?post=434608"}],"version-history":[{"count":0,"href":"https:\/\/portaltela.pt\/api\/wp\/v2\/posts\/434608\/revisions"}],"wp:featuredmedia":[{"embeddable":true,"href":"https:\/\/portaltela.pt\/api\/wp\/v2\/media\/434609"}],"wp:attachment":[{"href":"https:\/\/portaltela.pt\/api\/wp\/v2\/media?parent=434608"}],"wp:term":[{"taxonomy":"category","embeddable":true,"href":"https:\/\/portaltela.pt\/api\/wp\/v2\/categories?post=434608"},{"taxonomy":"post_tag","embeddable":true,"href":"https:\/\/portaltela.pt\/api\/wp\/v2\/tags?post=434608"}],"curies":[{"name":"wp","href":"https:\/\/api.w.org\/{rel}","templated":true}]}}