{"id":434601,"date":"2026-04-06T16:02:26","date_gmt":"2026-04-06T19:02:26","guid":{"rendered":"https:\/\/portaltela.pt\/noticias\/2026\/04\/06\/mourinho-altera-varias-posicoes-do-onze-do-benfica\/"},"modified":"2026-04-06T16:02:26","modified_gmt":"2026-04-06T19:02:26","slug":"mourinho-altera-varias-posicoes-do-onze-do-benfica","status":"publish","type":"post","link":"https:\/\/portaltela.pt\/desporto\/futebol\/2026\/04\/06\/mourinho-altera-varias-posicoes-do-onze-do-benfica\/","title":{"rendered":"Mourinho altera v\u00e1rias posi\u00e7\u00f5es do onze do Benfica"},"content":{"rendered":"<p>O Benfica defronta o Casa Pia na \u00faltima jornada da liga, com Otamendi de volta ao 11 inicial. Barrenechea recua para o meio-campo, ap\u00f3s ter jogado a defesa no \u00faltimo encontro frente ao Vit\u00f3ria de Guimar\u00e3es. Leadro Barreiro n\u00e3o recuperou a tempo.<\/p>\n<p>Al\u00e9m disso, Lukebakio surge na equipa titular, enquanto Prestianni fica no banco de suplentes.<\/p>\n<h3>Onze do Benfica<\/h3>\n<p>Trubin; Bah, Otamendi, Ant\u00f3nio Silva e Dahl; Barrenechea e Richard R\u00edos; Lukebakio, Rafa e Schjelderup; Pavlidis.<\/p>\n<p>Prestianni fica entre os suplentes, como alternativa ao onze base.<\/p>\n","protected":false},"excerpt":{"rendered":"<ul>\n<li>Benfica defronta o Casa Pia no fecho da jornada com v\u00e1rias altera\u00e7\u00f5es no onze, segundo o briefing do treinador Jos\u00e9 Mourinho.<\/li>\n<li>Otamendi volta ao onze, castigo que obriga Barrenechea a recuar para o meio-campo; Leadro Barreiro n\u00e3o recupera e fica de fora.<\/li>\n<li>Lukebakio passa a titular, com Prestianni no banco de suplentes.<\/li>\n<li>O onze escolhido \u00e9: Trubin; Bah, Otamendi, Ant\u00f3nio Silva e Dahl; Barrenechea e Richard R\u00edos; Lukebakio, Rafa e Schjelderup; Pavlidis.<\/li>\n<li>Benfiquistas mant\u00eam-se atentos \u00e0 evolu\u00e7\u00e3o do encontro frente ao Casa Pia.<\/li>\n<\/ul>\n","protected":false},"author":2,"featured_media":434604,"comment_status":"closed","ping_status":"closed","sticky":false,"template":"","format":"standard","meta":{"footnotes":""},"categories":[21,24],"tags":[4143,32,3761,4117,3071,3817],"class_list":["post-434601","post","type-post","status-publish","format-standard","has-post-thumbnail","hentry","category-desporto","category-futebol","tag-1-liga","tag-futebol","tag-lukebakio","tag-otamendi","tag-pavlidis","tag-prestianni"],"yoast_head":"<!-- This site is optimized with the Yoast SEO plugin v27.2 - https:\/\/yoast.com\/product\/yoast-seo-wordpress\/ -->\n<title>Mourinho altera v\u00e1rias posi\u00e7\u00f5es do onze do Benfica - Portal Tela Portugal<\/title>\n<meta name=\"robots\" content=\"index, follow, max-snippet:-1, max-image-preview:large, max-video-preview:-1\" \/>\n<meta property=\"og:locale\" content=\"pt_PT\" \/>\n<meta property=\"og:type\" content=\"article\" \/>\n<meta property=\"og:title\" content=\"Mourinho altera v\u00e1rias posi\u00e7\u00f5es do onze do Benfica - Portal Tela Portugal\" \/>\n<meta property=\"og:description\" content=\"Benfica defronta o Casa Pia no fecho da jornada com v\u00e1rias altera\u00e7\u00f5es no onze, segundo o briefing do treinador Jos\u00e9 Mourinho. Otamendi volta ao onze, castigo que obriga Barrenechea a recuar para o meio-campo; Leadro Barreiro n\u00e3o recupera e fica de fora. Lukebakio passa a titular, com Prestianni no banco de suplentes. O onze escolhido \u00e9: Trubin; Bah, Otamendi, Ant\u00f3nio Silva e Dahl; Barrenechea e Richard R\u00edos; Lukebakio, Rafa e Schjelderup; Pavlidis. Benfiquistas mant\u00eam-se atentos \u00e0 evolu\u00e7\u00e3o do encontro frente ao Casa Pia.\" \/>\n<meta property=\"og:url\" content=\"https:\/\/portaltela.pt\/noticias\/2026\/04\/06\/mourinho-altera-varias-posicoes-do-onze-do-benfica\/\" \/>\n<meta property=\"og:site_name\" content=\"Portal Tela Portugal\" \/>\n<meta property=\"article:published_time\" content=\"2026-04-06T19:02:26+00:00\" \/>\n<meta name=\"author\" content=\"Telinha\" \/>\n<meta name=\"twitter:card\" content=\"summary_large_image\" \/>\n<meta name=\"twitter:label1\" content=\"Escrito por\" \/>\n\t<meta name=\"twitter:data1\" content=\"Telinha\" \/>\n<script type=\"application\/ld+json\" class=\"yoast-schema-graph\">{\"@context\":\"https:\/\/schema.org\",\"@graph\":[{\"@type\":\"Article\",\"@id\":\"https:\/\/portaltela.pt\/noticias\/2026\/04\/06\/mourinho-altera-varias-posicoes-do-onze-do-benfica\/#article\",\"isPartOf\":{\"@id\":\"https:\/\/portaltela.pt\/noticias\/2026\/04\/06\/mourinho-altera-varias-posicoes-do-onze-do-benfica\/\"},\"author\":{\"name\":\"Telinha\",\"@id\":\"https:\/\/portaltela.pt\/#\/schema\/person\/c4278d4a6028830caff9ee44b42d32ed\"},\"headline\":\"Mourinho altera v\u00e1rias posi\u00e7\u00f5es do onze do Benfica\",\"datePublished\":\"2026-04-06T19:02:26+00:00\",\"mainEntityOfPage\":{\"@id\":\"https:\/\/portaltela.pt\/noticias\/2026\/04\/06\/mourinho-altera-varias-posicoes-do-onze-do-benfica\/\"},\"wordCount\":101,\"image\":{\"@id\":\"https:\/\/portaltela.pt\/noticias\/2026\/04\/06\/mourinho-altera-varias-posicoes-do-onze-do-benfica\/#primaryimage\"},\"thumbnailUrl\":\"https:\/\/portaltela.pt\/s.01k8rhncp4jt1\/2026\/04\/image-341.jpg\",\"keywords\":[\"1. Liga\",\"futebol\",\"Lukebakio\",\"Otamendi\",\"Pavlidis\",\"Prestianni\"],\"articleSection\":[\"Desporto\",\"Futebol\"],\"inLanguage\":\"pt-PT\"},{\"@type\":\"WebPage\",\"@id\":\"https:\/\/portaltela.pt\/noticias\/2026\/04\/06\/mourinho-altera-varias-posicoes-do-onze-do-benfica\/\",\"url\":\"https:\/\/portaltela.pt\/noticias\/2026\/04\/06\/mourinho-altera-varias-posicoes-do-onze-do-benfica\/\",\"name\":\"Mourinho altera v\u00e1rias posi\u00e7\u00f5es do onze do Benfica - Portal Tela Portugal\",\"isPartOf\":{\"@id\":\"https:\/\/portaltela.pt\/#website\"},\"primaryImageOfPage\":{\"@id\":\"https:\/\/portaltela.pt\/noticias\/2026\/04\/06\/mourinho-altera-varias-posicoes-do-onze-do-benfica\/#primaryimage\"},\"image\":{\"@id\":\"https:\/\/portaltela.pt\/noticias\/2026\/04\/06\/mourinho-altera-varias-posicoes-do-onze-do-benfica\/#primaryimage\"},\"thumbnailUrl\":\"https:\/\/portaltela.pt\/s.01k8rhncp4jt1\/2026\/04\/image-341.jpg\",\"datePublished\":\"2026-04-06T19:02:26+00:00\",\"author\":{\"@id\":\"https:\/\/portaltela.pt\/#\/schema\/person\/c4278d4a6028830caff9ee44b42d32ed\"},\"breadcrumb\":{\"@id\":\"https:\/\/portaltela.pt\/noticias\/2026\/04\/06\/mourinho-altera-varias-posicoes-do-onze-do-benfica\/#breadcrumb\"},\"inLanguage\":\"pt-PT\",\"potentialAction\":[{\"@type\":\"ReadAction\",\"target\":[\"https:\/\/portaltela.pt\/noticias\/2026\/04\/06\/mourinho-altera-varias-posicoes-do-onze-do-benfica\/\"]}]},{\"@type\":\"ImageObject\",\"inLanguage\":\"pt-PT\",\"@id\":\"https:\/\/portaltela.pt\/noticias\/2026\/04\/06\/mourinho-altera-varias-posicoes-do-onze-do-benfica\/#primaryimage\",\"url\":\"https:\/\/portaltela.pt\/s.01k8rhncp4jt1\/2026\/04\/image-341.jpg\",\"contentUrl\":\"https:\/\/portaltela.pt\/s.01k8rhncp4jt1\/2026\/04\/image-341.jpg\",\"width\":796,\"height\":448,\"caption\":\"Jos\u00e9 Mourinho, treinador do Benfica\"},{\"@type\":\"BreadcrumbList\",\"@id\":\"https:\/\/portaltela.pt\/noticias\/2026\/04\/06\/mourinho-altera-varias-posicoes-do-onze-do-benfica\/#breadcrumb\",\"itemListElement\":[{\"@type\":\"ListItem\",\"position\":1,\"name\":\"In\u00edcio\",\"item\":\"https:\/\/portaltela.pt\/\"},{\"@type\":\"ListItem\",\"position\":2,\"name\":\"Mourinho altera v\u00e1rias posi\u00e7\u00f5es do onze do Benfica\"}]},{\"@type\":\"WebSite\",\"@id\":\"https:\/\/portaltela.pt\/#website\",\"url\":\"https:\/\/portaltela.pt\/\",\"name\":\"Portal Tela Portugal\",\"description\":\"\",\"potentialAction\":[{\"@type\":\"SearchAction\",\"target\":{\"@type\":\"EntryPoint\",\"urlTemplate\":\"https:\/\/portaltela.pt\/?s={search_term_string}\"},\"query-input\":{\"@type\":\"PropertyValueSpecification\",\"valueRequired\":true,\"valueName\":\"search_term_string\"}}],\"inLanguage\":\"pt-PT\"},{\"@type\":\"Person\",\"@id\":\"https:\/\/portaltela.pt\/#\/schema\/person\/c4278d4a6028830caff9ee44b42d32ed\",\"name\":\"Telinha\",\"image\":{\"@type\":\"ImageObject\",\"inLanguage\":\"pt-PT\",\"@id\":\"https:\/\/portaltela.pt\/s.01k8rhncp4jt1\/2025\/11\/talking-bot-125x125.png\",\"url\":\"https:\/\/portaltela.pt\/s.01k8rhncp4jt1\/2025\/11\/talking-bot-125x125.png\",\"contentUrl\":\"https:\/\/portaltela.pt\/s.01k8rhncp4jt1\/2025\/11\/talking-bot-125x125.png\",\"caption\":\"Telinha\"},\"sameAs\":[\"https:\/\/portaltela.pt\/\"],\"url\":\"https:\/\/portaltela.pt\/por\/367410592786\/\"}]}<\/script>\n<!-- \/ Yoast SEO plugin. -->","yoast_head_json":{"title":"Mourinho altera v\u00e1rias posi\u00e7\u00f5es do onze do Benfica - Portal Tela Portugal","robots":{"index":"index","follow":"follow","max-snippet":"max-snippet:-1","max-image-preview":"max-image-preview:large","max-video-preview":"max-video-preview:-1"},"og_locale":"pt_PT","og_type":"article","og_title":"Mourinho altera v\u00e1rias posi\u00e7\u00f5es do onze do Benfica - Portal Tela Portugal","og_description":"Benfica defronta o Casa Pia no fecho da jornada com v\u00e1rias altera\u00e7\u00f5es no onze, segundo o briefing do treinador Jos\u00e9 Mourinho. Otamendi volta ao onze, castigo que obriga Barrenechea a recuar para o meio-campo; Leadro Barreiro n\u00e3o recupera e fica de fora. Lukebakio passa a titular, com Prestianni no banco de suplentes. O onze escolhido \u00e9: Trubin; Bah, Otamendi, Ant\u00f3nio Silva e Dahl; Barrenechea e Richard R\u00edos; Lukebakio, Rafa e Schjelderup; Pavlidis. Benfiquistas mant\u00eam-se atentos \u00e0 evolu\u00e7\u00e3o do encontro frente ao Casa Pia.","og_url":"https:\/\/portaltela.pt\/noticias\/2026\/04\/06\/mourinho-altera-varias-posicoes-do-onze-do-benfica\/","og_site_name":"Portal Tela Portugal","article_published_time":"2026-04-06T19:02:26+00:00","author":"Telinha","twitter_card":"summary_large_image","twitter_misc":{"Escrito por":"Telinha"},"schema":{"@context":"https:\/\/schema.org","@graph":[{"@type":"Article","@id":"https:\/\/portaltela.pt\/noticias\/2026\/04\/06\/mourinho-altera-varias-posicoes-do-onze-do-benfica\/#article","isPartOf":{"@id":"https:\/\/portaltela.pt\/noticias\/2026\/04\/06\/mourinho-altera-varias-posicoes-do-onze-do-benfica\/"},"author":{"name":"Telinha","@id":"https:\/\/portaltela.pt\/#\/schema\/person\/c4278d4a6028830caff9ee44b42d32ed"},"headline":"Mourinho altera v\u00e1rias posi\u00e7\u00f5es do onze do Benfica","datePublished":"2026-04-06T19:02:26+00:00","mainEntityOfPage":{"@id":"https:\/\/portaltela.pt\/noticias\/2026\/04\/06\/mourinho-altera-varias-posicoes-do-onze-do-benfica\/"},"wordCount":101,"image":{"@id":"https:\/\/portaltela.pt\/noticias\/2026\/04\/06\/mourinho-altera-varias-posicoes-do-onze-do-benfica\/#primaryimage"},"thumbnailUrl":"https:\/\/portaltela.pt\/s.01k8rhncp4jt1\/2026\/04\/image-341.jpg","keywords":["1. Liga","futebol","Lukebakio","Otamendi","Pavlidis","Prestianni"],"articleSection":["Desporto","Futebol"],"inLanguage":"pt-PT"},{"@type":"WebPage","@id":"https:\/\/portaltela.pt\/noticias\/2026\/04\/06\/mourinho-altera-varias-posicoes-do-onze-do-benfica\/","url":"https:\/\/portaltela.pt\/noticias\/2026\/04\/06\/mourinho-altera-varias-posicoes-do-onze-do-benfica\/","name":"Mourinho altera v\u00e1rias posi\u00e7\u00f5es do onze do Benfica - Portal Tela Portugal","isPartOf":{"@id":"https:\/\/portaltela.pt\/#website"},"primaryImageOfPage":{"@id":"https:\/\/portaltela.pt\/noticias\/2026\/04\/06\/mourinho-altera-varias-posicoes-do-onze-do-benfica\/#primaryimage"},"image":{"@id":"https:\/\/portaltela.pt\/noticias\/2026\/04\/06\/mourinho-altera-varias-posicoes-do-onze-do-benfica\/#primaryimage"},"thumbnailUrl":"https:\/\/portaltela.pt\/s.01k8rhncp4jt1\/2026\/04\/image-341.jpg","datePublished":"2026-04-06T19:02:26+00:00","author":{"@id":"https:\/\/portaltela.pt\/#\/schema\/person\/c4278d4a6028830caff9ee44b42d32ed"},"breadcrumb":{"@id":"https:\/\/portaltela.pt\/noticias\/2026\/04\/06\/mourinho-altera-varias-posicoes-do-onze-do-benfica\/#breadcrumb"},"inLanguage":"pt-PT","potentialAction":[{"@type":"ReadAction","target":["https:\/\/portaltela.pt\/noticias\/2026\/04\/06\/mourinho-altera-varias-posicoes-do-onze-do-benfica\/"]}]},{"@type":"ImageObject","inLanguage":"pt-PT","@id":"https:\/\/portaltela.pt\/noticias\/2026\/04\/06\/mourinho-altera-varias-posicoes-do-onze-do-benfica\/#primaryimage","url":"https:\/\/portaltela.pt\/s.01k8rhncp4jt1\/2026\/04\/image-341.jpg","contentUrl":"https:\/\/portaltela.pt\/s.01k8rhncp4jt1\/2026\/04\/image-341.jpg","width":796,"height":448,"caption":"Jos\u00e9 Mourinho, treinador do Benfica"},{"@type":"BreadcrumbList","@id":"https:\/\/portaltela.pt\/noticias\/2026\/04\/06\/mourinho-altera-varias-posicoes-do-onze-do-benfica\/#breadcrumb","itemListElement":[{"@type":"ListItem","position":1,"name":"In\u00edcio","item":"https:\/\/portaltela.pt\/"},{"@type":"ListItem","position":2,"name":"Mourinho altera v\u00e1rias posi\u00e7\u00f5es do onze do Benfica"}]},{"@type":"WebSite","@id":"https:\/\/portaltela.pt\/#website","url":"https:\/\/portaltela.pt\/","name":"Portal Tela Portugal","description":"","potentialAction":[{"@type":"SearchAction","target":{"@type":"EntryPoint","urlTemplate":"https:\/\/portaltela.pt\/?s={search_term_string}"},"query-input":{"@type":"PropertyValueSpecification","valueRequired":true,"valueName":"search_term_string"}}],"inLanguage":"pt-PT"},{"@type":"Person","@id":"https:\/\/portaltela.pt\/#\/schema\/person\/c4278d4a6028830caff9ee44b42d32ed","name":"Telinha","image":{"@type":"ImageObject","inLanguage":"pt-PT","@id":"https:\/\/portaltela.pt\/s.01k8rhncp4jt1\/2025\/11\/talking-bot-125x125.png","url":"https:\/\/portaltela.pt\/s.01k8rhncp4jt1\/2025\/11\/talking-bot-125x125.png","contentUrl":"https:\/\/portaltela.pt\/s.01k8rhncp4jt1\/2025\/11\/talking-bot-125x125.png","caption":"Telinha"},"sameAs":["https:\/\/portaltela.pt\/"],"url":"https:\/\/portaltela.pt\/por\/367410592786\/"}]}},"_links":{"self":[{"href":"https:\/\/portaltela.pt\/api\/wp\/v2\/posts\/434601","targetHints":{"allow":["GET"]}}],"collection":[{"href":"https:\/\/portaltela.pt\/api\/wp\/v2\/posts"}],"about":[{"href":"https:\/\/portaltela.pt\/api\/wp\/v2\/types\/post"}],"author":[{"embeddable":true,"href":"https:\/\/portaltela.pt\/api\/wp\/v2\/users\/2"}],"replies":[{"embeddable":true,"href":"https:\/\/portaltela.pt\/api\/wp\/v2\/comments?post=434601"}],"version-history":[{"count":0,"href":"https:\/\/portaltela.pt\/api\/wp\/v2\/posts\/434601\/revisions"}],"wp:featuredmedia":[{"embeddable":true,"href":"https:\/\/portaltela.pt\/api\/wp\/v2\/media\/434604"}],"wp:attachment":[{"href":"https:\/\/portaltela.pt\/api\/wp\/v2\/media?parent=434601"}],"wp:term":[{"taxonomy":"category","embeddable":true,"href":"https:\/\/portaltela.pt\/api\/wp\/v2\/categories?post=434601"},{"taxonomy":"post_tag","embeddable":true,"href":"https:\/\/portaltela.pt\/api\/wp\/v2\/tags?post=434601"}],"curies":[{"name":"wp","href":"https:\/\/api.w.org\/{rel}","templated":true}]}}