{"id":434596,"date":"2026-04-06T16:02:22","date_gmt":"2026-04-06T19:02:22","guid":{"rendered":"https:\/\/portaltela.pt\/noticias\/2026\/04\/06\/gesto-de-sergio-conceicao-com-adepto-recebe-elogios-na-arabia-saudita\/"},"modified":"2026-04-06T16:02:22","modified_gmt":"2026-04-06T19:02:22","slug":"gesto-de-sergio-conceicao-com-adepto-recebe-elogios-na-arabia-saudita","status":"publish","type":"post","link":"https:\/\/portaltela.pt\/desporto\/futebol\/2026\/04\/06\/gesto-de-sergio-conceicao-com-adepto-recebe-elogios-na-arabia-saudita\/","title":{"rendered":"Gesto de S\u00e9rgio Concei\u00e7\u00e3o com adepto recebe elogios na Ar\u00e1bia Saudita"},"content":{"rendered":"<p>Ap\u00f3s o jogo entre Al Ittihad e Al Hazem, que terminou 1-0 a favor da equipa de S\u00e9rgio Concei\u00e7\u00e3o, o treinador portugu\u00eas dirigiu-se \u00e0s bancadas e falou com um adepto que pedia uma exibi\u00e7\u00e3o mais s\u00f3lida.<\/p>\n<p>Depois da conversa, Concei\u00e7\u00e3o e o adepto abra\u00e7aram-se, gesto que ganhou evid\u00eancia na imprensa da Ar\u00e1bia Saudita. A reportagem destacou a humanidade do momento e o impacto entre os f\u00e3s.<\/p>\n<p>Khalid Al Shehri, jornalista da Saudi Sports Media, comentou que a atitude foi bonita e que nem muitos l\u00edderes desportivos reagiriam da mesma forma, valorizando o contato direto com o p\u00fablico.<\/p>\n","protected":false},"excerpt":{"rendered":"<ul>\n<li>O Al Ittihad venceu o Al Hazem por 1-0, num jogo em que S\u00e9rgio Concei\u00e7\u00e3o esteve no banco de suplentes.<\/li>\n<li>No final da partida, o treinador portugu\u00eas dirigiu-se \u00e0s bancadas para falar com um adepto do clube.<\/li>\n<li>Concei\u00e7\u00e3o e o adepto acabaram por abra\u00e7ar-se, gesto que chamou a aten\u00e7\u00e3o da imprensa na Ar\u00e1bia Saudita.<\/li>\n<li>Khalid Al Shehri, jornalista da Saudi Sports Media, elogiou a atitude do t\u00e9cnico portugu\u00eas, destacando a sua a\u00e7\u00e3o junto do adepto.<\/li>\n<\/ul>\n","protected":false},"author":2,"featured_media":434599,"comment_status":"closed","ping_status":"closed","sticky":false,"template":"","format":"standard","meta":{"footnotes":""},"categories":[21,24],"tags":[7755,1016,3393,40,6126],"class_list":["post-434596","post","type-post","status-publish","format-standard","has-post-thumbnail","hentry","category-desporto","category-futebol","tag-_futebol","tag-arabia-saudita","tag-humanizacao","tag-pessoas","tag-publico"],"yoast_head":"<!-- This site is optimized with the Yoast SEO plugin v27.2 - https:\/\/yoast.com\/product\/yoast-seo-wordpress\/ -->\n<title>Gesto de S\u00e9rgio Concei\u00e7\u00e3o com adepto recebe elogios na Ar\u00e1bia Saudita - Portal Tela Portugal<\/title>\n<meta name=\"robots\" content=\"index, follow, max-snippet:-1, max-image-preview:large, max-video-preview:-1\" \/>\n<meta property=\"og:locale\" content=\"pt_PT\" \/>\n<meta property=\"og:type\" content=\"article\" \/>\n<meta property=\"og:title\" content=\"Gesto de S\u00e9rgio Concei\u00e7\u00e3o com adepto recebe elogios na Ar\u00e1bia Saudita - Portal Tela Portugal\" \/>\n<meta property=\"og:description\" content=\"O Al Ittihad venceu o Al Hazem por 1-0, num jogo em que S\u00e9rgio Concei\u00e7\u00e3o esteve no banco de suplentes. No final da partida, o treinador portugu\u00eas dirigiu-se \u00e0s bancadas para falar com um adepto do clube. Concei\u00e7\u00e3o e o adepto acabaram por abra\u00e7ar-se, gesto que chamou a aten\u00e7\u00e3o da imprensa na Ar\u00e1bia Saudita. Khalid Al Shehri, jornalista da Saudi Sports Media, elogiou a atitude do t\u00e9cnico portugu\u00eas, destacando a sua a\u00e7\u00e3o junto do adepto.\" \/>\n<meta property=\"og:url\" content=\"https:\/\/portaltela.pt\/noticias\/2026\/04\/06\/gesto-de-sergio-conceicao-com-adepto-recebe-elogios-na-arabia-saudita\/\" \/>\n<meta property=\"og:site_name\" content=\"Portal Tela Portugal\" \/>\n<meta property=\"article:published_time\" content=\"2026-04-06T19:02:22+00:00\" \/>\n<meta name=\"author\" content=\"Telinha\" \/>\n<meta name=\"twitter:card\" content=\"summary_large_image\" \/>\n<meta name=\"twitter:label1\" content=\"Escrito por\" \/>\n\t<meta name=\"twitter:data1\" content=\"Telinha\" \/>\n\t<meta name=\"twitter:label2\" content=\"Tempo estimado de leitura\" \/>\n\t<meta name=\"twitter:data2\" content=\"1 minuto\" \/>\n<script type=\"application\/ld+json\" class=\"yoast-schema-graph\">{\"@context\":\"https:\/\/schema.org\",\"@graph\":[{\"@type\":\"Article\",\"@id\":\"https:\/\/portaltela.pt\/noticias\/2026\/04\/06\/gesto-de-sergio-conceicao-com-adepto-recebe-elogios-na-arabia-saudita\/#article\",\"isPartOf\":{\"@id\":\"https:\/\/portaltela.pt\/noticias\/2026\/04\/06\/gesto-de-sergio-conceicao-com-adepto-recebe-elogios-na-arabia-saudita\/\"},\"author\":{\"name\":\"Telinha\",\"@id\":\"https:\/\/portaltela.pt\/#\/schema\/person\/c4278d4a6028830caff9ee44b42d32ed\"},\"headline\":\"Gesto de S\u00e9rgio Concei\u00e7\u00e3o com adepto recebe elogios na Ar\u00e1bia Saudita\",\"datePublished\":\"2026-04-06T19:02:22+00:00\",\"mainEntityOfPage\":{\"@id\":\"https:\/\/portaltela.pt\/noticias\/2026\/04\/06\/gesto-de-sergio-conceicao-com-adepto-recebe-elogios-na-arabia-saudita\/\"},\"wordCount\":124,\"image\":{\"@id\":\"https:\/\/portaltela.pt\/noticias\/2026\/04\/06\/gesto-de-sergio-conceicao-com-adepto-recebe-elogios-na-arabia-saudita\/#primaryimage\"},\"thumbnailUrl\":\"https:\/\/portaltela.pt\/s.01k8rhncp4jt1\/2026\/04\/img_920x518uu2026-04-04-18-06-57-2431094.jpg\",\"keywords\":[\"_futebol\",\"Ar\u00e1bia Saudita\",\"humaniza\u00e7\u00e3o\",\"pessoas\",\"p\u00fablico\"],\"articleSection\":[\"Desporto\",\"Futebol\"],\"inLanguage\":\"pt-PT\"},{\"@type\":\"WebPage\",\"@id\":\"https:\/\/portaltela.pt\/noticias\/2026\/04\/06\/gesto-de-sergio-conceicao-com-adepto-recebe-elogios-na-arabia-saudita\/\",\"url\":\"https:\/\/portaltela.pt\/noticias\/2026\/04\/06\/gesto-de-sergio-conceicao-com-adepto-recebe-elogios-na-arabia-saudita\/\",\"name\":\"Gesto de S\u00e9rgio Concei\u00e7\u00e3o com adepto recebe elogios na Ar\u00e1bia Saudita - Portal Tela Portugal\",\"isPartOf\":{\"@id\":\"https:\/\/portaltela.pt\/#website\"},\"primaryImageOfPage\":{\"@id\":\"https:\/\/portaltela.pt\/noticias\/2026\/04\/06\/gesto-de-sergio-conceicao-com-adepto-recebe-elogios-na-arabia-saudita\/#primaryimage\"},\"image\":{\"@id\":\"https:\/\/portaltela.pt\/noticias\/2026\/04\/06\/gesto-de-sergio-conceicao-com-adepto-recebe-elogios-na-arabia-saudita\/#primaryimage\"},\"thumbnailUrl\":\"https:\/\/portaltela.pt\/s.01k8rhncp4jt1\/2026\/04\/img_920x518uu2026-04-04-18-06-57-2431094.jpg\",\"datePublished\":\"2026-04-06T19:02:22+00:00\",\"author\":{\"@id\":\"https:\/\/portaltela.pt\/#\/schema\/person\/c4278d4a6028830caff9ee44b42d32ed\"},\"breadcrumb\":{\"@id\":\"https:\/\/portaltela.pt\/noticias\/2026\/04\/06\/gesto-de-sergio-conceicao-com-adepto-recebe-elogios-na-arabia-saudita\/#breadcrumb\"},\"inLanguage\":\"pt-PT\",\"potentialAction\":[{\"@type\":\"ReadAction\",\"target\":[\"https:\/\/portaltela.pt\/noticias\/2026\/04\/06\/gesto-de-sergio-conceicao-com-adepto-recebe-elogios-na-arabia-saudita\/\"]}]},{\"@type\":\"ImageObject\",\"inLanguage\":\"pt-PT\",\"@id\":\"https:\/\/portaltela.pt\/noticias\/2026\/04\/06\/gesto-de-sergio-conceicao-com-adepto-recebe-elogios-na-arabia-saudita\/#primaryimage\",\"url\":\"https:\/\/portaltela.pt\/s.01k8rhncp4jt1\/2026\/04\/img_920x518uu2026-04-04-18-06-57-2431094.jpg\",\"contentUrl\":\"https:\/\/portaltela.pt\/s.01k8rhncp4jt1\/2026\/04\/img_920x518uu2026-04-04-18-06-57-2431094.jpg\",\"width\":796,\"height\":448,\"caption\":\"Adepto do Al Ittihad pediu justifica\u00e7\u00f5es a S\u00e9rgio Concei\u00e7\u00e3o e os dois acabaram... abra\u00e7ados\"},{\"@type\":\"BreadcrumbList\",\"@id\":\"https:\/\/portaltela.pt\/noticias\/2026\/04\/06\/gesto-de-sergio-conceicao-com-adepto-recebe-elogios-na-arabia-saudita\/#breadcrumb\",\"itemListElement\":[{\"@type\":\"ListItem\",\"position\":1,\"name\":\"In\u00edcio\",\"item\":\"https:\/\/portaltela.pt\/\"},{\"@type\":\"ListItem\",\"position\":2,\"name\":\"Gesto de S\u00e9rgio Concei\u00e7\u00e3o com adepto recebe elogios na Ar\u00e1bia Saudita\"}]},{\"@type\":\"WebSite\",\"@id\":\"https:\/\/portaltela.pt\/#website\",\"url\":\"https:\/\/portaltela.pt\/\",\"name\":\"Portal Tela Portugal\",\"description\":\"\",\"potentialAction\":[{\"@type\":\"SearchAction\",\"target\":{\"@type\":\"EntryPoint\",\"urlTemplate\":\"https:\/\/portaltela.pt\/?s={search_term_string}\"},\"query-input\":{\"@type\":\"PropertyValueSpecification\",\"valueRequired\":true,\"valueName\":\"search_term_string\"}}],\"inLanguage\":\"pt-PT\"},{\"@type\":\"Person\",\"@id\":\"https:\/\/portaltela.pt\/#\/schema\/person\/c4278d4a6028830caff9ee44b42d32ed\",\"name\":\"Telinha\",\"image\":{\"@type\":\"ImageObject\",\"inLanguage\":\"pt-PT\",\"@id\":\"https:\/\/portaltela.pt\/s.01k8rhncp4jt1\/2025\/11\/talking-bot-125x125.png\",\"url\":\"https:\/\/portaltela.pt\/s.01k8rhncp4jt1\/2025\/11\/talking-bot-125x125.png\",\"contentUrl\":\"https:\/\/portaltela.pt\/s.01k8rhncp4jt1\/2025\/11\/talking-bot-125x125.png\",\"caption\":\"Telinha\"},\"sameAs\":[\"https:\/\/portaltela.pt\/\"],\"url\":\"https:\/\/portaltela.pt\/por\/367410592786\/\"}]}<\/script>\n<!-- \/ Yoast SEO plugin. -->","yoast_head_json":{"title":"Gesto de S\u00e9rgio Concei\u00e7\u00e3o com adepto recebe elogios na Ar\u00e1bia Saudita - Portal Tela Portugal","robots":{"index":"index","follow":"follow","max-snippet":"max-snippet:-1","max-image-preview":"max-image-preview:large","max-video-preview":"max-video-preview:-1"},"og_locale":"pt_PT","og_type":"article","og_title":"Gesto de S\u00e9rgio Concei\u00e7\u00e3o com adepto recebe elogios na Ar\u00e1bia Saudita - Portal Tela Portugal","og_description":"O Al Ittihad venceu o Al Hazem por 1-0, num jogo em que S\u00e9rgio Concei\u00e7\u00e3o esteve no banco de suplentes. No final da partida, o treinador portugu\u00eas dirigiu-se \u00e0s bancadas para falar com um adepto do clube. Concei\u00e7\u00e3o e o adepto acabaram por abra\u00e7ar-se, gesto que chamou a aten\u00e7\u00e3o da imprensa na Ar\u00e1bia Saudita. Khalid Al Shehri, jornalista da Saudi Sports Media, elogiou a atitude do t\u00e9cnico portugu\u00eas, destacando a sua a\u00e7\u00e3o junto do adepto.","og_url":"https:\/\/portaltela.pt\/noticias\/2026\/04\/06\/gesto-de-sergio-conceicao-com-adepto-recebe-elogios-na-arabia-saudita\/","og_site_name":"Portal Tela Portugal","article_published_time":"2026-04-06T19:02:22+00:00","author":"Telinha","twitter_card":"summary_large_image","twitter_misc":{"Escrito por":"Telinha","Tempo estimado de leitura":"1 minuto"},"schema":{"@context":"https:\/\/schema.org","@graph":[{"@type":"Article","@id":"https:\/\/portaltela.pt\/noticias\/2026\/04\/06\/gesto-de-sergio-conceicao-com-adepto-recebe-elogios-na-arabia-saudita\/#article","isPartOf":{"@id":"https:\/\/portaltela.pt\/noticias\/2026\/04\/06\/gesto-de-sergio-conceicao-com-adepto-recebe-elogios-na-arabia-saudita\/"},"author":{"name":"Telinha","@id":"https:\/\/portaltela.pt\/#\/schema\/person\/c4278d4a6028830caff9ee44b42d32ed"},"headline":"Gesto de S\u00e9rgio Concei\u00e7\u00e3o com adepto recebe elogios na Ar\u00e1bia Saudita","datePublished":"2026-04-06T19:02:22+00:00","mainEntityOfPage":{"@id":"https:\/\/portaltela.pt\/noticias\/2026\/04\/06\/gesto-de-sergio-conceicao-com-adepto-recebe-elogios-na-arabia-saudita\/"},"wordCount":124,"image":{"@id":"https:\/\/portaltela.pt\/noticias\/2026\/04\/06\/gesto-de-sergio-conceicao-com-adepto-recebe-elogios-na-arabia-saudita\/#primaryimage"},"thumbnailUrl":"https:\/\/portaltela.pt\/s.01k8rhncp4jt1\/2026\/04\/img_920x518uu2026-04-04-18-06-57-2431094.jpg","keywords":["_futebol","Ar\u00e1bia Saudita","humaniza\u00e7\u00e3o","pessoas","p\u00fablico"],"articleSection":["Desporto","Futebol"],"inLanguage":"pt-PT"},{"@type":"WebPage","@id":"https:\/\/portaltela.pt\/noticias\/2026\/04\/06\/gesto-de-sergio-conceicao-com-adepto-recebe-elogios-na-arabia-saudita\/","url":"https:\/\/portaltela.pt\/noticias\/2026\/04\/06\/gesto-de-sergio-conceicao-com-adepto-recebe-elogios-na-arabia-saudita\/","name":"Gesto de S\u00e9rgio Concei\u00e7\u00e3o com adepto recebe elogios na Ar\u00e1bia Saudita - Portal Tela Portugal","isPartOf":{"@id":"https:\/\/portaltela.pt\/#website"},"primaryImageOfPage":{"@id":"https:\/\/portaltela.pt\/noticias\/2026\/04\/06\/gesto-de-sergio-conceicao-com-adepto-recebe-elogios-na-arabia-saudita\/#primaryimage"},"image":{"@id":"https:\/\/portaltela.pt\/noticias\/2026\/04\/06\/gesto-de-sergio-conceicao-com-adepto-recebe-elogios-na-arabia-saudita\/#primaryimage"},"thumbnailUrl":"https:\/\/portaltela.pt\/s.01k8rhncp4jt1\/2026\/04\/img_920x518uu2026-04-04-18-06-57-2431094.jpg","datePublished":"2026-04-06T19:02:22+00:00","author":{"@id":"https:\/\/portaltela.pt\/#\/schema\/person\/c4278d4a6028830caff9ee44b42d32ed"},"breadcrumb":{"@id":"https:\/\/portaltela.pt\/noticias\/2026\/04\/06\/gesto-de-sergio-conceicao-com-adepto-recebe-elogios-na-arabia-saudita\/#breadcrumb"},"inLanguage":"pt-PT","potentialAction":[{"@type":"ReadAction","target":["https:\/\/portaltela.pt\/noticias\/2026\/04\/06\/gesto-de-sergio-conceicao-com-adepto-recebe-elogios-na-arabia-saudita\/"]}]},{"@type":"ImageObject","inLanguage":"pt-PT","@id":"https:\/\/portaltela.pt\/noticias\/2026\/04\/06\/gesto-de-sergio-conceicao-com-adepto-recebe-elogios-na-arabia-saudita\/#primaryimage","url":"https:\/\/portaltela.pt\/s.01k8rhncp4jt1\/2026\/04\/img_920x518uu2026-04-04-18-06-57-2431094.jpg","contentUrl":"https:\/\/portaltela.pt\/s.01k8rhncp4jt1\/2026\/04\/img_920x518uu2026-04-04-18-06-57-2431094.jpg","width":796,"height":448,"caption":"Adepto do Al Ittihad pediu justifica\u00e7\u00f5es a S\u00e9rgio Concei\u00e7\u00e3o e os dois acabaram... abra\u00e7ados"},{"@type":"BreadcrumbList","@id":"https:\/\/portaltela.pt\/noticias\/2026\/04\/06\/gesto-de-sergio-conceicao-com-adepto-recebe-elogios-na-arabia-saudita\/#breadcrumb","itemListElement":[{"@type":"ListItem","position":1,"name":"In\u00edcio","item":"https:\/\/portaltela.pt\/"},{"@type":"ListItem","position":2,"name":"Gesto de S\u00e9rgio Concei\u00e7\u00e3o com adepto recebe elogios na Ar\u00e1bia Saudita"}]},{"@type":"WebSite","@id":"https:\/\/portaltela.pt\/#website","url":"https:\/\/portaltela.pt\/","name":"Portal Tela Portugal","description":"","potentialAction":[{"@type":"SearchAction","target":{"@type":"EntryPoint","urlTemplate":"https:\/\/portaltela.pt\/?s={search_term_string}"},"query-input":{"@type":"PropertyValueSpecification","valueRequired":true,"valueName":"search_term_string"}}],"inLanguage":"pt-PT"},{"@type":"Person","@id":"https:\/\/portaltela.pt\/#\/schema\/person\/c4278d4a6028830caff9ee44b42d32ed","name":"Telinha","image":{"@type":"ImageObject","inLanguage":"pt-PT","@id":"https:\/\/portaltela.pt\/s.01k8rhncp4jt1\/2025\/11\/talking-bot-125x125.png","url":"https:\/\/portaltela.pt\/s.01k8rhncp4jt1\/2025\/11\/talking-bot-125x125.png","contentUrl":"https:\/\/portaltela.pt\/s.01k8rhncp4jt1\/2025\/11\/talking-bot-125x125.png","caption":"Telinha"},"sameAs":["https:\/\/portaltela.pt\/"],"url":"https:\/\/portaltela.pt\/por\/367410592786\/"}]}},"_links":{"self":[{"href":"https:\/\/portaltela.pt\/api\/wp\/v2\/posts\/434596","targetHints":{"allow":["GET"]}}],"collection":[{"href":"https:\/\/portaltela.pt\/api\/wp\/v2\/posts"}],"about":[{"href":"https:\/\/portaltela.pt\/api\/wp\/v2\/types\/post"}],"author":[{"embeddable":true,"href":"https:\/\/portaltela.pt\/api\/wp\/v2\/users\/2"}],"replies":[{"embeddable":true,"href":"https:\/\/portaltela.pt\/api\/wp\/v2\/comments?post=434596"}],"version-history":[{"count":0,"href":"https:\/\/portaltela.pt\/api\/wp\/v2\/posts\/434596\/revisions"}],"wp:featuredmedia":[{"embeddable":true,"href":"https:\/\/portaltela.pt\/api\/wp\/v2\/media\/434599"}],"wp:attachment":[{"href":"https:\/\/portaltela.pt\/api\/wp\/v2\/media?parent=434596"}],"wp:term":[{"taxonomy":"category","embeddable":true,"href":"https:\/\/portaltela.pt\/api\/wp\/v2\/categories?post=434596"},{"taxonomy":"post_tag","embeddable":true,"href":"https:\/\/portaltela.pt\/api\/wp\/v2\/tags?post=434596"}],"curies":[{"name":"wp","href":"https:\/\/api.w.org\/{rel}","templated":true}]}}