{"id":434594,"date":"2026-04-06T16:02:19","date_gmt":"2026-04-06T19:02:19","guid":{"rendered":"https:\/\/portaltela.pt\/noticias\/2026\/04\/06\/arteta-elogia-registo-do-sporting-em-alvalade\/"},"modified":"2026-04-06T16:02:19","modified_gmt":"2026-04-06T19:02:19","slug":"arteta-elogia-registo-do-sporting-em-alvalade","status":"publish","type":"post","link":"https:\/\/portaltela.pt\/desporto\/futebol\/2026\/04\/06\/arteta-elogia-registo-do-sporting-em-alvalade\/","title":{"rendered":"Arteta elogia registo do Sporting em Alvalade"},"content":{"rendered":"<p>O treinador do Arsenal, Mikel Arteta, afirmou estar atento ao pr\u00f3ximo duelo com o Sporting, em Alvalade. O t\u00e9cnico espanhol revelou ter conversado com Gy\u00f6keres para perceber melhor as din\u00e2micas da equipa leonina e as respetivas din\u00e2micas t\u00e1ticas. Al\u00e9m disso, destacou o momento da equipa de Rui Borges em casa e a sua capacidade de manter o n\u00edvel de desempenho.<\/p>\n<p>Arteta referiu que o registo do Sporting em casa \u00e9 not\u00e1vel, sublinhando as 17 vit\u00f3rias consecutivas em casa. Contudo, desvalorizou a goleada da temporada passada, lembrando que as equipas mudam e que o Sporting se apresenta com uma identidade diferente. O treinador do Arsenal disse ainda ter ficado satisfeito por o sueco regressar ao clube com humor positivo.<\/p>\n<p>Gy\u00f6keres mostrou-se feliz por regressar ao Sporting, segundo o (texto reproduzido por Arteta). O ingl\u00eas falado pelo argentino? O atleta expressou satisfa\u00e7\u00e3o pelo tempo passado em Lisboa, pela import\u00e2ncia do Sporting na sua carreira e pela oportunidade de disputar pela primeira vez uma fase da Champions. A men\u00e7\u00e3o refor\u00e7a a motiva\u00e7\u00e3o do jogador para o regresso.<\/p>\n<h3>Sporting e Rui Borges em foco<\/h3>\n<p>Arteta elogiou o t\u00e9cnico Rui Borges, destacando o rendimento da equipa leonina e a evolu\u00e7\u00e3o dos jogadores. O espanhol frisou a exist\u00eancia de uma maior variabilidade no plantel que permite uma ofensiva intensa. O treinador destacou ainda o trabalho do treinador transmontano na constru\u00e7\u00e3o de uma equipa agressiva no ataque.<\/p>\n","protected":false},"excerpt":{"rendered":"<ul>\n<li>O treinador do Arsenal, Mikel Arteta, foi cauteloso para o encontro com o Sporting e disse ter falado com Gy\u00f6keres para perceber as din\u00e2micas da equipa de Rui Borges.<\/li>\n<li>Arteta destacou o recorde do Sporting em Alvalade, referindo as 17 vit\u00f3rias consecutivas em casa.<\/li>\n<li>Desvalorizou a goleada da \u00e9poca anterior, lembrando que as equipas mudam e que o Sporting j\u00e1 derrotou o PSG no pr\u00f3prio est\u00e1dio.<\/li>\n<li>Sobre Gy\u00f6keres, afirmou que est\u00e1 muito excitado por regressar e que sente gratid\u00e3o pelo tempo que passou no clube.<\/li>\n<li>Elogiou Rui Borges, dizendo que \u00e9 um treinador muito bom e que o Sporting tem evolu\u00eddo, com uma equipa que ataca com muitos jogadores.<\/li>\n<\/ul>\n","protected":false},"author":2,"featured_media":434597,"comment_status":"closed","ping_status":"closed","sticky":false,"template":"","format":"standard","meta":{"footnotes":""},"categories":[21,24],"tags":[1588,3577,32,242,2635,1652],"class_list":["post-434594","post","type-post","status-publish","format-standard","has-post-thumbnail","hentry","category-desporto","category-futebol","tag-alvalade","tag-champions-league","tag-futebol","tag-jogadores","tag-rui-borges","tag-sporting"],"yoast_head":"<!-- This site is optimized with the Yoast SEO plugin v27.2 - https:\/\/yoast.com\/product\/yoast-seo-wordpress\/ -->\n<title>Arteta elogia registo do Sporting em Alvalade - Portal Tela Portugal<\/title>\n<meta name=\"robots\" content=\"index, follow, max-snippet:-1, max-image-preview:large, max-video-preview:-1\" \/>\n<meta property=\"og:locale\" content=\"pt_PT\" \/>\n<meta property=\"og:type\" content=\"article\" \/>\n<meta property=\"og:title\" content=\"Arteta elogia registo do Sporting em Alvalade - Portal Tela Portugal\" \/>\n<meta property=\"og:description\" content=\"O treinador do Arsenal, Mikel Arteta, foi cauteloso para o encontro com o Sporting e disse ter falado com Gy\u00f6keres para perceber as din\u00e2micas da equipa de Rui Borges. Arteta destacou o recorde do Sporting em Alvalade, referindo as 17 vit\u00f3rias consecutivas em casa. Desvalorizou a goleada da \u00e9poca anterior, lembrando que as equipas mudam e que o Sporting j\u00e1 derrotou o PSG no pr\u00f3prio est\u00e1dio. Sobre Gy\u00f6keres, afirmou que est\u00e1 muito excitado por regressar e que sente gratid\u00e3o pelo tempo que passou no clube. Elogiou Rui Borges, dizendo que \u00e9 um treinador muito bom e que o Sporting tem evolu\u00eddo, com uma equipa que ataca com muitos jogadores.\" \/>\n<meta property=\"og:url\" content=\"https:\/\/portaltela.pt\/noticias\/2026\/04\/06\/arteta-elogia-registo-do-sporting-em-alvalade\/\" \/>\n<meta property=\"og:site_name\" content=\"Portal Tela Portugal\" \/>\n<meta property=\"article:published_time\" content=\"2026-04-06T19:02:19+00:00\" \/>\n<meta name=\"author\" content=\"Telinha\" \/>\n<meta name=\"twitter:card\" content=\"summary_large_image\" \/>\n<meta name=\"twitter:label1\" content=\"Escrito por\" \/>\n\t<meta name=\"twitter:data1\" content=\"Telinha\" \/>\n\t<meta name=\"twitter:label2\" content=\"Tempo estimado de leitura\" \/>\n\t<meta name=\"twitter:data2\" content=\"1 minuto\" \/>\n<script type=\"application\/ld+json\" class=\"yoast-schema-graph\">{\"@context\":\"https:\/\/schema.org\",\"@graph\":[{\"@type\":\"Article\",\"@id\":\"https:\/\/portaltela.pt\/noticias\/2026\/04\/06\/arteta-elogia-registo-do-sporting-em-alvalade\/#article\",\"isPartOf\":{\"@id\":\"https:\/\/portaltela.pt\/noticias\/2026\/04\/06\/arteta-elogia-registo-do-sporting-em-alvalade\/\"},\"author\":{\"name\":\"Telinha\",\"@id\":\"https:\/\/portaltela.pt\/#\/schema\/person\/c4278d4a6028830caff9ee44b42d32ed\"},\"headline\":\"Arteta elogia registo do Sporting em Alvalade\",\"datePublished\":\"2026-04-06T19:02:19+00:00\",\"mainEntityOfPage\":{\"@id\":\"https:\/\/portaltela.pt\/noticias\/2026\/04\/06\/arteta-elogia-registo-do-sporting-em-alvalade\/\"},\"wordCount\":256,\"image\":{\"@id\":\"https:\/\/portaltela.pt\/noticias\/2026\/04\/06\/arteta-elogia-registo-do-sporting-em-alvalade\/#primaryimage\"},\"thumbnailUrl\":\"https:\/\/portaltela.pt\/s.01k8rhncp4jt1\/2026\/04\/img_920x518uu2026-04-06-19-55-07-2431449.jpg\",\"keywords\":[\"Alvalade\",\"Champions League\",\"futebol\",\"jogadores\",\"Rui Borges\",\"Sporting\"],\"articleSection\":[\"Desporto\",\"Futebol\"],\"inLanguage\":\"pt-PT\"},{\"@type\":\"WebPage\",\"@id\":\"https:\/\/portaltela.pt\/noticias\/2026\/04\/06\/arteta-elogia-registo-do-sporting-em-alvalade\/\",\"url\":\"https:\/\/portaltela.pt\/noticias\/2026\/04\/06\/arteta-elogia-registo-do-sporting-em-alvalade\/\",\"name\":\"Arteta elogia registo do Sporting em Alvalade - Portal Tela Portugal\",\"isPartOf\":{\"@id\":\"https:\/\/portaltela.pt\/#website\"},\"primaryImageOfPage\":{\"@id\":\"https:\/\/portaltela.pt\/noticias\/2026\/04\/06\/arteta-elogia-registo-do-sporting-em-alvalade\/#primaryimage\"},\"image\":{\"@id\":\"https:\/\/portaltela.pt\/noticias\/2026\/04\/06\/arteta-elogia-registo-do-sporting-em-alvalade\/#primaryimage\"},\"thumbnailUrl\":\"https:\/\/portaltela.pt\/s.01k8rhncp4jt1\/2026\/04\/img_920x518uu2026-04-06-19-55-07-2431449.jpg\",\"datePublished\":\"2026-04-06T19:02:19+00:00\",\"author\":{\"@id\":\"https:\/\/portaltela.pt\/#\/schema\/person\/c4278d4a6028830caff9ee44b42d32ed\"},\"breadcrumb\":{\"@id\":\"https:\/\/portaltela.pt\/noticias\/2026\/04\/06\/arteta-elogia-registo-do-sporting-em-alvalade\/#breadcrumb\"},\"inLanguage\":\"pt-PT\",\"potentialAction\":[{\"@type\":\"ReadAction\",\"target\":[\"https:\/\/portaltela.pt\/noticias\/2026\/04\/06\/arteta-elogia-registo-do-sporting-em-alvalade\/\"]}]},{\"@type\":\"ImageObject\",\"inLanguage\":\"pt-PT\",\"@id\":\"https:\/\/portaltela.pt\/noticias\/2026\/04\/06\/arteta-elogia-registo-do-sporting-em-alvalade\/#primaryimage\",\"url\":\"https:\/\/portaltela.pt\/s.01k8rhncp4jt1\/2026\/04\/img_920x518uu2026-04-06-19-55-07-2431449.jpg\",\"contentUrl\":\"https:\/\/portaltela.pt\/s.01k8rhncp4jt1\/2026\/04\/img_920x518uu2026-04-06-19-55-07-2431449.jpg\",\"width\":796,\"height\":448,\"caption\":\"Mikel Arteta durante a confer\u00eancia de imprensa de antevis\u00e3o ao Sporting-Arsenal\"},{\"@type\":\"BreadcrumbList\",\"@id\":\"https:\/\/portaltela.pt\/noticias\/2026\/04\/06\/arteta-elogia-registo-do-sporting-em-alvalade\/#breadcrumb\",\"itemListElement\":[{\"@type\":\"ListItem\",\"position\":1,\"name\":\"In\u00edcio\",\"item\":\"https:\/\/portaltela.pt\/\"},{\"@type\":\"ListItem\",\"position\":2,\"name\":\"Arteta elogia registo do Sporting em Alvalade\"}]},{\"@type\":\"WebSite\",\"@id\":\"https:\/\/portaltela.pt\/#website\",\"url\":\"https:\/\/portaltela.pt\/\",\"name\":\"Portal Tela Portugal\",\"description\":\"\",\"potentialAction\":[{\"@type\":\"SearchAction\",\"target\":{\"@type\":\"EntryPoint\",\"urlTemplate\":\"https:\/\/portaltela.pt\/?s={search_term_string}\"},\"query-input\":{\"@type\":\"PropertyValueSpecification\",\"valueRequired\":true,\"valueName\":\"search_term_string\"}}],\"inLanguage\":\"pt-PT\"},{\"@type\":\"Person\",\"@id\":\"https:\/\/portaltela.pt\/#\/schema\/person\/c4278d4a6028830caff9ee44b42d32ed\",\"name\":\"Telinha\",\"image\":{\"@type\":\"ImageObject\",\"inLanguage\":\"pt-PT\",\"@id\":\"https:\/\/portaltela.pt\/s.01k8rhncp4jt1\/2025\/11\/talking-bot-125x125.png\",\"url\":\"https:\/\/portaltela.pt\/s.01k8rhncp4jt1\/2025\/11\/talking-bot-125x125.png\",\"contentUrl\":\"https:\/\/portaltela.pt\/s.01k8rhncp4jt1\/2025\/11\/talking-bot-125x125.png\",\"caption\":\"Telinha\"},\"sameAs\":[\"https:\/\/portaltela.pt\/\"],\"url\":\"https:\/\/portaltela.pt\/por\/367410592786\/\"}]}<\/script>\n<!-- \/ Yoast SEO plugin. -->","yoast_head_json":{"title":"Arteta elogia registo do Sporting em Alvalade - Portal Tela Portugal","robots":{"index":"index","follow":"follow","max-snippet":"max-snippet:-1","max-image-preview":"max-image-preview:large","max-video-preview":"max-video-preview:-1"},"og_locale":"pt_PT","og_type":"article","og_title":"Arteta elogia registo do Sporting em Alvalade - Portal Tela Portugal","og_description":"O treinador do Arsenal, Mikel Arteta, foi cauteloso para o encontro com o Sporting e disse ter falado com Gy\u00f6keres para perceber as din\u00e2micas da equipa de Rui Borges. Arteta destacou o recorde do Sporting em Alvalade, referindo as 17 vit\u00f3rias consecutivas em casa. Desvalorizou a goleada da \u00e9poca anterior, lembrando que as equipas mudam e que o Sporting j\u00e1 derrotou o PSG no pr\u00f3prio est\u00e1dio. Sobre Gy\u00f6keres, afirmou que est\u00e1 muito excitado por regressar e que sente gratid\u00e3o pelo tempo que passou no clube. Elogiou Rui Borges, dizendo que \u00e9 um treinador muito bom e que o Sporting tem evolu\u00eddo, com uma equipa que ataca com muitos jogadores.","og_url":"https:\/\/portaltela.pt\/noticias\/2026\/04\/06\/arteta-elogia-registo-do-sporting-em-alvalade\/","og_site_name":"Portal Tela Portugal","article_published_time":"2026-04-06T19:02:19+00:00","author":"Telinha","twitter_card":"summary_large_image","twitter_misc":{"Escrito por":"Telinha","Tempo estimado de leitura":"1 minuto"},"schema":{"@context":"https:\/\/schema.org","@graph":[{"@type":"Article","@id":"https:\/\/portaltela.pt\/noticias\/2026\/04\/06\/arteta-elogia-registo-do-sporting-em-alvalade\/#article","isPartOf":{"@id":"https:\/\/portaltela.pt\/noticias\/2026\/04\/06\/arteta-elogia-registo-do-sporting-em-alvalade\/"},"author":{"name":"Telinha","@id":"https:\/\/portaltela.pt\/#\/schema\/person\/c4278d4a6028830caff9ee44b42d32ed"},"headline":"Arteta elogia registo do Sporting em Alvalade","datePublished":"2026-04-06T19:02:19+00:00","mainEntityOfPage":{"@id":"https:\/\/portaltela.pt\/noticias\/2026\/04\/06\/arteta-elogia-registo-do-sporting-em-alvalade\/"},"wordCount":256,"image":{"@id":"https:\/\/portaltela.pt\/noticias\/2026\/04\/06\/arteta-elogia-registo-do-sporting-em-alvalade\/#primaryimage"},"thumbnailUrl":"https:\/\/portaltela.pt\/s.01k8rhncp4jt1\/2026\/04\/img_920x518uu2026-04-06-19-55-07-2431449.jpg","keywords":["Alvalade","Champions League","futebol","jogadores","Rui Borges","Sporting"],"articleSection":["Desporto","Futebol"],"inLanguage":"pt-PT"},{"@type":"WebPage","@id":"https:\/\/portaltela.pt\/noticias\/2026\/04\/06\/arteta-elogia-registo-do-sporting-em-alvalade\/","url":"https:\/\/portaltela.pt\/noticias\/2026\/04\/06\/arteta-elogia-registo-do-sporting-em-alvalade\/","name":"Arteta elogia registo do Sporting em Alvalade - Portal Tela Portugal","isPartOf":{"@id":"https:\/\/portaltela.pt\/#website"},"primaryImageOfPage":{"@id":"https:\/\/portaltela.pt\/noticias\/2026\/04\/06\/arteta-elogia-registo-do-sporting-em-alvalade\/#primaryimage"},"image":{"@id":"https:\/\/portaltela.pt\/noticias\/2026\/04\/06\/arteta-elogia-registo-do-sporting-em-alvalade\/#primaryimage"},"thumbnailUrl":"https:\/\/portaltela.pt\/s.01k8rhncp4jt1\/2026\/04\/img_920x518uu2026-04-06-19-55-07-2431449.jpg","datePublished":"2026-04-06T19:02:19+00:00","author":{"@id":"https:\/\/portaltela.pt\/#\/schema\/person\/c4278d4a6028830caff9ee44b42d32ed"},"breadcrumb":{"@id":"https:\/\/portaltela.pt\/noticias\/2026\/04\/06\/arteta-elogia-registo-do-sporting-em-alvalade\/#breadcrumb"},"inLanguage":"pt-PT","potentialAction":[{"@type":"ReadAction","target":["https:\/\/portaltela.pt\/noticias\/2026\/04\/06\/arteta-elogia-registo-do-sporting-em-alvalade\/"]}]},{"@type":"ImageObject","inLanguage":"pt-PT","@id":"https:\/\/portaltela.pt\/noticias\/2026\/04\/06\/arteta-elogia-registo-do-sporting-em-alvalade\/#primaryimage","url":"https:\/\/portaltela.pt\/s.01k8rhncp4jt1\/2026\/04\/img_920x518uu2026-04-06-19-55-07-2431449.jpg","contentUrl":"https:\/\/portaltela.pt\/s.01k8rhncp4jt1\/2026\/04\/img_920x518uu2026-04-06-19-55-07-2431449.jpg","width":796,"height":448,"caption":"Mikel Arteta durante a confer\u00eancia de imprensa de antevis\u00e3o ao Sporting-Arsenal"},{"@type":"BreadcrumbList","@id":"https:\/\/portaltela.pt\/noticias\/2026\/04\/06\/arteta-elogia-registo-do-sporting-em-alvalade\/#breadcrumb","itemListElement":[{"@type":"ListItem","position":1,"name":"In\u00edcio","item":"https:\/\/portaltela.pt\/"},{"@type":"ListItem","position":2,"name":"Arteta elogia registo do Sporting em Alvalade"}]},{"@type":"WebSite","@id":"https:\/\/portaltela.pt\/#website","url":"https:\/\/portaltela.pt\/","name":"Portal Tela Portugal","description":"","potentialAction":[{"@type":"SearchAction","target":{"@type":"EntryPoint","urlTemplate":"https:\/\/portaltela.pt\/?s={search_term_string}"},"query-input":{"@type":"PropertyValueSpecification","valueRequired":true,"valueName":"search_term_string"}}],"inLanguage":"pt-PT"},{"@type":"Person","@id":"https:\/\/portaltela.pt\/#\/schema\/person\/c4278d4a6028830caff9ee44b42d32ed","name":"Telinha","image":{"@type":"ImageObject","inLanguage":"pt-PT","@id":"https:\/\/portaltela.pt\/s.01k8rhncp4jt1\/2025\/11\/talking-bot-125x125.png","url":"https:\/\/portaltela.pt\/s.01k8rhncp4jt1\/2025\/11\/talking-bot-125x125.png","contentUrl":"https:\/\/portaltela.pt\/s.01k8rhncp4jt1\/2025\/11\/talking-bot-125x125.png","caption":"Telinha"},"sameAs":["https:\/\/portaltela.pt\/"],"url":"https:\/\/portaltela.pt\/por\/367410592786\/"}]}},"_links":{"self":[{"href":"https:\/\/portaltela.pt\/api\/wp\/v2\/posts\/434594","targetHints":{"allow":["GET"]}}],"collection":[{"href":"https:\/\/portaltela.pt\/api\/wp\/v2\/posts"}],"about":[{"href":"https:\/\/portaltela.pt\/api\/wp\/v2\/types\/post"}],"author":[{"embeddable":true,"href":"https:\/\/portaltela.pt\/api\/wp\/v2\/users\/2"}],"replies":[{"embeddable":true,"href":"https:\/\/portaltela.pt\/api\/wp\/v2\/comments?post=434594"}],"version-history":[{"count":0,"href":"https:\/\/portaltela.pt\/api\/wp\/v2\/posts\/434594\/revisions"}],"wp:featuredmedia":[{"embeddable":true,"href":"https:\/\/portaltela.pt\/api\/wp\/v2\/media\/434597"}],"wp:attachment":[{"href":"https:\/\/portaltela.pt\/api\/wp\/v2\/media?parent=434594"}],"wp:term":[{"taxonomy":"category","embeddable":true,"href":"https:\/\/portaltela.pt\/api\/wp\/v2\/categories?post=434594"},{"taxonomy":"post_tag","embeddable":true,"href":"https:\/\/portaltela.pt\/api\/wp\/v2\/tags?post=434594"}],"curies":[{"name":"wp","href":"https:\/\/api.w.org\/{rel}","templated":true}]}}