{"id":434591,"date":"2026-04-06T15:30:00","date_gmt":"2026-04-06T18:30:00","guid":{"rendered":"https:\/\/portaltela.pt\/noticias\/2026\/04\/06\/huthis-anunciam-nova-ofensiva-com-irao-e-hezbollah-contra-israel\/"},"modified":"2026-04-06T15:30:00","modified_gmt":"2026-04-06T18:30:00","slug":"huthis-anunciam-nova-ofensiva-com-irao-e-hezbollah-contra-israel","status":"publish","type":"post","link":"https:\/\/portaltela.pt\/conflitos\/2026\/04\/06\/huthis-anunciam-nova-ofensiva-com-irao-e-hezbollah-contra-israel\/","title":{"rendered":"Huthis anunciam nova ofensiva com Ir\u00e3o e Hezbollah contra Israel"},"content":{"rendered":"<p>Os rebeldes Huthis do I\u00e9men afirmaram hoje ter lan\u00e7ado uma nova ofensiva contra Israel, alegadamente em colabora\u00e7\u00e3o com o Ir\u00e3o e o movimento liban\u00eas Hezbollah. Segundo os Huthis, o ataque visou a cidade de Eilat, no sul de Israel.<\/p>\n<p>A declara\u00e7\u00e3o indica que a opera\u00e7\u00e3o surge de uma colabora\u00e7\u00e3o entre os Huthis, o Ir\u00e3o e o Hezbollah. O grupo deslocou a responsabilidade para uma a\u00e7\u00e3o conjunta na regi\u00e3o, sem detalhar praias, datas ou mecanismos de ataque.<\/p>\n<p>Ainda n\u00e3o h\u00e1 confirma\u00e7\u00e3o independente sobre danos ou v\u00edtimas. Autoridades israelitas n\u00e3o comentaram de imediato o suposto ataque ou a coordena\u00e7\u00e3o entre os tr\u00eas atores.<\/p>\n<h3>Contexto e desdobramentos<\/h3>\n<p>Observadores apontam para uma escalada geopol\u00edtica na regi\u00e3o, com frequentes acusa\u00e7\u00f5es m\u00fatuas entre israelitas e redes apoiadas pelo Ir\u00e3o. A comunidade internacional acompanha com cautela.<\/p>\n<p>As partes envolvidas n\u00e3o esclareceram objetivos estrat\u00e9gicos nem prazos, mantendo o an\u00fancio em termos gen\u00e9ricos. A situa\u00e7\u00e3o aumenta a tens\u00e3o entre blocos regionais e potenciais repercuss\u00f5es diplom\u00e1ticas.<\/p>\n","protected":false},"excerpt":{"rendered":"<ul>\n<li>Os rebeldes Huthis do I\u00e9men anunciaram hoje ter lan\u00e7ado uma nova ofensiva contra Israel.<\/li>\n<li>O alvo destacado \u00e9 a cidade de Eilat.<\/li>\n<li>A ofensiva \u00e9 apresentada como realizada em conjunto com o Ir\u00e3o e com o movimento pr\u00f3-iraniano Hezbollah.<\/li>\n<li>A not\u00edcia n\u00e3o fornece detalhes sobre danos ou n\u00famero de ataques.<\/li>\n<li>A informa\u00e7\u00e3o foi veiculada pela ag\u00eancia Lusa.<\/li>\n<\/ul>\n","protected":false},"author":2,"featured_media":434593,"comment_status":"closed","ping_status":"closed","sticky":false,"template":"","format":"standard","meta":{"footnotes":""},"categories":[6790],"tags":[2198,6703,6509,3153,3708],"class_list":["post-434591","post","type-post","status-publish","format-standard","has-post-thumbnail","hentry","category-conflitos","tag-conflitos-internacionais","tag-diplomacia-internacional","tag-iemen","tag-ira","tag-israel"],"yoast_head":"<!-- This site is optimized with the Yoast SEO plugin v27.2 - https:\/\/yoast.com\/product\/yoast-seo-wordpress\/ -->\n<title>Huthis anunciam nova ofensiva com Ir\u00e3o e Hezbollah contra Israel - Portal Tela Portugal<\/title>\n<meta name=\"robots\" content=\"index, follow, max-snippet:-1, max-image-preview:large, max-video-preview:-1\" \/>\n<meta property=\"og:locale\" content=\"pt_PT\" \/>\n<meta property=\"og:type\" content=\"article\" \/>\n<meta property=\"og:title\" content=\"Huthis anunciam nova ofensiva com Ir\u00e3o e Hezbollah contra Israel - Portal Tela Portugal\" \/>\n<meta property=\"og:description\" content=\"Os rebeldes Huthis do I\u00e9men anunciaram hoje ter lan\u00e7ado uma nova ofensiva contra Israel. O alvo destacado \u00e9 a cidade de Eilat. A ofensiva \u00e9 apresentada como realizada em conjunto com o Ir\u00e3o e com o movimento pr\u00f3-iraniano Hezbollah. A not\u00edcia n\u00e3o fornece detalhes sobre danos ou n\u00famero de ataques. A informa\u00e7\u00e3o foi veiculada pela ag\u00eancia Lusa.\" \/>\n<meta property=\"og:url\" content=\"https:\/\/portaltela.pt\/noticias\/2026\/04\/06\/huthis-anunciam-nova-ofensiva-com-irao-e-hezbollah-contra-israel\/\" \/>\n<meta property=\"og:site_name\" content=\"Portal Tela Portugal\" \/>\n<meta property=\"article:published_time\" content=\"2026-04-06T18:30:00+00:00\" \/>\n<meta name=\"author\" content=\"Telinha\" \/>\n<meta name=\"twitter:card\" content=\"summary_large_image\" \/>\n<meta name=\"twitter:label1\" content=\"Escrito por\" \/>\n\t<meta name=\"twitter:data1\" content=\"Telinha\" \/>\n\t<meta name=\"twitter:label2\" content=\"Tempo estimado de leitura\" \/>\n\t<meta name=\"twitter:data2\" content=\"1 minuto\" \/>\n<script type=\"application\/ld+json\" class=\"yoast-schema-graph\">{\"@context\":\"https:\/\/schema.org\",\"@graph\":[{\"@type\":\"Article\",\"@id\":\"https:\/\/portaltela.pt\/noticias\/2026\/04\/06\/huthis-anunciam-nova-ofensiva-com-irao-e-hezbollah-contra-israel\/#article\",\"isPartOf\":{\"@id\":\"https:\/\/portaltela.pt\/noticias\/2026\/04\/06\/huthis-anunciam-nova-ofensiva-com-irao-e-hezbollah-contra-israel\/\"},\"author\":{\"name\":\"Telinha\",\"@id\":\"https:\/\/portaltela.pt\/#\/schema\/person\/c4278d4a6028830caff9ee44b42d32ed\"},\"headline\":\"Huthis anunciam nova ofensiva com Ir\u00e3o e Hezbollah contra Israel\",\"datePublished\":\"2026-04-06T18:30:00+00:00\",\"mainEntityOfPage\":{\"@id\":\"https:\/\/portaltela.pt\/noticias\/2026\/04\/06\/huthis-anunciam-nova-ofensiva-com-irao-e-hezbollah-contra-israel\/\"},\"wordCount\":197,\"image\":{\"@id\":\"https:\/\/portaltela.pt\/noticias\/2026\/04\/06\/huthis-anunciam-nova-ofensiva-com-irao-e-hezbollah-contra-israel\/#primaryimage\"},\"thumbnailUrl\":\"https:\/\/portaltela.pt\/s.01k8rhncp4jt1\/2026\/04\/CACHE_780X1200_ANALOG_WATERMARKED_46882108_822960920806222.jpg\",\"keywords\":[\"conflitos internacionais\",\"diplomacia internacional\",\"I\u00e9men\",\"Ir\u00e3\",\"Israel\"],\"articleSection\":[\"Conflitos\"],\"inLanguage\":\"pt-PT\"},{\"@type\":\"WebPage\",\"@id\":\"https:\/\/portaltela.pt\/noticias\/2026\/04\/06\/huthis-anunciam-nova-ofensiva-com-irao-e-hezbollah-contra-israel\/\",\"url\":\"https:\/\/portaltela.pt\/noticias\/2026\/04\/06\/huthis-anunciam-nova-ofensiva-com-irao-e-hezbollah-contra-israel\/\",\"name\":\"Huthis anunciam nova ofensiva com Ir\u00e3o e Hezbollah contra Israel - Portal Tela Portugal\",\"isPartOf\":{\"@id\":\"https:\/\/portaltela.pt\/#website\"},\"primaryImageOfPage\":{\"@id\":\"https:\/\/portaltela.pt\/noticias\/2026\/04\/06\/huthis-anunciam-nova-ofensiva-com-irao-e-hezbollah-contra-israel\/#primaryimage\"},\"image\":{\"@id\":\"https:\/\/portaltela.pt\/noticias\/2026\/04\/06\/huthis-anunciam-nova-ofensiva-com-irao-e-hezbollah-contra-israel\/#primaryimage\"},\"thumbnailUrl\":\"https:\/\/portaltela.pt\/s.01k8rhncp4jt1\/2026\/04\/CACHE_780X1200_ANALOG_WATERMARKED_46882108_822960920806222.jpg\",\"datePublished\":\"2026-04-06T18:30:00+00:00\",\"author\":{\"@id\":\"https:\/\/portaltela.pt\/#\/schema\/person\/c4278d4a6028830caff9ee44b42d32ed\"},\"breadcrumb\":{\"@id\":\"https:\/\/portaltela.pt\/noticias\/2026\/04\/06\/huthis-anunciam-nova-ofensiva-com-irao-e-hezbollah-contra-israel\/#breadcrumb\"},\"inLanguage\":\"pt-PT\",\"potentialAction\":[{\"@type\":\"ReadAction\",\"target\":[\"https:\/\/portaltela.pt\/noticias\/2026\/04\/06\/huthis-anunciam-nova-ofensiva-com-irao-e-hezbollah-contra-israel\/\"]}]},{\"@type\":\"ImageObject\",\"inLanguage\":\"pt-PT\",\"@id\":\"https:\/\/portaltela.pt\/noticias\/2026\/04\/06\/huthis-anunciam-nova-ofensiva-com-irao-e-hezbollah-contra-israel\/#primaryimage\",\"url\":\"https:\/\/portaltela.pt\/s.01k8rhncp4jt1\/2026\/04\/CACHE_780X1200_ANALOG_WATERMARKED_46882108_822960920806222.jpg\",\"contentUrl\":\"https:\/\/portaltela.pt\/s.01k8rhncp4jt1\/2026\/04\/CACHE_780X1200_ANALOG_WATERMARKED_46882108_822960920806222.jpg\",\"width\":796,\"height\":448,\"caption\":\"Huthis anunciam nova onda de ataques em conjunto com Ir\u00e3o e Hezbollah contra Israel\"},{\"@type\":\"BreadcrumbList\",\"@id\":\"https:\/\/portaltela.pt\/noticias\/2026\/04\/06\/huthis-anunciam-nova-ofensiva-com-irao-e-hezbollah-contra-israel\/#breadcrumb\",\"itemListElement\":[{\"@type\":\"ListItem\",\"position\":1,\"name\":\"In\u00edcio\",\"item\":\"https:\/\/portaltela.pt\/\"},{\"@type\":\"ListItem\",\"position\":2,\"name\":\"Huthis anunciam nova ofensiva com Ir\u00e3o e Hezbollah contra Israel\"}]},{\"@type\":\"WebSite\",\"@id\":\"https:\/\/portaltela.pt\/#website\",\"url\":\"https:\/\/portaltela.pt\/\",\"name\":\"Portal Tela Portugal\",\"description\":\"\",\"potentialAction\":[{\"@type\":\"SearchAction\",\"target\":{\"@type\":\"EntryPoint\",\"urlTemplate\":\"https:\/\/portaltela.pt\/?s={search_term_string}\"},\"query-input\":{\"@type\":\"PropertyValueSpecification\",\"valueRequired\":true,\"valueName\":\"search_term_string\"}}],\"inLanguage\":\"pt-PT\"},{\"@type\":\"Person\",\"@id\":\"https:\/\/portaltela.pt\/#\/schema\/person\/c4278d4a6028830caff9ee44b42d32ed\",\"name\":\"Telinha\",\"image\":{\"@type\":\"ImageObject\",\"inLanguage\":\"pt-PT\",\"@id\":\"https:\/\/portaltela.pt\/s.01k8rhncp4jt1\/2025\/11\/talking-bot-125x125.png\",\"url\":\"https:\/\/portaltela.pt\/s.01k8rhncp4jt1\/2025\/11\/talking-bot-125x125.png\",\"contentUrl\":\"https:\/\/portaltela.pt\/s.01k8rhncp4jt1\/2025\/11\/talking-bot-125x125.png\",\"caption\":\"Telinha\"},\"sameAs\":[\"https:\/\/portaltela.pt\/\"],\"url\":\"https:\/\/portaltela.pt\/por\/367410592786\/\"}]}<\/script>\n<!-- \/ Yoast SEO plugin. -->","yoast_head_json":{"title":"Huthis anunciam nova ofensiva com Ir\u00e3o e Hezbollah contra Israel - Portal Tela Portugal","robots":{"index":"index","follow":"follow","max-snippet":"max-snippet:-1","max-image-preview":"max-image-preview:large","max-video-preview":"max-video-preview:-1"},"og_locale":"pt_PT","og_type":"article","og_title":"Huthis anunciam nova ofensiva com Ir\u00e3o e Hezbollah contra Israel - Portal Tela Portugal","og_description":"Os rebeldes Huthis do I\u00e9men anunciaram hoje ter lan\u00e7ado uma nova ofensiva contra Israel. O alvo destacado \u00e9 a cidade de Eilat. A ofensiva \u00e9 apresentada como realizada em conjunto com o Ir\u00e3o e com o movimento pr\u00f3-iraniano Hezbollah. A not\u00edcia n\u00e3o fornece detalhes sobre danos ou n\u00famero de ataques. A informa\u00e7\u00e3o foi veiculada pela ag\u00eancia Lusa.","og_url":"https:\/\/portaltela.pt\/noticias\/2026\/04\/06\/huthis-anunciam-nova-ofensiva-com-irao-e-hezbollah-contra-israel\/","og_site_name":"Portal Tela Portugal","article_published_time":"2026-04-06T18:30:00+00:00","author":"Telinha","twitter_card":"summary_large_image","twitter_misc":{"Escrito por":"Telinha","Tempo estimado de leitura":"1 minuto"},"schema":{"@context":"https:\/\/schema.org","@graph":[{"@type":"Article","@id":"https:\/\/portaltela.pt\/noticias\/2026\/04\/06\/huthis-anunciam-nova-ofensiva-com-irao-e-hezbollah-contra-israel\/#article","isPartOf":{"@id":"https:\/\/portaltela.pt\/noticias\/2026\/04\/06\/huthis-anunciam-nova-ofensiva-com-irao-e-hezbollah-contra-israel\/"},"author":{"name":"Telinha","@id":"https:\/\/portaltela.pt\/#\/schema\/person\/c4278d4a6028830caff9ee44b42d32ed"},"headline":"Huthis anunciam nova ofensiva com Ir\u00e3o e Hezbollah contra Israel","datePublished":"2026-04-06T18:30:00+00:00","mainEntityOfPage":{"@id":"https:\/\/portaltela.pt\/noticias\/2026\/04\/06\/huthis-anunciam-nova-ofensiva-com-irao-e-hezbollah-contra-israel\/"},"wordCount":197,"image":{"@id":"https:\/\/portaltela.pt\/noticias\/2026\/04\/06\/huthis-anunciam-nova-ofensiva-com-irao-e-hezbollah-contra-israel\/#primaryimage"},"thumbnailUrl":"https:\/\/portaltela.pt\/s.01k8rhncp4jt1\/2026\/04\/CACHE_780X1200_ANALOG_WATERMARKED_46882108_822960920806222.jpg","keywords":["conflitos internacionais","diplomacia internacional","I\u00e9men","Ir\u00e3","Israel"],"articleSection":["Conflitos"],"inLanguage":"pt-PT"},{"@type":"WebPage","@id":"https:\/\/portaltela.pt\/noticias\/2026\/04\/06\/huthis-anunciam-nova-ofensiva-com-irao-e-hezbollah-contra-israel\/","url":"https:\/\/portaltela.pt\/noticias\/2026\/04\/06\/huthis-anunciam-nova-ofensiva-com-irao-e-hezbollah-contra-israel\/","name":"Huthis anunciam nova ofensiva com Ir\u00e3o e Hezbollah contra Israel - Portal Tela Portugal","isPartOf":{"@id":"https:\/\/portaltela.pt\/#website"},"primaryImageOfPage":{"@id":"https:\/\/portaltela.pt\/noticias\/2026\/04\/06\/huthis-anunciam-nova-ofensiva-com-irao-e-hezbollah-contra-israel\/#primaryimage"},"image":{"@id":"https:\/\/portaltela.pt\/noticias\/2026\/04\/06\/huthis-anunciam-nova-ofensiva-com-irao-e-hezbollah-contra-israel\/#primaryimage"},"thumbnailUrl":"https:\/\/portaltela.pt\/s.01k8rhncp4jt1\/2026\/04\/CACHE_780X1200_ANALOG_WATERMARKED_46882108_822960920806222.jpg","datePublished":"2026-04-06T18:30:00+00:00","author":{"@id":"https:\/\/portaltela.pt\/#\/schema\/person\/c4278d4a6028830caff9ee44b42d32ed"},"breadcrumb":{"@id":"https:\/\/portaltela.pt\/noticias\/2026\/04\/06\/huthis-anunciam-nova-ofensiva-com-irao-e-hezbollah-contra-israel\/#breadcrumb"},"inLanguage":"pt-PT","potentialAction":[{"@type":"ReadAction","target":["https:\/\/portaltela.pt\/noticias\/2026\/04\/06\/huthis-anunciam-nova-ofensiva-com-irao-e-hezbollah-contra-israel\/"]}]},{"@type":"ImageObject","inLanguage":"pt-PT","@id":"https:\/\/portaltela.pt\/noticias\/2026\/04\/06\/huthis-anunciam-nova-ofensiva-com-irao-e-hezbollah-contra-israel\/#primaryimage","url":"https:\/\/portaltela.pt\/s.01k8rhncp4jt1\/2026\/04\/CACHE_780X1200_ANALOG_WATERMARKED_46882108_822960920806222.jpg","contentUrl":"https:\/\/portaltela.pt\/s.01k8rhncp4jt1\/2026\/04\/CACHE_780X1200_ANALOG_WATERMARKED_46882108_822960920806222.jpg","width":796,"height":448,"caption":"Huthis anunciam nova onda de ataques em conjunto com Ir\u00e3o e Hezbollah contra Israel"},{"@type":"BreadcrumbList","@id":"https:\/\/portaltela.pt\/noticias\/2026\/04\/06\/huthis-anunciam-nova-ofensiva-com-irao-e-hezbollah-contra-israel\/#breadcrumb","itemListElement":[{"@type":"ListItem","position":1,"name":"In\u00edcio","item":"https:\/\/portaltela.pt\/"},{"@type":"ListItem","position":2,"name":"Huthis anunciam nova ofensiva com Ir\u00e3o e Hezbollah contra Israel"}]},{"@type":"WebSite","@id":"https:\/\/portaltela.pt\/#website","url":"https:\/\/portaltela.pt\/","name":"Portal Tela Portugal","description":"","potentialAction":[{"@type":"SearchAction","target":{"@type":"EntryPoint","urlTemplate":"https:\/\/portaltela.pt\/?s={search_term_string}"},"query-input":{"@type":"PropertyValueSpecification","valueRequired":true,"valueName":"search_term_string"}}],"inLanguage":"pt-PT"},{"@type":"Person","@id":"https:\/\/portaltela.pt\/#\/schema\/person\/c4278d4a6028830caff9ee44b42d32ed","name":"Telinha","image":{"@type":"ImageObject","inLanguage":"pt-PT","@id":"https:\/\/portaltela.pt\/s.01k8rhncp4jt1\/2025\/11\/talking-bot-125x125.png","url":"https:\/\/portaltela.pt\/s.01k8rhncp4jt1\/2025\/11\/talking-bot-125x125.png","contentUrl":"https:\/\/portaltela.pt\/s.01k8rhncp4jt1\/2025\/11\/talking-bot-125x125.png","caption":"Telinha"},"sameAs":["https:\/\/portaltela.pt\/"],"url":"https:\/\/portaltela.pt\/por\/367410592786\/"}]}},"_links":{"self":[{"href":"https:\/\/portaltela.pt\/api\/wp\/v2\/posts\/434591","targetHints":{"allow":["GET"]}}],"collection":[{"href":"https:\/\/portaltela.pt\/api\/wp\/v2\/posts"}],"about":[{"href":"https:\/\/portaltela.pt\/api\/wp\/v2\/types\/post"}],"author":[{"embeddable":true,"href":"https:\/\/portaltela.pt\/api\/wp\/v2\/users\/2"}],"replies":[{"embeddable":true,"href":"https:\/\/portaltela.pt\/api\/wp\/v2\/comments?post=434591"}],"version-history":[{"count":0,"href":"https:\/\/portaltela.pt\/api\/wp\/v2\/posts\/434591\/revisions"}],"wp:featuredmedia":[{"embeddable":true,"href":"https:\/\/portaltela.pt\/api\/wp\/v2\/media\/434593"}],"wp:attachment":[{"href":"https:\/\/portaltela.pt\/api\/wp\/v2\/media?parent=434591"}],"wp:term":[{"taxonomy":"category","embeddable":true,"href":"https:\/\/portaltela.pt\/api\/wp\/v2\/categories?post=434591"},{"taxonomy":"post_tag","embeddable":true,"href":"https:\/\/portaltela.pt\/api\/wp\/v2\/tags?post=434591"}],"curies":[{"name":"wp","href":"https:\/\/api.w.org\/{rel}","templated":true}]}}