{"id":434589,"date":"2026-04-06T16:02:13","date_gmt":"2026-04-06T19:02:13","guid":{"rendered":"https:\/\/portaltela.pt\/noticias\/2026\/04\/06\/policia-angolana-investiga-morte-de-tres-trabalhadores-numa-unidade-avicola\/"},"modified":"2026-04-06T16:02:13","modified_gmt":"2026-04-06T19:02:13","slug":"policia-angolana-investiga-morte-de-tres-trabalhadores-numa-unidade-avicola","status":"publish","type":"post","link":"https:\/\/portaltela.pt\/policia\/2026\/04\/06\/policia-angolana-investiga-morte-de-tres-trabalhadores-numa-unidade-avicola\/","title":{"rendered":"Pol\u00edcia angolana investiga morte de tr\u00eas trabalhadores numa unidade av\u00edcola"},"content":{"rendered":"<p>A pol\u00edcia angolana investiga a morte de tr\u00eas trabalhadores numa unidade av\u00edcola. O conte\u00fado completo n\u00e3o est\u00e1 dispon\u00edvel no texto fornecido e ser\u00e1 necess\u00e1rio confirmar detalhes adicionais junto das autoridades.<\/p>\n<p>As circunst\u00e2ncias da ocorr\u00eancia ainda n\u00e3o foram divulgadas pelas autoridades respons\u00e1veis pela investiga\u00e7\u00e3o. N\u00e3o se conhecem, at\u00e9 ao momento, as identidades dos profissionais envolvidos ou as causas preliminares.<\/p>\n<p>A investiga\u00e7\u00e3o est\u00e1 a decorrer, com dilig\u00eancias em curso para apurar o que ocorreu na unidade av\u00edcola. N\u00e3o h\u00e1 confirmou\u00e7\u00f5es sobre respons\u00e1veis, nem sobre eventuais suspeitas ou medidas tomadas no local.<\/p>\n<p>N\u00e3o foram apresentadas declara\u00e7\u00f5es oficiais sobre o motivo da fatalidade ou sobre eventuais impactos na opera\u00e7\u00e3o da unidade. Informa\u00e7\u00f5es adicionais devem surgir \u00e0 medida que a pol\u00edcia comunique desenvolvimentos oficiais.<\/p>\n","protected":false},"excerpt":{"rendered":"<ul>\n<li>A pol\u00edcia angolana est\u00e1 a investigar a morte de tr\u00eas trabalhadores numa unidade av\u00edcola.<\/li>\n<li>At\u00e9 ao momento n\u00e3o foram divulgados detalhes sobre as circunst\u00e2ncias dos \u00f3bitos.<\/li>\n<li>A investiga\u00e7\u00e3o est\u00e1 em curso para apurar as causas dos acontecimentos.<\/li>\n<li>N\u00e3o houve confirma\u00e7\u00e3o de feridos adicionais ou de outros incidentes relacionados.<\/li>\n<li>O local espec\u00edfico da unidade av\u00edcola n\u00e3o foi divulgado pelas autoridades.<\/li>\n<\/ul>\n","protected":false},"author":2,"featured_media":434592,"comment_status":"closed","ping_status":"closed","sticky":false,"template":"","format":"standard","meta":{"footnotes":""},"categories":[6781],"tags":[5487,3118,4837,3499,2841,2201],"class_list":["post-434589","post","type-post","status-publish","format-standard","has-post-thumbnail","hentry","category-policia","tag-acidente","tag-agropecuaria","tag-angola","tag-pecuaria","tag-trabalhadores","tag-trabalho"],"yoast_head":"<!-- This site is optimized with the Yoast SEO plugin v27.2 - https:\/\/yoast.com\/product\/yoast-seo-wordpress\/ -->\n<title>Pol\u00edcia angolana investiga morte de tr\u00eas trabalhadores numa unidade av\u00edcola - Portal Tela Portugal<\/title>\n<meta name=\"robots\" content=\"index, follow, max-snippet:-1, max-image-preview:large, max-video-preview:-1\" \/>\n<meta property=\"og:locale\" content=\"pt_PT\" \/>\n<meta property=\"og:type\" content=\"article\" \/>\n<meta property=\"og:title\" content=\"Pol\u00edcia angolana investiga morte de tr\u00eas trabalhadores numa unidade av\u00edcola - Portal Tela Portugal\" \/>\n<meta property=\"og:description\" content=\"A pol\u00edcia angolana est\u00e1 a investigar a morte de tr\u00eas trabalhadores numa unidade av\u00edcola. At\u00e9 ao momento n\u00e3o foram divulgados detalhes sobre as circunst\u00e2ncias dos \u00f3bitos. A investiga\u00e7\u00e3o est\u00e1 em curso para apurar as causas dos acontecimentos. N\u00e3o houve confirma\u00e7\u00e3o de feridos adicionais ou de outros incidentes relacionados. O local espec\u00edfico da unidade av\u00edcola n\u00e3o foi divulgado pelas autoridades.\" \/>\n<meta property=\"og:url\" content=\"https:\/\/portaltela.pt\/noticias\/2026\/04\/06\/policia-angolana-investiga-morte-de-tres-trabalhadores-numa-unidade-avicola\/\" \/>\n<meta property=\"og:site_name\" content=\"Portal Tela Portugal\" \/>\n<meta property=\"article:published_time\" content=\"2026-04-06T19:02:13+00:00\" \/>\n<meta name=\"author\" content=\"Telinha\" \/>\n<meta name=\"twitter:card\" content=\"summary_large_image\" \/>\n<meta name=\"twitter:label1\" content=\"Escrito por\" \/>\n\t<meta name=\"twitter:data1\" content=\"Telinha\" \/>\n\t<meta name=\"twitter:label2\" content=\"Tempo estimado de leitura\" \/>\n\t<meta name=\"twitter:data2\" content=\"1 minuto\" \/>\n<script type=\"application\/ld+json\" class=\"yoast-schema-graph\">{\"@context\":\"https:\/\/schema.org\",\"@graph\":[{\"@type\":\"Article\",\"@id\":\"https:\/\/portaltela.pt\/noticias\/2026\/04\/06\/policia-angolana-investiga-morte-de-tres-trabalhadores-numa-unidade-avicola\/#article\",\"isPartOf\":{\"@id\":\"https:\/\/portaltela.pt\/noticias\/2026\/04\/06\/policia-angolana-investiga-morte-de-tres-trabalhadores-numa-unidade-avicola\/\"},\"author\":{\"name\":\"Telinha\",\"@id\":\"https:\/\/portaltela.pt\/#\/schema\/person\/c4278d4a6028830caff9ee44b42d32ed\"},\"headline\":\"Pol\u00edcia angolana investiga morte de tr\u00eas trabalhadores numa unidade av\u00edcola\",\"datePublished\":\"2026-04-06T19:02:13+00:00\",\"mainEntityOfPage\":{\"@id\":\"https:\/\/portaltela.pt\/noticias\/2026\/04\/06\/policia-angolana-investiga-morte-de-tres-trabalhadores-numa-unidade-avicola\/\"},\"wordCount\":155,\"image\":{\"@id\":\"https:\/\/portaltela.pt\/noticias\/2026\/04\/06\/policia-angolana-investiga-morte-de-tres-trabalhadores-numa-unidade-avicola\/#primaryimage\"},\"thumbnailUrl\":\"https:\/\/portaltela.pt\/s.01k8rhncp4jt1\/2026\/04\/CACHE_780X1200_ANALOG_WATERMARKED_26882039_2383301_22082019022731.jpg\",\"keywords\":[\"acidente\",\"agropecu\u00e1ria\",\"Angola\",\"pecu\u00e1ria\",\"trabalhadores\",\"trabalho\"],\"articleSection\":[\"Pol\u00edcia\"],\"inLanguage\":\"pt-PT\"},{\"@type\":\"WebPage\",\"@id\":\"https:\/\/portaltela.pt\/noticias\/2026\/04\/06\/policia-angolana-investiga-morte-de-tres-trabalhadores-numa-unidade-avicola\/\",\"url\":\"https:\/\/portaltela.pt\/noticias\/2026\/04\/06\/policia-angolana-investiga-morte-de-tres-trabalhadores-numa-unidade-avicola\/\",\"name\":\"Pol\u00edcia angolana investiga morte de tr\u00eas trabalhadores numa unidade av\u00edcola - Portal Tela Portugal\",\"isPartOf\":{\"@id\":\"https:\/\/portaltela.pt\/#website\"},\"primaryImageOfPage\":{\"@id\":\"https:\/\/portaltela.pt\/noticias\/2026\/04\/06\/policia-angolana-investiga-morte-de-tres-trabalhadores-numa-unidade-avicola\/#primaryimage\"},\"image\":{\"@id\":\"https:\/\/portaltela.pt\/noticias\/2026\/04\/06\/policia-angolana-investiga-morte-de-tres-trabalhadores-numa-unidade-avicola\/#primaryimage\"},\"thumbnailUrl\":\"https:\/\/portaltela.pt\/s.01k8rhncp4jt1\/2026\/04\/CACHE_780X1200_ANALOG_WATERMARKED_26882039_2383301_22082019022731.jpg\",\"datePublished\":\"2026-04-06T19:02:13+00:00\",\"author\":{\"@id\":\"https:\/\/portaltela.pt\/#\/schema\/person\/c4278d4a6028830caff9ee44b42d32ed\"},\"breadcrumb\":{\"@id\":\"https:\/\/portaltela.pt\/noticias\/2026\/04\/06\/policia-angolana-investiga-morte-de-tres-trabalhadores-numa-unidade-avicola\/#breadcrumb\"},\"inLanguage\":\"pt-PT\",\"potentialAction\":[{\"@type\":\"ReadAction\",\"target\":[\"https:\/\/portaltela.pt\/noticias\/2026\/04\/06\/policia-angolana-investiga-morte-de-tres-trabalhadores-numa-unidade-avicola\/\"]}]},{\"@type\":\"ImageObject\",\"inLanguage\":\"pt-PT\",\"@id\":\"https:\/\/portaltela.pt\/noticias\/2026\/04\/06\/policia-angolana-investiga-morte-de-tres-trabalhadores-numa-unidade-avicola\/#primaryimage\",\"url\":\"https:\/\/portaltela.pt\/s.01k8rhncp4jt1\/2026\/04\/CACHE_780X1200_ANALOG_WATERMARKED_26882039_2383301_22082019022731.jpg\",\"contentUrl\":\"https:\/\/portaltela.pt\/s.01k8rhncp4jt1\/2026\/04\/CACHE_780X1200_ANALOG_WATERMARKED_26882039_2383301_22082019022731.jpg\",\"width\":796,\"height\":448,\"caption\":\"Photo\"},{\"@type\":\"BreadcrumbList\",\"@id\":\"https:\/\/portaltela.pt\/noticias\/2026\/04\/06\/policia-angolana-investiga-morte-de-tres-trabalhadores-numa-unidade-avicola\/#breadcrumb\",\"itemListElement\":[{\"@type\":\"ListItem\",\"position\":1,\"name\":\"In\u00edcio\",\"item\":\"https:\/\/portaltela.pt\/\"},{\"@type\":\"ListItem\",\"position\":2,\"name\":\"Pol\u00edcia angolana investiga morte de tr\u00eas trabalhadores numa unidade av\u00edcola\"}]},{\"@type\":\"WebSite\",\"@id\":\"https:\/\/portaltela.pt\/#website\",\"url\":\"https:\/\/portaltela.pt\/\",\"name\":\"Portal Tela Portugal\",\"description\":\"\",\"potentialAction\":[{\"@type\":\"SearchAction\",\"target\":{\"@type\":\"EntryPoint\",\"urlTemplate\":\"https:\/\/portaltela.pt\/?s={search_term_string}\"},\"query-input\":{\"@type\":\"PropertyValueSpecification\",\"valueRequired\":true,\"valueName\":\"search_term_string\"}}],\"inLanguage\":\"pt-PT\"},{\"@type\":\"Person\",\"@id\":\"https:\/\/portaltela.pt\/#\/schema\/person\/c4278d4a6028830caff9ee44b42d32ed\",\"name\":\"Telinha\",\"image\":{\"@type\":\"ImageObject\",\"inLanguage\":\"pt-PT\",\"@id\":\"https:\/\/portaltela.pt\/s.01k8rhncp4jt1\/2025\/11\/talking-bot-125x125.png\",\"url\":\"https:\/\/portaltela.pt\/s.01k8rhncp4jt1\/2025\/11\/talking-bot-125x125.png\",\"contentUrl\":\"https:\/\/portaltela.pt\/s.01k8rhncp4jt1\/2025\/11\/talking-bot-125x125.png\",\"caption\":\"Telinha\"},\"sameAs\":[\"https:\/\/portaltela.pt\/\"],\"url\":\"https:\/\/portaltela.pt\/por\/367410592786\/\"}]}<\/script>\n<!-- \/ Yoast SEO plugin. -->","yoast_head_json":{"title":"Pol\u00edcia angolana investiga morte de tr\u00eas trabalhadores numa unidade av\u00edcola - Portal Tela Portugal","robots":{"index":"index","follow":"follow","max-snippet":"max-snippet:-1","max-image-preview":"max-image-preview:large","max-video-preview":"max-video-preview:-1"},"og_locale":"pt_PT","og_type":"article","og_title":"Pol\u00edcia angolana investiga morte de tr\u00eas trabalhadores numa unidade av\u00edcola - Portal Tela Portugal","og_description":"A pol\u00edcia angolana est\u00e1 a investigar a morte de tr\u00eas trabalhadores numa unidade av\u00edcola. At\u00e9 ao momento n\u00e3o foram divulgados detalhes sobre as circunst\u00e2ncias dos \u00f3bitos. A investiga\u00e7\u00e3o est\u00e1 em curso para apurar as causas dos acontecimentos. N\u00e3o houve confirma\u00e7\u00e3o de feridos adicionais ou de outros incidentes relacionados. O local espec\u00edfico da unidade av\u00edcola n\u00e3o foi divulgado pelas autoridades.","og_url":"https:\/\/portaltela.pt\/noticias\/2026\/04\/06\/policia-angolana-investiga-morte-de-tres-trabalhadores-numa-unidade-avicola\/","og_site_name":"Portal Tela Portugal","article_published_time":"2026-04-06T19:02:13+00:00","author":"Telinha","twitter_card":"summary_large_image","twitter_misc":{"Escrito por":"Telinha","Tempo estimado de leitura":"1 minuto"},"schema":{"@context":"https:\/\/schema.org","@graph":[{"@type":"Article","@id":"https:\/\/portaltela.pt\/noticias\/2026\/04\/06\/policia-angolana-investiga-morte-de-tres-trabalhadores-numa-unidade-avicola\/#article","isPartOf":{"@id":"https:\/\/portaltela.pt\/noticias\/2026\/04\/06\/policia-angolana-investiga-morte-de-tres-trabalhadores-numa-unidade-avicola\/"},"author":{"name":"Telinha","@id":"https:\/\/portaltela.pt\/#\/schema\/person\/c4278d4a6028830caff9ee44b42d32ed"},"headline":"Pol\u00edcia angolana investiga morte de tr\u00eas trabalhadores numa unidade av\u00edcola","datePublished":"2026-04-06T19:02:13+00:00","mainEntityOfPage":{"@id":"https:\/\/portaltela.pt\/noticias\/2026\/04\/06\/policia-angolana-investiga-morte-de-tres-trabalhadores-numa-unidade-avicola\/"},"wordCount":155,"image":{"@id":"https:\/\/portaltela.pt\/noticias\/2026\/04\/06\/policia-angolana-investiga-morte-de-tres-trabalhadores-numa-unidade-avicola\/#primaryimage"},"thumbnailUrl":"https:\/\/portaltela.pt\/s.01k8rhncp4jt1\/2026\/04\/CACHE_780X1200_ANALOG_WATERMARKED_26882039_2383301_22082019022731.jpg","keywords":["acidente","agropecu\u00e1ria","Angola","pecu\u00e1ria","trabalhadores","trabalho"],"articleSection":["Pol\u00edcia"],"inLanguage":"pt-PT"},{"@type":"WebPage","@id":"https:\/\/portaltela.pt\/noticias\/2026\/04\/06\/policia-angolana-investiga-morte-de-tres-trabalhadores-numa-unidade-avicola\/","url":"https:\/\/portaltela.pt\/noticias\/2026\/04\/06\/policia-angolana-investiga-morte-de-tres-trabalhadores-numa-unidade-avicola\/","name":"Pol\u00edcia angolana investiga morte de tr\u00eas trabalhadores numa unidade av\u00edcola - Portal Tela Portugal","isPartOf":{"@id":"https:\/\/portaltela.pt\/#website"},"primaryImageOfPage":{"@id":"https:\/\/portaltela.pt\/noticias\/2026\/04\/06\/policia-angolana-investiga-morte-de-tres-trabalhadores-numa-unidade-avicola\/#primaryimage"},"image":{"@id":"https:\/\/portaltela.pt\/noticias\/2026\/04\/06\/policia-angolana-investiga-morte-de-tres-trabalhadores-numa-unidade-avicola\/#primaryimage"},"thumbnailUrl":"https:\/\/portaltela.pt\/s.01k8rhncp4jt1\/2026\/04\/CACHE_780X1200_ANALOG_WATERMARKED_26882039_2383301_22082019022731.jpg","datePublished":"2026-04-06T19:02:13+00:00","author":{"@id":"https:\/\/portaltela.pt\/#\/schema\/person\/c4278d4a6028830caff9ee44b42d32ed"},"breadcrumb":{"@id":"https:\/\/portaltela.pt\/noticias\/2026\/04\/06\/policia-angolana-investiga-morte-de-tres-trabalhadores-numa-unidade-avicola\/#breadcrumb"},"inLanguage":"pt-PT","potentialAction":[{"@type":"ReadAction","target":["https:\/\/portaltela.pt\/noticias\/2026\/04\/06\/policia-angolana-investiga-morte-de-tres-trabalhadores-numa-unidade-avicola\/"]}]},{"@type":"ImageObject","inLanguage":"pt-PT","@id":"https:\/\/portaltela.pt\/noticias\/2026\/04\/06\/policia-angolana-investiga-morte-de-tres-trabalhadores-numa-unidade-avicola\/#primaryimage","url":"https:\/\/portaltela.pt\/s.01k8rhncp4jt1\/2026\/04\/CACHE_780X1200_ANALOG_WATERMARKED_26882039_2383301_22082019022731.jpg","contentUrl":"https:\/\/portaltela.pt\/s.01k8rhncp4jt1\/2026\/04\/CACHE_780X1200_ANALOG_WATERMARKED_26882039_2383301_22082019022731.jpg","width":796,"height":448,"caption":"Photo"},{"@type":"BreadcrumbList","@id":"https:\/\/portaltela.pt\/noticias\/2026\/04\/06\/policia-angolana-investiga-morte-de-tres-trabalhadores-numa-unidade-avicola\/#breadcrumb","itemListElement":[{"@type":"ListItem","position":1,"name":"In\u00edcio","item":"https:\/\/portaltela.pt\/"},{"@type":"ListItem","position":2,"name":"Pol\u00edcia angolana investiga morte de tr\u00eas trabalhadores numa unidade av\u00edcola"}]},{"@type":"WebSite","@id":"https:\/\/portaltela.pt\/#website","url":"https:\/\/portaltela.pt\/","name":"Portal Tela Portugal","description":"","potentialAction":[{"@type":"SearchAction","target":{"@type":"EntryPoint","urlTemplate":"https:\/\/portaltela.pt\/?s={search_term_string}"},"query-input":{"@type":"PropertyValueSpecification","valueRequired":true,"valueName":"search_term_string"}}],"inLanguage":"pt-PT"},{"@type":"Person","@id":"https:\/\/portaltela.pt\/#\/schema\/person\/c4278d4a6028830caff9ee44b42d32ed","name":"Telinha","image":{"@type":"ImageObject","inLanguage":"pt-PT","@id":"https:\/\/portaltela.pt\/s.01k8rhncp4jt1\/2025\/11\/talking-bot-125x125.png","url":"https:\/\/portaltela.pt\/s.01k8rhncp4jt1\/2025\/11\/talking-bot-125x125.png","contentUrl":"https:\/\/portaltela.pt\/s.01k8rhncp4jt1\/2025\/11\/talking-bot-125x125.png","caption":"Telinha"},"sameAs":["https:\/\/portaltela.pt\/"],"url":"https:\/\/portaltela.pt\/por\/367410592786\/"}]}},"_links":{"self":[{"href":"https:\/\/portaltela.pt\/api\/wp\/v2\/posts\/434589","targetHints":{"allow":["GET"]}}],"collection":[{"href":"https:\/\/portaltela.pt\/api\/wp\/v2\/posts"}],"about":[{"href":"https:\/\/portaltela.pt\/api\/wp\/v2\/types\/post"}],"author":[{"embeddable":true,"href":"https:\/\/portaltela.pt\/api\/wp\/v2\/users\/2"}],"replies":[{"embeddable":true,"href":"https:\/\/portaltela.pt\/api\/wp\/v2\/comments?post=434589"}],"version-history":[{"count":0,"href":"https:\/\/portaltela.pt\/api\/wp\/v2\/posts\/434589\/revisions"}],"wp:featuredmedia":[{"embeddable":true,"href":"https:\/\/portaltela.pt\/api\/wp\/v2\/media\/434592"}],"wp:attachment":[{"href":"https:\/\/portaltela.pt\/api\/wp\/v2\/media?parent=434589"}],"wp:term":[{"taxonomy":"category","embeddable":true,"href":"https:\/\/portaltela.pt\/api\/wp\/v2\/categories?post=434589"},{"taxonomy":"post_tag","embeddable":true,"href":"https:\/\/portaltela.pt\/api\/wp\/v2\/tags?post=434589"}],"curies":[{"name":"wp","href":"https:\/\/api.w.org\/{rel}","templated":true}]}}