{"id":434577,"date":"2026-04-06T15:47:04","date_gmt":"2026-04-06T18:47:04","guid":{"rendered":"https:\/\/portaltela.pt\/noticias\/2026\/04\/06\/benfica-escolhe-onze-para-o-jogo-com-o-casa-pia\/"},"modified":"2026-04-06T15:47:04","modified_gmt":"2026-04-06T18:47:04","slug":"benfica-escolhe-onze-para-o-jogo-com-o-casa-pia","status":"publish","type":"post","link":"https:\/\/portaltela.pt\/desporto\/futebol\/2026\/04\/06\/benfica-escolhe-onze-para-o-jogo-com-o-casa-pia\/","title":{"rendered":"Benfica escolhe onze para o jogo com o Casa Pia"},"content":{"rendered":"<p>O Benfica defronta esta noite o Casa Pia, pelas 20h45, na 28.\u00aa jornada da Liga Portugal Betclic. O jogo realiza-se no Est\u00e1dio Gustavo Pinto Lopes, em Lisboa, num encontro entre duas equipas da primeira divis\u00e3o.<\/p>\n<p>Em rela\u00e7\u00e3o ao Benfica, a equipa inicial escolhida por Jos\u00e9 Mourinho \u00e9 Trubin na baliza, com Bah, Ant\u00f3nio Silva, Otamendi e Dahl na defesa. No meio-campo alinham R\u00edos, Barrenechea, Lukebakio, Rafa e Schjelderup, com Pavlidis na frente.<\/p>\n<p>Pelo Casa Pia, a forma\u00e7\u00e3o de \u00c1lvaro Pacheco come\u00e7a com Sequeira entre os postes, defesa com Geraldes, Sousa e Goulart, meio-campo com Larrazabal, Mohamed, Rafael Brito e Rosas, e ataque com Livolant, Morais e Cassiano.<\/p>\n<h3>Escala\u00e7\u00f5es<\/h3>\n<ul>\n<li>Benfica (titulares): Trubin; Bah, Ant\u00f3nio Silva, Otamendi, Dahl; R\u00edos, Barrenechea, Lukebakio, Rafa, Schjelderup; Pavlidis<\/li>\n<li>Benfica (suplentes): Samuel Soares, Ivanovic, Sudakov, Sidny Lopes Cabral, Manu Silva, Prestianni, Daniel Banjaqui, Gon\u00e7alo Oliveira, An\u00edsio Cabral<\/li>\n<li>Casa Pia (titulares): Sequeira; Geraldes, Sousa, Goulart; Larrazabal, Mohamed, Rafael Brito, Rosas; Livolant, Morais, Cassiano<\/li>\n<li>Casa Pia (suplentes): Iv\u00e1n Mandic, Abdu Cont\u00e9, Kelian Saka, Jo\u00e3o Marques, Oluwakorede Osundina, K\u00e9vin Machado, Kaique Lima, Abdu Daf\u00e9, Cl\u00e1udio Mendes<\/li>\n<\/ul>\n<p>Siga o jogo em direto para acompanhar as incid\u00eancias minuto a minuto.<\/p>\n","protected":false},"excerpt":{"rendered":"<ul>\n<li>O Benfica defronta hoje o Casa Pia \u00e0s 20h45, em jogo da 28.\u00aa jornada da Liga Portugal Betclic.<\/li>\n<li>Onze do Benfica: Trubin; Bah, Ant\u00f3nio Silva, Otamendi e Dahl; R\u00edos, Barrenechea, Lukebakio, Rafa e Schjelderup; Pavlidis.<\/li>\n<li>Suplentes do Benfica: Samuel Soares, Ivanovic, Sudakov, Sidny Lopes Cabral, Manu Silva, Prestianni, Daniel Banjaqui, Gon\u00e7alo Oliveira e An\u00edsio Cabral.<\/li>\n<li>Onze do Casa Pia: Sequeira; Geraldes, Sousa e Goulart; Larrazabal, Mohamed, Rafael Brito e Rosas; Livolant, Morais e Cassiano.<\/li>\n<li>Suplentes do Casa Pia: Iv\u00e1n Mandic, Abdu Cont\u00e9, Kelian Saka, Jo\u00e3o Marques, Oluwakorede Osundina, K\u00e9vin Machado, Kaique Lima, Abdu Daf\u00e9 e Cl\u00e1udio Mendes. Siga o jogo em directo.<\/li>\n<\/ul>\n","protected":false},"author":2,"featured_media":434580,"comment_status":"closed","ping_status":"closed","sticky":false,"template":"","format":"standard","meta":{"footnotes":""},"categories":[21,24],"tags":[4143,1946,5176,32,3761,3071],"class_list":["post-434577","post","type-post","status-publish","format-standard","has-post-thumbnail","hentry","category-desporto","category-futebol","tag-1-liga","tag-benfica","tag-casa-pia","tag-futebol","tag-lukebakio","tag-pavlidis"],"yoast_head":"<!-- This site is optimized with the Yoast SEO plugin v27.2 - https:\/\/yoast.com\/product\/yoast-seo-wordpress\/ -->\n<title>Benfica escolhe onze para o jogo com o Casa Pia - Portal Tela Portugal<\/title>\n<meta name=\"robots\" content=\"index, follow, max-snippet:-1, max-image-preview:large, max-video-preview:-1\" \/>\n<meta property=\"og:locale\" content=\"pt_PT\" \/>\n<meta property=\"og:type\" content=\"article\" \/>\n<meta property=\"og:title\" content=\"Benfica escolhe onze para o jogo com o Casa Pia - Portal Tela Portugal\" \/>\n<meta property=\"og:description\" content=\"O Benfica defronta hoje o Casa Pia \u00e0s 20h45, em jogo da 28.\u00aa jornada da Liga Portugal Betclic. Onze do Benfica: Trubin; Bah, Ant\u00f3nio Silva, Otamendi e Dahl; R\u00edos, Barrenechea, Lukebakio, Rafa e Schjelderup; Pavlidis. Suplentes do Benfica: Samuel Soares, Ivanovic, Sudakov, Sidny Lopes Cabral, Manu Silva, Prestianni, Daniel Banjaqui, Gon\u00e7alo Oliveira e An\u00edsio Cabral. Onze do Casa Pia: Sequeira; Geraldes, Sousa e Goulart; Larrazabal, Mohamed, Rafael Brito e Rosas; Livolant, Morais e Cassiano. Suplentes do Casa Pia: Iv\u00e1n Mandic, Abdu Cont\u00e9, Kelian Saka, Jo\u00e3o Marques, Oluwakorede Osundina, K\u00e9vin Machado, Kaique Lima, Abdu Daf\u00e9 e Cl\u00e1udio Mendes. Siga o jogo em directo.\" \/>\n<meta property=\"og:url\" content=\"https:\/\/portaltela.pt\/noticias\/2026\/04\/06\/benfica-escolhe-onze-para-o-jogo-com-o-casa-pia\/\" \/>\n<meta property=\"og:site_name\" content=\"Portal Tela Portugal\" \/>\n<meta property=\"article:published_time\" content=\"2026-04-06T18:47:04+00:00\" \/>\n<meta name=\"author\" content=\"Telinha\" \/>\n<meta name=\"twitter:card\" content=\"summary_large_image\" \/>\n<meta name=\"twitter:label1\" content=\"Escrito por\" \/>\n\t<meta name=\"twitter:data1\" content=\"Telinha\" \/>\n\t<meta name=\"twitter:label2\" content=\"Tempo estimado de leitura\" \/>\n\t<meta name=\"twitter:data2\" content=\"1 minuto\" \/>\n<script type=\"application\/ld+json\" class=\"yoast-schema-graph\">{\"@context\":\"https:\/\/schema.org\",\"@graph\":[{\"@type\":\"Article\",\"@id\":\"https:\/\/portaltela.pt\/noticias\/2026\/04\/06\/benfica-escolhe-onze-para-o-jogo-com-o-casa-pia\/#article\",\"isPartOf\":{\"@id\":\"https:\/\/portaltela.pt\/noticias\/2026\/04\/06\/benfica-escolhe-onze-para-o-jogo-com-o-casa-pia\/\"},\"author\":{\"name\":\"Telinha\",\"@id\":\"https:\/\/portaltela.pt\/#\/schema\/person\/c4278d4a6028830caff9ee44b42d32ed\"},\"headline\":\"Benfica escolhe onze para o jogo com o Casa Pia\",\"datePublished\":\"2026-04-06T18:47:04+00:00\",\"mainEntityOfPage\":{\"@id\":\"https:\/\/portaltela.pt\/noticias\/2026\/04\/06\/benfica-escolhe-onze-para-o-jogo-com-o-casa-pia\/\"},\"wordCount\":213,\"image\":{\"@id\":\"https:\/\/portaltela.pt\/noticias\/2026\/04\/06\/benfica-escolhe-onze-para-o-jogo-com-o-casa-pia\/#primaryimage\"},\"thumbnailUrl\":\"https:\/\/portaltela.pt\/s.01k8rhncp4jt1\/2026\/04\/img_920x518uu2026-03-02-21-54-09-2424563.jpg\",\"keywords\":[\"1. Liga\",\"Benfica\",\"Casa Pia\",\"futebol\",\"Lukebakio\",\"Pavlidis\"],\"articleSection\":[\"Desporto\",\"Futebol\"],\"inLanguage\":\"pt-PT\"},{\"@type\":\"WebPage\",\"@id\":\"https:\/\/portaltela.pt\/noticias\/2026\/04\/06\/benfica-escolhe-onze-para-o-jogo-com-o-casa-pia\/\",\"url\":\"https:\/\/portaltela.pt\/noticias\/2026\/04\/06\/benfica-escolhe-onze-para-o-jogo-com-o-casa-pia\/\",\"name\":\"Benfica escolhe onze para o jogo com o Casa Pia - Portal Tela Portugal\",\"isPartOf\":{\"@id\":\"https:\/\/portaltela.pt\/#website\"},\"primaryImageOfPage\":{\"@id\":\"https:\/\/portaltela.pt\/noticias\/2026\/04\/06\/benfica-escolhe-onze-para-o-jogo-com-o-casa-pia\/#primaryimage\"},\"image\":{\"@id\":\"https:\/\/portaltela.pt\/noticias\/2026\/04\/06\/benfica-escolhe-onze-para-o-jogo-com-o-casa-pia\/#primaryimage\"},\"thumbnailUrl\":\"https:\/\/portaltela.pt\/s.01k8rhncp4jt1\/2026\/04\/img_920x518uu2026-03-02-21-54-09-2424563.jpg\",\"datePublished\":\"2026-04-06T18:47:04+00:00\",\"author\":{\"@id\":\"https:\/\/portaltela.pt\/#\/schema\/person\/c4278d4a6028830caff9ee44b42d32ed\"},\"breadcrumb\":{\"@id\":\"https:\/\/portaltela.pt\/noticias\/2026\/04\/06\/benfica-escolhe-onze-para-o-jogo-com-o-casa-pia\/#breadcrumb\"},\"inLanguage\":\"pt-PT\",\"potentialAction\":[{\"@type\":\"ReadAction\",\"target\":[\"https:\/\/portaltela.pt\/noticias\/2026\/04\/06\/benfica-escolhe-onze-para-o-jogo-com-o-casa-pia\/\"]}]},{\"@type\":\"ImageObject\",\"inLanguage\":\"pt-PT\",\"@id\":\"https:\/\/portaltela.pt\/noticias\/2026\/04\/06\/benfica-escolhe-onze-para-o-jogo-com-o-casa-pia\/#primaryimage\",\"url\":\"https:\/\/portaltela.pt\/s.01k8rhncp4jt1\/2026\/04\/img_920x518uu2026-03-02-21-54-09-2424563.jpg\",\"contentUrl\":\"https:\/\/portaltela.pt\/s.01k8rhncp4jt1\/2026\/04\/img_920x518uu2026-03-02-21-54-09-2424563.jpg\",\"width\":796,\"height\":448,\"caption\":\"Jos\u00e9 Mourinho no jogo com o Gil Vicente\"},{\"@type\":\"BreadcrumbList\",\"@id\":\"https:\/\/portaltela.pt\/noticias\/2026\/04\/06\/benfica-escolhe-onze-para-o-jogo-com-o-casa-pia\/#breadcrumb\",\"itemListElement\":[{\"@type\":\"ListItem\",\"position\":1,\"name\":\"In\u00edcio\",\"item\":\"https:\/\/portaltela.pt\/\"},{\"@type\":\"ListItem\",\"position\":2,\"name\":\"Benfica escolhe onze para o jogo com o Casa Pia\"}]},{\"@type\":\"WebSite\",\"@id\":\"https:\/\/portaltela.pt\/#website\",\"url\":\"https:\/\/portaltela.pt\/\",\"name\":\"Portal Tela Portugal\",\"description\":\"\",\"potentialAction\":[{\"@type\":\"SearchAction\",\"target\":{\"@type\":\"EntryPoint\",\"urlTemplate\":\"https:\/\/portaltela.pt\/?s={search_term_string}\"},\"query-input\":{\"@type\":\"PropertyValueSpecification\",\"valueRequired\":true,\"valueName\":\"search_term_string\"}}],\"inLanguage\":\"pt-PT\"},{\"@type\":\"Person\",\"@id\":\"https:\/\/portaltela.pt\/#\/schema\/person\/c4278d4a6028830caff9ee44b42d32ed\",\"name\":\"Telinha\",\"image\":{\"@type\":\"ImageObject\",\"inLanguage\":\"pt-PT\",\"@id\":\"https:\/\/portaltela.pt\/s.01k8rhncp4jt1\/2025\/11\/talking-bot-125x125.png\",\"url\":\"https:\/\/portaltela.pt\/s.01k8rhncp4jt1\/2025\/11\/talking-bot-125x125.png\",\"contentUrl\":\"https:\/\/portaltela.pt\/s.01k8rhncp4jt1\/2025\/11\/talking-bot-125x125.png\",\"caption\":\"Telinha\"},\"sameAs\":[\"https:\/\/portaltela.pt\/\"],\"url\":\"https:\/\/portaltela.pt\/por\/367410592786\/\"}]}<\/script>\n<!-- \/ Yoast SEO plugin. -->","yoast_head_json":{"title":"Benfica escolhe onze para o jogo com o Casa Pia - Portal Tela Portugal","robots":{"index":"index","follow":"follow","max-snippet":"max-snippet:-1","max-image-preview":"max-image-preview:large","max-video-preview":"max-video-preview:-1"},"og_locale":"pt_PT","og_type":"article","og_title":"Benfica escolhe onze para o jogo com o Casa Pia - Portal Tela Portugal","og_description":"O Benfica defronta hoje o Casa Pia \u00e0s 20h45, em jogo da 28.\u00aa jornada da Liga Portugal Betclic. Onze do Benfica: Trubin; Bah, Ant\u00f3nio Silva, Otamendi e Dahl; R\u00edos, Barrenechea, Lukebakio, Rafa e Schjelderup; Pavlidis. Suplentes do Benfica: Samuel Soares, Ivanovic, Sudakov, Sidny Lopes Cabral, Manu Silva, Prestianni, Daniel Banjaqui, Gon\u00e7alo Oliveira e An\u00edsio Cabral. Onze do Casa Pia: Sequeira; Geraldes, Sousa e Goulart; Larrazabal, Mohamed, Rafael Brito e Rosas; Livolant, Morais e Cassiano. Suplentes do Casa Pia: Iv\u00e1n Mandic, Abdu Cont\u00e9, Kelian Saka, Jo\u00e3o Marques, Oluwakorede Osundina, K\u00e9vin Machado, Kaique Lima, Abdu Daf\u00e9 e Cl\u00e1udio Mendes. Siga o jogo em directo.","og_url":"https:\/\/portaltela.pt\/noticias\/2026\/04\/06\/benfica-escolhe-onze-para-o-jogo-com-o-casa-pia\/","og_site_name":"Portal Tela Portugal","article_published_time":"2026-04-06T18:47:04+00:00","author":"Telinha","twitter_card":"summary_large_image","twitter_misc":{"Escrito por":"Telinha","Tempo estimado de leitura":"1 minuto"},"schema":{"@context":"https:\/\/schema.org","@graph":[{"@type":"Article","@id":"https:\/\/portaltela.pt\/noticias\/2026\/04\/06\/benfica-escolhe-onze-para-o-jogo-com-o-casa-pia\/#article","isPartOf":{"@id":"https:\/\/portaltela.pt\/noticias\/2026\/04\/06\/benfica-escolhe-onze-para-o-jogo-com-o-casa-pia\/"},"author":{"name":"Telinha","@id":"https:\/\/portaltela.pt\/#\/schema\/person\/c4278d4a6028830caff9ee44b42d32ed"},"headline":"Benfica escolhe onze para o jogo com o Casa Pia","datePublished":"2026-04-06T18:47:04+00:00","mainEntityOfPage":{"@id":"https:\/\/portaltela.pt\/noticias\/2026\/04\/06\/benfica-escolhe-onze-para-o-jogo-com-o-casa-pia\/"},"wordCount":213,"image":{"@id":"https:\/\/portaltela.pt\/noticias\/2026\/04\/06\/benfica-escolhe-onze-para-o-jogo-com-o-casa-pia\/#primaryimage"},"thumbnailUrl":"https:\/\/portaltela.pt\/s.01k8rhncp4jt1\/2026\/04\/img_920x518uu2026-03-02-21-54-09-2424563.jpg","keywords":["1. Liga","Benfica","Casa Pia","futebol","Lukebakio","Pavlidis"],"articleSection":["Desporto","Futebol"],"inLanguage":"pt-PT"},{"@type":"WebPage","@id":"https:\/\/portaltela.pt\/noticias\/2026\/04\/06\/benfica-escolhe-onze-para-o-jogo-com-o-casa-pia\/","url":"https:\/\/portaltela.pt\/noticias\/2026\/04\/06\/benfica-escolhe-onze-para-o-jogo-com-o-casa-pia\/","name":"Benfica escolhe onze para o jogo com o Casa Pia - Portal Tela Portugal","isPartOf":{"@id":"https:\/\/portaltela.pt\/#website"},"primaryImageOfPage":{"@id":"https:\/\/portaltela.pt\/noticias\/2026\/04\/06\/benfica-escolhe-onze-para-o-jogo-com-o-casa-pia\/#primaryimage"},"image":{"@id":"https:\/\/portaltela.pt\/noticias\/2026\/04\/06\/benfica-escolhe-onze-para-o-jogo-com-o-casa-pia\/#primaryimage"},"thumbnailUrl":"https:\/\/portaltela.pt\/s.01k8rhncp4jt1\/2026\/04\/img_920x518uu2026-03-02-21-54-09-2424563.jpg","datePublished":"2026-04-06T18:47:04+00:00","author":{"@id":"https:\/\/portaltela.pt\/#\/schema\/person\/c4278d4a6028830caff9ee44b42d32ed"},"breadcrumb":{"@id":"https:\/\/portaltela.pt\/noticias\/2026\/04\/06\/benfica-escolhe-onze-para-o-jogo-com-o-casa-pia\/#breadcrumb"},"inLanguage":"pt-PT","potentialAction":[{"@type":"ReadAction","target":["https:\/\/portaltela.pt\/noticias\/2026\/04\/06\/benfica-escolhe-onze-para-o-jogo-com-o-casa-pia\/"]}]},{"@type":"ImageObject","inLanguage":"pt-PT","@id":"https:\/\/portaltela.pt\/noticias\/2026\/04\/06\/benfica-escolhe-onze-para-o-jogo-com-o-casa-pia\/#primaryimage","url":"https:\/\/portaltela.pt\/s.01k8rhncp4jt1\/2026\/04\/img_920x518uu2026-03-02-21-54-09-2424563.jpg","contentUrl":"https:\/\/portaltela.pt\/s.01k8rhncp4jt1\/2026\/04\/img_920x518uu2026-03-02-21-54-09-2424563.jpg","width":796,"height":448,"caption":"Jos\u00e9 Mourinho no jogo com o Gil Vicente"},{"@type":"BreadcrumbList","@id":"https:\/\/portaltela.pt\/noticias\/2026\/04\/06\/benfica-escolhe-onze-para-o-jogo-com-o-casa-pia\/#breadcrumb","itemListElement":[{"@type":"ListItem","position":1,"name":"In\u00edcio","item":"https:\/\/portaltela.pt\/"},{"@type":"ListItem","position":2,"name":"Benfica escolhe onze para o jogo com o Casa Pia"}]},{"@type":"WebSite","@id":"https:\/\/portaltela.pt\/#website","url":"https:\/\/portaltela.pt\/","name":"Portal Tela Portugal","description":"","potentialAction":[{"@type":"SearchAction","target":{"@type":"EntryPoint","urlTemplate":"https:\/\/portaltela.pt\/?s={search_term_string}"},"query-input":{"@type":"PropertyValueSpecification","valueRequired":true,"valueName":"search_term_string"}}],"inLanguage":"pt-PT"},{"@type":"Person","@id":"https:\/\/portaltela.pt\/#\/schema\/person\/c4278d4a6028830caff9ee44b42d32ed","name":"Telinha","image":{"@type":"ImageObject","inLanguage":"pt-PT","@id":"https:\/\/portaltela.pt\/s.01k8rhncp4jt1\/2025\/11\/talking-bot-125x125.png","url":"https:\/\/portaltela.pt\/s.01k8rhncp4jt1\/2025\/11\/talking-bot-125x125.png","contentUrl":"https:\/\/portaltela.pt\/s.01k8rhncp4jt1\/2025\/11\/talking-bot-125x125.png","caption":"Telinha"},"sameAs":["https:\/\/portaltela.pt\/"],"url":"https:\/\/portaltela.pt\/por\/367410592786\/"}]}},"_links":{"self":[{"href":"https:\/\/portaltela.pt\/api\/wp\/v2\/posts\/434577","targetHints":{"allow":["GET"]}}],"collection":[{"href":"https:\/\/portaltela.pt\/api\/wp\/v2\/posts"}],"about":[{"href":"https:\/\/portaltela.pt\/api\/wp\/v2\/types\/post"}],"author":[{"embeddable":true,"href":"https:\/\/portaltela.pt\/api\/wp\/v2\/users\/2"}],"replies":[{"embeddable":true,"href":"https:\/\/portaltela.pt\/api\/wp\/v2\/comments?post=434577"}],"version-history":[{"count":0,"href":"https:\/\/portaltela.pt\/api\/wp\/v2\/posts\/434577\/revisions"}],"wp:featuredmedia":[{"embeddable":true,"href":"https:\/\/portaltela.pt\/api\/wp\/v2\/media\/434580"}],"wp:attachment":[{"href":"https:\/\/portaltela.pt\/api\/wp\/v2\/media?parent=434577"}],"wp:term":[{"taxonomy":"category","embeddable":true,"href":"https:\/\/portaltela.pt\/api\/wp\/v2\/categories?post=434577"},{"taxonomy":"post_tag","embeddable":true,"href":"https:\/\/portaltela.pt\/api\/wp\/v2\/tags?post=434577"}],"curies":[{"name":"wp","href":"https:\/\/api.w.org\/{rel}","templated":true}]}}