{"id":434559,"date":"2026-04-06T15:32:28","date_gmt":"2026-04-06T18:32:28","guid":{"rendered":"https:\/\/portaltela.pt\/noticias\/2026\/04\/06\/fernando-diniz-assume-o-leme-tecnico-do-corinthians\/"},"modified":"2026-04-06T15:32:28","modified_gmt":"2026-04-06T18:32:28","slug":"fernando-diniz-assume-o-leme-tecnico-do-corinthians","status":"publish","type":"post","link":"https:\/\/portaltela.pt\/desporto\/futebol\/2026\/04\/06\/fernando-diniz-assume-o-leme-tecnico-do-corinthians\/","title":{"rendered":"Fernando Diniz assume o leme t\u00e9cnico do Corinthians"},"content":{"rendered":"<p>O Corinthians anunciou Fernando Diniz como novo treinador, sucedendo Dorival J\u00fanior, que deixou o cargo ap\u00f3s a derrota por 1-0 frente ao Internacional no \u00faltimo domingo.<\/p>\n<p>O t\u00e9cnico brasileiro, de 52 anos, assinou contrato v\u00e1lido at\u00e9 dezembro de 2026 e j\u00e1 tem o primeiro treino marcado para esta ter\u00e7a-feira.<\/p>\n<p>A estreia de Diniz est\u00e1 agendada para sexta-feira, \u00e0s 1h00, diante do Platense, na primeira jornada do Grupo E da Ta\u00e7a Libertadores.<\/p>\n","protected":false},"excerpt":{"rendered":"<ul>\n<li>Fernando Diniz \u00e9 o novo treinador do Corinthians, sucedendo Dorival J\u00fanior, despedido no domingo ap\u00f3s a derrota frente ao Internacional.<\/li>\n<li>O t\u00e9cnico brasileiro, de 52 anos, tem contrato v\u00e1lido at\u00e9 dezembro de 2026.<\/li>\n<li>Diniz far\u00e1 o primeiro treino desta ter\u00e7a-feira.<\/li>\n<li>A estreia est\u00e1 agendada para sexta-feira, \u00e0s 1h00, frente ao Platense, no jogo da 1.\u00aa jornada do Grupo E da Ta\u00e7a Libertadores.<\/li>\n<\/ul>\n","protected":false},"author":2,"featured_media":434565,"comment_status":"closed","ping_status":"closed","sticky":false,"template":"","format":"standard","meta":{"footnotes":""},"categories":[21,24],"tags":[1125,32,6693,467,2477],"class_list":["post-434559","post","type-post","status-publish","format-standard","has-post-thumbnail","hentry","category-desporto","category-futebol","tag-contratos","tag-futebol","tag-futebol-brasileiro","tag-libertadores","tag-treinadores"],"yoast_head":"<!-- This site is optimized with the Yoast SEO plugin v27.2 - https:\/\/yoast.com\/product\/yoast-seo-wordpress\/ -->\n<title>Fernando Diniz assume o leme t\u00e9cnico do Corinthians - Portal Tela Portugal<\/title>\n<meta name=\"robots\" content=\"index, follow, max-snippet:-1, max-image-preview:large, max-video-preview:-1\" \/>\n<meta property=\"og:locale\" content=\"pt_PT\" \/>\n<meta property=\"og:type\" content=\"article\" \/>\n<meta property=\"og:title\" content=\"Fernando Diniz assume o leme t\u00e9cnico do Corinthians - Portal Tela Portugal\" \/>\n<meta property=\"og:description\" content=\"Fernando Diniz \u00e9 o novo treinador do Corinthians, sucedendo Dorival J\u00fanior, despedido no domingo ap\u00f3s a derrota frente ao Internacional. O t\u00e9cnico brasileiro, de 52 anos, tem contrato v\u00e1lido at\u00e9 dezembro de 2026. Diniz far\u00e1 o primeiro treino desta ter\u00e7a-feira. A estreia est\u00e1 agendada para sexta-feira, \u00e0s 1h00, frente ao Platense, no jogo da 1.\u00aa jornada do Grupo E da Ta\u00e7a Libertadores.\" \/>\n<meta property=\"og:url\" content=\"https:\/\/portaltela.pt\/noticias\/2026\/04\/06\/fernando-diniz-assume-o-leme-tecnico-do-corinthians\/\" \/>\n<meta property=\"og:site_name\" content=\"Portal Tela Portugal\" \/>\n<meta property=\"article:published_time\" content=\"2026-04-06T18:32:28+00:00\" \/>\n<meta name=\"author\" content=\"Telinha\" \/>\n<meta name=\"twitter:card\" content=\"summary_large_image\" \/>\n<meta name=\"twitter:label1\" content=\"Escrito por\" \/>\n\t<meta name=\"twitter:data1\" content=\"Telinha\" \/>\n<script type=\"application\/ld+json\" class=\"yoast-schema-graph\">{\"@context\":\"https:\/\/schema.org\",\"@graph\":[{\"@type\":\"Article\",\"@id\":\"https:\/\/portaltela.pt\/noticias\/2026\/04\/06\/fernando-diniz-assume-o-leme-tecnico-do-corinthians\/#article\",\"isPartOf\":{\"@id\":\"https:\/\/portaltela.pt\/noticias\/2026\/04\/06\/fernando-diniz-assume-o-leme-tecnico-do-corinthians\/\"},\"author\":{\"name\":\"Telinha\",\"@id\":\"https:\/\/portaltela.pt\/#\/schema\/person\/c4278d4a6028830caff9ee44b42d32ed\"},\"headline\":\"Fernando Diniz assume o leme t\u00e9cnico do Corinthians\",\"datePublished\":\"2026-04-06T18:32:28+00:00\",\"mainEntityOfPage\":{\"@id\":\"https:\/\/portaltela.pt\/noticias\/2026\/04\/06\/fernando-diniz-assume-o-leme-tecnico-do-corinthians\/\"},\"wordCount\":84,\"image\":{\"@id\":\"https:\/\/portaltela.pt\/noticias\/2026\/04\/06\/fernando-diniz-assume-o-leme-tecnico-do-corinthians\/#primaryimage\"},\"thumbnailUrl\":\"https:\/\/portaltela.pt\/s.01k8rhncp4jt1\/2026\/04\/img_1200x721uu2019-11-29-09-53-22-1632987.jpg\",\"keywords\":[\"contratos\",\"futebol\",\"futebol brasileiro\",\"libertadores\",\"treinadores\"],\"articleSection\":[\"Desporto\",\"Futebol\"],\"inLanguage\":\"pt-PT\"},{\"@type\":\"WebPage\",\"@id\":\"https:\/\/portaltela.pt\/noticias\/2026\/04\/06\/fernando-diniz-assume-o-leme-tecnico-do-corinthians\/\",\"url\":\"https:\/\/portaltela.pt\/noticias\/2026\/04\/06\/fernando-diniz-assume-o-leme-tecnico-do-corinthians\/\",\"name\":\"Fernando Diniz assume o leme t\u00e9cnico do Corinthians - Portal Tela Portugal\",\"isPartOf\":{\"@id\":\"https:\/\/portaltela.pt\/#website\"},\"primaryImageOfPage\":{\"@id\":\"https:\/\/portaltela.pt\/noticias\/2026\/04\/06\/fernando-diniz-assume-o-leme-tecnico-do-corinthians\/#primaryimage\"},\"image\":{\"@id\":\"https:\/\/portaltela.pt\/noticias\/2026\/04\/06\/fernando-diniz-assume-o-leme-tecnico-do-corinthians\/#primaryimage\"},\"thumbnailUrl\":\"https:\/\/portaltela.pt\/s.01k8rhncp4jt1\/2026\/04\/img_1200x721uu2019-11-29-09-53-22-1632987.jpg\",\"datePublished\":\"2026-04-06T18:32:28+00:00\",\"author\":{\"@id\":\"https:\/\/portaltela.pt\/#\/schema\/person\/c4278d4a6028830caff9ee44b42d32ed\"},\"breadcrumb\":{\"@id\":\"https:\/\/portaltela.pt\/noticias\/2026\/04\/06\/fernando-diniz-assume-o-leme-tecnico-do-corinthians\/#breadcrumb\"},\"inLanguage\":\"pt-PT\",\"potentialAction\":[{\"@type\":\"ReadAction\",\"target\":[\"https:\/\/portaltela.pt\/noticias\/2026\/04\/06\/fernando-diniz-assume-o-leme-tecnico-do-corinthians\/\"]}]},{\"@type\":\"ImageObject\",\"inLanguage\":\"pt-PT\",\"@id\":\"https:\/\/portaltela.pt\/noticias\/2026\/04\/06\/fernando-diniz-assume-o-leme-tecnico-do-corinthians\/#primaryimage\",\"url\":\"https:\/\/portaltela.pt\/s.01k8rhncp4jt1\/2026\/04\/img_1200x721uu2019-11-29-09-53-22-1632987.jpg\",\"contentUrl\":\"https:\/\/portaltela.pt\/s.01k8rhncp4jt1\/2026\/04\/img_1200x721uu2019-11-29-09-53-22-1632987.jpg\",\"width\":796,\"height\":448,\"caption\":\"Fernando Diniz tem um novo projeto\"},{\"@type\":\"BreadcrumbList\",\"@id\":\"https:\/\/portaltela.pt\/noticias\/2026\/04\/06\/fernando-diniz-assume-o-leme-tecnico-do-corinthians\/#breadcrumb\",\"itemListElement\":[{\"@type\":\"ListItem\",\"position\":1,\"name\":\"In\u00edcio\",\"item\":\"https:\/\/portaltela.pt\/\"},{\"@type\":\"ListItem\",\"position\":2,\"name\":\"Fernando Diniz assume o leme t\u00e9cnico do Corinthians\"}]},{\"@type\":\"WebSite\",\"@id\":\"https:\/\/portaltela.pt\/#website\",\"url\":\"https:\/\/portaltela.pt\/\",\"name\":\"Portal Tela Portugal\",\"description\":\"\",\"potentialAction\":[{\"@type\":\"SearchAction\",\"target\":{\"@type\":\"EntryPoint\",\"urlTemplate\":\"https:\/\/portaltela.pt\/?s={search_term_string}\"},\"query-input\":{\"@type\":\"PropertyValueSpecification\",\"valueRequired\":true,\"valueName\":\"search_term_string\"}}],\"inLanguage\":\"pt-PT\"},{\"@type\":\"Person\",\"@id\":\"https:\/\/portaltela.pt\/#\/schema\/person\/c4278d4a6028830caff9ee44b42d32ed\",\"name\":\"Telinha\",\"image\":{\"@type\":\"ImageObject\",\"inLanguage\":\"pt-PT\",\"@id\":\"https:\/\/portaltela.pt\/s.01k8rhncp4jt1\/2025\/11\/talking-bot-125x125.png\",\"url\":\"https:\/\/portaltela.pt\/s.01k8rhncp4jt1\/2025\/11\/talking-bot-125x125.png\",\"contentUrl\":\"https:\/\/portaltela.pt\/s.01k8rhncp4jt1\/2025\/11\/talking-bot-125x125.png\",\"caption\":\"Telinha\"},\"sameAs\":[\"https:\/\/portaltela.pt\/\"],\"url\":\"https:\/\/portaltela.pt\/por\/367410592786\/\"}]}<\/script>\n<!-- \/ Yoast SEO plugin. -->","yoast_head_json":{"title":"Fernando Diniz assume o leme t\u00e9cnico do Corinthians - Portal Tela Portugal","robots":{"index":"index","follow":"follow","max-snippet":"max-snippet:-1","max-image-preview":"max-image-preview:large","max-video-preview":"max-video-preview:-1"},"og_locale":"pt_PT","og_type":"article","og_title":"Fernando Diniz assume o leme t\u00e9cnico do Corinthians - Portal Tela Portugal","og_description":"Fernando Diniz \u00e9 o novo treinador do Corinthians, sucedendo Dorival J\u00fanior, despedido no domingo ap\u00f3s a derrota frente ao Internacional. O t\u00e9cnico brasileiro, de 52 anos, tem contrato v\u00e1lido at\u00e9 dezembro de 2026. Diniz far\u00e1 o primeiro treino desta ter\u00e7a-feira. A estreia est\u00e1 agendada para sexta-feira, \u00e0s 1h00, frente ao Platense, no jogo da 1.\u00aa jornada do Grupo E da Ta\u00e7a Libertadores.","og_url":"https:\/\/portaltela.pt\/noticias\/2026\/04\/06\/fernando-diniz-assume-o-leme-tecnico-do-corinthians\/","og_site_name":"Portal Tela Portugal","article_published_time":"2026-04-06T18:32:28+00:00","author":"Telinha","twitter_card":"summary_large_image","twitter_misc":{"Escrito por":"Telinha"},"schema":{"@context":"https:\/\/schema.org","@graph":[{"@type":"Article","@id":"https:\/\/portaltela.pt\/noticias\/2026\/04\/06\/fernando-diniz-assume-o-leme-tecnico-do-corinthians\/#article","isPartOf":{"@id":"https:\/\/portaltela.pt\/noticias\/2026\/04\/06\/fernando-diniz-assume-o-leme-tecnico-do-corinthians\/"},"author":{"name":"Telinha","@id":"https:\/\/portaltela.pt\/#\/schema\/person\/c4278d4a6028830caff9ee44b42d32ed"},"headline":"Fernando Diniz assume o leme t\u00e9cnico do Corinthians","datePublished":"2026-04-06T18:32:28+00:00","mainEntityOfPage":{"@id":"https:\/\/portaltela.pt\/noticias\/2026\/04\/06\/fernando-diniz-assume-o-leme-tecnico-do-corinthians\/"},"wordCount":84,"image":{"@id":"https:\/\/portaltela.pt\/noticias\/2026\/04\/06\/fernando-diniz-assume-o-leme-tecnico-do-corinthians\/#primaryimage"},"thumbnailUrl":"https:\/\/portaltela.pt\/s.01k8rhncp4jt1\/2026\/04\/img_1200x721uu2019-11-29-09-53-22-1632987.jpg","keywords":["contratos","futebol","futebol brasileiro","libertadores","treinadores"],"articleSection":["Desporto","Futebol"],"inLanguage":"pt-PT"},{"@type":"WebPage","@id":"https:\/\/portaltela.pt\/noticias\/2026\/04\/06\/fernando-diniz-assume-o-leme-tecnico-do-corinthians\/","url":"https:\/\/portaltela.pt\/noticias\/2026\/04\/06\/fernando-diniz-assume-o-leme-tecnico-do-corinthians\/","name":"Fernando Diniz assume o leme t\u00e9cnico do Corinthians - Portal Tela Portugal","isPartOf":{"@id":"https:\/\/portaltela.pt\/#website"},"primaryImageOfPage":{"@id":"https:\/\/portaltela.pt\/noticias\/2026\/04\/06\/fernando-diniz-assume-o-leme-tecnico-do-corinthians\/#primaryimage"},"image":{"@id":"https:\/\/portaltela.pt\/noticias\/2026\/04\/06\/fernando-diniz-assume-o-leme-tecnico-do-corinthians\/#primaryimage"},"thumbnailUrl":"https:\/\/portaltela.pt\/s.01k8rhncp4jt1\/2026\/04\/img_1200x721uu2019-11-29-09-53-22-1632987.jpg","datePublished":"2026-04-06T18:32:28+00:00","author":{"@id":"https:\/\/portaltela.pt\/#\/schema\/person\/c4278d4a6028830caff9ee44b42d32ed"},"breadcrumb":{"@id":"https:\/\/portaltela.pt\/noticias\/2026\/04\/06\/fernando-diniz-assume-o-leme-tecnico-do-corinthians\/#breadcrumb"},"inLanguage":"pt-PT","potentialAction":[{"@type":"ReadAction","target":["https:\/\/portaltela.pt\/noticias\/2026\/04\/06\/fernando-diniz-assume-o-leme-tecnico-do-corinthians\/"]}]},{"@type":"ImageObject","inLanguage":"pt-PT","@id":"https:\/\/portaltela.pt\/noticias\/2026\/04\/06\/fernando-diniz-assume-o-leme-tecnico-do-corinthians\/#primaryimage","url":"https:\/\/portaltela.pt\/s.01k8rhncp4jt1\/2026\/04\/img_1200x721uu2019-11-29-09-53-22-1632987.jpg","contentUrl":"https:\/\/portaltela.pt\/s.01k8rhncp4jt1\/2026\/04\/img_1200x721uu2019-11-29-09-53-22-1632987.jpg","width":796,"height":448,"caption":"Fernando Diniz tem um novo projeto"},{"@type":"BreadcrumbList","@id":"https:\/\/portaltela.pt\/noticias\/2026\/04\/06\/fernando-diniz-assume-o-leme-tecnico-do-corinthians\/#breadcrumb","itemListElement":[{"@type":"ListItem","position":1,"name":"In\u00edcio","item":"https:\/\/portaltela.pt\/"},{"@type":"ListItem","position":2,"name":"Fernando Diniz assume o leme t\u00e9cnico do Corinthians"}]},{"@type":"WebSite","@id":"https:\/\/portaltela.pt\/#website","url":"https:\/\/portaltela.pt\/","name":"Portal Tela Portugal","description":"","potentialAction":[{"@type":"SearchAction","target":{"@type":"EntryPoint","urlTemplate":"https:\/\/portaltela.pt\/?s={search_term_string}"},"query-input":{"@type":"PropertyValueSpecification","valueRequired":true,"valueName":"search_term_string"}}],"inLanguage":"pt-PT"},{"@type":"Person","@id":"https:\/\/portaltela.pt\/#\/schema\/person\/c4278d4a6028830caff9ee44b42d32ed","name":"Telinha","image":{"@type":"ImageObject","inLanguage":"pt-PT","@id":"https:\/\/portaltela.pt\/s.01k8rhncp4jt1\/2025\/11\/talking-bot-125x125.png","url":"https:\/\/portaltela.pt\/s.01k8rhncp4jt1\/2025\/11\/talking-bot-125x125.png","contentUrl":"https:\/\/portaltela.pt\/s.01k8rhncp4jt1\/2025\/11\/talking-bot-125x125.png","caption":"Telinha"},"sameAs":["https:\/\/portaltela.pt\/"],"url":"https:\/\/portaltela.pt\/por\/367410592786\/"}]}},"_links":{"self":[{"href":"https:\/\/portaltela.pt\/api\/wp\/v2\/posts\/434559","targetHints":{"allow":["GET"]}}],"collection":[{"href":"https:\/\/portaltela.pt\/api\/wp\/v2\/posts"}],"about":[{"href":"https:\/\/portaltela.pt\/api\/wp\/v2\/types\/post"}],"author":[{"embeddable":true,"href":"https:\/\/portaltela.pt\/api\/wp\/v2\/users\/2"}],"replies":[{"embeddable":true,"href":"https:\/\/portaltela.pt\/api\/wp\/v2\/comments?post=434559"}],"version-history":[{"count":0,"href":"https:\/\/portaltela.pt\/api\/wp\/v2\/posts\/434559\/revisions"}],"wp:featuredmedia":[{"embeddable":true,"href":"https:\/\/portaltela.pt\/api\/wp\/v2\/media\/434565"}],"wp:attachment":[{"href":"https:\/\/portaltela.pt\/api\/wp\/v2\/media?parent=434559"}],"wp:term":[{"taxonomy":"category","embeddable":true,"href":"https:\/\/portaltela.pt\/api\/wp\/v2\/categories?post=434559"},{"taxonomy":"post_tag","embeddable":true,"href":"https:\/\/portaltela.pt\/api\/wp\/v2\/tags?post=434559"}],"curies":[{"name":"wp","href":"https:\/\/api.w.org\/{rel}","templated":true}]}}