{"id":434558,"date":"2026-04-06T15:32:27","date_gmt":"2026-04-06T18:32:27","guid":{"rendered":"https:\/\/portaltela.pt\/noticias\/2026\/04\/06\/francisca-veselko-continua-a-espera-de-voltar-a-acao-em-bells-beach\/"},"modified":"2026-04-06T15:32:27","modified_gmt":"2026-04-06T18:32:27","slug":"francisca-veselko-continua-a-espera-de-voltar-a-acao-em-bells-beach","status":"publish","type":"post","link":"https:\/\/portaltela.pt\/desporto\/futebol\/2026\/04\/06\/francisca-veselko-continua-a-espera-de-voltar-a-acao-em-bells-beach\/","title":{"rendered":"Francisca Veselko continua \u00e0 espera de voltar \u00e0 a\u00e7\u00e3o em Bells Beach"},"content":{"rendered":"<p>Francisca Veselko continua \u00e0 espera de melhores condi\u00e7\u00f5es de onda em Bells Beach, Austr\u00e1lia, para retomar a primeira etapa do Circuito Mundial de 2026. A prova est\u00e1 parada h\u00e1 dois dias por falta de mar.<\/p>\n<p>A organiza\u00e7\u00e3o anunciou que a pr\u00f3xima bateria est\u00e1 agendada para esta ter\u00e7a-feira, ap\u00f3s o atraso. Veselko pretende competir no heat 3 dos oitavos-de-final contra a havaiana Gabriela Bryan.<\/p>\n<p>As perspetivas apontam para uma subida do n\u00edvel de mar nos dias restantes da janela de espera, que se encerra no pr\u00f3ximo s\u00e1bado. A l\u00edder portuguesa permanece na linha de frente da competi\u00e7\u00e3o, aguardando o retorno \u00e0s \u00e1guas.<\/p>\n","protected":false},"excerpt":{"rendered":"<ul>\n<li>Francisca Veselko continua \u00e0 espera de melhores ondas em Bells Beach, Austr\u00e1lia, para retomar a primeira etapa do Circuito Mundial de 2026.<\/li>\n<li>A competi\u00e7\u00e3o ficou parada por dois dias devido \u00e0s m\u00e1s condi\u00e7\u00f5es do mar, com a pr\u00f3xima bateria prevista para esta ter\u00e7a-feira.<\/li>\n<li>A surfista portuguesa vai enfrentar a havaiana Gabriela Bryan no heat 3 dos oitavos-de-final.<\/li>\n<li>As previs\u00f5es apontam para uma subida do mar nos \u00faltimos dias da janela de espera, que termina no pr\u00f3ximo s\u00e1bado.<\/li>\n<li>A organiza\u00e7\u00e3o mant\u00e9m a janela de espera at\u00e9 que as condi\u00e7\u00f5es permitam retomar o evento.<\/li>\n<\/ul>\n","protected":false},"author":2,"featured_media":434564,"comment_status":"closed","ping_status":"closed","sticky":false,"template":"","format":"standard","meta":{"footnotes":""},"categories":[21,24],"tags":[1602,152,2681,2701,1014],"class_list":["post-434558","post","type-post","status-publish","format-standard","has-post-thumbnail","hentry","category-desporto","category-futebol","tag-australia","tag-desporto","tag-desporto-internacional","tag-mulheres","tag-portugal"],"yoast_head":"<!-- This site is optimized with the Yoast SEO plugin v27.2 - https:\/\/yoast.com\/product\/yoast-seo-wordpress\/ -->\n<title>Francisca Veselko continua \u00e0 espera de voltar \u00e0 a\u00e7\u00e3o em Bells Beach - Portal Tela Portugal<\/title>\n<meta name=\"robots\" content=\"index, follow, max-snippet:-1, max-image-preview:large, max-video-preview:-1\" \/>\n<meta property=\"og:locale\" content=\"pt_PT\" \/>\n<meta property=\"og:type\" content=\"article\" \/>\n<meta property=\"og:title\" content=\"Francisca Veselko continua \u00e0 espera de voltar \u00e0 a\u00e7\u00e3o em Bells Beach - Portal Tela Portugal\" \/>\n<meta property=\"og:description\" content=\"Francisca Veselko continua \u00e0 espera de melhores ondas em Bells Beach, Austr\u00e1lia, para retomar a primeira etapa do Circuito Mundial de 2026. A competi\u00e7\u00e3o ficou parada por dois dias devido \u00e0s m\u00e1s condi\u00e7\u00f5es do mar, com a pr\u00f3xima bateria prevista para esta ter\u00e7a-feira. A surfista portuguesa vai enfrentar a havaiana Gabriela Bryan no heat 3 dos oitavos-de-final. As previs\u00f5es apontam para uma subida do mar nos \u00faltimos dias da janela de espera, que termina no pr\u00f3ximo s\u00e1bado. A organiza\u00e7\u00e3o mant\u00e9m a janela de espera at\u00e9 que as condi\u00e7\u00f5es permitam retomar o evento.\" \/>\n<meta property=\"og:url\" content=\"https:\/\/portaltela.pt\/noticias\/2026\/04\/06\/francisca-veselko-continua-a-espera-de-voltar-a-acao-em-bells-beach\/\" \/>\n<meta property=\"og:site_name\" content=\"Portal Tela Portugal\" \/>\n<meta property=\"article:published_time\" content=\"2026-04-06T18:32:27+00:00\" \/>\n<meta name=\"author\" content=\"Telinha\" \/>\n<meta name=\"twitter:card\" content=\"summary_large_image\" \/>\n<meta name=\"twitter:label1\" content=\"Escrito por\" \/>\n\t<meta name=\"twitter:data1\" content=\"Telinha\" \/>\n\t<meta name=\"twitter:label2\" content=\"Tempo estimado de leitura\" \/>\n\t<meta name=\"twitter:data2\" content=\"1 minuto\" \/>\n<script type=\"application\/ld+json\" class=\"yoast-schema-graph\">{\"@context\":\"https:\/\/schema.org\",\"@graph\":[{\"@type\":\"Article\",\"@id\":\"https:\/\/portaltela.pt\/noticias\/2026\/04\/06\/francisca-veselko-continua-a-espera-de-voltar-a-acao-em-bells-beach\/#article\",\"isPartOf\":{\"@id\":\"https:\/\/portaltela.pt\/noticias\/2026\/04\/06\/francisca-veselko-continua-a-espera-de-voltar-a-acao-em-bells-beach\/\"},\"author\":{\"name\":\"Telinha\",\"@id\":\"https:\/\/portaltela.pt\/#\/schema\/person\/c4278d4a6028830caff9ee44b42d32ed\"},\"headline\":\"Francisca Veselko continua \u00e0 espera de voltar \u00e0 a\u00e7\u00e3o em Bells Beach\",\"datePublished\":\"2026-04-06T18:32:27+00:00\",\"mainEntityOfPage\":{\"@id\":\"https:\/\/portaltela.pt\/noticias\/2026\/04\/06\/francisca-veselko-continua-a-espera-de-voltar-a-acao-em-bells-beach\/\"},\"wordCount\":120,\"image\":{\"@id\":\"https:\/\/portaltela.pt\/noticias\/2026\/04\/06\/francisca-veselko-continua-a-espera-de-voltar-a-acao-em-bells-beach\/#primaryimage\"},\"thumbnailUrl\":\"https:\/\/portaltela.pt\/s.01k8rhncp4jt1\/2026\/04\/img_920x518uu2025-07-06-15-22-00-2374675.jpg\",\"keywords\":[\"Austr\u00e1lia\",\"desporto\",\"desporto internacional\",\"Mulheres\",\"Portugal\"],\"articleSection\":[\"Desporto\",\"Futebol\"],\"inLanguage\":\"pt-PT\"},{\"@type\":\"WebPage\",\"@id\":\"https:\/\/portaltela.pt\/noticias\/2026\/04\/06\/francisca-veselko-continua-a-espera-de-voltar-a-acao-em-bells-beach\/\",\"url\":\"https:\/\/portaltela.pt\/noticias\/2026\/04\/06\/francisca-veselko-continua-a-espera-de-voltar-a-acao-em-bells-beach\/\",\"name\":\"Francisca Veselko continua \u00e0 espera de voltar \u00e0 a\u00e7\u00e3o em Bells Beach - Portal Tela Portugal\",\"isPartOf\":{\"@id\":\"https:\/\/portaltela.pt\/#website\"},\"primaryImageOfPage\":{\"@id\":\"https:\/\/portaltela.pt\/noticias\/2026\/04\/06\/francisca-veselko-continua-a-espera-de-voltar-a-acao-em-bells-beach\/#primaryimage\"},\"image\":{\"@id\":\"https:\/\/portaltela.pt\/noticias\/2026\/04\/06\/francisca-veselko-continua-a-espera-de-voltar-a-acao-em-bells-beach\/#primaryimage\"},\"thumbnailUrl\":\"https:\/\/portaltela.pt\/s.01k8rhncp4jt1\/2026\/04\/img_920x518uu2025-07-06-15-22-00-2374675.jpg\",\"datePublished\":\"2026-04-06T18:32:27+00:00\",\"author\":{\"@id\":\"https:\/\/portaltela.pt\/#\/schema\/person\/c4278d4a6028830caff9ee44b42d32ed\"},\"breadcrumb\":{\"@id\":\"https:\/\/portaltela.pt\/noticias\/2026\/04\/06\/francisca-veselko-continua-a-espera-de-voltar-a-acao-em-bells-beach\/#breadcrumb\"},\"inLanguage\":\"pt-PT\",\"potentialAction\":[{\"@type\":\"ReadAction\",\"target\":[\"https:\/\/portaltela.pt\/noticias\/2026\/04\/06\/francisca-veselko-continua-a-espera-de-voltar-a-acao-em-bells-beach\/\"]}]},{\"@type\":\"ImageObject\",\"inLanguage\":\"pt-PT\",\"@id\":\"https:\/\/portaltela.pt\/noticias\/2026\/04\/06\/francisca-veselko-continua-a-espera-de-voltar-a-acao-em-bells-beach\/#primaryimage\",\"url\":\"https:\/\/portaltela.pt\/s.01k8rhncp4jt1\/2026\/04\/img_920x518uu2025-07-06-15-22-00-2374675.jpg\",\"contentUrl\":\"https:\/\/portaltela.pt\/s.01k8rhncp4jt1\/2026\/04\/img_920x518uu2025-07-06-15-22-00-2374675.jpg\",\"width\":796,\"height\":448,\"caption\":\"Francisca Veselko est\u00e1 na Austr\u00e1lia\"},{\"@type\":\"BreadcrumbList\",\"@id\":\"https:\/\/portaltela.pt\/noticias\/2026\/04\/06\/francisca-veselko-continua-a-espera-de-voltar-a-acao-em-bells-beach\/#breadcrumb\",\"itemListElement\":[{\"@type\":\"ListItem\",\"position\":1,\"name\":\"In\u00edcio\",\"item\":\"https:\/\/portaltela.pt\/\"},{\"@type\":\"ListItem\",\"position\":2,\"name\":\"Francisca Veselko continua \u00e0 espera de voltar \u00e0 a\u00e7\u00e3o em Bells Beach\"}]},{\"@type\":\"WebSite\",\"@id\":\"https:\/\/portaltela.pt\/#website\",\"url\":\"https:\/\/portaltela.pt\/\",\"name\":\"Portal Tela Portugal\",\"description\":\"\",\"potentialAction\":[{\"@type\":\"SearchAction\",\"target\":{\"@type\":\"EntryPoint\",\"urlTemplate\":\"https:\/\/portaltela.pt\/?s={search_term_string}\"},\"query-input\":{\"@type\":\"PropertyValueSpecification\",\"valueRequired\":true,\"valueName\":\"search_term_string\"}}],\"inLanguage\":\"pt-PT\"},{\"@type\":\"Person\",\"@id\":\"https:\/\/portaltela.pt\/#\/schema\/person\/c4278d4a6028830caff9ee44b42d32ed\",\"name\":\"Telinha\",\"image\":{\"@type\":\"ImageObject\",\"inLanguage\":\"pt-PT\",\"@id\":\"https:\/\/portaltela.pt\/s.01k8rhncp4jt1\/2025\/11\/talking-bot-125x125.png\",\"url\":\"https:\/\/portaltela.pt\/s.01k8rhncp4jt1\/2025\/11\/talking-bot-125x125.png\",\"contentUrl\":\"https:\/\/portaltela.pt\/s.01k8rhncp4jt1\/2025\/11\/talking-bot-125x125.png\",\"caption\":\"Telinha\"},\"sameAs\":[\"https:\/\/portaltela.pt\/\"],\"url\":\"https:\/\/portaltela.pt\/por\/367410592786\/\"}]}<\/script>\n<!-- \/ Yoast SEO plugin. -->","yoast_head_json":{"title":"Francisca Veselko continua \u00e0 espera de voltar \u00e0 a\u00e7\u00e3o em Bells Beach - Portal Tela Portugal","robots":{"index":"index","follow":"follow","max-snippet":"max-snippet:-1","max-image-preview":"max-image-preview:large","max-video-preview":"max-video-preview:-1"},"og_locale":"pt_PT","og_type":"article","og_title":"Francisca Veselko continua \u00e0 espera de voltar \u00e0 a\u00e7\u00e3o em Bells Beach - Portal Tela Portugal","og_description":"Francisca Veselko continua \u00e0 espera de melhores ondas em Bells Beach, Austr\u00e1lia, para retomar a primeira etapa do Circuito Mundial de 2026. A competi\u00e7\u00e3o ficou parada por dois dias devido \u00e0s m\u00e1s condi\u00e7\u00f5es do mar, com a pr\u00f3xima bateria prevista para esta ter\u00e7a-feira. A surfista portuguesa vai enfrentar a havaiana Gabriela Bryan no heat 3 dos oitavos-de-final. As previs\u00f5es apontam para uma subida do mar nos \u00faltimos dias da janela de espera, que termina no pr\u00f3ximo s\u00e1bado. A organiza\u00e7\u00e3o mant\u00e9m a janela de espera at\u00e9 que as condi\u00e7\u00f5es permitam retomar o evento.","og_url":"https:\/\/portaltela.pt\/noticias\/2026\/04\/06\/francisca-veselko-continua-a-espera-de-voltar-a-acao-em-bells-beach\/","og_site_name":"Portal Tela Portugal","article_published_time":"2026-04-06T18:32:27+00:00","author":"Telinha","twitter_card":"summary_large_image","twitter_misc":{"Escrito por":"Telinha","Tempo estimado de leitura":"1 minuto"},"schema":{"@context":"https:\/\/schema.org","@graph":[{"@type":"Article","@id":"https:\/\/portaltela.pt\/noticias\/2026\/04\/06\/francisca-veselko-continua-a-espera-de-voltar-a-acao-em-bells-beach\/#article","isPartOf":{"@id":"https:\/\/portaltela.pt\/noticias\/2026\/04\/06\/francisca-veselko-continua-a-espera-de-voltar-a-acao-em-bells-beach\/"},"author":{"name":"Telinha","@id":"https:\/\/portaltela.pt\/#\/schema\/person\/c4278d4a6028830caff9ee44b42d32ed"},"headline":"Francisca Veselko continua \u00e0 espera de voltar \u00e0 a\u00e7\u00e3o em Bells Beach","datePublished":"2026-04-06T18:32:27+00:00","mainEntityOfPage":{"@id":"https:\/\/portaltela.pt\/noticias\/2026\/04\/06\/francisca-veselko-continua-a-espera-de-voltar-a-acao-em-bells-beach\/"},"wordCount":120,"image":{"@id":"https:\/\/portaltela.pt\/noticias\/2026\/04\/06\/francisca-veselko-continua-a-espera-de-voltar-a-acao-em-bells-beach\/#primaryimage"},"thumbnailUrl":"https:\/\/portaltela.pt\/s.01k8rhncp4jt1\/2026\/04\/img_920x518uu2025-07-06-15-22-00-2374675.jpg","keywords":["Austr\u00e1lia","desporto","desporto internacional","Mulheres","Portugal"],"articleSection":["Desporto","Futebol"],"inLanguage":"pt-PT"},{"@type":"WebPage","@id":"https:\/\/portaltela.pt\/noticias\/2026\/04\/06\/francisca-veselko-continua-a-espera-de-voltar-a-acao-em-bells-beach\/","url":"https:\/\/portaltela.pt\/noticias\/2026\/04\/06\/francisca-veselko-continua-a-espera-de-voltar-a-acao-em-bells-beach\/","name":"Francisca Veselko continua \u00e0 espera de voltar \u00e0 a\u00e7\u00e3o em Bells Beach - Portal Tela Portugal","isPartOf":{"@id":"https:\/\/portaltela.pt\/#website"},"primaryImageOfPage":{"@id":"https:\/\/portaltela.pt\/noticias\/2026\/04\/06\/francisca-veselko-continua-a-espera-de-voltar-a-acao-em-bells-beach\/#primaryimage"},"image":{"@id":"https:\/\/portaltela.pt\/noticias\/2026\/04\/06\/francisca-veselko-continua-a-espera-de-voltar-a-acao-em-bells-beach\/#primaryimage"},"thumbnailUrl":"https:\/\/portaltela.pt\/s.01k8rhncp4jt1\/2026\/04\/img_920x518uu2025-07-06-15-22-00-2374675.jpg","datePublished":"2026-04-06T18:32:27+00:00","author":{"@id":"https:\/\/portaltela.pt\/#\/schema\/person\/c4278d4a6028830caff9ee44b42d32ed"},"breadcrumb":{"@id":"https:\/\/portaltela.pt\/noticias\/2026\/04\/06\/francisca-veselko-continua-a-espera-de-voltar-a-acao-em-bells-beach\/#breadcrumb"},"inLanguage":"pt-PT","potentialAction":[{"@type":"ReadAction","target":["https:\/\/portaltela.pt\/noticias\/2026\/04\/06\/francisca-veselko-continua-a-espera-de-voltar-a-acao-em-bells-beach\/"]}]},{"@type":"ImageObject","inLanguage":"pt-PT","@id":"https:\/\/portaltela.pt\/noticias\/2026\/04\/06\/francisca-veselko-continua-a-espera-de-voltar-a-acao-em-bells-beach\/#primaryimage","url":"https:\/\/portaltela.pt\/s.01k8rhncp4jt1\/2026\/04\/img_920x518uu2025-07-06-15-22-00-2374675.jpg","contentUrl":"https:\/\/portaltela.pt\/s.01k8rhncp4jt1\/2026\/04\/img_920x518uu2025-07-06-15-22-00-2374675.jpg","width":796,"height":448,"caption":"Francisca Veselko est\u00e1 na Austr\u00e1lia"},{"@type":"BreadcrumbList","@id":"https:\/\/portaltela.pt\/noticias\/2026\/04\/06\/francisca-veselko-continua-a-espera-de-voltar-a-acao-em-bells-beach\/#breadcrumb","itemListElement":[{"@type":"ListItem","position":1,"name":"In\u00edcio","item":"https:\/\/portaltela.pt\/"},{"@type":"ListItem","position":2,"name":"Francisca Veselko continua \u00e0 espera de voltar \u00e0 a\u00e7\u00e3o em Bells Beach"}]},{"@type":"WebSite","@id":"https:\/\/portaltela.pt\/#website","url":"https:\/\/portaltela.pt\/","name":"Portal Tela Portugal","description":"","potentialAction":[{"@type":"SearchAction","target":{"@type":"EntryPoint","urlTemplate":"https:\/\/portaltela.pt\/?s={search_term_string}"},"query-input":{"@type":"PropertyValueSpecification","valueRequired":true,"valueName":"search_term_string"}}],"inLanguage":"pt-PT"},{"@type":"Person","@id":"https:\/\/portaltela.pt\/#\/schema\/person\/c4278d4a6028830caff9ee44b42d32ed","name":"Telinha","image":{"@type":"ImageObject","inLanguage":"pt-PT","@id":"https:\/\/portaltela.pt\/s.01k8rhncp4jt1\/2025\/11\/talking-bot-125x125.png","url":"https:\/\/portaltela.pt\/s.01k8rhncp4jt1\/2025\/11\/talking-bot-125x125.png","contentUrl":"https:\/\/portaltela.pt\/s.01k8rhncp4jt1\/2025\/11\/talking-bot-125x125.png","caption":"Telinha"},"sameAs":["https:\/\/portaltela.pt\/"],"url":"https:\/\/portaltela.pt\/por\/367410592786\/"}]}},"_links":{"self":[{"href":"https:\/\/portaltela.pt\/api\/wp\/v2\/posts\/434558","targetHints":{"allow":["GET"]}}],"collection":[{"href":"https:\/\/portaltela.pt\/api\/wp\/v2\/posts"}],"about":[{"href":"https:\/\/portaltela.pt\/api\/wp\/v2\/types\/post"}],"author":[{"embeddable":true,"href":"https:\/\/portaltela.pt\/api\/wp\/v2\/users\/2"}],"replies":[{"embeddable":true,"href":"https:\/\/portaltela.pt\/api\/wp\/v2\/comments?post=434558"}],"version-history":[{"count":0,"href":"https:\/\/portaltela.pt\/api\/wp\/v2\/posts\/434558\/revisions"}],"wp:featuredmedia":[{"embeddable":true,"href":"https:\/\/portaltela.pt\/api\/wp\/v2\/media\/434564"}],"wp:attachment":[{"href":"https:\/\/portaltela.pt\/api\/wp\/v2\/media?parent=434558"}],"wp:term":[{"taxonomy":"category","embeddable":true,"href":"https:\/\/portaltela.pt\/api\/wp\/v2\/categories?post=434558"},{"taxonomy":"post_tag","embeddable":true,"href":"https:\/\/portaltela.pt\/api\/wp\/v2\/tags?post=434558"}],"curies":[{"name":"wp","href":"https:\/\/api.w.org\/{rel}","templated":true}]}}