{"id":434552,"date":"2026-04-06T15:32:10","date_gmt":"2026-04-06T18:32:10","guid":{"rendered":"https:\/\/portaltela.pt\/noticias\/2026\/04\/06\/conselheiro-iraniano-ameaca-fechar-bab-al-mandeb-pode-agravar-crise-energetica\/"},"modified":"2026-04-06T15:32:10","modified_gmt":"2026-04-06T18:32:10","slug":"conselheiro-iraniano-ameaca-fechar-bab-al-mandeb-pode-agravar-crise-energetica","status":"publish","type":"post","link":"https:\/\/portaltela.pt\/geopolitica\/2026\/04\/06\/conselheiro-iraniano-ameaca-fechar-bab-al-mandeb-pode-agravar-crise-energetica\/","title":{"rendered":"Conselheiro iraniano amea\u00e7a fechar Bab al-Mandeb, pode agravar crise energ\u00e9tica"},"content":{"rendered":"<p>Alto-conselheiro do Ir\u00e3o4091 amea\u00e7a bloquear o estreito de Bab al-Mandeb, uma via estrat\u00e9gica que liga o Oceano \u00cdndico ao Mar Vermelho e ao Canal de Suez. A declara\u00e7\u00e3o gerou apreens\u00e3o sobre o impacto no com\u00e9rcio global e no fluxo de energia. A amea\u00e7a surgiu num contexto de tens\u00f5es regionais e negocia\u00e7\u00f5es diplom\u00e1ticas em curso, com especialistas a avaliar consequ\u00eancias potenciais para cadeias log\u00edsticas e pre\u00e7os de energia.<\/p>\n<p>O estreito de Bab al-Mandeb \u00e9 classificado como um ponto cr\u00edtico de passagem mar\u00edtima, pelo qual passam volumes significativos de petr\u00f3leo e g\u00e1s. Em caso de bloqueio, os mercados internacionais poderiam sentir interrup\u00e7\u00f5es no transporte de crude e derivados, afetando pa\u00edses consumidores e mercados emergentes. Autoridades regionais e internacionais t\u00eam apelado a solu\u00e7\u00f5es pac\u00edficas e ao respeito do direito mar\u00edtimo.<\/p>\n<p>A mensagem do conselheiro iraniano surge num momento de fragilidade econ\u00f3mica mundial e de volatilidade nos pre\u00e7os de energia. Analistas consideram que qualquer escalada poderia agravar a infla\u00e7\u00e3o global e pressionar as reservas cambiais de v\u00e1rias na\u00e7\u00f5es. Ainda n\u00e3o h\u00e1 confirma\u00e7\u00e3o de que o Ir\u00e3o implemente medidas efetivas; vigil\u00e2ncia e negocia\u00e7\u00f5es diplom\u00e1ticas permanecem em curso.<\/p>\n","protected":false},"excerpt":{"rendered":"<ul>\n<li>O alto-conselheiro do Ir\u00e3o amea\u00e7ou bloquear o estreito de Bab al-Mandeb, que liga o Oceano \u00cdndico ao Mar Vermelho e ao Canal de Suez.<\/li>\n<li>A medida poderia interromper o tr\u00e1fego mar\u00edtimo entre regi\u00f5es estrat\u00e9gicas e afetar o com\u00e9rcio global.<\/li>\n<li>O estreito \u00e9 uma rota-chave para o transporte de energia e de petr\u00f3leo entre \u00e1reas produtoras e consumidores.<\/li>\n<li>Analistas sugerem que tal escalada pode agravar a crise econ\u00f3mica mundial e aumentar a volatilidade dos mercados.<\/li>\n<li>Autoridades internacionais instam \u00e0 conten\u00e7\u00e3o e ao di\u00e1logo para evitar perturba\u00e7\u00f5es no com\u00e9rcio e no fornecimento de energia.<\/li>\n<\/ul>\n","protected":false},"author":2,"featured_media":434554,"comment_status":"closed","ping_status":"closed","sticky":false,"template":"","format":"standard","meta":{"footnotes":""},"categories":[6814],"tags":[6115,7775,3368,45,2832,4559],"class_list":["post-434552","post","type-post","status-publish","format-standard","has-post-thumbnail","hentry","category-geopolitica","tag-_economia","tag-_energia","tag-comercio-internacional","tag-meio-ambiente","tag-politica","tag-transporte-internacional"],"yoast_head":"<!-- This site is optimized with the Yoast SEO plugin v27.2 - https:\/\/yoast.com\/product\/yoast-seo-wordpress\/ -->\n<title>Conselheiro iraniano amea\u00e7a fechar Bab al-Mandeb, pode agravar crise energ\u00e9tica - Portal Tela Portugal<\/title>\n<meta name=\"robots\" content=\"index, follow, max-snippet:-1, max-image-preview:large, max-video-preview:-1\" \/>\n<meta property=\"og:locale\" content=\"pt_PT\" \/>\n<meta property=\"og:type\" content=\"article\" \/>\n<meta property=\"og:title\" content=\"Conselheiro iraniano amea\u00e7a fechar Bab al-Mandeb, pode agravar crise energ\u00e9tica - Portal Tela Portugal\" \/>\n<meta property=\"og:description\" content=\"O alto-conselheiro do Ir\u00e3o amea\u00e7ou bloquear o estreito de Bab al-Mandeb, que liga o Oceano \u00cdndico ao Mar Vermelho e ao Canal de Suez. A medida poderia interromper o tr\u00e1fego mar\u00edtimo entre regi\u00f5es estrat\u00e9gicas e afetar o com\u00e9rcio global. O estreito \u00e9 uma rota-chave para o transporte de energia e de petr\u00f3leo entre \u00e1reas produtoras e consumidores. Analistas sugerem que tal escalada pode agravar a crise econ\u00f3mica mundial e aumentar a volatilidade dos mercados. Autoridades internacionais instam \u00e0 conten\u00e7\u00e3o e ao di\u00e1logo para evitar perturba\u00e7\u00f5es no com\u00e9rcio e no fornecimento de energia.\" \/>\n<meta property=\"og:url\" content=\"https:\/\/portaltela.pt\/noticias\/2026\/04\/06\/conselheiro-iraniano-ameaca-fechar-bab-al-mandeb-pode-agravar-crise-energetica\/\" \/>\n<meta property=\"og:site_name\" content=\"Portal Tela Portugal\" \/>\n<meta property=\"article:published_time\" content=\"2026-04-06T18:32:10+00:00\" \/>\n<meta name=\"author\" content=\"Telinha\" \/>\n<meta name=\"twitter:card\" content=\"summary_large_image\" \/>\n<meta name=\"twitter:label1\" content=\"Escrito por\" \/>\n\t<meta name=\"twitter:data1\" content=\"Telinha\" \/>\n\t<meta name=\"twitter:label2\" content=\"Tempo estimado de leitura\" \/>\n\t<meta name=\"twitter:data2\" content=\"1 minuto\" \/>\n<script type=\"application\/ld+json\" class=\"yoast-schema-graph\">{\"@context\":\"https:\/\/schema.org\",\"@graph\":[{\"@type\":\"Article\",\"@id\":\"https:\/\/portaltela.pt\/noticias\/2026\/04\/06\/conselheiro-iraniano-ameaca-fechar-bab-al-mandeb-pode-agravar-crise-energetica\/#article\",\"isPartOf\":{\"@id\":\"https:\/\/portaltela.pt\/noticias\/2026\/04\/06\/conselheiro-iraniano-ameaca-fechar-bab-al-mandeb-pode-agravar-crise-energetica\/\"},\"author\":{\"name\":\"Telinha\",\"@id\":\"https:\/\/portaltela.pt\/#\/schema\/person\/c4278d4a6028830caff9ee44b42d32ed\"},\"headline\":\"Conselheiro iraniano amea\u00e7a fechar Bab al-Mandeb, pode agravar crise energ\u00e9tica\",\"datePublished\":\"2026-04-06T18:32:10+00:00\",\"mainEntityOfPage\":{\"@id\":\"https:\/\/portaltela.pt\/noticias\/2026\/04\/06\/conselheiro-iraniano-ameaca-fechar-bab-al-mandeb-pode-agravar-crise-energetica\/\"},\"wordCount\":227,\"image\":{\"@id\":\"https:\/\/portaltela.pt\/noticias\/2026\/04\/06\/conselheiro-iraniano-ameaca-fechar-bab-al-mandeb-pode-agravar-crise-energetica\/#primaryimage\"},\"thumbnailUrl\":\"https:\/\/portaltela.pt\/s.01k8rhncp4jt1\/2026\/04\/dn2Fimport2Fdvlrsekjvabvdvos2Fttdi51tiultm.jpg\",\"keywords\":[\"_economia\",\"_energia\",\"com\u00e9rcio internacional\",\"meio-ambiente\",\"pol\u00edtica\",\"transporte internacional\"],\"articleSection\":[\"Geopol\u00edtica\"],\"inLanguage\":\"pt-PT\"},{\"@type\":\"WebPage\",\"@id\":\"https:\/\/portaltela.pt\/noticias\/2026\/04\/06\/conselheiro-iraniano-ameaca-fechar-bab-al-mandeb-pode-agravar-crise-energetica\/\",\"url\":\"https:\/\/portaltela.pt\/noticias\/2026\/04\/06\/conselheiro-iraniano-ameaca-fechar-bab-al-mandeb-pode-agravar-crise-energetica\/\",\"name\":\"Conselheiro iraniano amea\u00e7a fechar Bab al-Mandeb, pode agravar crise energ\u00e9tica - Portal Tela Portugal\",\"isPartOf\":{\"@id\":\"https:\/\/portaltela.pt\/#website\"},\"primaryImageOfPage\":{\"@id\":\"https:\/\/portaltela.pt\/noticias\/2026\/04\/06\/conselheiro-iraniano-ameaca-fechar-bab-al-mandeb-pode-agravar-crise-energetica\/#primaryimage\"},\"image\":{\"@id\":\"https:\/\/portaltela.pt\/noticias\/2026\/04\/06\/conselheiro-iraniano-ameaca-fechar-bab-al-mandeb-pode-agravar-crise-energetica\/#primaryimage\"},\"thumbnailUrl\":\"https:\/\/portaltela.pt\/s.01k8rhncp4jt1\/2026\/04\/dn2Fimport2Fdvlrsekjvabvdvos2Fttdi51tiultm.jpg\",\"datePublished\":\"2026-04-06T18:32:10+00:00\",\"author\":{\"@id\":\"https:\/\/portaltela.pt\/#\/schema\/person\/c4278d4a6028830caff9ee44b42d32ed\"},\"breadcrumb\":{\"@id\":\"https:\/\/portaltela.pt\/noticias\/2026\/04\/06\/conselheiro-iraniano-ameaca-fechar-bab-al-mandeb-pode-agravar-crise-energetica\/#breadcrumb\"},\"inLanguage\":\"pt-PT\",\"potentialAction\":[{\"@type\":\"ReadAction\",\"target\":[\"https:\/\/portaltela.pt\/noticias\/2026\/04\/06\/conselheiro-iraniano-ameaca-fechar-bab-al-mandeb-pode-agravar-crise-energetica\/\"]}]},{\"@type\":\"ImageObject\",\"inLanguage\":\"pt-PT\",\"@id\":\"https:\/\/portaltela.pt\/noticias\/2026\/04\/06\/conselheiro-iraniano-ameaca-fechar-bab-al-mandeb-pode-agravar-crise-energetica\/#primaryimage\",\"url\":\"https:\/\/portaltela.pt\/s.01k8rhncp4jt1\/2026\/04\/dn2Fimport2Fdvlrsekjvabvdvos2Fttdi51tiultm.jpg\",\"contentUrl\":\"https:\/\/portaltela.pt\/s.01k8rhncp4jt1\/2026\/04\/dn2Fimport2Fdvlrsekjvabvdvos2Fttdi51tiultm.jpg\",\"width\":1200,\"height\":741,\"caption\":\"Foto: Khaled DESOUKI \/ AFP\"},{\"@type\":\"BreadcrumbList\",\"@id\":\"https:\/\/portaltela.pt\/noticias\/2026\/04\/06\/conselheiro-iraniano-ameaca-fechar-bab-al-mandeb-pode-agravar-crise-energetica\/#breadcrumb\",\"itemListElement\":[{\"@type\":\"ListItem\",\"position\":1,\"name\":\"In\u00edcio\",\"item\":\"https:\/\/portaltela.pt\/\"},{\"@type\":\"ListItem\",\"position\":2,\"name\":\"Conselheiro iraniano amea\u00e7a fechar Bab al-Mandeb, pode agravar crise energ\u00e9tica\"}]},{\"@type\":\"WebSite\",\"@id\":\"https:\/\/portaltela.pt\/#website\",\"url\":\"https:\/\/portaltela.pt\/\",\"name\":\"Portal Tela Portugal\",\"description\":\"\",\"potentialAction\":[{\"@type\":\"SearchAction\",\"target\":{\"@type\":\"EntryPoint\",\"urlTemplate\":\"https:\/\/portaltela.pt\/?s={search_term_string}\"},\"query-input\":{\"@type\":\"PropertyValueSpecification\",\"valueRequired\":true,\"valueName\":\"search_term_string\"}}],\"inLanguage\":\"pt-PT\"},{\"@type\":\"Person\",\"@id\":\"https:\/\/portaltela.pt\/#\/schema\/person\/c4278d4a6028830caff9ee44b42d32ed\",\"name\":\"Telinha\",\"image\":{\"@type\":\"ImageObject\",\"inLanguage\":\"pt-PT\",\"@id\":\"https:\/\/portaltela.pt\/s.01k8rhncp4jt1\/2025\/11\/talking-bot-125x125.png\",\"url\":\"https:\/\/portaltela.pt\/s.01k8rhncp4jt1\/2025\/11\/talking-bot-125x125.png\",\"contentUrl\":\"https:\/\/portaltela.pt\/s.01k8rhncp4jt1\/2025\/11\/talking-bot-125x125.png\",\"caption\":\"Telinha\"},\"sameAs\":[\"https:\/\/portaltela.pt\/\"],\"url\":\"https:\/\/portaltela.pt\/por\/367410592786\/\"}]}<\/script>\n<!-- \/ Yoast SEO plugin. -->","yoast_head_json":{"title":"Conselheiro iraniano amea\u00e7a fechar Bab al-Mandeb, pode agravar crise energ\u00e9tica - Portal Tela Portugal","robots":{"index":"index","follow":"follow","max-snippet":"max-snippet:-1","max-image-preview":"max-image-preview:large","max-video-preview":"max-video-preview:-1"},"og_locale":"pt_PT","og_type":"article","og_title":"Conselheiro iraniano amea\u00e7a fechar Bab al-Mandeb, pode agravar crise energ\u00e9tica - Portal Tela Portugal","og_description":"O alto-conselheiro do Ir\u00e3o amea\u00e7ou bloquear o estreito de Bab al-Mandeb, que liga o Oceano \u00cdndico ao Mar Vermelho e ao Canal de Suez. A medida poderia interromper o tr\u00e1fego mar\u00edtimo entre regi\u00f5es estrat\u00e9gicas e afetar o com\u00e9rcio global. O estreito \u00e9 uma rota-chave para o transporte de energia e de petr\u00f3leo entre \u00e1reas produtoras e consumidores. Analistas sugerem que tal escalada pode agravar a crise econ\u00f3mica mundial e aumentar a volatilidade dos mercados. Autoridades internacionais instam \u00e0 conten\u00e7\u00e3o e ao di\u00e1logo para evitar perturba\u00e7\u00f5es no com\u00e9rcio e no fornecimento de energia.","og_url":"https:\/\/portaltela.pt\/noticias\/2026\/04\/06\/conselheiro-iraniano-ameaca-fechar-bab-al-mandeb-pode-agravar-crise-energetica\/","og_site_name":"Portal Tela Portugal","article_published_time":"2026-04-06T18:32:10+00:00","author":"Telinha","twitter_card":"summary_large_image","twitter_misc":{"Escrito por":"Telinha","Tempo estimado de leitura":"1 minuto"},"schema":{"@context":"https:\/\/schema.org","@graph":[{"@type":"Article","@id":"https:\/\/portaltela.pt\/noticias\/2026\/04\/06\/conselheiro-iraniano-ameaca-fechar-bab-al-mandeb-pode-agravar-crise-energetica\/#article","isPartOf":{"@id":"https:\/\/portaltela.pt\/noticias\/2026\/04\/06\/conselheiro-iraniano-ameaca-fechar-bab-al-mandeb-pode-agravar-crise-energetica\/"},"author":{"name":"Telinha","@id":"https:\/\/portaltela.pt\/#\/schema\/person\/c4278d4a6028830caff9ee44b42d32ed"},"headline":"Conselheiro iraniano amea\u00e7a fechar Bab al-Mandeb, pode agravar crise energ\u00e9tica","datePublished":"2026-04-06T18:32:10+00:00","mainEntityOfPage":{"@id":"https:\/\/portaltela.pt\/noticias\/2026\/04\/06\/conselheiro-iraniano-ameaca-fechar-bab-al-mandeb-pode-agravar-crise-energetica\/"},"wordCount":227,"image":{"@id":"https:\/\/portaltela.pt\/noticias\/2026\/04\/06\/conselheiro-iraniano-ameaca-fechar-bab-al-mandeb-pode-agravar-crise-energetica\/#primaryimage"},"thumbnailUrl":"https:\/\/portaltela.pt\/s.01k8rhncp4jt1\/2026\/04\/dn2Fimport2Fdvlrsekjvabvdvos2Fttdi51tiultm.jpg","keywords":["_economia","_energia","com\u00e9rcio internacional","meio-ambiente","pol\u00edtica","transporte internacional"],"articleSection":["Geopol\u00edtica"],"inLanguage":"pt-PT"},{"@type":"WebPage","@id":"https:\/\/portaltela.pt\/noticias\/2026\/04\/06\/conselheiro-iraniano-ameaca-fechar-bab-al-mandeb-pode-agravar-crise-energetica\/","url":"https:\/\/portaltela.pt\/noticias\/2026\/04\/06\/conselheiro-iraniano-ameaca-fechar-bab-al-mandeb-pode-agravar-crise-energetica\/","name":"Conselheiro iraniano amea\u00e7a fechar Bab al-Mandeb, pode agravar crise energ\u00e9tica - Portal Tela Portugal","isPartOf":{"@id":"https:\/\/portaltela.pt\/#website"},"primaryImageOfPage":{"@id":"https:\/\/portaltela.pt\/noticias\/2026\/04\/06\/conselheiro-iraniano-ameaca-fechar-bab-al-mandeb-pode-agravar-crise-energetica\/#primaryimage"},"image":{"@id":"https:\/\/portaltela.pt\/noticias\/2026\/04\/06\/conselheiro-iraniano-ameaca-fechar-bab-al-mandeb-pode-agravar-crise-energetica\/#primaryimage"},"thumbnailUrl":"https:\/\/portaltela.pt\/s.01k8rhncp4jt1\/2026\/04\/dn2Fimport2Fdvlrsekjvabvdvos2Fttdi51tiultm.jpg","datePublished":"2026-04-06T18:32:10+00:00","author":{"@id":"https:\/\/portaltela.pt\/#\/schema\/person\/c4278d4a6028830caff9ee44b42d32ed"},"breadcrumb":{"@id":"https:\/\/portaltela.pt\/noticias\/2026\/04\/06\/conselheiro-iraniano-ameaca-fechar-bab-al-mandeb-pode-agravar-crise-energetica\/#breadcrumb"},"inLanguage":"pt-PT","potentialAction":[{"@type":"ReadAction","target":["https:\/\/portaltela.pt\/noticias\/2026\/04\/06\/conselheiro-iraniano-ameaca-fechar-bab-al-mandeb-pode-agravar-crise-energetica\/"]}]},{"@type":"ImageObject","inLanguage":"pt-PT","@id":"https:\/\/portaltela.pt\/noticias\/2026\/04\/06\/conselheiro-iraniano-ameaca-fechar-bab-al-mandeb-pode-agravar-crise-energetica\/#primaryimage","url":"https:\/\/portaltela.pt\/s.01k8rhncp4jt1\/2026\/04\/dn2Fimport2Fdvlrsekjvabvdvos2Fttdi51tiultm.jpg","contentUrl":"https:\/\/portaltela.pt\/s.01k8rhncp4jt1\/2026\/04\/dn2Fimport2Fdvlrsekjvabvdvos2Fttdi51tiultm.jpg","width":1200,"height":741,"caption":"Foto: Khaled DESOUKI \/ AFP"},{"@type":"BreadcrumbList","@id":"https:\/\/portaltela.pt\/noticias\/2026\/04\/06\/conselheiro-iraniano-ameaca-fechar-bab-al-mandeb-pode-agravar-crise-energetica\/#breadcrumb","itemListElement":[{"@type":"ListItem","position":1,"name":"In\u00edcio","item":"https:\/\/portaltela.pt\/"},{"@type":"ListItem","position":2,"name":"Conselheiro iraniano amea\u00e7a fechar Bab al-Mandeb, pode agravar crise energ\u00e9tica"}]},{"@type":"WebSite","@id":"https:\/\/portaltela.pt\/#website","url":"https:\/\/portaltela.pt\/","name":"Portal Tela Portugal","description":"","potentialAction":[{"@type":"SearchAction","target":{"@type":"EntryPoint","urlTemplate":"https:\/\/portaltela.pt\/?s={search_term_string}"},"query-input":{"@type":"PropertyValueSpecification","valueRequired":true,"valueName":"search_term_string"}}],"inLanguage":"pt-PT"},{"@type":"Person","@id":"https:\/\/portaltela.pt\/#\/schema\/person\/c4278d4a6028830caff9ee44b42d32ed","name":"Telinha","image":{"@type":"ImageObject","inLanguage":"pt-PT","@id":"https:\/\/portaltela.pt\/s.01k8rhncp4jt1\/2025\/11\/talking-bot-125x125.png","url":"https:\/\/portaltela.pt\/s.01k8rhncp4jt1\/2025\/11\/talking-bot-125x125.png","contentUrl":"https:\/\/portaltela.pt\/s.01k8rhncp4jt1\/2025\/11\/talking-bot-125x125.png","caption":"Telinha"},"sameAs":["https:\/\/portaltela.pt\/"],"url":"https:\/\/portaltela.pt\/por\/367410592786\/"}]}},"_links":{"self":[{"href":"https:\/\/portaltela.pt\/api\/wp\/v2\/posts\/434552","targetHints":{"allow":["GET"]}}],"collection":[{"href":"https:\/\/portaltela.pt\/api\/wp\/v2\/posts"}],"about":[{"href":"https:\/\/portaltela.pt\/api\/wp\/v2\/types\/post"}],"author":[{"embeddable":true,"href":"https:\/\/portaltela.pt\/api\/wp\/v2\/users\/2"}],"replies":[{"embeddable":true,"href":"https:\/\/portaltela.pt\/api\/wp\/v2\/comments?post=434552"}],"version-history":[{"count":0,"href":"https:\/\/portaltela.pt\/api\/wp\/v2\/posts\/434552\/revisions"}],"wp:featuredmedia":[{"embeddable":true,"href":"https:\/\/portaltela.pt\/api\/wp\/v2\/media\/434554"}],"wp:attachment":[{"href":"https:\/\/portaltela.pt\/api\/wp\/v2\/media?parent=434552"}],"wp:term":[{"taxonomy":"category","embeddable":true,"href":"https:\/\/portaltela.pt\/api\/wp\/v2\/categories?post=434552"},{"taxonomy":"post_tag","embeddable":true,"href":"https:\/\/portaltela.pt\/api\/wp\/v2\/tags?post=434552"}],"curies":[{"name":"wp","href":"https:\/\/api.w.org\/{rel}","templated":true}]}}