{"id":434537,"date":"2026-04-06T15:17:15","date_gmt":"2026-04-06T18:17:15","guid":{"rendered":"https:\/\/portaltela.pt\/noticias\/2026\/04\/06\/luis-castro-admite-preocupacao-com-o-jogo-mau-no-empate-com-o-remo\/"},"modified":"2026-04-06T15:17:15","modified_gmt":"2026-04-06T18:17:15","slug":"luis-castro-admite-preocupacao-com-o-jogo-mau-no-empate-com-o-remo","status":"publish","type":"post","link":"https:\/\/portaltela.pt\/desporto\/futebol\/2026\/04\/06\/luis-castro-admite-preocupacao-com-o-jogo-mau-no-empate-com-o-remo\/","title":{"rendered":"Lu\u00eds Castro admite preocupa\u00e7\u00e3o com o jogo mau no empate com o Remo"},"content":{"rendered":"<p>O Gr\u00e9mio de Lu\u00eds Castro ficou em 0-0 frente ao Remo no Brasileir\u00e3o, num duelo em que o Remo desperdi\u00e7ou uma grande penalidade aos 42 minutos e ficou reduzido a dez jogadores aos 68, com a expuls\u00e3o de Pikachu. O empate manteve a equipa numa posi\u00e7\u00e3o perif\u00e9rica da classifica\u00e7\u00e3o.<\/p>\n<p>Aos 90 minutos, a an\u00e1lise centrou-se na rea\u00e7\u00e3o do t\u00e9cnico portugu\u00eas, que sublinhou a necessidade de trabalho coletivo ap\u00f3s o trope\u00e7o. Castro insistiu na ideia de que, mesmo em dias menos positivos, o foco tem de continuar no projeto do Gr\u00e9mio e no amadurecimento do grupo.<\/p>\n<p>O Gr\u00e9mio permanece no 11.\u00ba lugar da liga, com 12 pontos. O treinador refor\u00e7ou a mensagem de que o objetivo imediato \u00e9 conquistar vit\u00f3rias sobretudo em casa, destacando a import\u00e2ncia de manter a lideran\u00e7a da equipa sob press\u00e3o pela melhoria cont\u00ednua.<\/p>\n<h3>Desempenho e pr\u00f3ximos passos<\/h3>\n<p>A cobran\u00e7a em torno do desempenho da equipa continua a faz\u00ea-lo ouvir-se junto dos adeptos, que assobiaram ap\u00f3s o apito final. A continuidade do campeonato imp\u00f5e uma resposta r\u00e1pida e pr\u00e1tica, com foco na efic\u00e1cia ofensiva e na consist\u00eancia defensiva.<\/p>\n<p>A equipa tem agora pela frente pr\u00f3ximos compromissos dif\u00edceis, que exigem uma evolu\u00e7\u00e3o t\u00e1ctica e um maior rigor nos momentos decisivos. O objetivo passa por recuperar pontos e consolidar uma posi\u00e7\u00e3o est\u00e1vel na tabela.<\/p>\n","protected":false},"excerpt":{"rendered":"<ul>\n<li>Gr\u00e9mio empatou 0-0 com o Remo no Brasileir\u00e3o, com os adeptos a assobiarem a equipa.<\/li>\n<li>O Remo desperdi\u00e7ou um pen\u00e1lti aos 42 minutos e ficou reduzido a dez jogadores aos 68 minutos (Pikachu).<\/li>\n<li>Lu\u00eds Castro afirmou que a sua principal preocupa\u00e7\u00e3o \u00e9 terem jogado mal, destacando que o trabalho \u00e9 o caminho para evoluir e manter o projeto.<\/li>\n<li>A equipa mant\u00e9m-se no 11.\u00ba lugar, com 12 pontos.<\/li>\n<li>O treinador enfatizou que n\u00e3o \u00e9 do imediatismo dos resultados, refor\u00e7ando a confian\u00e7a no projeto do Gr\u00e9mio.<\/li>\n<\/ul>\n","protected":false},"author":2,"featured_media":434539,"comment_status":"closed","ping_status":"closed","sticky":false,"template":"","format":"standard","meta":{"footnotes":""},"categories":[21,24],"tags":[2533,89,2971,32,6693,1885],"class_list":["post-434537","post","type-post","status-publish","format-standard","has-post-thumbnail","hentry","category-desporto","category-futebol","tag-adeptos","tag-brasileirao","tag-expulsoes","tag-futebol","tag-futebol-brasileiro","tag-penalti"],"yoast_head":"<!-- This site is optimized with the Yoast SEO plugin v27.2 - https:\/\/yoast.com\/product\/yoast-seo-wordpress\/ -->\n<title>Lu\u00eds Castro admite preocupa\u00e7\u00e3o com o jogo mau no empate com o Remo - Portal Tela Portugal<\/title>\n<meta name=\"robots\" content=\"index, follow, max-snippet:-1, max-image-preview:large, max-video-preview:-1\" \/>\n<meta property=\"og:locale\" content=\"pt_PT\" \/>\n<meta property=\"og:type\" content=\"article\" \/>\n<meta property=\"og:title\" content=\"Lu\u00eds Castro admite preocupa\u00e7\u00e3o com o jogo mau no empate com o Remo - Portal Tela Portugal\" \/>\n<meta property=\"og:description\" content=\"Gr\u00e9mio empatou 0-0 com o Remo no Brasileir\u00e3o, com os adeptos a assobiarem a equipa. O Remo desperdi\u00e7ou um pen\u00e1lti aos 42 minutos e ficou reduzido a dez jogadores aos 68 minutos (Pikachu). Lu\u00eds Castro afirmou que a sua principal preocupa\u00e7\u00e3o \u00e9 terem jogado mal, destacando que o trabalho \u00e9 o caminho para evoluir e manter o projeto. A equipa mant\u00e9m-se no 11.\u00ba lugar, com 12 pontos. O treinador enfatizou que n\u00e3o \u00e9 do imediatismo dos resultados, refor\u00e7ando a confian\u00e7a no projeto do Gr\u00e9mio.\" \/>\n<meta property=\"og:url\" content=\"https:\/\/portaltela.pt\/noticias\/2026\/04\/06\/luis-castro-admite-preocupacao-com-o-jogo-mau-no-empate-com-o-remo\/\" \/>\n<meta property=\"og:site_name\" content=\"Portal Tela Portugal\" \/>\n<meta property=\"article:published_time\" content=\"2026-04-06T18:17:15+00:00\" \/>\n<meta name=\"author\" content=\"Telinha\" \/>\n<meta name=\"twitter:card\" content=\"summary_large_image\" \/>\n<meta name=\"twitter:label1\" content=\"Escrito por\" \/>\n\t<meta name=\"twitter:data1\" content=\"Telinha\" \/>\n\t<meta name=\"twitter:label2\" content=\"Tempo estimado de leitura\" \/>\n\t<meta name=\"twitter:data2\" content=\"1 minuto\" \/>\n<script type=\"application\/ld+json\" class=\"yoast-schema-graph\">{\"@context\":\"https:\/\/schema.org\",\"@graph\":[{\"@type\":\"Article\",\"@id\":\"https:\/\/portaltela.pt\/noticias\/2026\/04\/06\/luis-castro-admite-preocupacao-com-o-jogo-mau-no-empate-com-o-remo\/#article\",\"isPartOf\":{\"@id\":\"https:\/\/portaltela.pt\/noticias\/2026\/04\/06\/luis-castro-admite-preocupacao-com-o-jogo-mau-no-empate-com-o-remo\/\"},\"author\":{\"name\":\"Telinha\",\"@id\":\"https:\/\/portaltela.pt\/#\/schema\/person\/c4278d4a6028830caff9ee44b42d32ed\"},\"headline\":\"Lu\u00eds Castro admite preocupa\u00e7\u00e3o com o jogo mau no empate com o Remo\",\"datePublished\":\"2026-04-06T18:17:15+00:00\",\"mainEntityOfPage\":{\"@id\":\"https:\/\/portaltela.pt\/noticias\/2026\/04\/06\/luis-castro-admite-preocupacao-com-o-jogo-mau-no-empate-com-o-remo\/\"},\"wordCount\":260,\"image\":{\"@id\":\"https:\/\/portaltela.pt\/noticias\/2026\/04\/06\/luis-castro-admite-preocupacao-com-o-jogo-mau-no-empate-com-o-remo\/#primaryimage\"},\"thumbnailUrl\":\"https:\/\/portaltela.pt\/s.01k8rhncp4jt1\/2026\/04\/img_920x518uu2025-04-16-23-32-57-2356735-im-638979617784955274.jpg\",\"keywords\":[\"adeptos\",\"brasileir\u00e3o\",\"expuls\u00f5es\",\"futebol\",\"futebol brasileiro\",\"pen\u00e1lti\"],\"articleSection\":[\"Desporto\",\"Futebol\"],\"inLanguage\":\"pt-PT\"},{\"@type\":\"WebPage\",\"@id\":\"https:\/\/portaltela.pt\/noticias\/2026\/04\/06\/luis-castro-admite-preocupacao-com-o-jogo-mau-no-empate-com-o-remo\/\",\"url\":\"https:\/\/portaltela.pt\/noticias\/2026\/04\/06\/luis-castro-admite-preocupacao-com-o-jogo-mau-no-empate-com-o-remo\/\",\"name\":\"Lu\u00eds Castro admite preocupa\u00e7\u00e3o com o jogo mau no empate com o Remo - Portal Tela Portugal\",\"isPartOf\":{\"@id\":\"https:\/\/portaltela.pt\/#website\"},\"primaryImageOfPage\":{\"@id\":\"https:\/\/portaltela.pt\/noticias\/2026\/04\/06\/luis-castro-admite-preocupacao-com-o-jogo-mau-no-empate-com-o-remo\/#primaryimage\"},\"image\":{\"@id\":\"https:\/\/portaltela.pt\/noticias\/2026\/04\/06\/luis-castro-admite-preocupacao-com-o-jogo-mau-no-empate-com-o-remo\/#primaryimage\"},\"thumbnailUrl\":\"https:\/\/portaltela.pt\/s.01k8rhncp4jt1\/2026\/04\/img_920x518uu2025-04-16-23-32-57-2356735-im-638979617784955274.jpg\",\"datePublished\":\"2026-04-06T18:17:15+00:00\",\"author\":{\"@id\":\"https:\/\/portaltela.pt\/#\/schema\/person\/c4278d4a6028830caff9ee44b42d32ed\"},\"breadcrumb\":{\"@id\":\"https:\/\/portaltela.pt\/noticias\/2026\/04\/06\/luis-castro-admite-preocupacao-com-o-jogo-mau-no-empate-com-o-remo\/#breadcrumb\"},\"inLanguage\":\"pt-PT\",\"potentialAction\":[{\"@type\":\"ReadAction\",\"target\":[\"https:\/\/portaltela.pt\/noticias\/2026\/04\/06\/luis-castro-admite-preocupacao-com-o-jogo-mau-no-empate-com-o-remo\/\"]}]},{\"@type\":\"ImageObject\",\"inLanguage\":\"pt-PT\",\"@id\":\"https:\/\/portaltela.pt\/noticias\/2026\/04\/06\/luis-castro-admite-preocupacao-com-o-jogo-mau-no-empate-com-o-remo\/#primaryimage\",\"url\":\"https:\/\/portaltela.pt\/s.01k8rhncp4jt1\/2026\/04\/img_920x518uu2025-04-16-23-32-57-2356735-im-638979617784955274.jpg\",\"contentUrl\":\"https:\/\/portaltela.pt\/s.01k8rhncp4jt1\/2026\/04\/img_920x518uu2025-04-16-23-32-57-2356735-im-638979617784955274.jpg\",\"width\":796,\"height\":448,\"caption\":\"Lu\u00eds Castro encalhou no Brasileir\u00e3o\"},{\"@type\":\"BreadcrumbList\",\"@id\":\"https:\/\/portaltela.pt\/noticias\/2026\/04\/06\/luis-castro-admite-preocupacao-com-o-jogo-mau-no-empate-com-o-remo\/#breadcrumb\",\"itemListElement\":[{\"@type\":\"ListItem\",\"position\":1,\"name\":\"In\u00edcio\",\"item\":\"https:\/\/portaltela.pt\/\"},{\"@type\":\"ListItem\",\"position\":2,\"name\":\"Lu\u00eds Castro admite preocupa\u00e7\u00e3o com o jogo mau no empate com o Remo\"}]},{\"@type\":\"WebSite\",\"@id\":\"https:\/\/portaltela.pt\/#website\",\"url\":\"https:\/\/portaltela.pt\/\",\"name\":\"Portal Tela Portugal\",\"description\":\"\",\"potentialAction\":[{\"@type\":\"SearchAction\",\"target\":{\"@type\":\"EntryPoint\",\"urlTemplate\":\"https:\/\/portaltela.pt\/?s={search_term_string}\"},\"query-input\":{\"@type\":\"PropertyValueSpecification\",\"valueRequired\":true,\"valueName\":\"search_term_string\"}}],\"inLanguage\":\"pt-PT\"},{\"@type\":\"Person\",\"@id\":\"https:\/\/portaltela.pt\/#\/schema\/person\/c4278d4a6028830caff9ee44b42d32ed\",\"name\":\"Telinha\",\"image\":{\"@type\":\"ImageObject\",\"inLanguage\":\"pt-PT\",\"@id\":\"https:\/\/portaltela.pt\/s.01k8rhncp4jt1\/2025\/11\/talking-bot-125x125.png\",\"url\":\"https:\/\/portaltela.pt\/s.01k8rhncp4jt1\/2025\/11\/talking-bot-125x125.png\",\"contentUrl\":\"https:\/\/portaltela.pt\/s.01k8rhncp4jt1\/2025\/11\/talking-bot-125x125.png\",\"caption\":\"Telinha\"},\"sameAs\":[\"https:\/\/portaltela.pt\/\"],\"url\":\"https:\/\/portaltela.pt\/por\/367410592786\/\"}]}<\/script>\n<!-- \/ Yoast SEO plugin. -->","yoast_head_json":{"title":"Lu\u00eds Castro admite preocupa\u00e7\u00e3o com o jogo mau no empate com o Remo - Portal Tela Portugal","robots":{"index":"index","follow":"follow","max-snippet":"max-snippet:-1","max-image-preview":"max-image-preview:large","max-video-preview":"max-video-preview:-1"},"og_locale":"pt_PT","og_type":"article","og_title":"Lu\u00eds Castro admite preocupa\u00e7\u00e3o com o jogo mau no empate com o Remo - Portal Tela Portugal","og_description":"Gr\u00e9mio empatou 0-0 com o Remo no Brasileir\u00e3o, com os adeptos a assobiarem a equipa. O Remo desperdi\u00e7ou um pen\u00e1lti aos 42 minutos e ficou reduzido a dez jogadores aos 68 minutos (Pikachu). Lu\u00eds Castro afirmou que a sua principal preocupa\u00e7\u00e3o \u00e9 terem jogado mal, destacando que o trabalho \u00e9 o caminho para evoluir e manter o projeto. A equipa mant\u00e9m-se no 11.\u00ba lugar, com 12 pontos. O treinador enfatizou que n\u00e3o \u00e9 do imediatismo dos resultados, refor\u00e7ando a confian\u00e7a no projeto do Gr\u00e9mio.","og_url":"https:\/\/portaltela.pt\/noticias\/2026\/04\/06\/luis-castro-admite-preocupacao-com-o-jogo-mau-no-empate-com-o-remo\/","og_site_name":"Portal Tela Portugal","article_published_time":"2026-04-06T18:17:15+00:00","author":"Telinha","twitter_card":"summary_large_image","twitter_misc":{"Escrito por":"Telinha","Tempo estimado de leitura":"1 minuto"},"schema":{"@context":"https:\/\/schema.org","@graph":[{"@type":"Article","@id":"https:\/\/portaltela.pt\/noticias\/2026\/04\/06\/luis-castro-admite-preocupacao-com-o-jogo-mau-no-empate-com-o-remo\/#article","isPartOf":{"@id":"https:\/\/portaltela.pt\/noticias\/2026\/04\/06\/luis-castro-admite-preocupacao-com-o-jogo-mau-no-empate-com-o-remo\/"},"author":{"name":"Telinha","@id":"https:\/\/portaltela.pt\/#\/schema\/person\/c4278d4a6028830caff9ee44b42d32ed"},"headline":"Lu\u00eds Castro admite preocupa\u00e7\u00e3o com o jogo mau no empate com o Remo","datePublished":"2026-04-06T18:17:15+00:00","mainEntityOfPage":{"@id":"https:\/\/portaltela.pt\/noticias\/2026\/04\/06\/luis-castro-admite-preocupacao-com-o-jogo-mau-no-empate-com-o-remo\/"},"wordCount":260,"image":{"@id":"https:\/\/portaltela.pt\/noticias\/2026\/04\/06\/luis-castro-admite-preocupacao-com-o-jogo-mau-no-empate-com-o-remo\/#primaryimage"},"thumbnailUrl":"https:\/\/portaltela.pt\/s.01k8rhncp4jt1\/2026\/04\/img_920x518uu2025-04-16-23-32-57-2356735-im-638979617784955274.jpg","keywords":["adeptos","brasileir\u00e3o","expuls\u00f5es","futebol","futebol brasileiro","pen\u00e1lti"],"articleSection":["Desporto","Futebol"],"inLanguage":"pt-PT"},{"@type":"WebPage","@id":"https:\/\/portaltela.pt\/noticias\/2026\/04\/06\/luis-castro-admite-preocupacao-com-o-jogo-mau-no-empate-com-o-remo\/","url":"https:\/\/portaltela.pt\/noticias\/2026\/04\/06\/luis-castro-admite-preocupacao-com-o-jogo-mau-no-empate-com-o-remo\/","name":"Lu\u00eds Castro admite preocupa\u00e7\u00e3o com o jogo mau no empate com o Remo - Portal Tela Portugal","isPartOf":{"@id":"https:\/\/portaltela.pt\/#website"},"primaryImageOfPage":{"@id":"https:\/\/portaltela.pt\/noticias\/2026\/04\/06\/luis-castro-admite-preocupacao-com-o-jogo-mau-no-empate-com-o-remo\/#primaryimage"},"image":{"@id":"https:\/\/portaltela.pt\/noticias\/2026\/04\/06\/luis-castro-admite-preocupacao-com-o-jogo-mau-no-empate-com-o-remo\/#primaryimage"},"thumbnailUrl":"https:\/\/portaltela.pt\/s.01k8rhncp4jt1\/2026\/04\/img_920x518uu2025-04-16-23-32-57-2356735-im-638979617784955274.jpg","datePublished":"2026-04-06T18:17:15+00:00","author":{"@id":"https:\/\/portaltela.pt\/#\/schema\/person\/c4278d4a6028830caff9ee44b42d32ed"},"breadcrumb":{"@id":"https:\/\/portaltela.pt\/noticias\/2026\/04\/06\/luis-castro-admite-preocupacao-com-o-jogo-mau-no-empate-com-o-remo\/#breadcrumb"},"inLanguage":"pt-PT","potentialAction":[{"@type":"ReadAction","target":["https:\/\/portaltela.pt\/noticias\/2026\/04\/06\/luis-castro-admite-preocupacao-com-o-jogo-mau-no-empate-com-o-remo\/"]}]},{"@type":"ImageObject","inLanguage":"pt-PT","@id":"https:\/\/portaltela.pt\/noticias\/2026\/04\/06\/luis-castro-admite-preocupacao-com-o-jogo-mau-no-empate-com-o-remo\/#primaryimage","url":"https:\/\/portaltela.pt\/s.01k8rhncp4jt1\/2026\/04\/img_920x518uu2025-04-16-23-32-57-2356735-im-638979617784955274.jpg","contentUrl":"https:\/\/portaltela.pt\/s.01k8rhncp4jt1\/2026\/04\/img_920x518uu2025-04-16-23-32-57-2356735-im-638979617784955274.jpg","width":796,"height":448,"caption":"Lu\u00eds Castro encalhou no Brasileir\u00e3o"},{"@type":"BreadcrumbList","@id":"https:\/\/portaltela.pt\/noticias\/2026\/04\/06\/luis-castro-admite-preocupacao-com-o-jogo-mau-no-empate-com-o-remo\/#breadcrumb","itemListElement":[{"@type":"ListItem","position":1,"name":"In\u00edcio","item":"https:\/\/portaltela.pt\/"},{"@type":"ListItem","position":2,"name":"Lu\u00eds Castro admite preocupa\u00e7\u00e3o com o jogo mau no empate com o Remo"}]},{"@type":"WebSite","@id":"https:\/\/portaltela.pt\/#website","url":"https:\/\/portaltela.pt\/","name":"Portal Tela Portugal","description":"","potentialAction":[{"@type":"SearchAction","target":{"@type":"EntryPoint","urlTemplate":"https:\/\/portaltela.pt\/?s={search_term_string}"},"query-input":{"@type":"PropertyValueSpecification","valueRequired":true,"valueName":"search_term_string"}}],"inLanguage":"pt-PT"},{"@type":"Person","@id":"https:\/\/portaltela.pt\/#\/schema\/person\/c4278d4a6028830caff9ee44b42d32ed","name":"Telinha","image":{"@type":"ImageObject","inLanguage":"pt-PT","@id":"https:\/\/portaltela.pt\/s.01k8rhncp4jt1\/2025\/11\/talking-bot-125x125.png","url":"https:\/\/portaltela.pt\/s.01k8rhncp4jt1\/2025\/11\/talking-bot-125x125.png","contentUrl":"https:\/\/portaltela.pt\/s.01k8rhncp4jt1\/2025\/11\/talking-bot-125x125.png","caption":"Telinha"},"sameAs":["https:\/\/portaltela.pt\/"],"url":"https:\/\/portaltela.pt\/por\/367410592786\/"}]}},"_links":{"self":[{"href":"https:\/\/portaltela.pt\/api\/wp\/v2\/posts\/434537","targetHints":{"allow":["GET"]}}],"collection":[{"href":"https:\/\/portaltela.pt\/api\/wp\/v2\/posts"}],"about":[{"href":"https:\/\/portaltela.pt\/api\/wp\/v2\/types\/post"}],"author":[{"embeddable":true,"href":"https:\/\/portaltela.pt\/api\/wp\/v2\/users\/2"}],"replies":[{"embeddable":true,"href":"https:\/\/portaltela.pt\/api\/wp\/v2\/comments?post=434537"}],"version-history":[{"count":0,"href":"https:\/\/portaltela.pt\/api\/wp\/v2\/posts\/434537\/revisions"}],"wp:featuredmedia":[{"embeddable":true,"href":"https:\/\/portaltela.pt\/api\/wp\/v2\/media\/434539"}],"wp:attachment":[{"href":"https:\/\/portaltela.pt\/api\/wp\/v2\/media?parent=434537"}],"wp:term":[{"taxonomy":"category","embeddable":true,"href":"https:\/\/portaltela.pt\/api\/wp\/v2\/categories?post=434537"},{"taxonomy":"post_tag","embeddable":true,"href":"https:\/\/portaltela.pt\/api\/wp\/v2\/tags?post=434537"}],"curies":[{"name":"wp","href":"https:\/\/api.w.org\/{rel}","templated":true}]}}