{"id":434532,"date":"2026-04-06T15:02:34","date_gmt":"2026-04-06T18:02:34","guid":{"rendered":"https:\/\/portaltela.pt\/noticias\/2026\/04\/06\/quatro-feridos-apos-carro-cair-de-ponte-em-paredes-de-coura\/"},"modified":"2026-04-06T15:02:34","modified_gmt":"2026-04-06T18:02:34","slug":"quatro-feridos-apos-carro-cair-de-ponte-em-paredes-de-coura","status":"publish","type":"post","link":"https:\/\/portaltela.pt\/noticias\/2026\/04\/06\/quatro-feridos-apos-carro-cair-de-ponte-em-paredes-de-coura\/","title":{"rendered":"Quatro feridos ap\u00f3s carro cair de ponte em Paredes de Coura"},"content":{"rendered":"<p>Um autom\u00f3vel despistou-se e caiu da ponte de Mantel\u00e3es, na EN303, em Paredes de Coura, deixando quatro jovens feridos. O acidente ocorreu \u00e0s 17h40.<\/p>\n<p>Os feridos, com idades de 22, 22, 24 e 27 anos, receberam socorro no local pelos Bombeiros de Paredes de Coura e Caminha, bem como pela VMER de Viana do Castelo e pelo SIV de Valen\u00e7a. Duas v\u00edtimas foram transportadas para o Hospital de Viana do Castelo; as outras duas n\u00e3o necessitaram de transfer\u00eancia hospitalar.<\/p>\n<p>A GNR esteve no local para investigar as causas do despiste. O incidente permanece em fase de averigua\u00e7\u00e3o pelas autoridades competentes.<\/p>\n","protected":false},"excerpt":{"rendered":"<ul>\n<li>Quatro jovens ficaram feridos ap\u00f3s um autom\u00f3vel despistar e cair da ponte de Mantel\u00e3es, na Estrada Nacional 303, em Paredes de Coura, na segunda-feira.<\/li>\n<li>O alerta foi recebido \u00e0s 17h40 e as v\u00edtimas foram assistidas no local pelos Bombeiros de Paredes de Coura e Caminha, pela Viatura M\u00e9dica de Emerg\u00eancia e Reanima\u00e7\u00e3o (VMER) de Viana do Castelo e pelo Suporte Imediato de Vida (SIV) de Valen\u00e7a.<\/li>\n<li>Duas das v\u00edtimas foram transportadas para o Hospital de Viana do Castelo; as outras duas n\u00e3o necessitaram de hospitaliza\u00e7\u00e3o.<\/li>\n<li>O caso est\u00e1 a ser investigado pela Guarda Nacional Republicana (GNR) para apurar as causas do acidente.<\/li>\n<li>As idades dos quatro feridos s\u00e3o dois homens de 22 anos, um de 24 e outro de 27.<\/li>\n<\/ul>\n","protected":false},"author":2,"featured_media":434535,"comment_status":"closed","ping_status":"closed","sticky":false,"template":"","format":"standard","meta":{"footnotes":""},"categories":[6849,1],"tags":[2088,971,5928,1380,3059,1530],"class_list":["post-434532","post","type-post","status-publish","format-standard","has-post-thumbnail","hentry","category-acidentes","category-noticias","tag-acidente-de-viacao","tag-bombeiros","tag-emergencia","tag-gnr","tag-paredes","tag-viana-do-castelo"],"yoast_head":"<!-- This site is optimized with the Yoast SEO plugin v27.2 - https:\/\/yoast.com\/product\/yoast-seo-wordpress\/ -->\n<title>Quatro feridos ap\u00f3s carro cair de ponte em Paredes de Coura - Portal Tela Portugal<\/title>\n<meta name=\"robots\" content=\"index, follow, max-snippet:-1, max-image-preview:large, max-video-preview:-1\" \/>\n<meta property=\"og:locale\" content=\"pt_PT\" \/>\n<meta property=\"og:type\" content=\"article\" \/>\n<meta property=\"og:title\" content=\"Quatro feridos ap\u00f3s carro cair de ponte em Paredes de Coura - Portal Tela Portugal\" \/>\n<meta property=\"og:description\" content=\"Quatro jovens ficaram feridos ap\u00f3s um autom\u00f3vel despistar e cair da ponte de Mantel\u00e3es, na Estrada Nacional 303, em Paredes de Coura, na segunda-feira. O alerta foi recebido \u00e0s 17h40 e as v\u00edtimas foram assistidas no local pelos Bombeiros de Paredes de Coura e Caminha, pela Viatura M\u00e9dica de Emerg\u00eancia e Reanima\u00e7\u00e3o (VMER) de Viana do Castelo e pelo Suporte Imediato de Vida (SIV) de Valen\u00e7a. Duas das v\u00edtimas foram transportadas para o Hospital de Viana do Castelo; as outras duas n\u00e3o necessitaram de hospitaliza\u00e7\u00e3o. O caso est\u00e1 a ser investigado pela Guarda Nacional Republicana (GNR) para apurar as causas do acidente. As idades dos quatro feridos s\u00e3o dois homens de 22 anos, um de 24 e outro de 27.\" \/>\n<meta property=\"og:url\" content=\"https:\/\/portaltela.pt\/noticias\/2026\/04\/06\/quatro-feridos-apos-carro-cair-de-ponte-em-paredes-de-coura\/\" \/>\n<meta property=\"og:site_name\" content=\"Portal Tela Portugal\" \/>\n<meta property=\"article:published_time\" content=\"2026-04-06T18:02:34+00:00\" \/>\n<meta name=\"author\" content=\"Telinha\" \/>\n<meta name=\"twitter:card\" content=\"summary_large_image\" \/>\n<meta name=\"twitter:label1\" content=\"Escrito por\" \/>\n\t<meta name=\"twitter:data1\" content=\"Telinha\" \/>\n\t<meta name=\"twitter:label2\" content=\"Tempo estimado de leitura\" \/>\n\t<meta name=\"twitter:data2\" content=\"1 minuto\" \/>\n<script type=\"application\/ld+json\" class=\"yoast-schema-graph\">{\"@context\":\"https:\/\/schema.org\",\"@graph\":[{\"@type\":\"Article\",\"@id\":\"https:\/\/portaltela.pt\/noticias\/2026\/04\/06\/quatro-feridos-apos-carro-cair-de-ponte-em-paredes-de-coura\/#article\",\"isPartOf\":{\"@id\":\"https:\/\/portaltela.pt\/noticias\/2026\/04\/06\/quatro-feridos-apos-carro-cair-de-ponte-em-paredes-de-coura\/\"},\"author\":{\"name\":\"Telinha\",\"@id\":\"https:\/\/portaltela.pt\/#\/schema\/person\/c4278d4a6028830caff9ee44b42d32ed\"},\"headline\":\"Quatro feridos ap\u00f3s carro cair de ponte em Paredes de Coura\",\"datePublished\":\"2026-04-06T18:02:34+00:00\",\"mainEntityOfPage\":{\"@id\":\"https:\/\/portaltela.pt\/noticias\/2026\/04\/06\/quatro-feridos-apos-carro-cair-de-ponte-em-paredes-de-coura\/\"},\"wordCount\":115,\"image\":{\"@id\":\"https:\/\/portaltela.pt\/noticias\/2026\/04\/06\/quatro-feridos-apos-carro-cair-de-ponte-em-paredes-de-coura\/#primaryimage\"},\"thumbnailUrl\":\"https:\/\/portaltela.pt\/s.01k8rhncp4jt1\/2026\/04\/img_1500x1000uu2022-03-17-19-26-26-1131830.jpg\",\"keywords\":[\"acidente de via\u00e7\u00e3o\",\"bombeiros\",\"emerg\u00eancia\",\"GNR\",\"Paredes\",\"Viana do Castelo\"],\"articleSection\":[\"Acidentes\",\"Not\u00edcias\"],\"inLanguage\":\"pt-PT\"},{\"@type\":\"WebPage\",\"@id\":\"https:\/\/portaltela.pt\/noticias\/2026\/04\/06\/quatro-feridos-apos-carro-cair-de-ponte-em-paredes-de-coura\/\",\"url\":\"https:\/\/portaltela.pt\/noticias\/2026\/04\/06\/quatro-feridos-apos-carro-cair-de-ponte-em-paredes-de-coura\/\",\"name\":\"Quatro feridos ap\u00f3s carro cair de ponte em Paredes de Coura - Portal Tela Portugal\",\"isPartOf\":{\"@id\":\"https:\/\/portaltela.pt\/#website\"},\"primaryImageOfPage\":{\"@id\":\"https:\/\/portaltela.pt\/noticias\/2026\/04\/06\/quatro-feridos-apos-carro-cair-de-ponte-em-paredes-de-coura\/#primaryimage\"},\"image\":{\"@id\":\"https:\/\/portaltela.pt\/noticias\/2026\/04\/06\/quatro-feridos-apos-carro-cair-de-ponte-em-paredes-de-coura\/#primaryimage\"},\"thumbnailUrl\":\"https:\/\/portaltela.pt\/s.01k8rhncp4jt1\/2026\/04\/img_1500x1000uu2022-03-17-19-26-26-1131830.jpg\",\"datePublished\":\"2026-04-06T18:02:34+00:00\",\"author\":{\"@id\":\"https:\/\/portaltela.pt\/#\/schema\/person\/c4278d4a6028830caff9ee44b42d32ed\"},\"breadcrumb\":{\"@id\":\"https:\/\/portaltela.pt\/noticias\/2026\/04\/06\/quatro-feridos-apos-carro-cair-de-ponte-em-paredes-de-coura\/#breadcrumb\"},\"inLanguage\":\"pt-PT\",\"potentialAction\":[{\"@type\":\"ReadAction\",\"target\":[\"https:\/\/portaltela.pt\/noticias\/2026\/04\/06\/quatro-feridos-apos-carro-cair-de-ponte-em-paredes-de-coura\/\"]}]},{\"@type\":\"ImageObject\",\"inLanguage\":\"pt-PT\",\"@id\":\"https:\/\/portaltela.pt\/noticias\/2026\/04\/06\/quatro-feridos-apos-carro-cair-de-ponte-em-paredes-de-coura\/#primaryimage\",\"url\":\"https:\/\/portaltela.pt\/s.01k8rhncp4jt1\/2026\/04\/img_1500x1000uu2022-03-17-19-26-26-1131830.jpg\",\"contentUrl\":\"https:\/\/portaltela.pt\/s.01k8rhncp4jt1\/2026\/04\/img_1500x1000uu2022-03-17-19-26-26-1131830.jpg\",\"width\":796,\"height\":448,\"caption\":\"GNR\"},{\"@type\":\"BreadcrumbList\",\"@id\":\"https:\/\/portaltela.pt\/noticias\/2026\/04\/06\/quatro-feridos-apos-carro-cair-de-ponte-em-paredes-de-coura\/#breadcrumb\",\"itemListElement\":[{\"@type\":\"ListItem\",\"position\":1,\"name\":\"In\u00edcio\",\"item\":\"https:\/\/portaltela.pt\/\"},{\"@type\":\"ListItem\",\"position\":2,\"name\":\"Quatro feridos ap\u00f3s carro cair de ponte em Paredes de Coura\"}]},{\"@type\":\"WebSite\",\"@id\":\"https:\/\/portaltela.pt\/#website\",\"url\":\"https:\/\/portaltela.pt\/\",\"name\":\"Portal Tela Portugal\",\"description\":\"\",\"potentialAction\":[{\"@type\":\"SearchAction\",\"target\":{\"@type\":\"EntryPoint\",\"urlTemplate\":\"https:\/\/portaltela.pt\/?s={search_term_string}\"},\"query-input\":{\"@type\":\"PropertyValueSpecification\",\"valueRequired\":true,\"valueName\":\"search_term_string\"}}],\"inLanguage\":\"pt-PT\"},{\"@type\":\"Person\",\"@id\":\"https:\/\/portaltela.pt\/#\/schema\/person\/c4278d4a6028830caff9ee44b42d32ed\",\"name\":\"Telinha\",\"image\":{\"@type\":\"ImageObject\",\"inLanguage\":\"pt-PT\",\"@id\":\"https:\/\/portaltela.pt\/s.01k8rhncp4jt1\/2025\/11\/talking-bot-125x125.png\",\"url\":\"https:\/\/portaltela.pt\/s.01k8rhncp4jt1\/2025\/11\/talking-bot-125x125.png\",\"contentUrl\":\"https:\/\/portaltela.pt\/s.01k8rhncp4jt1\/2025\/11\/talking-bot-125x125.png\",\"caption\":\"Telinha\"},\"sameAs\":[\"https:\/\/portaltela.pt\/\"],\"url\":\"https:\/\/portaltela.pt\/por\/367410592786\/\"}]}<\/script>\n<!-- \/ Yoast SEO plugin. -->","yoast_head_json":{"title":"Quatro feridos ap\u00f3s carro cair de ponte em Paredes de Coura - Portal Tela Portugal","robots":{"index":"index","follow":"follow","max-snippet":"max-snippet:-1","max-image-preview":"max-image-preview:large","max-video-preview":"max-video-preview:-1"},"og_locale":"pt_PT","og_type":"article","og_title":"Quatro feridos ap\u00f3s carro cair de ponte em Paredes de Coura - Portal Tela Portugal","og_description":"Quatro jovens ficaram feridos ap\u00f3s um autom\u00f3vel despistar e cair da ponte de Mantel\u00e3es, na Estrada Nacional 303, em Paredes de Coura, na segunda-feira. O alerta foi recebido \u00e0s 17h40 e as v\u00edtimas foram assistidas no local pelos Bombeiros de Paredes de Coura e Caminha, pela Viatura M\u00e9dica de Emerg\u00eancia e Reanima\u00e7\u00e3o (VMER) de Viana do Castelo e pelo Suporte Imediato de Vida (SIV) de Valen\u00e7a. Duas das v\u00edtimas foram transportadas para o Hospital de Viana do Castelo; as outras duas n\u00e3o necessitaram de hospitaliza\u00e7\u00e3o. O caso est\u00e1 a ser investigado pela Guarda Nacional Republicana (GNR) para apurar as causas do acidente. As idades dos quatro feridos s\u00e3o dois homens de 22 anos, um de 24 e outro de 27.","og_url":"https:\/\/portaltela.pt\/noticias\/2026\/04\/06\/quatro-feridos-apos-carro-cair-de-ponte-em-paredes-de-coura\/","og_site_name":"Portal Tela Portugal","article_published_time":"2026-04-06T18:02:34+00:00","author":"Telinha","twitter_card":"summary_large_image","twitter_misc":{"Escrito por":"Telinha","Tempo estimado de leitura":"1 minuto"},"schema":{"@context":"https:\/\/schema.org","@graph":[{"@type":"Article","@id":"https:\/\/portaltela.pt\/noticias\/2026\/04\/06\/quatro-feridos-apos-carro-cair-de-ponte-em-paredes-de-coura\/#article","isPartOf":{"@id":"https:\/\/portaltela.pt\/noticias\/2026\/04\/06\/quatro-feridos-apos-carro-cair-de-ponte-em-paredes-de-coura\/"},"author":{"name":"Telinha","@id":"https:\/\/portaltela.pt\/#\/schema\/person\/c4278d4a6028830caff9ee44b42d32ed"},"headline":"Quatro feridos ap\u00f3s carro cair de ponte em Paredes de Coura","datePublished":"2026-04-06T18:02:34+00:00","mainEntityOfPage":{"@id":"https:\/\/portaltela.pt\/noticias\/2026\/04\/06\/quatro-feridos-apos-carro-cair-de-ponte-em-paredes-de-coura\/"},"wordCount":115,"image":{"@id":"https:\/\/portaltela.pt\/noticias\/2026\/04\/06\/quatro-feridos-apos-carro-cair-de-ponte-em-paredes-de-coura\/#primaryimage"},"thumbnailUrl":"https:\/\/portaltela.pt\/s.01k8rhncp4jt1\/2026\/04\/img_1500x1000uu2022-03-17-19-26-26-1131830.jpg","keywords":["acidente de via\u00e7\u00e3o","bombeiros","emerg\u00eancia","GNR","Paredes","Viana do Castelo"],"articleSection":["Acidentes","Not\u00edcias"],"inLanguage":"pt-PT"},{"@type":"WebPage","@id":"https:\/\/portaltela.pt\/noticias\/2026\/04\/06\/quatro-feridos-apos-carro-cair-de-ponte-em-paredes-de-coura\/","url":"https:\/\/portaltela.pt\/noticias\/2026\/04\/06\/quatro-feridos-apos-carro-cair-de-ponte-em-paredes-de-coura\/","name":"Quatro feridos ap\u00f3s carro cair de ponte em Paredes de Coura - Portal Tela Portugal","isPartOf":{"@id":"https:\/\/portaltela.pt\/#website"},"primaryImageOfPage":{"@id":"https:\/\/portaltela.pt\/noticias\/2026\/04\/06\/quatro-feridos-apos-carro-cair-de-ponte-em-paredes-de-coura\/#primaryimage"},"image":{"@id":"https:\/\/portaltela.pt\/noticias\/2026\/04\/06\/quatro-feridos-apos-carro-cair-de-ponte-em-paredes-de-coura\/#primaryimage"},"thumbnailUrl":"https:\/\/portaltela.pt\/s.01k8rhncp4jt1\/2026\/04\/img_1500x1000uu2022-03-17-19-26-26-1131830.jpg","datePublished":"2026-04-06T18:02:34+00:00","author":{"@id":"https:\/\/portaltela.pt\/#\/schema\/person\/c4278d4a6028830caff9ee44b42d32ed"},"breadcrumb":{"@id":"https:\/\/portaltela.pt\/noticias\/2026\/04\/06\/quatro-feridos-apos-carro-cair-de-ponte-em-paredes-de-coura\/#breadcrumb"},"inLanguage":"pt-PT","potentialAction":[{"@type":"ReadAction","target":["https:\/\/portaltela.pt\/noticias\/2026\/04\/06\/quatro-feridos-apos-carro-cair-de-ponte-em-paredes-de-coura\/"]}]},{"@type":"ImageObject","inLanguage":"pt-PT","@id":"https:\/\/portaltela.pt\/noticias\/2026\/04\/06\/quatro-feridos-apos-carro-cair-de-ponte-em-paredes-de-coura\/#primaryimage","url":"https:\/\/portaltela.pt\/s.01k8rhncp4jt1\/2026\/04\/img_1500x1000uu2022-03-17-19-26-26-1131830.jpg","contentUrl":"https:\/\/portaltela.pt\/s.01k8rhncp4jt1\/2026\/04\/img_1500x1000uu2022-03-17-19-26-26-1131830.jpg","width":796,"height":448,"caption":"GNR"},{"@type":"BreadcrumbList","@id":"https:\/\/portaltela.pt\/noticias\/2026\/04\/06\/quatro-feridos-apos-carro-cair-de-ponte-em-paredes-de-coura\/#breadcrumb","itemListElement":[{"@type":"ListItem","position":1,"name":"In\u00edcio","item":"https:\/\/portaltela.pt\/"},{"@type":"ListItem","position":2,"name":"Quatro feridos ap\u00f3s carro cair de ponte em Paredes de Coura"}]},{"@type":"WebSite","@id":"https:\/\/portaltela.pt\/#website","url":"https:\/\/portaltela.pt\/","name":"Portal Tela Portugal","description":"","potentialAction":[{"@type":"SearchAction","target":{"@type":"EntryPoint","urlTemplate":"https:\/\/portaltela.pt\/?s={search_term_string}"},"query-input":{"@type":"PropertyValueSpecification","valueRequired":true,"valueName":"search_term_string"}}],"inLanguage":"pt-PT"},{"@type":"Person","@id":"https:\/\/portaltela.pt\/#\/schema\/person\/c4278d4a6028830caff9ee44b42d32ed","name":"Telinha","image":{"@type":"ImageObject","inLanguage":"pt-PT","@id":"https:\/\/portaltela.pt\/s.01k8rhncp4jt1\/2025\/11\/talking-bot-125x125.png","url":"https:\/\/portaltela.pt\/s.01k8rhncp4jt1\/2025\/11\/talking-bot-125x125.png","contentUrl":"https:\/\/portaltela.pt\/s.01k8rhncp4jt1\/2025\/11\/talking-bot-125x125.png","caption":"Telinha"},"sameAs":["https:\/\/portaltela.pt\/"],"url":"https:\/\/portaltela.pt\/por\/367410592786\/"}]}},"_links":{"self":[{"href":"https:\/\/portaltela.pt\/api\/wp\/v2\/posts\/434532","targetHints":{"allow":["GET"]}}],"collection":[{"href":"https:\/\/portaltela.pt\/api\/wp\/v2\/posts"}],"about":[{"href":"https:\/\/portaltela.pt\/api\/wp\/v2\/types\/post"}],"author":[{"embeddable":true,"href":"https:\/\/portaltela.pt\/api\/wp\/v2\/users\/2"}],"replies":[{"embeddable":true,"href":"https:\/\/portaltela.pt\/api\/wp\/v2\/comments?post=434532"}],"version-history":[{"count":0,"href":"https:\/\/portaltela.pt\/api\/wp\/v2\/posts\/434532\/revisions"}],"wp:featuredmedia":[{"embeddable":true,"href":"https:\/\/portaltela.pt\/api\/wp\/v2\/media\/434535"}],"wp:attachment":[{"href":"https:\/\/portaltela.pt\/api\/wp\/v2\/media?parent=434532"}],"wp:term":[{"taxonomy":"category","embeddable":true,"href":"https:\/\/portaltela.pt\/api\/wp\/v2\/categories?post=434532"},{"taxonomy":"post_tag","embeddable":true,"href":"https:\/\/portaltela.pt\/api\/wp\/v2\/tags?post=434532"}],"curies":[{"name":"wp","href":"https:\/\/api.w.org\/{rel}","templated":true}]}}