{"id":434528,"date":"2026-04-06T14:46:00","date_gmt":"2026-04-06T17:46:00","guid":{"rendered":"https:\/\/portaltela.pt\/noticias\/2026\/04\/06\/corpo-de-pescador-encontrado-em-arribas-da-ilha-de-sao-miguel\/"},"modified":"2026-04-06T14:46:00","modified_gmt":"2026-04-06T17:46:00","slug":"corpo-de-pescador-encontrado-em-arribas-da-ilha-de-sao-miguel","status":"publish","type":"post","link":"https:\/\/portaltela.pt\/seguranca\/2026\/04\/06\/corpo-de-pescador-encontrado-em-arribas-da-ilha-de-sao-miguel\/","title":{"rendered":"Corpo de pescador encontrado em arribas da ilha de S\u00e3o Miguel"},"content":{"rendered":"<p>O corpo de um pescador l\u00fadico de 52 anos foi encontrado numa arriba na ilha de S\u00e3o Miguel, A\u00e7ores. A Autoridade Mar\u00edtima Nacional (AMN) indica que as causas da ocorr\u00eancia permanecem por esclarecer.<\/p>\n<p>O achado ocorreu na noite de domingo, na zona da Lomba do Carvalho, no concelho de Ponta Delgada. O alerta chegou \u00e0 PSP \u00e0s 23:00, desencadeando a interven\u00e7\u00e3o de elementos da Pol\u00edcia Mar\u00edtima de Ponta Delgada e de Bombeiros Volunt\u00e1rios de Ponta Delgada.<\/p>\n<p>Devido \u00e0s condi\u00e7\u00f5es meteorol\u00f3gicas e ao dif\u00edcil acesso da \u00e1rea, foi autorizada pelo Minist\u00e9rio P\u00fablico a remo\u00e7\u00e3o do corpo apenas ap\u00f3s o nascer do sol. A Pol\u00edcia Mar\u00edtima manteve-se no local durante a noite.<\/p>\n<h3>Desfecho e encaminhamentos<\/h3>\n<p>Na manh\u00e3 seguinte, o corpo foi retirado da zona rochosa pela equipa de grande \u00e2ngulo dos bombeiros e encaminhado ao Gabinete M\u00e9dico-Legal de Ponta Delgada para autopsia e verifica\u00e7\u00e3o do \u00f3bito pela Delegada de Sa\u00fade. O Comando Local da Pol\u00edcia Mar\u00edtima coordenou a ocorr\u00eancia, com apoio do Gabinete de Psicologia da Pol\u00edcia Mar\u00edtima aos familiares da v\u00edtima.<\/p>\n","protected":false},"excerpt":{"rendered":"<ul>\n<li>O corpo de um pescador l\u00fadico de 52 anos foi encontrado numa arriba na zona da Lomba do Carvalho, em Ponta Delgada, S\u00e3o Miguel (A\u00e7ores).<\/li>\n<li>O achado ocorreu na noite de domingo, cerca das 23:00 locais, segundo a Autoridade Mar\u00edtima Nacional (AMN).<\/li>\n<li>Devido \u00e0s condi\u00e7\u00f5es meteorol\u00f3gicas e ao acesso dif\u00edcil, a remo\u00e7\u00e3o foi realizada ap\u00f3s o nascer do sol, com a Pol\u00edcia Mar\u00edtima a coordenar e a PSP a emitir o alerta.<\/li>\n<li>O corpo foi retirado pela equipa de grande \u00e2ngulo dos bombeiros e encaminhado ao Gabinete M\u00e9dico-Legal de Ponta Delgada para aut\u00f3psia.<\/li>\n<li>O Comando Local da Pol\u00edcia Mar\u00edtima de Ponta Delgada mant\u00e9m o caso sob investiga\u00e7\u00e3o, com apoio do Gabinete de Psicologia da Pol\u00edcia Mar\u00edtima aos familiares.<\/li>\n<\/ul>\n","protected":false},"author":2,"featured_media":434531,"comment_status":"closed","ping_status":"closed","sticky":false,"template":"","format":"standard","meta":{"footnotes":""},"categories":[6781,6779],"tags":[822,4298,4868,5093,2804,4536],"class_list":["post-434528","post","type-post","status-publish","format-standard","has-post-thumbnail","hentry","category-policia","category-seguranca","tag-acores","tag-marinha","tag-medicina-legal","tag-pesca","tag-pescadores","tag-seguranca"],"yoast_head":"<!-- This site is optimized with the Yoast SEO plugin v27.2 - https:\/\/yoast.com\/product\/yoast-seo-wordpress\/ -->\n<title>Corpo de pescador encontrado em arribas da ilha de S\u00e3o Miguel - Portal Tela Portugal<\/title>\n<meta name=\"robots\" content=\"index, follow, max-snippet:-1, max-image-preview:large, max-video-preview:-1\" \/>\n<meta property=\"og:locale\" content=\"pt_PT\" \/>\n<meta property=\"og:type\" content=\"article\" \/>\n<meta property=\"og:title\" content=\"Corpo de pescador encontrado em arribas da ilha de S\u00e3o Miguel - Portal Tela Portugal\" \/>\n<meta property=\"og:description\" content=\"O corpo de um pescador l\u00fadico de 52 anos foi encontrado numa arriba na zona da Lomba do Carvalho, em Ponta Delgada, S\u00e3o Miguel (A\u00e7ores). O achado ocorreu na noite de domingo, cerca das 23:00 locais, segundo a Autoridade Mar\u00edtima Nacional (AMN). Devido \u00e0s condi\u00e7\u00f5es meteorol\u00f3gicas e ao acesso dif\u00edcil, a remo\u00e7\u00e3o foi realizada ap\u00f3s o nascer do sol, com a Pol\u00edcia Mar\u00edtima a coordenar e a PSP a emitir o alerta. O corpo foi retirado pela equipa de grande \u00e2ngulo dos bombeiros e encaminhado ao Gabinete M\u00e9dico-Legal de Ponta Delgada para aut\u00f3psia. O Comando Local da Pol\u00edcia Mar\u00edtima de Ponta Delgada mant\u00e9m o caso sob investiga\u00e7\u00e3o, com apoio do Gabinete de Psicologia da Pol\u00edcia Mar\u00edtima aos familiares.\" \/>\n<meta property=\"og:url\" content=\"https:\/\/portaltela.pt\/noticias\/2026\/04\/06\/corpo-de-pescador-encontrado-em-arribas-da-ilha-de-sao-miguel\/\" \/>\n<meta property=\"og:site_name\" content=\"Portal Tela Portugal\" \/>\n<meta property=\"article:published_time\" content=\"2026-04-06T17:46:00+00:00\" \/>\n<meta name=\"author\" content=\"Telinha\" \/>\n<meta name=\"twitter:card\" content=\"summary_large_image\" \/>\n<meta name=\"twitter:label1\" content=\"Escrito por\" \/>\n\t<meta name=\"twitter:data1\" content=\"Telinha\" \/>\n\t<meta name=\"twitter:label2\" content=\"Tempo estimado de leitura\" \/>\n\t<meta name=\"twitter:data2\" content=\"1 minuto\" \/>\n<script type=\"application\/ld+json\" class=\"yoast-schema-graph\">{\"@context\":\"https:\/\/schema.org\",\"@graph\":[{\"@type\":\"Article\",\"@id\":\"https:\/\/portaltela.pt\/noticias\/2026\/04\/06\/corpo-de-pescador-encontrado-em-arribas-da-ilha-de-sao-miguel\/#article\",\"isPartOf\":{\"@id\":\"https:\/\/portaltela.pt\/noticias\/2026\/04\/06\/corpo-de-pescador-encontrado-em-arribas-da-ilha-de-sao-miguel\/\"},\"author\":{\"name\":\"Telinha\",\"@id\":\"https:\/\/portaltela.pt\/#\/schema\/person\/c4278d4a6028830caff9ee44b42d32ed\"},\"headline\":\"Corpo de pescador encontrado em arribas da ilha de S\u00e3o Miguel\",\"datePublished\":\"2026-04-06T17:46:00+00:00\",\"mainEntityOfPage\":{\"@id\":\"https:\/\/portaltela.pt\/noticias\/2026\/04\/06\/corpo-de-pescador-encontrado-em-arribas-da-ilha-de-sao-miguel\/\"},\"wordCount\":206,\"image\":{\"@id\":\"https:\/\/portaltela.pt\/noticias\/2026\/04\/06\/corpo-de-pescador-encontrado-em-arribas-da-ilha-de-sao-miguel\/#primaryimage\"},\"thumbnailUrl\":\"https:\/\/portaltela.pt\/s.01k8rhncp4jt1\/2026\/04\/image-337.jpg\",\"keywords\":[\"A\u00e7ores\",\"Marinha\",\"Medicina Legal\",\"pesca\",\"Pescadores\",\"seguran\u00e7a\"],\"articleSection\":[\"Pol\u00edcia\",\"Seguran\u00e7a\"],\"inLanguage\":\"pt-PT\"},{\"@type\":\"WebPage\",\"@id\":\"https:\/\/portaltela.pt\/noticias\/2026\/04\/06\/corpo-de-pescador-encontrado-em-arribas-da-ilha-de-sao-miguel\/\",\"url\":\"https:\/\/portaltela.pt\/noticias\/2026\/04\/06\/corpo-de-pescador-encontrado-em-arribas-da-ilha-de-sao-miguel\/\",\"name\":\"Corpo de pescador encontrado em arribas da ilha de S\u00e3o Miguel - Portal Tela Portugal\",\"isPartOf\":{\"@id\":\"https:\/\/portaltela.pt\/#website\"},\"primaryImageOfPage\":{\"@id\":\"https:\/\/portaltela.pt\/noticias\/2026\/04\/06\/corpo-de-pescador-encontrado-em-arribas-da-ilha-de-sao-miguel\/#primaryimage\"},\"image\":{\"@id\":\"https:\/\/portaltela.pt\/noticias\/2026\/04\/06\/corpo-de-pescador-encontrado-em-arribas-da-ilha-de-sao-miguel\/#primaryimage\"},\"thumbnailUrl\":\"https:\/\/portaltela.pt\/s.01k8rhncp4jt1\/2026\/04\/image-337.jpg\",\"datePublished\":\"2026-04-06T17:46:00+00:00\",\"author\":{\"@id\":\"https:\/\/portaltela.pt\/#\/schema\/person\/c4278d4a6028830caff9ee44b42d32ed\"},\"breadcrumb\":{\"@id\":\"https:\/\/portaltela.pt\/noticias\/2026\/04\/06\/corpo-de-pescador-encontrado-em-arribas-da-ilha-de-sao-miguel\/#breadcrumb\"},\"inLanguage\":\"pt-PT\",\"potentialAction\":[{\"@type\":\"ReadAction\",\"target\":[\"https:\/\/portaltela.pt\/noticias\/2026\/04\/06\/corpo-de-pescador-encontrado-em-arribas-da-ilha-de-sao-miguel\/\"]}]},{\"@type\":\"ImageObject\",\"inLanguage\":\"pt-PT\",\"@id\":\"https:\/\/portaltela.pt\/noticias\/2026\/04\/06\/corpo-de-pescador-encontrado-em-arribas-da-ilha-de-sao-miguel\/#primaryimage\",\"url\":\"https:\/\/portaltela.pt\/s.01k8rhncp4jt1\/2026\/04\/image-337.jpg\",\"contentUrl\":\"https:\/\/portaltela.pt\/s.01k8rhncp4jt1\/2026\/04\/image-337.jpg\",\"width\":796,\"height\":448,\"caption\":\"O corpo foi encontrado numa arriba na zona da Lomba do Carvalho, em Ponta Delgada\"},{\"@type\":\"BreadcrumbList\",\"@id\":\"https:\/\/portaltela.pt\/noticias\/2026\/04\/06\/corpo-de-pescador-encontrado-em-arribas-da-ilha-de-sao-miguel\/#breadcrumb\",\"itemListElement\":[{\"@type\":\"ListItem\",\"position\":1,\"name\":\"In\u00edcio\",\"item\":\"https:\/\/portaltela.pt\/\"},{\"@type\":\"ListItem\",\"position\":2,\"name\":\"Corpo de pescador encontrado em arribas da ilha de S\u00e3o Miguel\"}]},{\"@type\":\"WebSite\",\"@id\":\"https:\/\/portaltela.pt\/#website\",\"url\":\"https:\/\/portaltela.pt\/\",\"name\":\"Portal Tela Portugal\",\"description\":\"\",\"potentialAction\":[{\"@type\":\"SearchAction\",\"target\":{\"@type\":\"EntryPoint\",\"urlTemplate\":\"https:\/\/portaltela.pt\/?s={search_term_string}\"},\"query-input\":{\"@type\":\"PropertyValueSpecification\",\"valueRequired\":true,\"valueName\":\"search_term_string\"}}],\"inLanguage\":\"pt-PT\"},{\"@type\":\"Person\",\"@id\":\"https:\/\/portaltela.pt\/#\/schema\/person\/c4278d4a6028830caff9ee44b42d32ed\",\"name\":\"Telinha\",\"image\":{\"@type\":\"ImageObject\",\"inLanguage\":\"pt-PT\",\"@id\":\"https:\/\/portaltela.pt\/s.01k8rhncp4jt1\/2025\/11\/talking-bot-125x125.png\",\"url\":\"https:\/\/portaltela.pt\/s.01k8rhncp4jt1\/2025\/11\/talking-bot-125x125.png\",\"contentUrl\":\"https:\/\/portaltela.pt\/s.01k8rhncp4jt1\/2025\/11\/talking-bot-125x125.png\",\"caption\":\"Telinha\"},\"sameAs\":[\"https:\/\/portaltela.pt\/\"],\"url\":\"https:\/\/portaltela.pt\/por\/367410592786\/\"}]}<\/script>\n<!-- \/ Yoast SEO plugin. -->","yoast_head_json":{"title":"Corpo de pescador encontrado em arribas da ilha de S\u00e3o Miguel - Portal Tela Portugal","robots":{"index":"index","follow":"follow","max-snippet":"max-snippet:-1","max-image-preview":"max-image-preview:large","max-video-preview":"max-video-preview:-1"},"og_locale":"pt_PT","og_type":"article","og_title":"Corpo de pescador encontrado em arribas da ilha de S\u00e3o Miguel - Portal Tela Portugal","og_description":"O corpo de um pescador l\u00fadico de 52 anos foi encontrado numa arriba na zona da Lomba do Carvalho, em Ponta Delgada, S\u00e3o Miguel (A\u00e7ores). O achado ocorreu na noite de domingo, cerca das 23:00 locais, segundo a Autoridade Mar\u00edtima Nacional (AMN). Devido \u00e0s condi\u00e7\u00f5es meteorol\u00f3gicas e ao acesso dif\u00edcil, a remo\u00e7\u00e3o foi realizada ap\u00f3s o nascer do sol, com a Pol\u00edcia Mar\u00edtima a coordenar e a PSP a emitir o alerta. O corpo foi retirado pela equipa de grande \u00e2ngulo dos bombeiros e encaminhado ao Gabinete M\u00e9dico-Legal de Ponta Delgada para aut\u00f3psia. O Comando Local da Pol\u00edcia Mar\u00edtima de Ponta Delgada mant\u00e9m o caso sob investiga\u00e7\u00e3o, com apoio do Gabinete de Psicologia da Pol\u00edcia Mar\u00edtima aos familiares.","og_url":"https:\/\/portaltela.pt\/noticias\/2026\/04\/06\/corpo-de-pescador-encontrado-em-arribas-da-ilha-de-sao-miguel\/","og_site_name":"Portal Tela Portugal","article_published_time":"2026-04-06T17:46:00+00:00","author":"Telinha","twitter_card":"summary_large_image","twitter_misc":{"Escrito por":"Telinha","Tempo estimado de leitura":"1 minuto"},"schema":{"@context":"https:\/\/schema.org","@graph":[{"@type":"Article","@id":"https:\/\/portaltela.pt\/noticias\/2026\/04\/06\/corpo-de-pescador-encontrado-em-arribas-da-ilha-de-sao-miguel\/#article","isPartOf":{"@id":"https:\/\/portaltela.pt\/noticias\/2026\/04\/06\/corpo-de-pescador-encontrado-em-arribas-da-ilha-de-sao-miguel\/"},"author":{"name":"Telinha","@id":"https:\/\/portaltela.pt\/#\/schema\/person\/c4278d4a6028830caff9ee44b42d32ed"},"headline":"Corpo de pescador encontrado em arribas da ilha de S\u00e3o Miguel","datePublished":"2026-04-06T17:46:00+00:00","mainEntityOfPage":{"@id":"https:\/\/portaltela.pt\/noticias\/2026\/04\/06\/corpo-de-pescador-encontrado-em-arribas-da-ilha-de-sao-miguel\/"},"wordCount":206,"image":{"@id":"https:\/\/portaltela.pt\/noticias\/2026\/04\/06\/corpo-de-pescador-encontrado-em-arribas-da-ilha-de-sao-miguel\/#primaryimage"},"thumbnailUrl":"https:\/\/portaltela.pt\/s.01k8rhncp4jt1\/2026\/04\/image-337.jpg","keywords":["A\u00e7ores","Marinha","Medicina Legal","pesca","Pescadores","seguran\u00e7a"],"articleSection":["Pol\u00edcia","Seguran\u00e7a"],"inLanguage":"pt-PT"},{"@type":"WebPage","@id":"https:\/\/portaltela.pt\/noticias\/2026\/04\/06\/corpo-de-pescador-encontrado-em-arribas-da-ilha-de-sao-miguel\/","url":"https:\/\/portaltela.pt\/noticias\/2026\/04\/06\/corpo-de-pescador-encontrado-em-arribas-da-ilha-de-sao-miguel\/","name":"Corpo de pescador encontrado em arribas da ilha de S\u00e3o Miguel - Portal Tela Portugal","isPartOf":{"@id":"https:\/\/portaltela.pt\/#website"},"primaryImageOfPage":{"@id":"https:\/\/portaltela.pt\/noticias\/2026\/04\/06\/corpo-de-pescador-encontrado-em-arribas-da-ilha-de-sao-miguel\/#primaryimage"},"image":{"@id":"https:\/\/portaltela.pt\/noticias\/2026\/04\/06\/corpo-de-pescador-encontrado-em-arribas-da-ilha-de-sao-miguel\/#primaryimage"},"thumbnailUrl":"https:\/\/portaltela.pt\/s.01k8rhncp4jt1\/2026\/04\/image-337.jpg","datePublished":"2026-04-06T17:46:00+00:00","author":{"@id":"https:\/\/portaltela.pt\/#\/schema\/person\/c4278d4a6028830caff9ee44b42d32ed"},"breadcrumb":{"@id":"https:\/\/portaltela.pt\/noticias\/2026\/04\/06\/corpo-de-pescador-encontrado-em-arribas-da-ilha-de-sao-miguel\/#breadcrumb"},"inLanguage":"pt-PT","potentialAction":[{"@type":"ReadAction","target":["https:\/\/portaltela.pt\/noticias\/2026\/04\/06\/corpo-de-pescador-encontrado-em-arribas-da-ilha-de-sao-miguel\/"]}]},{"@type":"ImageObject","inLanguage":"pt-PT","@id":"https:\/\/portaltela.pt\/noticias\/2026\/04\/06\/corpo-de-pescador-encontrado-em-arribas-da-ilha-de-sao-miguel\/#primaryimage","url":"https:\/\/portaltela.pt\/s.01k8rhncp4jt1\/2026\/04\/image-337.jpg","contentUrl":"https:\/\/portaltela.pt\/s.01k8rhncp4jt1\/2026\/04\/image-337.jpg","width":796,"height":448,"caption":"O corpo foi encontrado numa arriba na zona da Lomba do Carvalho, em Ponta Delgada"},{"@type":"BreadcrumbList","@id":"https:\/\/portaltela.pt\/noticias\/2026\/04\/06\/corpo-de-pescador-encontrado-em-arribas-da-ilha-de-sao-miguel\/#breadcrumb","itemListElement":[{"@type":"ListItem","position":1,"name":"In\u00edcio","item":"https:\/\/portaltela.pt\/"},{"@type":"ListItem","position":2,"name":"Corpo de pescador encontrado em arribas da ilha de S\u00e3o Miguel"}]},{"@type":"WebSite","@id":"https:\/\/portaltela.pt\/#website","url":"https:\/\/portaltela.pt\/","name":"Portal Tela Portugal","description":"","potentialAction":[{"@type":"SearchAction","target":{"@type":"EntryPoint","urlTemplate":"https:\/\/portaltela.pt\/?s={search_term_string}"},"query-input":{"@type":"PropertyValueSpecification","valueRequired":true,"valueName":"search_term_string"}}],"inLanguage":"pt-PT"},{"@type":"Person","@id":"https:\/\/portaltela.pt\/#\/schema\/person\/c4278d4a6028830caff9ee44b42d32ed","name":"Telinha","image":{"@type":"ImageObject","inLanguage":"pt-PT","@id":"https:\/\/portaltela.pt\/s.01k8rhncp4jt1\/2025\/11\/talking-bot-125x125.png","url":"https:\/\/portaltela.pt\/s.01k8rhncp4jt1\/2025\/11\/talking-bot-125x125.png","contentUrl":"https:\/\/portaltela.pt\/s.01k8rhncp4jt1\/2025\/11\/talking-bot-125x125.png","caption":"Telinha"},"sameAs":["https:\/\/portaltela.pt\/"],"url":"https:\/\/portaltela.pt\/por\/367410592786\/"}]}},"_links":{"self":[{"href":"https:\/\/portaltela.pt\/api\/wp\/v2\/posts\/434528","targetHints":{"allow":["GET"]}}],"collection":[{"href":"https:\/\/portaltela.pt\/api\/wp\/v2\/posts"}],"about":[{"href":"https:\/\/portaltela.pt\/api\/wp\/v2\/types\/post"}],"author":[{"embeddable":true,"href":"https:\/\/portaltela.pt\/api\/wp\/v2\/users\/2"}],"replies":[{"embeddable":true,"href":"https:\/\/portaltela.pt\/api\/wp\/v2\/comments?post=434528"}],"version-history":[{"count":0,"href":"https:\/\/portaltela.pt\/api\/wp\/v2\/posts\/434528\/revisions"}],"wp:featuredmedia":[{"embeddable":true,"href":"https:\/\/portaltela.pt\/api\/wp\/v2\/media\/434531"}],"wp:attachment":[{"href":"https:\/\/portaltela.pt\/api\/wp\/v2\/media?parent=434528"}],"wp:term":[{"taxonomy":"category","embeddable":true,"href":"https:\/\/portaltela.pt\/api\/wp\/v2\/categories?post=434528"},{"taxonomy":"post_tag","embeddable":true,"href":"https:\/\/portaltela.pt\/api\/wp\/v2\/tags?post=434528"}],"curies":[{"name":"wp","href":"https:\/\/api.w.org\/{rel}","templated":true}]}}