{"id":434508,"date":"2026-04-06T14:47:08","date_gmt":"2026-04-06T17:47:08","guid":{"rendered":"https:\/\/portaltela.pt\/noticias\/2026\/04\/06\/dortmund-mira-dois-alvos-em-franca-diego-moreira-e-ait-boudlal\/"},"modified":"2026-04-06T14:47:08","modified_gmt":"2026-04-06T17:47:08","slug":"dortmund-mira-dois-alvos-em-franca-diego-moreira-e-ait-boudlal","status":"publish","type":"post","link":"https:\/\/portaltela.pt\/desporto\/futebol\/2026\/04\/06\/dortmund-mira-dois-alvos-em-franca-diego-moreira-e-ait-boudlal\/","title":{"rendered":"Dortmund mira dois alvos em Fran\u00e7a: Diego Moreira e Ait Boudlal"},"content":{"rendered":"<p>Ole Book, novo diretor desportivo do Borussia Dortmund, j\u00e1 est\u00e1 a tra\u00e7ar estrat\u00e9gias para a pr\u00f3xima \u00e9poca, avaliando entradas e sa\u00eddas do plantel. O foco recai sobre dois alvos na Ligue 1, segundo a Sky Sports.<\/p>\n<p>Diego Moreira, 21 anos, tem seamado destaque no Estrasburgo, com 4 golos e 7 assist\u00eancias em 33 jogos. O jogador passou pelo Benfica e \u00e9 apontado pela imprensa como um dos jovens mais promissores da temporada.<\/p>\n<p>A avalia\u00e7\u00e3o do Estrasburgo para Moreira aponta para uma faixa entre 30 e 40 milh\u00f5es de euros, caso haja interesse para negocia\u00e7\u00f5es. A opera\u00e7\u00e3o depender\u00e1 da vontade do clube franc\u00eas de vender.<\/p>\n<p>Abdelhamid Ait Boudlal, central de 19 anos do Rennes, \u00e9 o outro alvo do Dortmund para refor\u00e7ar a defesa. O marroquino tem brilhado na Ligue 1 e \u00e9 visto como uma solu\u00e7\u00e3o promissora para a linha defensiva.<\/p>\n<p>Ait Boudlal \u00e9 internacional marroquino e est\u00e1 avaliado em cerca de 10 milh\u00f5es de euros. O interesse do Dortmund situa-se no \u00e2mbito de consolidar op\u00e7\u00f5es jovens para o centro da defesa.<\/p>\n<p>A informa\u00e7\u00e3o \u00e9 partilhada pela Sky Sports, que refor\u00e7a o objetivo do Dortmund de fechar refor\u00e7os na edi\u00e7\u00e3o seguinte do plantel. A equipa continua atenta a oportunidades no mercado franc\u00eas.<\/p>\n","protected":false},"excerpt":{"rendered":"<ul>\n<li>Ole Book, novo director desportivo do Borussia Dortmund, j\u00e1 est\u00e1 a tratar das entradas e sa\u00eddas do plantel.<\/li>\n<li>A Sky Sports garante interesse do Dortmund em dois talentos da Ligue 1: Diego Moreira e Abdelhamid Ait Boudlal.<\/li>\n<li>Diego Moreira, ex-Benfica, atua no Estrasburgo com quatro golos e sete assist\u00eancias em trinta e tr\u00eas jogos.<\/li>\n<li>O Estrasburgo pode pedir entre trinta e quarenta milh\u00f5es de euros pelo jogador, caso haja negocia\u00e7\u00e3o.<\/li>\n<li>Abdelhamid Ait Boudlal, defesa-central marroquino de dezoito ou, conforme dados, 19 anos do Rennes, est\u00e1 avaliado em 10 milh\u00f5es de euros.<\/li>\n<\/ul>\n","protected":false},"author":2,"featured_media":434510,"comment_status":"closed","ping_status":"closed","sticky":false,"template":"","format":"standard","meta":{"footnotes":""},"categories":[21,24],"tags":[218,1856,32,1015,2036,2050],"class_list":["post-434508","post","type-post","status-publish","format-standard","has-post-thumbnail","hentry","category-desporto","category-futebol","tag-desportivo","tag-franca","tag-futebol","tag-marrocos","tag-negociacoes-internacionais","tag-transferencias"],"yoast_head":"<!-- This site is optimized with the Yoast SEO plugin v27.2 - https:\/\/yoast.com\/product\/yoast-seo-wordpress\/ -->\n<title>Dortmund mira dois alvos em Fran\u00e7a: Diego Moreira e Ait Boudlal - Portal Tela Portugal<\/title>\n<meta name=\"robots\" content=\"index, follow, max-snippet:-1, max-image-preview:large, max-video-preview:-1\" \/>\n<meta property=\"og:locale\" content=\"pt_PT\" \/>\n<meta property=\"og:type\" content=\"article\" \/>\n<meta property=\"og:title\" content=\"Dortmund mira dois alvos em Fran\u00e7a: Diego Moreira e Ait Boudlal - Portal Tela Portugal\" \/>\n<meta property=\"og:description\" content=\"Ole Book, novo director desportivo do Borussia Dortmund, j\u00e1 est\u00e1 a tratar das entradas e sa\u00eddas do plantel. A Sky Sports garante interesse do Dortmund em dois talentos da Ligue 1: Diego Moreira e Abdelhamid Ait Boudlal. Diego Moreira, ex-Benfica, atua no Estrasburgo com quatro golos e sete assist\u00eancias em trinta e tr\u00eas jogos. O Estrasburgo pode pedir entre trinta e quarenta milh\u00f5es de euros pelo jogador, caso haja negocia\u00e7\u00e3o. Abdelhamid Ait Boudlal, defesa-central marroquino de dezoito ou, conforme dados, 19 anos do Rennes, est\u00e1 avaliado em 10 milh\u00f5es de euros.\" \/>\n<meta property=\"og:url\" content=\"https:\/\/portaltela.pt\/noticias\/2026\/04\/06\/dortmund-mira-dois-alvos-em-franca-diego-moreira-e-ait-boudlal\/\" \/>\n<meta property=\"og:site_name\" content=\"Portal Tela Portugal\" \/>\n<meta property=\"article:published_time\" content=\"2026-04-06T17:47:08+00:00\" \/>\n<meta name=\"author\" content=\"Telinha\" \/>\n<meta name=\"twitter:card\" content=\"summary_large_image\" \/>\n<meta name=\"twitter:label1\" content=\"Escrito por\" \/>\n\t<meta name=\"twitter:data1\" content=\"Telinha\" \/>\n\t<meta name=\"twitter:label2\" content=\"Tempo estimado de leitura\" \/>\n\t<meta name=\"twitter:data2\" content=\"1 minuto\" \/>\n<script type=\"application\/ld+json\" class=\"yoast-schema-graph\">{\"@context\":\"https:\/\/schema.org\",\"@graph\":[{\"@type\":\"Article\",\"@id\":\"https:\/\/portaltela.pt\/noticias\/2026\/04\/06\/dortmund-mira-dois-alvos-em-franca-diego-moreira-e-ait-boudlal\/#article\",\"isPartOf\":{\"@id\":\"https:\/\/portaltela.pt\/noticias\/2026\/04\/06\/dortmund-mira-dois-alvos-em-franca-diego-moreira-e-ait-boudlal\/\"},\"author\":{\"name\":\"Telinha\",\"@id\":\"https:\/\/portaltela.pt\/#\/schema\/person\/c4278d4a6028830caff9ee44b42d32ed\"},\"headline\":\"Dortmund mira dois alvos em Fran\u00e7a: Diego Moreira e Ait Boudlal\",\"datePublished\":\"2026-04-06T17:47:08+00:00\",\"mainEntityOfPage\":{\"@id\":\"https:\/\/portaltela.pt\/noticias\/2026\/04\/06\/dortmund-mira-dois-alvos-em-franca-diego-moreira-e-ait-boudlal\/\"},\"wordCount\":218,\"image\":{\"@id\":\"https:\/\/portaltela.pt\/noticias\/2026\/04\/06\/dortmund-mira-dois-alvos-em-franca-diego-moreira-e-ait-boudlal\/#primaryimage\"},\"thumbnailUrl\":\"https:\/\/portaltela.pt\/s.01k8rhncp4jt1\/2026\/04\/img_1200x721uu2026-04-06-18-34-15-2431414.jpg\",\"keywords\":[\"desportivo\",\"Fran\u00e7a\",\"futebol\",\"Marrocos\",\"negocia\u00e7\u00f5es internacionais\",\"transfer\u00eancias\"],\"articleSection\":[\"Desporto\",\"Futebol\"],\"inLanguage\":\"pt-PT\"},{\"@type\":\"WebPage\",\"@id\":\"https:\/\/portaltela.pt\/noticias\/2026\/04\/06\/dortmund-mira-dois-alvos-em-franca-diego-moreira-e-ait-boudlal\/\",\"url\":\"https:\/\/portaltela.pt\/noticias\/2026\/04\/06\/dortmund-mira-dois-alvos-em-franca-diego-moreira-e-ait-boudlal\/\",\"name\":\"Dortmund mira dois alvos em Fran\u00e7a: Diego Moreira e Ait Boudlal - Portal Tela Portugal\",\"isPartOf\":{\"@id\":\"https:\/\/portaltela.pt\/#website\"},\"primaryImageOfPage\":{\"@id\":\"https:\/\/portaltela.pt\/noticias\/2026\/04\/06\/dortmund-mira-dois-alvos-em-franca-diego-moreira-e-ait-boudlal\/#primaryimage\"},\"image\":{\"@id\":\"https:\/\/portaltela.pt\/noticias\/2026\/04\/06\/dortmund-mira-dois-alvos-em-franca-diego-moreira-e-ait-boudlal\/#primaryimage\"},\"thumbnailUrl\":\"https:\/\/portaltela.pt\/s.01k8rhncp4jt1\/2026\/04\/img_1200x721uu2026-04-06-18-34-15-2431414.jpg\",\"datePublished\":\"2026-04-06T17:47:08+00:00\",\"author\":{\"@id\":\"https:\/\/portaltela.pt\/#\/schema\/person\/c4278d4a6028830caff9ee44b42d32ed\"},\"breadcrumb\":{\"@id\":\"https:\/\/portaltela.pt\/noticias\/2026\/04\/06\/dortmund-mira-dois-alvos-em-franca-diego-moreira-e-ait-boudlal\/#breadcrumb\"},\"inLanguage\":\"pt-PT\",\"potentialAction\":[{\"@type\":\"ReadAction\",\"target\":[\"https:\/\/portaltela.pt\/noticias\/2026\/04\/06\/dortmund-mira-dois-alvos-em-franca-diego-moreira-e-ait-boudlal\/\"]}]},{\"@type\":\"ImageObject\",\"inLanguage\":\"pt-PT\",\"@id\":\"https:\/\/portaltela.pt\/noticias\/2026\/04\/06\/dortmund-mira-dois-alvos-em-franca-diego-moreira-e-ait-boudlal\/#primaryimage\",\"url\":\"https:\/\/portaltela.pt\/s.01k8rhncp4jt1\/2026\/04\/img_1200x721uu2026-04-06-18-34-15-2431414.jpg\",\"contentUrl\":\"https:\/\/portaltela.pt\/s.01k8rhncp4jt1\/2026\/04\/img_1200x721uu2026-04-06-18-34-15-2431414.jpg\",\"width\":796,\"height\":448,\"caption\":\"Diego Moreira joga pelo Estrasburgo\"},{\"@type\":\"BreadcrumbList\",\"@id\":\"https:\/\/portaltela.pt\/noticias\/2026\/04\/06\/dortmund-mira-dois-alvos-em-franca-diego-moreira-e-ait-boudlal\/#breadcrumb\",\"itemListElement\":[{\"@type\":\"ListItem\",\"position\":1,\"name\":\"In\u00edcio\",\"item\":\"https:\/\/portaltela.pt\/\"},{\"@type\":\"ListItem\",\"position\":2,\"name\":\"Dortmund mira dois alvos em Fran\u00e7a: Diego Moreira e Ait Boudlal\"}]},{\"@type\":\"WebSite\",\"@id\":\"https:\/\/portaltela.pt\/#website\",\"url\":\"https:\/\/portaltela.pt\/\",\"name\":\"Portal Tela Portugal\",\"description\":\"\",\"potentialAction\":[{\"@type\":\"SearchAction\",\"target\":{\"@type\":\"EntryPoint\",\"urlTemplate\":\"https:\/\/portaltela.pt\/?s={search_term_string}\"},\"query-input\":{\"@type\":\"PropertyValueSpecification\",\"valueRequired\":true,\"valueName\":\"search_term_string\"}}],\"inLanguage\":\"pt-PT\"},{\"@type\":\"Person\",\"@id\":\"https:\/\/portaltela.pt\/#\/schema\/person\/c4278d4a6028830caff9ee44b42d32ed\",\"name\":\"Telinha\",\"image\":{\"@type\":\"ImageObject\",\"inLanguage\":\"pt-PT\",\"@id\":\"https:\/\/portaltela.pt\/s.01k8rhncp4jt1\/2025\/11\/talking-bot-125x125.png\",\"url\":\"https:\/\/portaltela.pt\/s.01k8rhncp4jt1\/2025\/11\/talking-bot-125x125.png\",\"contentUrl\":\"https:\/\/portaltela.pt\/s.01k8rhncp4jt1\/2025\/11\/talking-bot-125x125.png\",\"caption\":\"Telinha\"},\"sameAs\":[\"https:\/\/portaltela.pt\/\"],\"url\":\"https:\/\/portaltela.pt\/por\/367410592786\/\"}]}<\/script>\n<!-- \/ Yoast SEO plugin. -->","yoast_head_json":{"title":"Dortmund mira dois alvos em Fran\u00e7a: Diego Moreira e Ait Boudlal - Portal Tela Portugal","robots":{"index":"index","follow":"follow","max-snippet":"max-snippet:-1","max-image-preview":"max-image-preview:large","max-video-preview":"max-video-preview:-1"},"og_locale":"pt_PT","og_type":"article","og_title":"Dortmund mira dois alvos em Fran\u00e7a: Diego Moreira e Ait Boudlal - Portal Tela Portugal","og_description":"Ole Book, novo director desportivo do Borussia Dortmund, j\u00e1 est\u00e1 a tratar das entradas e sa\u00eddas do plantel. A Sky Sports garante interesse do Dortmund em dois talentos da Ligue 1: Diego Moreira e Abdelhamid Ait Boudlal. Diego Moreira, ex-Benfica, atua no Estrasburgo com quatro golos e sete assist\u00eancias em trinta e tr\u00eas jogos. O Estrasburgo pode pedir entre trinta e quarenta milh\u00f5es de euros pelo jogador, caso haja negocia\u00e7\u00e3o. Abdelhamid Ait Boudlal, defesa-central marroquino de dezoito ou, conforme dados, 19 anos do Rennes, est\u00e1 avaliado em 10 milh\u00f5es de euros.","og_url":"https:\/\/portaltela.pt\/noticias\/2026\/04\/06\/dortmund-mira-dois-alvos-em-franca-diego-moreira-e-ait-boudlal\/","og_site_name":"Portal Tela Portugal","article_published_time":"2026-04-06T17:47:08+00:00","author":"Telinha","twitter_card":"summary_large_image","twitter_misc":{"Escrito por":"Telinha","Tempo estimado de leitura":"1 minuto"},"schema":{"@context":"https:\/\/schema.org","@graph":[{"@type":"Article","@id":"https:\/\/portaltela.pt\/noticias\/2026\/04\/06\/dortmund-mira-dois-alvos-em-franca-diego-moreira-e-ait-boudlal\/#article","isPartOf":{"@id":"https:\/\/portaltela.pt\/noticias\/2026\/04\/06\/dortmund-mira-dois-alvos-em-franca-diego-moreira-e-ait-boudlal\/"},"author":{"name":"Telinha","@id":"https:\/\/portaltela.pt\/#\/schema\/person\/c4278d4a6028830caff9ee44b42d32ed"},"headline":"Dortmund mira dois alvos em Fran\u00e7a: Diego Moreira e Ait Boudlal","datePublished":"2026-04-06T17:47:08+00:00","mainEntityOfPage":{"@id":"https:\/\/portaltela.pt\/noticias\/2026\/04\/06\/dortmund-mira-dois-alvos-em-franca-diego-moreira-e-ait-boudlal\/"},"wordCount":218,"image":{"@id":"https:\/\/portaltela.pt\/noticias\/2026\/04\/06\/dortmund-mira-dois-alvos-em-franca-diego-moreira-e-ait-boudlal\/#primaryimage"},"thumbnailUrl":"https:\/\/portaltela.pt\/s.01k8rhncp4jt1\/2026\/04\/img_1200x721uu2026-04-06-18-34-15-2431414.jpg","keywords":["desportivo","Fran\u00e7a","futebol","Marrocos","negocia\u00e7\u00f5es internacionais","transfer\u00eancias"],"articleSection":["Desporto","Futebol"],"inLanguage":"pt-PT"},{"@type":"WebPage","@id":"https:\/\/portaltela.pt\/noticias\/2026\/04\/06\/dortmund-mira-dois-alvos-em-franca-diego-moreira-e-ait-boudlal\/","url":"https:\/\/portaltela.pt\/noticias\/2026\/04\/06\/dortmund-mira-dois-alvos-em-franca-diego-moreira-e-ait-boudlal\/","name":"Dortmund mira dois alvos em Fran\u00e7a: Diego Moreira e Ait Boudlal - Portal Tela Portugal","isPartOf":{"@id":"https:\/\/portaltela.pt\/#website"},"primaryImageOfPage":{"@id":"https:\/\/portaltela.pt\/noticias\/2026\/04\/06\/dortmund-mira-dois-alvos-em-franca-diego-moreira-e-ait-boudlal\/#primaryimage"},"image":{"@id":"https:\/\/portaltela.pt\/noticias\/2026\/04\/06\/dortmund-mira-dois-alvos-em-franca-diego-moreira-e-ait-boudlal\/#primaryimage"},"thumbnailUrl":"https:\/\/portaltela.pt\/s.01k8rhncp4jt1\/2026\/04\/img_1200x721uu2026-04-06-18-34-15-2431414.jpg","datePublished":"2026-04-06T17:47:08+00:00","author":{"@id":"https:\/\/portaltela.pt\/#\/schema\/person\/c4278d4a6028830caff9ee44b42d32ed"},"breadcrumb":{"@id":"https:\/\/portaltela.pt\/noticias\/2026\/04\/06\/dortmund-mira-dois-alvos-em-franca-diego-moreira-e-ait-boudlal\/#breadcrumb"},"inLanguage":"pt-PT","potentialAction":[{"@type":"ReadAction","target":["https:\/\/portaltela.pt\/noticias\/2026\/04\/06\/dortmund-mira-dois-alvos-em-franca-diego-moreira-e-ait-boudlal\/"]}]},{"@type":"ImageObject","inLanguage":"pt-PT","@id":"https:\/\/portaltela.pt\/noticias\/2026\/04\/06\/dortmund-mira-dois-alvos-em-franca-diego-moreira-e-ait-boudlal\/#primaryimage","url":"https:\/\/portaltela.pt\/s.01k8rhncp4jt1\/2026\/04\/img_1200x721uu2026-04-06-18-34-15-2431414.jpg","contentUrl":"https:\/\/portaltela.pt\/s.01k8rhncp4jt1\/2026\/04\/img_1200x721uu2026-04-06-18-34-15-2431414.jpg","width":796,"height":448,"caption":"Diego Moreira joga pelo Estrasburgo"},{"@type":"BreadcrumbList","@id":"https:\/\/portaltela.pt\/noticias\/2026\/04\/06\/dortmund-mira-dois-alvos-em-franca-diego-moreira-e-ait-boudlal\/#breadcrumb","itemListElement":[{"@type":"ListItem","position":1,"name":"In\u00edcio","item":"https:\/\/portaltela.pt\/"},{"@type":"ListItem","position":2,"name":"Dortmund mira dois alvos em Fran\u00e7a: Diego Moreira e Ait Boudlal"}]},{"@type":"WebSite","@id":"https:\/\/portaltela.pt\/#website","url":"https:\/\/portaltela.pt\/","name":"Portal Tela Portugal","description":"","potentialAction":[{"@type":"SearchAction","target":{"@type":"EntryPoint","urlTemplate":"https:\/\/portaltela.pt\/?s={search_term_string}"},"query-input":{"@type":"PropertyValueSpecification","valueRequired":true,"valueName":"search_term_string"}}],"inLanguage":"pt-PT"},{"@type":"Person","@id":"https:\/\/portaltela.pt\/#\/schema\/person\/c4278d4a6028830caff9ee44b42d32ed","name":"Telinha","image":{"@type":"ImageObject","inLanguage":"pt-PT","@id":"https:\/\/portaltela.pt\/s.01k8rhncp4jt1\/2025\/11\/talking-bot-125x125.png","url":"https:\/\/portaltela.pt\/s.01k8rhncp4jt1\/2025\/11\/talking-bot-125x125.png","contentUrl":"https:\/\/portaltela.pt\/s.01k8rhncp4jt1\/2025\/11\/talking-bot-125x125.png","caption":"Telinha"},"sameAs":["https:\/\/portaltela.pt\/"],"url":"https:\/\/portaltela.pt\/por\/367410592786\/"}]}},"_links":{"self":[{"href":"https:\/\/portaltela.pt\/api\/wp\/v2\/posts\/434508","targetHints":{"allow":["GET"]}}],"collection":[{"href":"https:\/\/portaltela.pt\/api\/wp\/v2\/posts"}],"about":[{"href":"https:\/\/portaltela.pt\/api\/wp\/v2\/types\/post"}],"author":[{"embeddable":true,"href":"https:\/\/portaltela.pt\/api\/wp\/v2\/users\/2"}],"replies":[{"embeddable":true,"href":"https:\/\/portaltela.pt\/api\/wp\/v2\/comments?post=434508"}],"version-history":[{"count":0,"href":"https:\/\/portaltela.pt\/api\/wp\/v2\/posts\/434508\/revisions"}],"wp:featuredmedia":[{"embeddable":true,"href":"https:\/\/portaltela.pt\/api\/wp\/v2\/media\/434510"}],"wp:attachment":[{"href":"https:\/\/portaltela.pt\/api\/wp\/v2\/media?parent=434508"}],"wp:term":[{"taxonomy":"category","embeddable":true,"href":"https:\/\/portaltela.pt\/api\/wp\/v2\/categories?post=434508"},{"taxonomy":"post_tag","embeddable":true,"href":"https:\/\/portaltela.pt\/api\/wp\/v2\/tags?post=434508"}],"curies":[{"name":"wp","href":"https:\/\/api.w.org\/{rel}","templated":true}]}}