{"id":434502,"date":"2026-04-06T14:47:04","date_gmt":"2026-04-06T17:47:04","guid":{"rendered":"https:\/\/portaltela.pt\/noticias\/2026\/04\/06\/movimento-alerta-para-retrocesso-no-acesso-das-mulheres-aos-cuidados-de-saude\/"},"modified":"2026-04-06T14:47:04","modified_gmt":"2026-04-06T17:47:04","slug":"movimento-alerta-para-retrocesso-no-acesso-das-mulheres-aos-cuidados-de-saude","status":"publish","type":"post","link":"https:\/\/portaltela.pt\/saude\/2026\/04\/06\/movimento-alerta-para-retrocesso-no-acesso-das-mulheres-aos-cuidados-de-saude\/","title":{"rendered":"Movimento alerta para retrocesso no acesso das mulheres aos cuidados de sa\u00fade"},"content":{"rendered":"<p>O Movimento Democr\u00e1tico de Mulheres (MDM) alerta para retrocessos no acesso das mulheres aos cuidados de sa\u00fade, destacando fragilidades do Servi\u00e7o Nacional de Sa\u00fade (SNS). O an\u00fancio foi feito na v\u00e9spera do Dia Mundial da Sa\u00fade, em comunicado p\u00fablico.<\/p>\n<p>Segundo o MDM, as desigualdades e as assimetrias regionais em sa\u00fade persistem e t\u00eam piorado, resultado de subor\u00e7amenta\u00e7\u00e3o e desinvestimento. A organiza\u00e7\u00e3o aponta impactos diretos na sa\u00fade da mulher, com efeitos em v\u00e1rias \u00e1reas do SNS.<\/p>\n<p>O movimento critica o acesso reduzido a cuidados obst\u00e9tricos, encerros de urg\u00eancia e maior lista de espera para t\u00e9cnicas de reprodu\u00e7\u00e3o assistida (PMA) e para a interrup\u00e7\u00e3o volunt\u00e1ria da gravidez (IVG). Indica ainda mortes associadas a doen\u00e7as do aparelho circulat\u00f3rio e a doen\u00e7as cerebrovasculares entre as mulheres.<\/p>\n<p>Tempos de espera acima dos limites legais t\u00eam sido registados em consultas hospitalares, e as cirurgias card\u00edacas graves tamb\u00e9m apresentam tempos superiores ao desej\u00e1vel, denuncia o MDM. O grupo sublinha a necessidade de mudar pol\u00edticas p\u00fablicas de sa\u00fade para atender \u00e0s especificidades femininas.<\/p>\n<h3>Medidas propostas<\/h3>\n<p>O MDM defende maior humaniza\u00e7\u00e3o e equidade no acesso a preven\u00e7\u00e3o, acompanhamento e tratamento, bem como investimento nos profissionais de sa\u00fade, incluindo condi\u00e7\u00f5es de trabalho, remunera\u00e7\u00e3o e forma\u00e7\u00e3o em Sa\u00fade Sexual e Reprodutiva.<\/p>\n<p>Prop\u00f5e o cumprimento efetivo da legisla\u00e7\u00e3o que regula a IVG, refor\u00e7o dos cuidados prim\u00e1rios para acesso r\u00e1pido a planeamento familiar e contrace\u00e7\u00e3o, al\u00e9m de educa\u00e7\u00e3o sexual nas escolas que contemple todas as dimens\u00f5es da sexualidade.<\/p>\n<p>O movimento defende ainda olhar espec\u00edfico para adolescentes, imigrantes e pessoas em situa\u00e7\u00e3o de pobreza extrema, reiterando que a sa\u00fade da mulher \u00e9 uma quest\u00e3o p\u00fablica com impacto social e econ\u00f3mico.<\/p>\n","protected":false},"excerpt":{"rendered":"<ul>\n<li>O Movimento Democr\u00e1tico de Mulheres alerta para retrocessos no acesso das mulheres aos cuidados de sa\u00fade, apontando fragilidades do Servi\u00e7o Nacional de Sa\u00fade.<\/li>\n<li>Denuncia desigualdades regionais persistentes e agravadas pela subor\u00e7amenta\u00e7\u00e3o, com impacto particular na sa\u00fade da mulher e no acesso ao SNS.<\/li>\n<li>Destaca problemas como baixo acesso a cuidados de obstetr\u00edcia, encerramentos de urg\u00eancias obst\u00e9tricas, listas de espera para t\u00e9cnicas de Procria\u00e7\u00e3o Medicamente Assistida e dificuldades relativas \u00e0 Interrup\u00e7\u00e3o Volunt\u00e1ria da Gravidez.<\/li>\n<li>Aponta maior mortalidade por doen\u00e7as do aparelho circulat\u00f3rio e por doen\u00e7as cerebrovasculares entre as mulheres, e tempos de espera acima dos limites nas consultas hospitalares, incluindo cirurgias card\u00edacas.<\/li>\n<li>Prop\u00f5e medidas como investir em profissionais de sa\u00fade e forma\u00e7\u00e3o em sa\u00fade sexual e reprodutiva, cumprir a lei da IVG, refor\u00e7ar os cuidados prim\u00e1rios, planeamento familiar e educa\u00e7\u00e3o sexual, com foco em adolescentes, imigrantes e pobreza, al\u00e9m de mobilizar as mulheres para defesa dos seus direitos.<\/li>\n<\/ul>\n","protected":false},"author":2,"featured_media":434507,"comment_status":"closed","ping_status":"closed","sticky":false,"template":"","format":"standard","meta":{"footnotes":""},"categories":[6745],"tags":[5371,6582,2701,4777,172,271],"class_list":["post-434502","post","type-post","status-publish","format-standard","has-post-thumbnail","hentry","category-saude","tag-cuidados-de-saude","tag-educacao-sexual","tag-mulheres","tag-planeamento-familiar","tag-saude","tag-saude-publica"],"yoast_head":"<!-- This site is optimized with the Yoast SEO plugin v27.2 - https:\/\/yoast.com\/product\/yoast-seo-wordpress\/ -->\n<title>Movimento alerta para retrocesso no acesso das mulheres aos cuidados de sa\u00fade - Portal Tela Portugal<\/title>\n<meta name=\"robots\" content=\"index, follow, max-snippet:-1, max-image-preview:large, max-video-preview:-1\" \/>\n<meta property=\"og:locale\" content=\"pt_PT\" \/>\n<meta property=\"og:type\" content=\"article\" \/>\n<meta property=\"og:title\" content=\"Movimento alerta para retrocesso no acesso das mulheres aos cuidados de sa\u00fade - Portal Tela Portugal\" \/>\n<meta property=\"og:description\" content=\"O Movimento Democr\u00e1tico de Mulheres alerta para retrocessos no acesso das mulheres aos cuidados de sa\u00fade, apontando fragilidades do Servi\u00e7o Nacional de Sa\u00fade. Denuncia desigualdades regionais persistentes e agravadas pela subor\u00e7amenta\u00e7\u00e3o, com impacto particular na sa\u00fade da mulher e no acesso ao SNS. Destaca problemas como baixo acesso a cuidados de obstetr\u00edcia, encerramentos de urg\u00eancias obst\u00e9tricas, listas de espera para t\u00e9cnicas de Procria\u00e7\u00e3o Medicamente Assistida e dificuldades relativas \u00e0 Interrup\u00e7\u00e3o Volunt\u00e1ria da Gravidez. Aponta maior mortalidade por doen\u00e7as do aparelho circulat\u00f3rio e por doen\u00e7as cerebrovasculares entre as mulheres, e tempos de espera acima dos limites nas consultas hospitalares, incluindo cirurgias card\u00edacas. Prop\u00f5e medidas como investir em profissionais de sa\u00fade e forma\u00e7\u00e3o em sa\u00fade sexual e reprodutiva, cumprir a lei da IVG, refor\u00e7ar os cuidados prim\u00e1rios, planeamento familiar e educa\u00e7\u00e3o sexual, com foco em adolescentes, imigrantes e pobreza, al\u00e9m de mobilizar as mulheres para defesa dos seus direitos.\" \/>\n<meta property=\"og:url\" content=\"https:\/\/portaltela.pt\/noticias\/2026\/04\/06\/movimento-alerta-para-retrocesso-no-acesso-das-mulheres-aos-cuidados-de-saude\/\" \/>\n<meta property=\"og:site_name\" content=\"Portal Tela Portugal\" \/>\n<meta property=\"article:published_time\" content=\"2026-04-06T17:47:04+00:00\" \/>\n<meta name=\"author\" content=\"Telinha\" \/>\n<meta name=\"twitter:card\" content=\"summary_large_image\" \/>\n<meta name=\"twitter:label1\" content=\"Escrito por\" \/>\n\t<meta name=\"twitter:data1\" content=\"Telinha\" \/>\n\t<meta name=\"twitter:label2\" content=\"Tempo estimado de leitura\" \/>\n\t<meta name=\"twitter:data2\" content=\"2 minutos\" \/>\n<script type=\"application\/ld+json\" class=\"yoast-schema-graph\">{\"@context\":\"https:\/\/schema.org\",\"@graph\":[{\"@type\":\"Article\",\"@id\":\"https:\/\/portaltela.pt\/noticias\/2026\/04\/06\/movimento-alerta-para-retrocesso-no-acesso-das-mulheres-aos-cuidados-de-saude\/#article\",\"isPartOf\":{\"@id\":\"https:\/\/portaltela.pt\/noticias\/2026\/04\/06\/movimento-alerta-para-retrocesso-no-acesso-das-mulheres-aos-cuidados-de-saude\/\"},\"author\":{\"name\":\"Telinha\",\"@id\":\"https:\/\/portaltela.pt\/#\/schema\/person\/c4278d4a6028830caff9ee44b42d32ed\"},\"headline\":\"Movimento alerta para retrocesso no acesso das mulheres aos cuidados de sa\u00fade\",\"datePublished\":\"2026-04-06T17:47:04+00:00\",\"mainEntityOfPage\":{\"@id\":\"https:\/\/portaltela.pt\/noticias\/2026\/04\/06\/movimento-alerta-para-retrocesso-no-acesso-das-mulheres-aos-cuidados-de-saude\/\"},\"wordCount\":331,\"image\":{\"@id\":\"https:\/\/portaltela.pt\/noticias\/2026\/04\/06\/movimento-alerta-para-retrocesso-no-acesso-das-mulheres-aos-cuidados-de-saude\/#primaryimage\"},\"thumbnailUrl\":\"https:\/\/portaltela.pt\/s.01k8rhncp4jt1\/2026\/04\/img_1500x1000uu2016-03-28-14-30-00-523818.jpg\",\"keywords\":[\"cuidados de sa\u00fade\",\"educa\u00e7\u00e3o sexual\",\"Mulheres\",\"planeamento familiar\",\"sa\u00fade\",\"sa\u00fade p\u00fablica\"],\"articleSection\":[\"Sa\u00fade\"],\"inLanguage\":\"pt-PT\"},{\"@type\":\"WebPage\",\"@id\":\"https:\/\/portaltela.pt\/noticias\/2026\/04\/06\/movimento-alerta-para-retrocesso-no-acesso-das-mulheres-aos-cuidados-de-saude\/\",\"url\":\"https:\/\/portaltela.pt\/noticias\/2026\/04\/06\/movimento-alerta-para-retrocesso-no-acesso-das-mulheres-aos-cuidados-de-saude\/\",\"name\":\"Movimento alerta para retrocesso no acesso das mulheres aos cuidados de sa\u00fade - Portal Tela Portugal\",\"isPartOf\":{\"@id\":\"https:\/\/portaltela.pt\/#website\"},\"primaryImageOfPage\":{\"@id\":\"https:\/\/portaltela.pt\/noticias\/2026\/04\/06\/movimento-alerta-para-retrocesso-no-acesso-das-mulheres-aos-cuidados-de-saude\/#primaryimage\"},\"image\":{\"@id\":\"https:\/\/portaltela.pt\/noticias\/2026\/04\/06\/movimento-alerta-para-retrocesso-no-acesso-das-mulheres-aos-cuidados-de-saude\/#primaryimage\"},\"thumbnailUrl\":\"https:\/\/portaltela.pt\/s.01k8rhncp4jt1\/2026\/04\/img_1500x1000uu2016-03-28-14-30-00-523818.jpg\",\"datePublished\":\"2026-04-06T17:47:04+00:00\",\"author\":{\"@id\":\"https:\/\/portaltela.pt\/#\/schema\/person\/c4278d4a6028830caff9ee44b42d32ed\"},\"breadcrumb\":{\"@id\":\"https:\/\/portaltela.pt\/noticias\/2026\/04\/06\/movimento-alerta-para-retrocesso-no-acesso-das-mulheres-aos-cuidados-de-saude\/#breadcrumb\"},\"inLanguage\":\"pt-PT\",\"potentialAction\":[{\"@type\":\"ReadAction\",\"target\":[\"https:\/\/portaltela.pt\/noticias\/2026\/04\/06\/movimento-alerta-para-retrocesso-no-acesso-das-mulheres-aos-cuidados-de-saude\/\"]}]},{\"@type\":\"ImageObject\",\"inLanguage\":\"pt-PT\",\"@id\":\"https:\/\/portaltela.pt\/noticias\/2026\/04\/06\/movimento-alerta-para-retrocesso-no-acesso-das-mulheres-aos-cuidados-de-saude\/#primaryimage\",\"url\":\"https:\/\/portaltela.pt\/s.01k8rhncp4jt1\/2026\/04\/img_1500x1000uu2016-03-28-14-30-00-523818.jpg\",\"contentUrl\":\"https:\/\/portaltela.pt\/s.01k8rhncp4jt1\/2026\/04\/img_1500x1000uu2016-03-28-14-30-00-523818.jpg\",\"width\":796,\"height\":448,\"caption\":\"Cuidados de sa\u00fade\"},{\"@type\":\"BreadcrumbList\",\"@id\":\"https:\/\/portaltela.pt\/noticias\/2026\/04\/06\/movimento-alerta-para-retrocesso-no-acesso-das-mulheres-aos-cuidados-de-saude\/#breadcrumb\",\"itemListElement\":[{\"@type\":\"ListItem\",\"position\":1,\"name\":\"In\u00edcio\",\"item\":\"https:\/\/portaltela.pt\/\"},{\"@type\":\"ListItem\",\"position\":2,\"name\":\"Movimento alerta para retrocesso no acesso das mulheres aos cuidados de sa\u00fade\"}]},{\"@type\":\"WebSite\",\"@id\":\"https:\/\/portaltela.pt\/#website\",\"url\":\"https:\/\/portaltela.pt\/\",\"name\":\"Portal Tela Portugal\",\"description\":\"\",\"potentialAction\":[{\"@type\":\"SearchAction\",\"target\":{\"@type\":\"EntryPoint\",\"urlTemplate\":\"https:\/\/portaltela.pt\/?s={search_term_string}\"},\"query-input\":{\"@type\":\"PropertyValueSpecification\",\"valueRequired\":true,\"valueName\":\"search_term_string\"}}],\"inLanguage\":\"pt-PT\"},{\"@type\":\"Person\",\"@id\":\"https:\/\/portaltela.pt\/#\/schema\/person\/c4278d4a6028830caff9ee44b42d32ed\",\"name\":\"Telinha\",\"image\":{\"@type\":\"ImageObject\",\"inLanguage\":\"pt-PT\",\"@id\":\"https:\/\/portaltela.pt\/s.01k8rhncp4jt1\/2025\/11\/talking-bot-125x125.png\",\"url\":\"https:\/\/portaltela.pt\/s.01k8rhncp4jt1\/2025\/11\/talking-bot-125x125.png\",\"contentUrl\":\"https:\/\/portaltela.pt\/s.01k8rhncp4jt1\/2025\/11\/talking-bot-125x125.png\",\"caption\":\"Telinha\"},\"sameAs\":[\"https:\/\/portaltela.pt\/\"],\"url\":\"https:\/\/portaltela.pt\/por\/367410592786\/\"}]}<\/script>\n<!-- \/ Yoast SEO plugin. -->","yoast_head_json":{"title":"Movimento alerta para retrocesso no acesso das mulheres aos cuidados de sa\u00fade - Portal Tela Portugal","robots":{"index":"index","follow":"follow","max-snippet":"max-snippet:-1","max-image-preview":"max-image-preview:large","max-video-preview":"max-video-preview:-1"},"og_locale":"pt_PT","og_type":"article","og_title":"Movimento alerta para retrocesso no acesso das mulheres aos cuidados de sa\u00fade - Portal Tela Portugal","og_description":"O Movimento Democr\u00e1tico de Mulheres alerta para retrocessos no acesso das mulheres aos cuidados de sa\u00fade, apontando fragilidades do Servi\u00e7o Nacional de Sa\u00fade. Denuncia desigualdades regionais persistentes e agravadas pela subor\u00e7amenta\u00e7\u00e3o, com impacto particular na sa\u00fade da mulher e no acesso ao SNS. Destaca problemas como baixo acesso a cuidados de obstetr\u00edcia, encerramentos de urg\u00eancias obst\u00e9tricas, listas de espera para t\u00e9cnicas de Procria\u00e7\u00e3o Medicamente Assistida e dificuldades relativas \u00e0 Interrup\u00e7\u00e3o Volunt\u00e1ria da Gravidez. Aponta maior mortalidade por doen\u00e7as do aparelho circulat\u00f3rio e por doen\u00e7as cerebrovasculares entre as mulheres, e tempos de espera acima dos limites nas consultas hospitalares, incluindo cirurgias card\u00edacas. Prop\u00f5e medidas como investir em profissionais de sa\u00fade e forma\u00e7\u00e3o em sa\u00fade sexual e reprodutiva, cumprir a lei da IVG, refor\u00e7ar os cuidados prim\u00e1rios, planeamento familiar e educa\u00e7\u00e3o sexual, com foco em adolescentes, imigrantes e pobreza, al\u00e9m de mobilizar as mulheres para defesa dos seus direitos.","og_url":"https:\/\/portaltela.pt\/noticias\/2026\/04\/06\/movimento-alerta-para-retrocesso-no-acesso-das-mulheres-aos-cuidados-de-saude\/","og_site_name":"Portal Tela Portugal","article_published_time":"2026-04-06T17:47:04+00:00","author":"Telinha","twitter_card":"summary_large_image","twitter_misc":{"Escrito por":"Telinha","Tempo estimado de leitura":"2 minutos"},"schema":{"@context":"https:\/\/schema.org","@graph":[{"@type":"Article","@id":"https:\/\/portaltela.pt\/noticias\/2026\/04\/06\/movimento-alerta-para-retrocesso-no-acesso-das-mulheres-aos-cuidados-de-saude\/#article","isPartOf":{"@id":"https:\/\/portaltela.pt\/noticias\/2026\/04\/06\/movimento-alerta-para-retrocesso-no-acesso-das-mulheres-aos-cuidados-de-saude\/"},"author":{"name":"Telinha","@id":"https:\/\/portaltela.pt\/#\/schema\/person\/c4278d4a6028830caff9ee44b42d32ed"},"headline":"Movimento alerta para retrocesso no acesso das mulheres aos cuidados de sa\u00fade","datePublished":"2026-04-06T17:47:04+00:00","mainEntityOfPage":{"@id":"https:\/\/portaltela.pt\/noticias\/2026\/04\/06\/movimento-alerta-para-retrocesso-no-acesso-das-mulheres-aos-cuidados-de-saude\/"},"wordCount":331,"image":{"@id":"https:\/\/portaltela.pt\/noticias\/2026\/04\/06\/movimento-alerta-para-retrocesso-no-acesso-das-mulheres-aos-cuidados-de-saude\/#primaryimage"},"thumbnailUrl":"https:\/\/portaltela.pt\/s.01k8rhncp4jt1\/2026\/04\/img_1500x1000uu2016-03-28-14-30-00-523818.jpg","keywords":["cuidados de sa\u00fade","educa\u00e7\u00e3o sexual","Mulheres","planeamento familiar","sa\u00fade","sa\u00fade p\u00fablica"],"articleSection":["Sa\u00fade"],"inLanguage":"pt-PT"},{"@type":"WebPage","@id":"https:\/\/portaltela.pt\/noticias\/2026\/04\/06\/movimento-alerta-para-retrocesso-no-acesso-das-mulheres-aos-cuidados-de-saude\/","url":"https:\/\/portaltela.pt\/noticias\/2026\/04\/06\/movimento-alerta-para-retrocesso-no-acesso-das-mulheres-aos-cuidados-de-saude\/","name":"Movimento alerta para retrocesso no acesso das mulheres aos cuidados de sa\u00fade - Portal Tela Portugal","isPartOf":{"@id":"https:\/\/portaltela.pt\/#website"},"primaryImageOfPage":{"@id":"https:\/\/portaltela.pt\/noticias\/2026\/04\/06\/movimento-alerta-para-retrocesso-no-acesso-das-mulheres-aos-cuidados-de-saude\/#primaryimage"},"image":{"@id":"https:\/\/portaltela.pt\/noticias\/2026\/04\/06\/movimento-alerta-para-retrocesso-no-acesso-das-mulheres-aos-cuidados-de-saude\/#primaryimage"},"thumbnailUrl":"https:\/\/portaltela.pt\/s.01k8rhncp4jt1\/2026\/04\/img_1500x1000uu2016-03-28-14-30-00-523818.jpg","datePublished":"2026-04-06T17:47:04+00:00","author":{"@id":"https:\/\/portaltela.pt\/#\/schema\/person\/c4278d4a6028830caff9ee44b42d32ed"},"breadcrumb":{"@id":"https:\/\/portaltela.pt\/noticias\/2026\/04\/06\/movimento-alerta-para-retrocesso-no-acesso-das-mulheres-aos-cuidados-de-saude\/#breadcrumb"},"inLanguage":"pt-PT","potentialAction":[{"@type":"ReadAction","target":["https:\/\/portaltela.pt\/noticias\/2026\/04\/06\/movimento-alerta-para-retrocesso-no-acesso-das-mulheres-aos-cuidados-de-saude\/"]}]},{"@type":"ImageObject","inLanguage":"pt-PT","@id":"https:\/\/portaltela.pt\/noticias\/2026\/04\/06\/movimento-alerta-para-retrocesso-no-acesso-das-mulheres-aos-cuidados-de-saude\/#primaryimage","url":"https:\/\/portaltela.pt\/s.01k8rhncp4jt1\/2026\/04\/img_1500x1000uu2016-03-28-14-30-00-523818.jpg","contentUrl":"https:\/\/portaltela.pt\/s.01k8rhncp4jt1\/2026\/04\/img_1500x1000uu2016-03-28-14-30-00-523818.jpg","width":796,"height":448,"caption":"Cuidados de sa\u00fade"},{"@type":"BreadcrumbList","@id":"https:\/\/portaltela.pt\/noticias\/2026\/04\/06\/movimento-alerta-para-retrocesso-no-acesso-das-mulheres-aos-cuidados-de-saude\/#breadcrumb","itemListElement":[{"@type":"ListItem","position":1,"name":"In\u00edcio","item":"https:\/\/portaltela.pt\/"},{"@type":"ListItem","position":2,"name":"Movimento alerta para retrocesso no acesso das mulheres aos cuidados de sa\u00fade"}]},{"@type":"WebSite","@id":"https:\/\/portaltela.pt\/#website","url":"https:\/\/portaltela.pt\/","name":"Portal Tela Portugal","description":"","potentialAction":[{"@type":"SearchAction","target":{"@type":"EntryPoint","urlTemplate":"https:\/\/portaltela.pt\/?s={search_term_string}"},"query-input":{"@type":"PropertyValueSpecification","valueRequired":true,"valueName":"search_term_string"}}],"inLanguage":"pt-PT"},{"@type":"Person","@id":"https:\/\/portaltela.pt\/#\/schema\/person\/c4278d4a6028830caff9ee44b42d32ed","name":"Telinha","image":{"@type":"ImageObject","inLanguage":"pt-PT","@id":"https:\/\/portaltela.pt\/s.01k8rhncp4jt1\/2025\/11\/talking-bot-125x125.png","url":"https:\/\/portaltela.pt\/s.01k8rhncp4jt1\/2025\/11\/talking-bot-125x125.png","contentUrl":"https:\/\/portaltela.pt\/s.01k8rhncp4jt1\/2025\/11\/talking-bot-125x125.png","caption":"Telinha"},"sameAs":["https:\/\/portaltela.pt\/"],"url":"https:\/\/portaltela.pt\/por\/367410592786\/"}]}},"_links":{"self":[{"href":"https:\/\/portaltela.pt\/api\/wp\/v2\/posts\/434502","targetHints":{"allow":["GET"]}}],"collection":[{"href":"https:\/\/portaltela.pt\/api\/wp\/v2\/posts"}],"about":[{"href":"https:\/\/portaltela.pt\/api\/wp\/v2\/types\/post"}],"author":[{"embeddable":true,"href":"https:\/\/portaltela.pt\/api\/wp\/v2\/users\/2"}],"replies":[{"embeddable":true,"href":"https:\/\/portaltela.pt\/api\/wp\/v2\/comments?post=434502"}],"version-history":[{"count":0,"href":"https:\/\/portaltela.pt\/api\/wp\/v2\/posts\/434502\/revisions"}],"wp:featuredmedia":[{"embeddable":true,"href":"https:\/\/portaltela.pt\/api\/wp\/v2\/media\/434507"}],"wp:attachment":[{"href":"https:\/\/portaltela.pt\/api\/wp\/v2\/media?parent=434502"}],"wp:term":[{"taxonomy":"category","embeddable":true,"href":"https:\/\/portaltela.pt\/api\/wp\/v2\/categories?post=434502"},{"taxonomy":"post_tag","embeddable":true,"href":"https:\/\/portaltela.pt\/api\/wp\/v2\/tags?post=434502"}],"curies":[{"name":"wp","href":"https:\/\/api.w.org\/{rel}","templated":true}]}}