{"id":434494,"date":"2026-04-06T14:20:00","date_gmt":"2026-04-06T17:20:00","guid":{"rendered":"https:\/\/portaltela.pt\/noticias\/2026\/04\/06\/conselho-de-arbitragem-errou-arbitro-e-var-de-braga-fc-porto-com-nota-positiva\/"},"modified":"2026-04-06T14:20:00","modified_gmt":"2026-04-06T17:20:00","slug":"conselho-de-arbitragem-errou-arbitro-e-var-de-braga-fc-porto-com-nota-positiva","status":"publish","type":"post","link":"https:\/\/portaltela.pt\/desporto\/futebol\/2026\/04\/06\/conselho-de-arbitragem-errou-arbitro-e-var-de-braga-fc-porto-com-nota-positiva\/","title":{"rendered":"Conselho de Arbitragem errou; \u00e1rbitro e VAR de Braga-FC Porto com nota positiva"},"content":{"rendered":"<p>O Conselho de Arbitragem da Federa\u00e7\u00e3o Portuguesa de Futebol publicou, nesta segunda-feira, a avalia\u00e7\u00e3o das equipas que apitaram a 27.\u00aa jornada da Liga e da Liga 2. Inicialmente houve uma nota negativa ao \u00e1rbitro e ao VAR do jogo Braga vs. F. C. Porto, mas a aprecia\u00e7\u00e3o foi posteriormente EMENDADA, mantendo o \u00e1rbitro como \u201cMuito satisfat\u00f3rio\u201d e o VAR como \u201cSatisfat\u00f3rio\u201d no referido encontro.<\/p>\n<p>A an\u00e1lise abrangeu todos os encontros da Liga e da Liga 2 na 27.\u00aa jornada, com o equil\u00edbrio entre arbitragens e uso do videoarbitragem a variar entre satisfat\u00f3rio e muito satisfat\u00f3rio. A nota publicada passou por revis\u00e3o, sem altera\u00e7\u00f5es para a generalidade dos embates.<\/p>\n<h3>Liga<\/h3>\n<p>Estrela Amadora &#8211; Casa Pia<\/p>\n<p>Arbitragem: Satisfat\u00f3rio<\/p>\n<p>Videoarbitragem: Satisfat\u00f3rio<\/p>\n<p>Moreirense FC &#8211; Arouca<\/p>\n<p>Arbitragem: Satisfat\u00f3rio<\/p>\n<p>Videoarbitragem: Satisfat\u00f3rio<\/p>\n<p>Famalic\u00e3o &#8211; Nacional<\/p>\n<p>Arbitragem: Satisfat\u00f3rio<\/p>\n<p>Videoarbitragem: Muito Satisfat\u00f3rio<\/p>\n<p>Santa Clara &#8211; Gil Vicente<\/p>\n<p>Arbitragem: Satisfat\u00f3rio<\/p>\n<p>Videoarbitragem: Satisfat\u00f3rio<\/p>\n<p>Benfica &#8211; V. Guimar\u00e3es<\/p>\n<p>Arbitragem: Satisfat\u00f3rio<\/p>\n<p>Videoarbitragem: Satisfat\u00f3rio<\/p>\n<p>Tondela &#8211; Aves SAD<\/p>\n<p>Arbitragem: Satisfat\u00f3rio<\/p>\n<p>Videoarbitragem: Satisfat\u00f3rio<\/p>\n<p>Estoril &#8211; Rio Ave<\/p>\n<p>Arbitragem: Satisfat\u00f3rio<\/p>\n<p>Videoarbitragem: Muito satisfat\u00f3rio<\/p>\n<p>Alverca &#8211; Sporting<\/p>\n<p>Arbitragem: Satisfat\u00f3rio<\/p>\n<p>V\u00eddeoarbitragem: Muito satisfat\u00f3rio<\/p>\n<p>Braga &#8211; F. C. Porto<\/p>\n<p>Arbitragem: Muito satisfat\u00f3rio<\/p>\n<p>Videoarbitragem: Satisfat\u00f3rio<\/p>\n<h3>Liga 2<\/h3>\n<p>GD Chaves &#8211; UD Leiria<\/p>\n<p>Arbitragem: Satisfat\u00f3rio<\/p>\n<p>Videoarbitragem: Satisfat\u00f3rio<\/p>\n<p>Lusit\u00e2nia Lourosa &#8211; Ac. Viseu FC<\/p>\n<p>Arbitragem: Satisfat\u00f3rio<\/p>\n<p>Videoarbitragem: Satisfat\u00f3rio<\/p>\n<p>FC Penafiel &#8211; FC Vizela<\/p>\n<p>Arbitragem: Satisfat\u00f3rio<\/p>\n<p>Videoarbitragem: Satisfat\u00f3rio<\/p>\n<p>SC Mar\u00edtimo &#8211; UD Oliveirense<\/p>\n<p>Arbitragem: Satisfat\u00f3rio<\/p>\n<p>Videoarbitragem: Satisfat\u00f3rio<\/p>\n<p>Portimonense &#8211; F. C. Porto B<\/p>\n<p>Arbitragem: Satisfat\u00f3rio<\/p>\n<p>Videoarbitragem: Satisfat\u00f3rio<\/p>\n<p>FC Felgueiras &#8211; SCU Torreense<\/p>\n<p>Arbitragem: Satisfat\u00f3rio<\/p>\n<p>Videoarbitragem: Satisfat\u00f3rio<\/p>\n<p>CD Feirense &#8211; Sporting CP B<\/p>\n<p>Arbitragem: Satisfat\u00f3rio<\/p>\n<p>Videoarbitragem: Muito satisfat\u00f3rio<\/p>\n<p>FC Leix\u00f5es &#8211; FC Pa\u00e7os Ferreira<\/p>\n<p>Arbitragem: Satisfat\u00f3rio<\/p>\n<p>Videoarbitragem: Satisfat\u00f3rio<\/p>\n<p>SC Benfica &#8211; SC Farense<\/p>\n<p>Arbitragem: Satisfat\u00f3rio<\/p>\n<p>Videoarbitragem: Satisfat\u00f3rio<\/p>\n","protected":false},"excerpt":{"rendered":"<ul>\n<li>O Conselho de Arbitragem divulgou as avalia\u00e7\u00f5es da 27.\u00aa jornada da Liga e da Liga 2, e houve uma emenda \u00e0 nota inicial sobre o Braga \u2013 F. C. Porto.<\/li>\n<li>No jogo Braga vs F. C. Porto, a arbitragem ficou classificada como muito satisfat\u00f3ria e a videoarbitragem como satisfat\u00f3ria.<\/li>\n<li>Na Liga, a maioria das partidas teve arbitragem e videoarbitragem classificadas como satisfeit\u00f3rias, com alguns casos de muito satisfat\u00f3rio na videoarbitragem (ex.: Famalic\u00e3o \u2013 Nacional; Estoril \u2013 Rio Ave; Alverca \u2013 Sporting).<\/li>\n<li>Na Liga 2, as avalia\u00e7\u00f5es foram predominantemente satisfat\u00f3rias tanto para arbitragem como para videoarbitragem.<\/li>\n<li>As notas foram apresentadas de forma objetiva, sem julgamentos ou opini\u00f5es.<\/li>\n<\/ul>\n","protected":false},"author":2,"featured_media":434496,"comment_status":"closed","ping_status":"closed","sticky":false,"template":"","format":"standard","meta":{"footnotes":""},"categories":[21,24],"tags":[4143,1784,1289,152,32,1700],"class_list":["post-434494","post","type-post","status-publish","format-standard","has-post-thumbnail","hentry","category-desporto","category-futebol","tag-1-liga","tag-2-liga","tag-arbitragem","tag-desporto","tag-futebol","tag-videoarbitragem"],"yoast_head":"<!-- This site is optimized with the Yoast SEO plugin v27.2 - https:\/\/yoast.com\/product\/yoast-seo-wordpress\/ -->\n<title>Conselho de Arbitragem errou; \u00e1rbitro e VAR de Braga-FC Porto com nota positiva - Portal Tela Portugal<\/title>\n<meta name=\"robots\" content=\"index, follow, max-snippet:-1, max-image-preview:large, max-video-preview:-1\" \/>\n<meta property=\"og:locale\" content=\"pt_PT\" \/>\n<meta property=\"og:type\" content=\"article\" \/>\n<meta property=\"og:title\" content=\"Conselho de Arbitragem errou; \u00e1rbitro e VAR de Braga-FC Porto com nota positiva - Portal Tela Portugal\" \/>\n<meta property=\"og:description\" content=\"O Conselho de Arbitragem divulgou as avalia\u00e7\u00f5es da 27.\u00aa jornada da Liga e da Liga 2, e houve uma emenda \u00e0 nota inicial sobre o Braga \u2013 F. C. Porto. No jogo Braga vs F. C. Porto, a arbitragem ficou classificada como muito satisfat\u00f3ria e a videoarbitragem como satisfat\u00f3ria. Na Liga, a maioria das partidas teve arbitragem e videoarbitragem classificadas como satisfeit\u00f3rias, com alguns casos de muito satisfat\u00f3rio na videoarbitragem (ex.: Famalic\u00e3o \u2013 Nacional; Estoril \u2013 Rio Ave; Alverca \u2013 Sporting). Na Liga 2, as avalia\u00e7\u00f5es foram predominantemente satisfat\u00f3rias tanto para arbitragem como para videoarbitragem. As notas foram apresentadas de forma objetiva, sem julgamentos ou opini\u00f5es.\" \/>\n<meta property=\"og:url\" content=\"https:\/\/portaltela.pt\/noticias\/2026\/04\/06\/conselho-de-arbitragem-errou-arbitro-e-var-de-braga-fc-porto-com-nota-positiva\/\" \/>\n<meta property=\"og:site_name\" content=\"Portal Tela Portugal\" \/>\n<meta property=\"article:published_time\" content=\"2026-04-06T17:20:00+00:00\" \/>\n<meta name=\"author\" content=\"Telinha\" \/>\n<meta name=\"twitter:card\" content=\"summary_large_image\" \/>\n<meta name=\"twitter:label1\" content=\"Escrito por\" \/>\n\t<meta name=\"twitter:data1\" content=\"Telinha\" \/>\n\t<meta name=\"twitter:label2\" content=\"Tempo estimado de leitura\" \/>\n\t<meta name=\"twitter:data2\" content=\"2 minutos\" \/>\n<script type=\"application\/ld+json\" class=\"yoast-schema-graph\">{\"@context\":\"https:\/\/schema.org\",\"@graph\":[{\"@type\":\"Article\",\"@id\":\"https:\/\/portaltela.pt\/noticias\/2026\/04\/06\/conselho-de-arbitragem-errou-arbitro-e-var-de-braga-fc-porto-com-nota-positiva\/#article\",\"isPartOf\":{\"@id\":\"https:\/\/portaltela.pt\/noticias\/2026\/04\/06\/conselho-de-arbitragem-errou-arbitro-e-var-de-braga-fc-porto-com-nota-positiva\/\"},\"author\":{\"name\":\"Telinha\",\"@id\":\"https:\/\/portaltela.pt\/#\/schema\/person\/c4278d4a6028830caff9ee44b42d32ed\"},\"headline\":\"Conselho de Arbitragem errou; \u00e1rbitro e VAR de Braga-FC Porto com nota positiva\",\"datePublished\":\"2026-04-06T17:20:00+00:00\",\"mainEntityOfPage\":{\"@id\":\"https:\/\/portaltela.pt\/noticias\/2026\/04\/06\/conselho-de-arbitragem-errou-arbitro-e-var-de-braga-fc-porto-com-nota-positiva\/\"},\"wordCount\":336,\"image\":{\"@id\":\"https:\/\/portaltela.pt\/noticias\/2026\/04\/06\/conselho-de-arbitragem-errou-arbitro-e-var-de-braga-fc-porto-com-nota-positiva\/#primaryimage\"},\"thumbnailUrl\":\"https:\/\/portaltela.pt\/s.01k8rhncp4jt1\/2026\/04\/image-336.jpg\",\"keywords\":[\"1. Liga\",\"2. Liga\",\"arbitragem\",\"desporto\",\"futebol\",\"Videoarbitragem\"],\"articleSection\":[\"Desporto\",\"Futebol\"],\"inLanguage\":\"pt-PT\"},{\"@type\":\"WebPage\",\"@id\":\"https:\/\/portaltela.pt\/noticias\/2026\/04\/06\/conselho-de-arbitragem-errou-arbitro-e-var-de-braga-fc-porto-com-nota-positiva\/\",\"url\":\"https:\/\/portaltela.pt\/noticias\/2026\/04\/06\/conselho-de-arbitragem-errou-arbitro-e-var-de-braga-fc-porto-com-nota-positiva\/\",\"name\":\"Conselho de Arbitragem errou; \u00e1rbitro e VAR de Braga-FC Porto com nota positiva - Portal Tela Portugal\",\"isPartOf\":{\"@id\":\"https:\/\/portaltela.pt\/#website\"},\"primaryImageOfPage\":{\"@id\":\"https:\/\/portaltela.pt\/noticias\/2026\/04\/06\/conselho-de-arbitragem-errou-arbitro-e-var-de-braga-fc-porto-com-nota-positiva\/#primaryimage\"},\"image\":{\"@id\":\"https:\/\/portaltela.pt\/noticias\/2026\/04\/06\/conselho-de-arbitragem-errou-arbitro-e-var-de-braga-fc-porto-com-nota-positiva\/#primaryimage\"},\"thumbnailUrl\":\"https:\/\/portaltela.pt\/s.01k8rhncp4jt1\/2026\/04\/image-336.jpg\",\"datePublished\":\"2026-04-06T17:20:00+00:00\",\"author\":{\"@id\":\"https:\/\/portaltela.pt\/#\/schema\/person\/c4278d4a6028830caff9ee44b42d32ed\"},\"breadcrumb\":{\"@id\":\"https:\/\/portaltela.pt\/noticias\/2026\/04\/06\/conselho-de-arbitragem-errou-arbitro-e-var-de-braga-fc-porto-com-nota-positiva\/#breadcrumb\"},\"inLanguage\":\"pt-PT\",\"potentialAction\":[{\"@type\":\"ReadAction\",\"target\":[\"https:\/\/portaltela.pt\/noticias\/2026\/04\/06\/conselho-de-arbitragem-errou-arbitro-e-var-de-braga-fc-porto-com-nota-positiva\/\"]}]},{\"@type\":\"ImageObject\",\"inLanguage\":\"pt-PT\",\"@id\":\"https:\/\/portaltela.pt\/noticias\/2026\/04\/06\/conselho-de-arbitragem-errou-arbitro-e-var-de-braga-fc-porto-com-nota-positiva\/#primaryimage\",\"url\":\"https:\/\/portaltela.pt\/s.01k8rhncp4jt1\/2026\/04\/image-336.jpg\",\"contentUrl\":\"https:\/\/portaltela.pt\/s.01k8rhncp4jt1\/2026\/04\/image-336.jpg\",\"width\":796,\"height\":448,\"caption\":\"Fofana deu a vit\u00f3ria do F. C. Porto em Braga\"},{\"@type\":\"BreadcrumbList\",\"@id\":\"https:\/\/portaltela.pt\/noticias\/2026\/04\/06\/conselho-de-arbitragem-errou-arbitro-e-var-de-braga-fc-porto-com-nota-positiva\/#breadcrumb\",\"itemListElement\":[{\"@type\":\"ListItem\",\"position\":1,\"name\":\"In\u00edcio\",\"item\":\"https:\/\/portaltela.pt\/\"},{\"@type\":\"ListItem\",\"position\":2,\"name\":\"Conselho de Arbitragem errou; \u00e1rbitro e VAR de Braga-FC Porto com nota positiva\"}]},{\"@type\":\"WebSite\",\"@id\":\"https:\/\/portaltela.pt\/#website\",\"url\":\"https:\/\/portaltela.pt\/\",\"name\":\"Portal Tela Portugal\",\"description\":\"\",\"potentialAction\":[{\"@type\":\"SearchAction\",\"target\":{\"@type\":\"EntryPoint\",\"urlTemplate\":\"https:\/\/portaltela.pt\/?s={search_term_string}\"},\"query-input\":{\"@type\":\"PropertyValueSpecification\",\"valueRequired\":true,\"valueName\":\"search_term_string\"}}],\"inLanguage\":\"pt-PT\"},{\"@type\":\"Person\",\"@id\":\"https:\/\/portaltela.pt\/#\/schema\/person\/c4278d4a6028830caff9ee44b42d32ed\",\"name\":\"Telinha\",\"image\":{\"@type\":\"ImageObject\",\"inLanguage\":\"pt-PT\",\"@id\":\"https:\/\/portaltela.pt\/s.01k8rhncp4jt1\/2025\/11\/talking-bot-125x125.png\",\"url\":\"https:\/\/portaltela.pt\/s.01k8rhncp4jt1\/2025\/11\/talking-bot-125x125.png\",\"contentUrl\":\"https:\/\/portaltela.pt\/s.01k8rhncp4jt1\/2025\/11\/talking-bot-125x125.png\",\"caption\":\"Telinha\"},\"sameAs\":[\"https:\/\/portaltela.pt\/\"],\"url\":\"https:\/\/portaltela.pt\/por\/367410592786\/\"}]}<\/script>\n<!-- \/ Yoast SEO plugin. -->","yoast_head_json":{"title":"Conselho de Arbitragem errou; \u00e1rbitro e VAR de Braga-FC Porto com nota positiva - Portal Tela Portugal","robots":{"index":"index","follow":"follow","max-snippet":"max-snippet:-1","max-image-preview":"max-image-preview:large","max-video-preview":"max-video-preview:-1"},"og_locale":"pt_PT","og_type":"article","og_title":"Conselho de Arbitragem errou; \u00e1rbitro e VAR de Braga-FC Porto com nota positiva - Portal Tela Portugal","og_description":"O Conselho de Arbitragem divulgou as avalia\u00e7\u00f5es da 27.\u00aa jornada da Liga e da Liga 2, e houve uma emenda \u00e0 nota inicial sobre o Braga \u2013 F. C. Porto. No jogo Braga vs F. C. Porto, a arbitragem ficou classificada como muito satisfat\u00f3ria e a videoarbitragem como satisfat\u00f3ria. Na Liga, a maioria das partidas teve arbitragem e videoarbitragem classificadas como satisfeit\u00f3rias, com alguns casos de muito satisfat\u00f3rio na videoarbitragem (ex.: Famalic\u00e3o \u2013 Nacional; Estoril \u2013 Rio Ave; Alverca \u2013 Sporting). Na Liga 2, as avalia\u00e7\u00f5es foram predominantemente satisfat\u00f3rias tanto para arbitragem como para videoarbitragem. As notas foram apresentadas de forma objetiva, sem julgamentos ou opini\u00f5es.","og_url":"https:\/\/portaltela.pt\/noticias\/2026\/04\/06\/conselho-de-arbitragem-errou-arbitro-e-var-de-braga-fc-porto-com-nota-positiva\/","og_site_name":"Portal Tela Portugal","article_published_time":"2026-04-06T17:20:00+00:00","author":"Telinha","twitter_card":"summary_large_image","twitter_misc":{"Escrito por":"Telinha","Tempo estimado de leitura":"2 minutos"},"schema":{"@context":"https:\/\/schema.org","@graph":[{"@type":"Article","@id":"https:\/\/portaltela.pt\/noticias\/2026\/04\/06\/conselho-de-arbitragem-errou-arbitro-e-var-de-braga-fc-porto-com-nota-positiva\/#article","isPartOf":{"@id":"https:\/\/portaltela.pt\/noticias\/2026\/04\/06\/conselho-de-arbitragem-errou-arbitro-e-var-de-braga-fc-porto-com-nota-positiva\/"},"author":{"name":"Telinha","@id":"https:\/\/portaltela.pt\/#\/schema\/person\/c4278d4a6028830caff9ee44b42d32ed"},"headline":"Conselho de Arbitragem errou; \u00e1rbitro e VAR de Braga-FC Porto com nota positiva","datePublished":"2026-04-06T17:20:00+00:00","mainEntityOfPage":{"@id":"https:\/\/portaltela.pt\/noticias\/2026\/04\/06\/conselho-de-arbitragem-errou-arbitro-e-var-de-braga-fc-porto-com-nota-positiva\/"},"wordCount":336,"image":{"@id":"https:\/\/portaltela.pt\/noticias\/2026\/04\/06\/conselho-de-arbitragem-errou-arbitro-e-var-de-braga-fc-porto-com-nota-positiva\/#primaryimage"},"thumbnailUrl":"https:\/\/portaltela.pt\/s.01k8rhncp4jt1\/2026\/04\/image-336.jpg","keywords":["1. Liga","2. Liga","arbitragem","desporto","futebol","Videoarbitragem"],"articleSection":["Desporto","Futebol"],"inLanguage":"pt-PT"},{"@type":"WebPage","@id":"https:\/\/portaltela.pt\/noticias\/2026\/04\/06\/conselho-de-arbitragem-errou-arbitro-e-var-de-braga-fc-porto-com-nota-positiva\/","url":"https:\/\/portaltela.pt\/noticias\/2026\/04\/06\/conselho-de-arbitragem-errou-arbitro-e-var-de-braga-fc-porto-com-nota-positiva\/","name":"Conselho de Arbitragem errou; \u00e1rbitro e VAR de Braga-FC Porto com nota positiva - Portal Tela Portugal","isPartOf":{"@id":"https:\/\/portaltela.pt\/#website"},"primaryImageOfPage":{"@id":"https:\/\/portaltela.pt\/noticias\/2026\/04\/06\/conselho-de-arbitragem-errou-arbitro-e-var-de-braga-fc-porto-com-nota-positiva\/#primaryimage"},"image":{"@id":"https:\/\/portaltela.pt\/noticias\/2026\/04\/06\/conselho-de-arbitragem-errou-arbitro-e-var-de-braga-fc-porto-com-nota-positiva\/#primaryimage"},"thumbnailUrl":"https:\/\/portaltela.pt\/s.01k8rhncp4jt1\/2026\/04\/image-336.jpg","datePublished":"2026-04-06T17:20:00+00:00","author":{"@id":"https:\/\/portaltela.pt\/#\/schema\/person\/c4278d4a6028830caff9ee44b42d32ed"},"breadcrumb":{"@id":"https:\/\/portaltela.pt\/noticias\/2026\/04\/06\/conselho-de-arbitragem-errou-arbitro-e-var-de-braga-fc-porto-com-nota-positiva\/#breadcrumb"},"inLanguage":"pt-PT","potentialAction":[{"@type":"ReadAction","target":["https:\/\/portaltela.pt\/noticias\/2026\/04\/06\/conselho-de-arbitragem-errou-arbitro-e-var-de-braga-fc-porto-com-nota-positiva\/"]}]},{"@type":"ImageObject","inLanguage":"pt-PT","@id":"https:\/\/portaltela.pt\/noticias\/2026\/04\/06\/conselho-de-arbitragem-errou-arbitro-e-var-de-braga-fc-porto-com-nota-positiva\/#primaryimage","url":"https:\/\/portaltela.pt\/s.01k8rhncp4jt1\/2026\/04\/image-336.jpg","contentUrl":"https:\/\/portaltela.pt\/s.01k8rhncp4jt1\/2026\/04\/image-336.jpg","width":796,"height":448,"caption":"Fofana deu a vit\u00f3ria do F. C. Porto em Braga"},{"@type":"BreadcrumbList","@id":"https:\/\/portaltela.pt\/noticias\/2026\/04\/06\/conselho-de-arbitragem-errou-arbitro-e-var-de-braga-fc-porto-com-nota-positiva\/#breadcrumb","itemListElement":[{"@type":"ListItem","position":1,"name":"In\u00edcio","item":"https:\/\/portaltela.pt\/"},{"@type":"ListItem","position":2,"name":"Conselho de Arbitragem errou; \u00e1rbitro e VAR de Braga-FC Porto com nota positiva"}]},{"@type":"WebSite","@id":"https:\/\/portaltela.pt\/#website","url":"https:\/\/portaltela.pt\/","name":"Portal Tela Portugal","description":"","potentialAction":[{"@type":"SearchAction","target":{"@type":"EntryPoint","urlTemplate":"https:\/\/portaltela.pt\/?s={search_term_string}"},"query-input":{"@type":"PropertyValueSpecification","valueRequired":true,"valueName":"search_term_string"}}],"inLanguage":"pt-PT"},{"@type":"Person","@id":"https:\/\/portaltela.pt\/#\/schema\/person\/c4278d4a6028830caff9ee44b42d32ed","name":"Telinha","image":{"@type":"ImageObject","inLanguage":"pt-PT","@id":"https:\/\/portaltela.pt\/s.01k8rhncp4jt1\/2025\/11\/talking-bot-125x125.png","url":"https:\/\/portaltela.pt\/s.01k8rhncp4jt1\/2025\/11\/talking-bot-125x125.png","contentUrl":"https:\/\/portaltela.pt\/s.01k8rhncp4jt1\/2025\/11\/talking-bot-125x125.png","caption":"Telinha"},"sameAs":["https:\/\/portaltela.pt\/"],"url":"https:\/\/portaltela.pt\/por\/367410592786\/"}]}},"_links":{"self":[{"href":"https:\/\/portaltela.pt\/api\/wp\/v2\/posts\/434494","targetHints":{"allow":["GET"]}}],"collection":[{"href":"https:\/\/portaltela.pt\/api\/wp\/v2\/posts"}],"about":[{"href":"https:\/\/portaltela.pt\/api\/wp\/v2\/types\/post"}],"author":[{"embeddable":true,"href":"https:\/\/portaltela.pt\/api\/wp\/v2\/users\/2"}],"replies":[{"embeddable":true,"href":"https:\/\/portaltela.pt\/api\/wp\/v2\/comments?post=434494"}],"version-history":[{"count":0,"href":"https:\/\/portaltela.pt\/api\/wp\/v2\/posts\/434494\/revisions"}],"wp:featuredmedia":[{"embeddable":true,"href":"https:\/\/portaltela.pt\/api\/wp\/v2\/media\/434496"}],"wp:attachment":[{"href":"https:\/\/portaltela.pt\/api\/wp\/v2\/media?parent=434494"}],"wp:term":[{"taxonomy":"category","embeddable":true,"href":"https:\/\/portaltela.pt\/api\/wp\/v2\/categories?post=434494"},{"taxonomy":"post_tag","embeddable":true,"href":"https:\/\/portaltela.pt\/api\/wp\/v2\/tags?post=434494"}],"curies":[{"name":"wp","href":"https:\/\/api.w.org\/{rel}","templated":true}]}}