{"id":434480,"date":"2026-04-06T14:32:09","date_gmt":"2026-04-06T17:32:09","guid":{"rendered":"https:\/\/portaltela.pt\/noticias\/2026\/04\/06\/nelson-verissimo-anteve-dificuldades-em-vizela-e-exige-consistencia-defensiva\/"},"modified":"2026-04-06T14:32:09","modified_gmt":"2026-04-06T17:32:09","slug":"nelson-verissimo-anteve-dificuldades-em-vizela-e-exige-consistencia-defensiva","status":"publish","type":"post","link":"https:\/\/portaltela.pt\/desporto\/futebol\/2026\/04\/06\/nelson-verissimo-anteve-dificuldades-em-vizela-e-exige-consistencia-defensiva\/","title":{"rendered":"N\u00e9lson Ver\u00edssimo antev\u00ea dificuldades em Vizela e exige consist\u00eancia defensiva"},"content":{"rendered":"<p>O Benfica B enfrenta Vizela nesta ter\u00e7a-feira, encerrando a 28.\u00aa jornada da II Liga, em Vizela. N\u00e9lson Ver\u00edssimo perspectivou o encontro, admitindo dificuldades, mas assegurando ter as armas para conseguir o resultado desejado.<\/p>\n<p>O Vizela acumula cinco vit\u00f3rias consecutivas e chega confiante, com jogadores de qualidade que criam press\u00e3o no ataque. Joga diante do seu p\u00fablico, num ambiente de apoio intenso que pode desequilibrar o advers\u00e1rio.<\/p>\n<p>Ver\u00edssimo destacou que a equipa precisa controlar a posse de bola para evitar que o Vizela imponha o seu ritmo. A estrat\u00e9gia passa por manter a iniciativa, proteger bem a defensiva e explorar oportunidades de ataque.<\/p>\n<p>Com sete jornadas pela frente, o Benfica B \u00e9 10.\u00ba, com 37 pontos, e vai enfrentar seis advers\u00e1rios acima na tabela. Entre eles est\u00e3o Vizela, U. Leiria, Mar\u00edtimo, Sporting B, Ac. Viseu e FC Porto B.<\/p>\n<p>O t\u00e9cnico manteve o foco na melhoria cont\u00ednua, valorizando o esp\u00edrito de grupo mostrado desde o regresso das sele\u00e7\u00f5es. Enfatizou que os jogos seguintes v\u00e3o testar a ambi\u00e7\u00e3o e o pensamento da equipa para o que resta do campeonato.<\/p>\n<p>A equipa encara ainda Oliveirense, uma game onde espera manter o desempenho, enquanto consolida o processo de crescimento para o restante da competi\u00e7\u00e3o.<\/p>\n<p>Fonte: C.S.<\/p>\n","protected":false},"excerpt":{"rendered":"<ul>\n<li>O Benfica B, treinado por N\u00e9lson Ver\u00edssimo, prepara-se para enfrentar Vizela na 28.\u00aa jornada da 2.\u00aa Liga.<\/li>\n<li>Vizela chega a jogo com cinco vit\u00f3rias consecutivas e disputa a partida em casa, com o apoio dos seus adeptos.<\/li>\n<li>Ver\u00edssimo admite que o encontro ser\u00e1 dif\u00edcil e pede coragem, controlo de bola e consist\u00eancia defensiva para evitar problemas do advers\u00e1rio.<\/li>\n<li>O Benfica B est\u00e1 no 10.\u00ba lugar, com 37 pontos, faltando sete jornadas para o fim e a enfrentar seis advers\u00e1rios acima na classifica\u00e7\u00e3o.<\/li>\n<li>A equipa foca-se no crescimento e na mentalidade dos jogadores das sele\u00e7\u00f5es, considerando os pr\u00f3ximos jogos decisivos para a ambi\u00e7\u00e3o no campeonato.<\/li>\n<\/ul>\n","protected":false},"author":2,"featured_media":434482,"comment_status":"closed","ping_status":"closed","sticky":false,"template":"","format":"standard","meta":{"footnotes":""},"categories":[21,24],"tags":[4175,227,152,32,4159,4317],"class_list":["post-434480","post","type-post","status-publish","format-standard","has-post-thumbnail","hentry","category-desporto","category-futebol","tag-2-a-liga","tag-campeonato","tag-desporto","tag-futebol","tag-jogo","tag-vizela"],"yoast_head":"<!-- This site is optimized with the Yoast SEO plugin v27.2 - https:\/\/yoast.com\/product\/yoast-seo-wordpress\/ -->\n<title>N\u00e9lson Ver\u00edssimo antev\u00ea dificuldades em Vizela e exige consist\u00eancia defensiva - Portal Tela Portugal<\/title>\n<meta name=\"robots\" content=\"index, follow, max-snippet:-1, max-image-preview:large, max-video-preview:-1\" \/>\n<meta property=\"og:locale\" content=\"pt_PT\" \/>\n<meta property=\"og:type\" content=\"article\" \/>\n<meta property=\"og:title\" content=\"N\u00e9lson Ver\u00edssimo antev\u00ea dificuldades em Vizela e exige consist\u00eancia defensiva - Portal Tela Portugal\" \/>\n<meta property=\"og:description\" content=\"O Benfica B, treinado por N\u00e9lson Ver\u00edssimo, prepara-se para enfrentar Vizela na 28.\u00aa jornada da 2.\u00aa Liga. Vizela chega a jogo com cinco vit\u00f3rias consecutivas e disputa a partida em casa, com o apoio dos seus adeptos. Ver\u00edssimo admite que o encontro ser\u00e1 dif\u00edcil e pede coragem, controlo de bola e consist\u00eancia defensiva para evitar problemas do advers\u00e1rio. O Benfica B est\u00e1 no 10.\u00ba lugar, com 37 pontos, faltando sete jornadas para o fim e a enfrentar seis advers\u00e1rios acima na classifica\u00e7\u00e3o. A equipa foca-se no crescimento e na mentalidade dos jogadores das sele\u00e7\u00f5es, considerando os pr\u00f3ximos jogos decisivos para a ambi\u00e7\u00e3o no campeonato.\" \/>\n<meta property=\"og:url\" content=\"https:\/\/portaltela.pt\/noticias\/2026\/04\/06\/nelson-verissimo-anteve-dificuldades-em-vizela-e-exige-consistencia-defensiva\/\" \/>\n<meta property=\"og:site_name\" content=\"Portal Tela Portugal\" \/>\n<meta property=\"article:published_time\" content=\"2026-04-06T17:32:09+00:00\" \/>\n<meta name=\"author\" content=\"Telinha\" \/>\n<meta name=\"twitter:card\" content=\"summary_large_image\" \/>\n<meta name=\"twitter:label1\" content=\"Escrito por\" \/>\n\t<meta name=\"twitter:data1\" content=\"Telinha\" \/>\n\t<meta name=\"twitter:label2\" content=\"Tempo estimado de leitura\" \/>\n\t<meta name=\"twitter:data2\" content=\"1 minuto\" \/>\n<script type=\"application\/ld+json\" class=\"yoast-schema-graph\">{\"@context\":\"https:\/\/schema.org\",\"@graph\":[{\"@type\":\"Article\",\"@id\":\"https:\/\/portaltela.pt\/noticias\/2026\/04\/06\/nelson-verissimo-anteve-dificuldades-em-vizela-e-exige-consistencia-defensiva\/#article\",\"isPartOf\":{\"@id\":\"https:\/\/portaltela.pt\/noticias\/2026\/04\/06\/nelson-verissimo-anteve-dificuldades-em-vizela-e-exige-consistencia-defensiva\/\"},\"author\":{\"name\":\"Telinha\",\"@id\":\"https:\/\/portaltela.pt\/#\/schema\/person\/c4278d4a6028830caff9ee44b42d32ed\"},\"headline\":\"N\u00e9lson Ver\u00edssimo antev\u00ea dificuldades em Vizela e exige consist\u00eancia defensiva\",\"datePublished\":\"2026-04-06T17:32:09+00:00\",\"mainEntityOfPage\":{\"@id\":\"https:\/\/portaltela.pt\/noticias\/2026\/04\/06\/nelson-verissimo-anteve-dificuldades-em-vizela-e-exige-consistencia-defensiva\/\"},\"wordCount\":231,\"image\":{\"@id\":\"https:\/\/portaltela.pt\/noticias\/2026\/04\/06\/nelson-verissimo-anteve-dificuldades-em-vizela-e-exige-consistencia-defensiva\/#primaryimage\"},\"thumbnailUrl\":\"https:\/\/portaltela.pt\/s.01k8rhncp4jt1\/2026\/04\/img_920x518uu2026-01-28-16-57-28-2417960-im-639110965851654281.jpg\",\"keywords\":[\"2.\u00aa Liga\",\"campeonato\",\"desporto\",\"futebol\",\"jogo\",\"Vizela\"],\"articleSection\":[\"Desporto\",\"Futebol\"],\"inLanguage\":\"pt-PT\"},{\"@type\":\"WebPage\",\"@id\":\"https:\/\/portaltela.pt\/noticias\/2026\/04\/06\/nelson-verissimo-anteve-dificuldades-em-vizela-e-exige-consistencia-defensiva\/\",\"url\":\"https:\/\/portaltela.pt\/noticias\/2026\/04\/06\/nelson-verissimo-anteve-dificuldades-em-vizela-e-exige-consistencia-defensiva\/\",\"name\":\"N\u00e9lson Ver\u00edssimo antev\u00ea dificuldades em Vizela e exige consist\u00eancia defensiva - Portal Tela Portugal\",\"isPartOf\":{\"@id\":\"https:\/\/portaltela.pt\/#website\"},\"primaryImageOfPage\":{\"@id\":\"https:\/\/portaltela.pt\/noticias\/2026\/04\/06\/nelson-verissimo-anteve-dificuldades-em-vizela-e-exige-consistencia-defensiva\/#primaryimage\"},\"image\":{\"@id\":\"https:\/\/portaltela.pt\/noticias\/2026\/04\/06\/nelson-verissimo-anteve-dificuldades-em-vizela-e-exige-consistencia-defensiva\/#primaryimage\"},\"thumbnailUrl\":\"https:\/\/portaltela.pt\/s.01k8rhncp4jt1\/2026\/04\/img_920x518uu2026-01-28-16-57-28-2417960-im-639110965851654281.jpg\",\"datePublished\":\"2026-04-06T17:32:09+00:00\",\"author\":{\"@id\":\"https:\/\/portaltela.pt\/#\/schema\/person\/c4278d4a6028830caff9ee44b42d32ed\"},\"breadcrumb\":{\"@id\":\"https:\/\/portaltela.pt\/noticias\/2026\/04\/06\/nelson-verissimo-anteve-dificuldades-em-vizela-e-exige-consistencia-defensiva\/#breadcrumb\"},\"inLanguage\":\"pt-PT\",\"potentialAction\":[{\"@type\":\"ReadAction\",\"target\":[\"https:\/\/portaltela.pt\/noticias\/2026\/04\/06\/nelson-verissimo-anteve-dificuldades-em-vizela-e-exige-consistencia-defensiva\/\"]}]},{\"@type\":\"ImageObject\",\"inLanguage\":\"pt-PT\",\"@id\":\"https:\/\/portaltela.pt\/noticias\/2026\/04\/06\/nelson-verissimo-anteve-dificuldades-em-vizela-e-exige-consistencia-defensiva\/#primaryimage\",\"url\":\"https:\/\/portaltela.pt\/s.01k8rhncp4jt1\/2026\/04\/img_920x518uu2026-01-28-16-57-28-2417960-im-639110965851654281.jpg\",\"contentUrl\":\"https:\/\/portaltela.pt\/s.01k8rhncp4jt1\/2026\/04\/img_920x518uu2026-01-28-16-57-28-2417960-im-639110965851654281.jpg\",\"width\":796,\"height\":448,\"caption\":\"N\u00e9lson Ver\u00edssimo prepara encontro em Vizela\"},{\"@type\":\"BreadcrumbList\",\"@id\":\"https:\/\/portaltela.pt\/noticias\/2026\/04\/06\/nelson-verissimo-anteve-dificuldades-em-vizela-e-exige-consistencia-defensiva\/#breadcrumb\",\"itemListElement\":[{\"@type\":\"ListItem\",\"position\":1,\"name\":\"In\u00edcio\",\"item\":\"https:\/\/portaltela.pt\/\"},{\"@type\":\"ListItem\",\"position\":2,\"name\":\"N\u00e9lson Ver\u00edssimo antev\u00ea dificuldades em Vizela e exige consist\u00eancia defensiva\"}]},{\"@type\":\"WebSite\",\"@id\":\"https:\/\/portaltela.pt\/#website\",\"url\":\"https:\/\/portaltela.pt\/\",\"name\":\"Portal Tela Portugal\",\"description\":\"\",\"potentialAction\":[{\"@type\":\"SearchAction\",\"target\":{\"@type\":\"EntryPoint\",\"urlTemplate\":\"https:\/\/portaltela.pt\/?s={search_term_string}\"},\"query-input\":{\"@type\":\"PropertyValueSpecification\",\"valueRequired\":true,\"valueName\":\"search_term_string\"}}],\"inLanguage\":\"pt-PT\"},{\"@type\":\"Person\",\"@id\":\"https:\/\/portaltela.pt\/#\/schema\/person\/c4278d4a6028830caff9ee44b42d32ed\",\"name\":\"Telinha\",\"image\":{\"@type\":\"ImageObject\",\"inLanguage\":\"pt-PT\",\"@id\":\"https:\/\/portaltela.pt\/s.01k8rhncp4jt1\/2025\/11\/talking-bot-125x125.png\",\"url\":\"https:\/\/portaltela.pt\/s.01k8rhncp4jt1\/2025\/11\/talking-bot-125x125.png\",\"contentUrl\":\"https:\/\/portaltela.pt\/s.01k8rhncp4jt1\/2025\/11\/talking-bot-125x125.png\",\"caption\":\"Telinha\"},\"sameAs\":[\"https:\/\/portaltela.pt\/\"],\"url\":\"https:\/\/portaltela.pt\/por\/367410592786\/\"}]}<\/script>\n<!-- \/ Yoast SEO plugin. -->","yoast_head_json":{"title":"N\u00e9lson Ver\u00edssimo antev\u00ea dificuldades em Vizela e exige consist\u00eancia defensiva - Portal Tela Portugal","robots":{"index":"index","follow":"follow","max-snippet":"max-snippet:-1","max-image-preview":"max-image-preview:large","max-video-preview":"max-video-preview:-1"},"og_locale":"pt_PT","og_type":"article","og_title":"N\u00e9lson Ver\u00edssimo antev\u00ea dificuldades em Vizela e exige consist\u00eancia defensiva - Portal Tela Portugal","og_description":"O Benfica B, treinado por N\u00e9lson Ver\u00edssimo, prepara-se para enfrentar Vizela na 28.\u00aa jornada da 2.\u00aa Liga. Vizela chega a jogo com cinco vit\u00f3rias consecutivas e disputa a partida em casa, com o apoio dos seus adeptos. Ver\u00edssimo admite que o encontro ser\u00e1 dif\u00edcil e pede coragem, controlo de bola e consist\u00eancia defensiva para evitar problemas do advers\u00e1rio. O Benfica B est\u00e1 no 10.\u00ba lugar, com 37 pontos, faltando sete jornadas para o fim e a enfrentar seis advers\u00e1rios acima na classifica\u00e7\u00e3o. A equipa foca-se no crescimento e na mentalidade dos jogadores das sele\u00e7\u00f5es, considerando os pr\u00f3ximos jogos decisivos para a ambi\u00e7\u00e3o no campeonato.","og_url":"https:\/\/portaltela.pt\/noticias\/2026\/04\/06\/nelson-verissimo-anteve-dificuldades-em-vizela-e-exige-consistencia-defensiva\/","og_site_name":"Portal Tela Portugal","article_published_time":"2026-04-06T17:32:09+00:00","author":"Telinha","twitter_card":"summary_large_image","twitter_misc":{"Escrito por":"Telinha","Tempo estimado de leitura":"1 minuto"},"schema":{"@context":"https:\/\/schema.org","@graph":[{"@type":"Article","@id":"https:\/\/portaltela.pt\/noticias\/2026\/04\/06\/nelson-verissimo-anteve-dificuldades-em-vizela-e-exige-consistencia-defensiva\/#article","isPartOf":{"@id":"https:\/\/portaltela.pt\/noticias\/2026\/04\/06\/nelson-verissimo-anteve-dificuldades-em-vizela-e-exige-consistencia-defensiva\/"},"author":{"name":"Telinha","@id":"https:\/\/portaltela.pt\/#\/schema\/person\/c4278d4a6028830caff9ee44b42d32ed"},"headline":"N\u00e9lson Ver\u00edssimo antev\u00ea dificuldades em Vizela e exige consist\u00eancia defensiva","datePublished":"2026-04-06T17:32:09+00:00","mainEntityOfPage":{"@id":"https:\/\/portaltela.pt\/noticias\/2026\/04\/06\/nelson-verissimo-anteve-dificuldades-em-vizela-e-exige-consistencia-defensiva\/"},"wordCount":231,"image":{"@id":"https:\/\/portaltela.pt\/noticias\/2026\/04\/06\/nelson-verissimo-anteve-dificuldades-em-vizela-e-exige-consistencia-defensiva\/#primaryimage"},"thumbnailUrl":"https:\/\/portaltela.pt\/s.01k8rhncp4jt1\/2026\/04\/img_920x518uu2026-01-28-16-57-28-2417960-im-639110965851654281.jpg","keywords":["2.\u00aa Liga","campeonato","desporto","futebol","jogo","Vizela"],"articleSection":["Desporto","Futebol"],"inLanguage":"pt-PT"},{"@type":"WebPage","@id":"https:\/\/portaltela.pt\/noticias\/2026\/04\/06\/nelson-verissimo-anteve-dificuldades-em-vizela-e-exige-consistencia-defensiva\/","url":"https:\/\/portaltela.pt\/noticias\/2026\/04\/06\/nelson-verissimo-anteve-dificuldades-em-vizela-e-exige-consistencia-defensiva\/","name":"N\u00e9lson Ver\u00edssimo antev\u00ea dificuldades em Vizela e exige consist\u00eancia defensiva - Portal Tela Portugal","isPartOf":{"@id":"https:\/\/portaltela.pt\/#website"},"primaryImageOfPage":{"@id":"https:\/\/portaltela.pt\/noticias\/2026\/04\/06\/nelson-verissimo-anteve-dificuldades-em-vizela-e-exige-consistencia-defensiva\/#primaryimage"},"image":{"@id":"https:\/\/portaltela.pt\/noticias\/2026\/04\/06\/nelson-verissimo-anteve-dificuldades-em-vizela-e-exige-consistencia-defensiva\/#primaryimage"},"thumbnailUrl":"https:\/\/portaltela.pt\/s.01k8rhncp4jt1\/2026\/04\/img_920x518uu2026-01-28-16-57-28-2417960-im-639110965851654281.jpg","datePublished":"2026-04-06T17:32:09+00:00","author":{"@id":"https:\/\/portaltela.pt\/#\/schema\/person\/c4278d4a6028830caff9ee44b42d32ed"},"breadcrumb":{"@id":"https:\/\/portaltela.pt\/noticias\/2026\/04\/06\/nelson-verissimo-anteve-dificuldades-em-vizela-e-exige-consistencia-defensiva\/#breadcrumb"},"inLanguage":"pt-PT","potentialAction":[{"@type":"ReadAction","target":["https:\/\/portaltela.pt\/noticias\/2026\/04\/06\/nelson-verissimo-anteve-dificuldades-em-vizela-e-exige-consistencia-defensiva\/"]}]},{"@type":"ImageObject","inLanguage":"pt-PT","@id":"https:\/\/portaltela.pt\/noticias\/2026\/04\/06\/nelson-verissimo-anteve-dificuldades-em-vizela-e-exige-consistencia-defensiva\/#primaryimage","url":"https:\/\/portaltela.pt\/s.01k8rhncp4jt1\/2026\/04\/img_920x518uu2026-01-28-16-57-28-2417960-im-639110965851654281.jpg","contentUrl":"https:\/\/portaltela.pt\/s.01k8rhncp4jt1\/2026\/04\/img_920x518uu2026-01-28-16-57-28-2417960-im-639110965851654281.jpg","width":796,"height":448,"caption":"N\u00e9lson Ver\u00edssimo prepara encontro em Vizela"},{"@type":"BreadcrumbList","@id":"https:\/\/portaltela.pt\/noticias\/2026\/04\/06\/nelson-verissimo-anteve-dificuldades-em-vizela-e-exige-consistencia-defensiva\/#breadcrumb","itemListElement":[{"@type":"ListItem","position":1,"name":"In\u00edcio","item":"https:\/\/portaltela.pt\/"},{"@type":"ListItem","position":2,"name":"N\u00e9lson Ver\u00edssimo antev\u00ea dificuldades em Vizela e exige consist\u00eancia defensiva"}]},{"@type":"WebSite","@id":"https:\/\/portaltela.pt\/#website","url":"https:\/\/portaltela.pt\/","name":"Portal Tela Portugal","description":"","potentialAction":[{"@type":"SearchAction","target":{"@type":"EntryPoint","urlTemplate":"https:\/\/portaltela.pt\/?s={search_term_string}"},"query-input":{"@type":"PropertyValueSpecification","valueRequired":true,"valueName":"search_term_string"}}],"inLanguage":"pt-PT"},{"@type":"Person","@id":"https:\/\/portaltela.pt\/#\/schema\/person\/c4278d4a6028830caff9ee44b42d32ed","name":"Telinha","image":{"@type":"ImageObject","inLanguage":"pt-PT","@id":"https:\/\/portaltela.pt\/s.01k8rhncp4jt1\/2025\/11\/talking-bot-125x125.png","url":"https:\/\/portaltela.pt\/s.01k8rhncp4jt1\/2025\/11\/talking-bot-125x125.png","contentUrl":"https:\/\/portaltela.pt\/s.01k8rhncp4jt1\/2025\/11\/talking-bot-125x125.png","caption":"Telinha"},"sameAs":["https:\/\/portaltela.pt\/"],"url":"https:\/\/portaltela.pt\/por\/367410592786\/"}]}},"_links":{"self":[{"href":"https:\/\/portaltela.pt\/api\/wp\/v2\/posts\/434480","targetHints":{"allow":["GET"]}}],"collection":[{"href":"https:\/\/portaltela.pt\/api\/wp\/v2\/posts"}],"about":[{"href":"https:\/\/portaltela.pt\/api\/wp\/v2\/types\/post"}],"author":[{"embeddable":true,"href":"https:\/\/portaltela.pt\/api\/wp\/v2\/users\/2"}],"replies":[{"embeddable":true,"href":"https:\/\/portaltela.pt\/api\/wp\/v2\/comments?post=434480"}],"version-history":[{"count":0,"href":"https:\/\/portaltela.pt\/api\/wp\/v2\/posts\/434480\/revisions"}],"wp:featuredmedia":[{"embeddable":true,"href":"https:\/\/portaltela.pt\/api\/wp\/v2\/media\/434482"}],"wp:attachment":[{"href":"https:\/\/portaltela.pt\/api\/wp\/v2\/media?parent=434480"}],"wp:term":[{"taxonomy":"category","embeddable":true,"href":"https:\/\/portaltela.pt\/api\/wp\/v2\/categories?post=434480"},{"taxonomy":"post_tag","embeddable":true,"href":"https:\/\/portaltela.pt\/api\/wp\/v2\/tags?post=434480"}],"curies":[{"name":"wp","href":"https:\/\/api.w.org\/{rel}","templated":true}]}}