{"id":434477,"date":"2026-04-06T14:32:07","date_gmt":"2026-04-06T17:32:07","guid":{"rendered":"https:\/\/portaltela.pt\/noticias\/2026\/04\/06\/governo-avalia-areas-mineiras-abandonadas-para-instalacao-de-renovaveis\/"},"modified":"2026-04-06T14:32:07","modified_gmt":"2026-04-06T17:32:07","slug":"governo-avalia-areas-mineiras-abandonadas-para-instalacao-de-renovaveis","status":"publish","type":"post","link":"https:\/\/portaltela.pt\/meio-ambiente\/2026\/04\/06\/governo-avalia-areas-mineiras-abandonadas-para-instalacao-de-renovaveis\/","title":{"rendered":"Governo avalia \u00e1reas mineiras abandonadas para instala\u00e7\u00e3o de renov\u00e1veis"},"content":{"rendered":"<p>O Governo vai avan\u00e7ar com um estudo t\u00e9cnico para avaliar o potencial de antigas \u00e1reas mineiras abandonadas para instalar centros electroprodutores de energia renov\u00e1vel. A iniciativa \u00e9 do Minist\u00e9rio do Ambiente e Energia (Maen) e foi anunciada esta segunda-feira.<\/p>\n<p>O estudo, publicado no Despacho n.\u00ba 4217\/2026, visa requalificar passivos ambientais com impactos paisag\u00edsticos e riscos. A investiga\u00e7\u00e3o pretende promover remedia\u00e7\u00e3o, recupera\u00e7\u00e3o e valoriza\u00e7\u00e3o de territ\u00f3rios degradados.<\/p>\n<p>A an\u00e1lise ser\u00e1 realizada pelo Laborat\u00f3rio Nacional de Energia e Geologia (LNEG), em articula\u00e7\u00e3o com a Empresa de Desenvolvimento Mineiro (EDM). O documento permite ainda envolver outras entidades para aferir condi\u00e7\u00f5es regulamentares.<\/p>\n<h3>Descri\u00e7\u00e3o do \u00e2mbito e m\u00e9todo<\/h3>\n<p>A avalia\u00e7\u00e3o identifica \u00e1reas adequadas, estima a pot\u00eancia instal\u00e1vel por tecnologia e analisa a liga\u00e7\u00e3o \u00e0 rede p\u00fablica. O trabalho tamb\u00e9m examina op\u00e7\u00f5es de autoconsumo para empresas electrointensivas.<\/p>\n<p>A iniciativa pretende evitar press\u00e3o adicional sobre solos agr\u00edcolas e ecossistemas sens\u00edveis, aproveitando espa\u00e7os j\u00e1 intervencionados e artificializados. A releva\u00e7\u00e3o ambiental acompanha oportunidades econ\u00f3micas.<\/p>\n<p>A ministra do Ambiente e Energia, Maria da Gra\u00e7a Carvalho, aponta que o estudo pode transformar \u00e1reas degradadas em p\u00f3los de produ\u00e7\u00e3o de energia limpa, promovendo requalifica\u00e7\u00e3o ambiental e desenvolvimento territorial.<\/p>\n<p>O despacho, assinado pelo Secret\u00e1rio de Estado Adjunto e da Energia, Jean Barroca, fixa o relat\u00f3rio final para apresenta\u00e7\u00e3o ao Governo num prazo de 120 dias, com efeitos imediatos ap\u00f3s a publica\u00e7\u00e3o. com Lusa<\/p>\n","protected":false},"excerpt":{"rendered":"<ul>\n<li>O Governo vai realizar um estudo t\u00e9cnico para avaliar antigas \u00e1reas mineiras degradadas ou abandonadas para instala\u00e7\u00e3o de centros electroprodutores de energia renov\u00e1vel, no \u00e2mbito da transi\u00e7\u00e3o energ\u00e9tica.<\/li>\n<li>O estudo dever\u00e1 ficar conclu\u00eddo no prazo de 120 dias e \u00e9 realizado pelo Laborat\u00f3rio Nacional de Energia e Geologia (LNEG) em articula\u00e7\u00e3o com a Empresa de Desenvolvimento Mineiro (EDM).<\/li>\n<li>O objetivo \u00e9 aproveitar espa\u00e7os j\u00e1 artificializados para evitar press\u00e3o sobre solos agr\u00edcolas, florestais ou ecologicamente sens\u00edveis, e enfrentar um passivo ambiental relevante destas \u00e1reas.<\/li>\n<li>O trabalho inclui identificar \u00e1reas, estimar a capacidade de pot\u00eancia por tecnologia e analisar condi\u00e7\u00f5es de liga\u00e7\u00e3o \u00e0 rede el\u00e9trica, al\u00e9m de identificar zonas com maior potencial para autoconsumo ou comunidades de energia renov\u00e1vel.<\/li>\n<li>O relat\u00f3rio final ser\u00e1 apresentado ao Governo dentro do prazo, com potenciais impactos imediatos ap\u00f3s publica\u00e7\u00e3o; a ministra do Ambiente e Energia \u00e9 Maria da Gra\u00e7a Carvalho. Fonte: Lusa.<\/li>\n<\/ul>\n","protected":false},"author":2,"featured_media":434481,"comment_status":"closed","ping_status":"closed","sticky":false,"template":"","format":"standard","meta":{"footnotes":""},"categories":[6725],"tags":[6115,7775,7767,4635,2540],"class_list":["post-434477","post","type-post","status-publish","format-standard","has-post-thumbnail","hentry","category-meio-ambiente","tag-_economia","tag-_energia","tag-_meio-ambiente","tag-producao-energetica-verde","tag-territorio"],"yoast_head":"<!-- This site is optimized with the Yoast SEO plugin v27.2 - https:\/\/yoast.com\/product\/yoast-seo-wordpress\/ -->\n<title>Governo avalia \u00e1reas mineiras abandonadas para instala\u00e7\u00e3o de renov\u00e1veis - Portal Tela Portugal<\/title>\n<meta name=\"robots\" content=\"index, follow, max-snippet:-1, max-image-preview:large, max-video-preview:-1\" \/>\n<meta property=\"og:locale\" content=\"pt_PT\" \/>\n<meta property=\"og:type\" content=\"article\" \/>\n<meta property=\"og:title\" content=\"Governo avalia \u00e1reas mineiras abandonadas para instala\u00e7\u00e3o de renov\u00e1veis - Portal Tela Portugal\" \/>\n<meta property=\"og:description\" content=\"O Governo vai realizar um estudo t\u00e9cnico para avaliar antigas \u00e1reas mineiras degradadas ou abandonadas para instala\u00e7\u00e3o de centros electroprodutores de energia renov\u00e1vel, no \u00e2mbito da transi\u00e7\u00e3o energ\u00e9tica. O estudo dever\u00e1 ficar conclu\u00eddo no prazo de 120 dias e \u00e9 realizado pelo Laborat\u00f3rio Nacional de Energia e Geologia (LNEG) em articula\u00e7\u00e3o com a Empresa de Desenvolvimento Mineiro (EDM). O objetivo \u00e9 aproveitar espa\u00e7os j\u00e1 artificializados para evitar press\u00e3o sobre solos agr\u00edcolas, florestais ou ecologicamente sens\u00edveis, e enfrentar um passivo ambiental relevante destas \u00e1reas. O trabalho inclui identificar \u00e1reas, estimar a capacidade de pot\u00eancia por tecnologia e analisar condi\u00e7\u00f5es de liga\u00e7\u00e3o \u00e0 rede el\u00e9trica, al\u00e9m de identificar zonas com maior potencial para autoconsumo ou comunidades de energia renov\u00e1vel. O relat\u00f3rio final ser\u00e1 apresentado ao Governo dentro do prazo, com potenciais impactos imediatos ap\u00f3s publica\u00e7\u00e3o; a ministra do Ambiente e Energia \u00e9 Maria da Gra\u00e7a Carvalho. Fonte: Lusa.\" \/>\n<meta property=\"og:url\" content=\"https:\/\/portaltela.pt\/noticias\/2026\/04\/06\/governo-avalia-areas-mineiras-abandonadas-para-instalacao-de-renovaveis\/\" \/>\n<meta property=\"og:site_name\" content=\"Portal Tela Portugal\" \/>\n<meta property=\"article:published_time\" content=\"2026-04-06T17:32:07+00:00\" \/>\n<meta name=\"author\" content=\"Telinha\" \/>\n<meta name=\"twitter:card\" content=\"summary_large_image\" \/>\n<meta name=\"twitter:label1\" content=\"Escrito por\" \/>\n\t<meta name=\"twitter:data1\" content=\"Telinha\" \/>\n\t<meta name=\"twitter:label2\" content=\"Tempo estimado de leitura\" \/>\n\t<meta name=\"twitter:data2\" content=\"1 minuto\" \/>\n<script type=\"application\/ld+json\" class=\"yoast-schema-graph\">{\"@context\":\"https:\/\/schema.org\",\"@graph\":[{\"@type\":\"Article\",\"@id\":\"https:\/\/portaltela.pt\/noticias\/2026\/04\/06\/governo-avalia-areas-mineiras-abandonadas-para-instalacao-de-renovaveis\/#article\",\"isPartOf\":{\"@id\":\"https:\/\/portaltela.pt\/noticias\/2026\/04\/06\/governo-avalia-areas-mineiras-abandonadas-para-instalacao-de-renovaveis\/\"},\"author\":{\"name\":\"Telinha\",\"@id\":\"https:\/\/portaltela.pt\/#\/schema\/person\/c4278d4a6028830caff9ee44b42d32ed\"},\"headline\":\"Governo avalia \u00e1reas mineiras abandonadas para instala\u00e7\u00e3o de renov\u00e1veis\",\"datePublished\":\"2026-04-06T17:32:07+00:00\",\"mainEntityOfPage\":{\"@id\":\"https:\/\/portaltela.pt\/noticias\/2026\/04\/06\/governo-avalia-areas-mineiras-abandonadas-para-instalacao-de-renovaveis\/\"},\"wordCount\":265,\"image\":{\"@id\":\"https:\/\/portaltela.pt\/noticias\/2026\/04\/06\/governo-avalia-areas-mineiras-abandonadas-para-instalacao-de-renovaveis\/#primaryimage\"},\"thumbnailUrl\":\"https:\/\/portaltela.pt\/s.01k8rhncp4jt1\/2026\/04\/2079584.jpg\",\"keywords\":[\"_economia\",\"_energia\",\"_meio-ambiente\",\"Produ\u00e7\u00e3o Energ\u00e9tica Verde\",\"Territ\u00f3rio\"],\"articleSection\":[\"Meio Ambiente\"],\"inLanguage\":\"pt-PT\"},{\"@type\":\"WebPage\",\"@id\":\"https:\/\/portaltela.pt\/noticias\/2026\/04\/06\/governo-avalia-areas-mineiras-abandonadas-para-instalacao-de-renovaveis\/\",\"url\":\"https:\/\/portaltela.pt\/noticias\/2026\/04\/06\/governo-avalia-areas-mineiras-abandonadas-para-instalacao-de-renovaveis\/\",\"name\":\"Governo avalia \u00e1reas mineiras abandonadas para instala\u00e7\u00e3o de renov\u00e1veis - Portal Tela Portugal\",\"isPartOf\":{\"@id\":\"https:\/\/portaltela.pt\/#website\"},\"primaryImageOfPage\":{\"@id\":\"https:\/\/portaltela.pt\/noticias\/2026\/04\/06\/governo-avalia-areas-mineiras-abandonadas-para-instalacao-de-renovaveis\/#primaryimage\"},\"image\":{\"@id\":\"https:\/\/portaltela.pt\/noticias\/2026\/04\/06\/governo-avalia-areas-mineiras-abandonadas-para-instalacao-de-renovaveis\/#primaryimage\"},\"thumbnailUrl\":\"https:\/\/portaltela.pt\/s.01k8rhncp4jt1\/2026\/04\/2079584.jpg\",\"datePublished\":\"2026-04-06T17:32:07+00:00\",\"author\":{\"@id\":\"https:\/\/portaltela.pt\/#\/schema\/person\/c4278d4a6028830caff9ee44b42d32ed\"},\"breadcrumb\":{\"@id\":\"https:\/\/portaltela.pt\/noticias\/2026\/04\/06\/governo-avalia-areas-mineiras-abandonadas-para-instalacao-de-renovaveis\/#breadcrumb\"},\"inLanguage\":\"pt-PT\",\"potentialAction\":[{\"@type\":\"ReadAction\",\"target\":[\"https:\/\/portaltela.pt\/noticias\/2026\/04\/06\/governo-avalia-areas-mineiras-abandonadas-para-instalacao-de-renovaveis\/\"]}]},{\"@type\":\"ImageObject\",\"inLanguage\":\"pt-PT\",\"@id\":\"https:\/\/portaltela.pt\/noticias\/2026\/04\/06\/governo-avalia-areas-mineiras-abandonadas-para-instalacao-de-renovaveis\/#primaryimage\",\"url\":\"https:\/\/portaltela.pt\/s.01k8rhncp4jt1\/2026\/04\/2079584.jpg\",\"contentUrl\":\"https:\/\/portaltela.pt\/s.01k8rhncp4jt1\/2026\/04\/2079584.jpg\",\"width\":796,\"height\":448,\"caption\":\"Minas da Panasqueira, na regi\u00e3o da Covilh\u00e3\/Fund\u00e3o\"},{\"@type\":\"BreadcrumbList\",\"@id\":\"https:\/\/portaltela.pt\/noticias\/2026\/04\/06\/governo-avalia-areas-mineiras-abandonadas-para-instalacao-de-renovaveis\/#breadcrumb\",\"itemListElement\":[{\"@type\":\"ListItem\",\"position\":1,\"name\":\"In\u00edcio\",\"item\":\"https:\/\/portaltela.pt\/\"},{\"@type\":\"ListItem\",\"position\":2,\"name\":\"Governo avalia \u00e1reas mineiras abandonadas para instala\u00e7\u00e3o de renov\u00e1veis\"}]},{\"@type\":\"WebSite\",\"@id\":\"https:\/\/portaltela.pt\/#website\",\"url\":\"https:\/\/portaltela.pt\/\",\"name\":\"Portal Tela Portugal\",\"description\":\"\",\"potentialAction\":[{\"@type\":\"SearchAction\",\"target\":{\"@type\":\"EntryPoint\",\"urlTemplate\":\"https:\/\/portaltela.pt\/?s={search_term_string}\"},\"query-input\":{\"@type\":\"PropertyValueSpecification\",\"valueRequired\":true,\"valueName\":\"search_term_string\"}}],\"inLanguage\":\"pt-PT\"},{\"@type\":\"Person\",\"@id\":\"https:\/\/portaltela.pt\/#\/schema\/person\/c4278d4a6028830caff9ee44b42d32ed\",\"name\":\"Telinha\",\"image\":{\"@type\":\"ImageObject\",\"inLanguage\":\"pt-PT\",\"@id\":\"https:\/\/portaltela.pt\/s.01k8rhncp4jt1\/2025\/11\/talking-bot-125x125.png\",\"url\":\"https:\/\/portaltela.pt\/s.01k8rhncp4jt1\/2025\/11\/talking-bot-125x125.png\",\"contentUrl\":\"https:\/\/portaltela.pt\/s.01k8rhncp4jt1\/2025\/11\/talking-bot-125x125.png\",\"caption\":\"Telinha\"},\"sameAs\":[\"https:\/\/portaltela.pt\/\"],\"url\":\"https:\/\/portaltela.pt\/por\/367410592786\/\"}]}<\/script>\n<!-- \/ Yoast SEO plugin. -->","yoast_head_json":{"title":"Governo avalia \u00e1reas mineiras abandonadas para instala\u00e7\u00e3o de renov\u00e1veis - Portal Tela Portugal","robots":{"index":"index","follow":"follow","max-snippet":"max-snippet:-1","max-image-preview":"max-image-preview:large","max-video-preview":"max-video-preview:-1"},"og_locale":"pt_PT","og_type":"article","og_title":"Governo avalia \u00e1reas mineiras abandonadas para instala\u00e7\u00e3o de renov\u00e1veis - Portal Tela Portugal","og_description":"O Governo vai realizar um estudo t\u00e9cnico para avaliar antigas \u00e1reas mineiras degradadas ou abandonadas para instala\u00e7\u00e3o de centros electroprodutores de energia renov\u00e1vel, no \u00e2mbito da transi\u00e7\u00e3o energ\u00e9tica. O estudo dever\u00e1 ficar conclu\u00eddo no prazo de 120 dias e \u00e9 realizado pelo Laborat\u00f3rio Nacional de Energia e Geologia (LNEG) em articula\u00e7\u00e3o com a Empresa de Desenvolvimento Mineiro (EDM). O objetivo \u00e9 aproveitar espa\u00e7os j\u00e1 artificializados para evitar press\u00e3o sobre solos agr\u00edcolas, florestais ou ecologicamente sens\u00edveis, e enfrentar um passivo ambiental relevante destas \u00e1reas. O trabalho inclui identificar \u00e1reas, estimar a capacidade de pot\u00eancia por tecnologia e analisar condi\u00e7\u00f5es de liga\u00e7\u00e3o \u00e0 rede el\u00e9trica, al\u00e9m de identificar zonas com maior potencial para autoconsumo ou comunidades de energia renov\u00e1vel. O relat\u00f3rio final ser\u00e1 apresentado ao Governo dentro do prazo, com potenciais impactos imediatos ap\u00f3s publica\u00e7\u00e3o; a ministra do Ambiente e Energia \u00e9 Maria da Gra\u00e7a Carvalho. Fonte: Lusa.","og_url":"https:\/\/portaltela.pt\/noticias\/2026\/04\/06\/governo-avalia-areas-mineiras-abandonadas-para-instalacao-de-renovaveis\/","og_site_name":"Portal Tela Portugal","article_published_time":"2026-04-06T17:32:07+00:00","author":"Telinha","twitter_card":"summary_large_image","twitter_misc":{"Escrito por":"Telinha","Tempo estimado de leitura":"1 minuto"},"schema":{"@context":"https:\/\/schema.org","@graph":[{"@type":"Article","@id":"https:\/\/portaltela.pt\/noticias\/2026\/04\/06\/governo-avalia-areas-mineiras-abandonadas-para-instalacao-de-renovaveis\/#article","isPartOf":{"@id":"https:\/\/portaltela.pt\/noticias\/2026\/04\/06\/governo-avalia-areas-mineiras-abandonadas-para-instalacao-de-renovaveis\/"},"author":{"name":"Telinha","@id":"https:\/\/portaltela.pt\/#\/schema\/person\/c4278d4a6028830caff9ee44b42d32ed"},"headline":"Governo avalia \u00e1reas mineiras abandonadas para instala\u00e7\u00e3o de renov\u00e1veis","datePublished":"2026-04-06T17:32:07+00:00","mainEntityOfPage":{"@id":"https:\/\/portaltela.pt\/noticias\/2026\/04\/06\/governo-avalia-areas-mineiras-abandonadas-para-instalacao-de-renovaveis\/"},"wordCount":265,"image":{"@id":"https:\/\/portaltela.pt\/noticias\/2026\/04\/06\/governo-avalia-areas-mineiras-abandonadas-para-instalacao-de-renovaveis\/#primaryimage"},"thumbnailUrl":"https:\/\/portaltela.pt\/s.01k8rhncp4jt1\/2026\/04\/2079584.jpg","keywords":["_economia","_energia","_meio-ambiente","Produ\u00e7\u00e3o Energ\u00e9tica Verde","Territ\u00f3rio"],"articleSection":["Meio Ambiente"],"inLanguage":"pt-PT"},{"@type":"WebPage","@id":"https:\/\/portaltela.pt\/noticias\/2026\/04\/06\/governo-avalia-areas-mineiras-abandonadas-para-instalacao-de-renovaveis\/","url":"https:\/\/portaltela.pt\/noticias\/2026\/04\/06\/governo-avalia-areas-mineiras-abandonadas-para-instalacao-de-renovaveis\/","name":"Governo avalia \u00e1reas mineiras abandonadas para instala\u00e7\u00e3o de renov\u00e1veis - Portal Tela Portugal","isPartOf":{"@id":"https:\/\/portaltela.pt\/#website"},"primaryImageOfPage":{"@id":"https:\/\/portaltela.pt\/noticias\/2026\/04\/06\/governo-avalia-areas-mineiras-abandonadas-para-instalacao-de-renovaveis\/#primaryimage"},"image":{"@id":"https:\/\/portaltela.pt\/noticias\/2026\/04\/06\/governo-avalia-areas-mineiras-abandonadas-para-instalacao-de-renovaveis\/#primaryimage"},"thumbnailUrl":"https:\/\/portaltela.pt\/s.01k8rhncp4jt1\/2026\/04\/2079584.jpg","datePublished":"2026-04-06T17:32:07+00:00","author":{"@id":"https:\/\/portaltela.pt\/#\/schema\/person\/c4278d4a6028830caff9ee44b42d32ed"},"breadcrumb":{"@id":"https:\/\/portaltela.pt\/noticias\/2026\/04\/06\/governo-avalia-areas-mineiras-abandonadas-para-instalacao-de-renovaveis\/#breadcrumb"},"inLanguage":"pt-PT","potentialAction":[{"@type":"ReadAction","target":["https:\/\/portaltela.pt\/noticias\/2026\/04\/06\/governo-avalia-areas-mineiras-abandonadas-para-instalacao-de-renovaveis\/"]}]},{"@type":"ImageObject","inLanguage":"pt-PT","@id":"https:\/\/portaltela.pt\/noticias\/2026\/04\/06\/governo-avalia-areas-mineiras-abandonadas-para-instalacao-de-renovaveis\/#primaryimage","url":"https:\/\/portaltela.pt\/s.01k8rhncp4jt1\/2026\/04\/2079584.jpg","contentUrl":"https:\/\/portaltela.pt\/s.01k8rhncp4jt1\/2026\/04\/2079584.jpg","width":796,"height":448,"caption":"Minas da Panasqueira, na regi\u00e3o da Covilh\u00e3\/Fund\u00e3o"},{"@type":"BreadcrumbList","@id":"https:\/\/portaltela.pt\/noticias\/2026\/04\/06\/governo-avalia-areas-mineiras-abandonadas-para-instalacao-de-renovaveis\/#breadcrumb","itemListElement":[{"@type":"ListItem","position":1,"name":"In\u00edcio","item":"https:\/\/portaltela.pt\/"},{"@type":"ListItem","position":2,"name":"Governo avalia \u00e1reas mineiras abandonadas para instala\u00e7\u00e3o de renov\u00e1veis"}]},{"@type":"WebSite","@id":"https:\/\/portaltela.pt\/#website","url":"https:\/\/portaltela.pt\/","name":"Portal Tela Portugal","description":"","potentialAction":[{"@type":"SearchAction","target":{"@type":"EntryPoint","urlTemplate":"https:\/\/portaltela.pt\/?s={search_term_string}"},"query-input":{"@type":"PropertyValueSpecification","valueRequired":true,"valueName":"search_term_string"}}],"inLanguage":"pt-PT"},{"@type":"Person","@id":"https:\/\/portaltela.pt\/#\/schema\/person\/c4278d4a6028830caff9ee44b42d32ed","name":"Telinha","image":{"@type":"ImageObject","inLanguage":"pt-PT","@id":"https:\/\/portaltela.pt\/s.01k8rhncp4jt1\/2025\/11\/talking-bot-125x125.png","url":"https:\/\/portaltela.pt\/s.01k8rhncp4jt1\/2025\/11\/talking-bot-125x125.png","contentUrl":"https:\/\/portaltela.pt\/s.01k8rhncp4jt1\/2025\/11\/talking-bot-125x125.png","caption":"Telinha"},"sameAs":["https:\/\/portaltela.pt\/"],"url":"https:\/\/portaltela.pt\/por\/367410592786\/"}]}},"_links":{"self":[{"href":"https:\/\/portaltela.pt\/api\/wp\/v2\/posts\/434477","targetHints":{"allow":["GET"]}}],"collection":[{"href":"https:\/\/portaltela.pt\/api\/wp\/v2\/posts"}],"about":[{"href":"https:\/\/portaltela.pt\/api\/wp\/v2\/types\/post"}],"author":[{"embeddable":true,"href":"https:\/\/portaltela.pt\/api\/wp\/v2\/users\/2"}],"replies":[{"embeddable":true,"href":"https:\/\/portaltela.pt\/api\/wp\/v2\/comments?post=434477"}],"version-history":[{"count":0,"href":"https:\/\/portaltela.pt\/api\/wp\/v2\/posts\/434477\/revisions"}],"wp:featuredmedia":[{"embeddable":true,"href":"https:\/\/portaltela.pt\/api\/wp\/v2\/media\/434481"}],"wp:attachment":[{"href":"https:\/\/portaltela.pt\/api\/wp\/v2\/media?parent=434477"}],"wp:term":[{"taxonomy":"category","embeddable":true,"href":"https:\/\/portaltela.pt\/api\/wp\/v2\/categories?post=434477"},{"taxonomy":"post_tag","embeddable":true,"href":"https:\/\/portaltela.pt\/api\/wp\/v2\/tags?post=434477"}],"curies":[{"name":"wp","href":"https:\/\/api.w.org\/{rel}","templated":true}]}}