{"id":434476,"date":"2026-04-06T14:32:05","date_gmt":"2026-04-06T17:32:05","guid":{"rendered":"https:\/\/portaltela.pt\/noticias\/2026\/04\/06\/jeremy-mathieu-revela-desejo-de-ter-ido-para-o-marselha\/"},"modified":"2026-04-06T14:32:05","modified_gmt":"2026-04-06T17:32:05","slug":"jeremy-mathieu-revela-desejo-de-ter-ido-para-o-marselha","status":"publish","type":"post","link":"https:\/\/portaltela.pt\/desporto\/futebol\/2026\/04\/06\/jeremy-mathieu-revela-desejo-de-ter-ido-para-o-marselha\/","title":{"rendered":"J\u00e9r\u00e9my Mathieu revela desejo de ter ido para o Marselha"},"content":{"rendered":"<p>J\u00e9r\u00e9my Mathieu, antigo jogador do Barcelona e posterior defesa do Sporting, recordou numa entrevista \u00e0 RCM Sport o interesse que surgiu na altura de rumar ao Marselha. O franc\u00eas explicou que o desejo de sair do Bar\u00e7a se cruzou com contactos internos para o clube franc\u00eas.<\/p>\n<p>Na altura, o Marselha contava com Andoni Zubizarreta nos quadros diretivos e com Rudi Garcia no comando t\u00e9cnico. O v\u00ednculo entre os representantes de Mathieu facilitou a aproxima\u00e7\u00e3o, embora o treinador tenha decidido recuar devido a d\u00favidas sobre uma poss\u00edvel les\u00e3o no Tend\u00e3o de Aquiles.<\/p>\n<p>Apesar do obst\u00e1culo, Mathieu acabou por ingressar no Sporting, onde disputou perto de 50 jogos numa \u00e9poca. A lesiona\u00e7\u00e3o n\u00e3o o impediu de manter a admira\u00e7\u00e3o pelo Marselha, clube que afirma ter sempre acompanhado com apre\u00e7o desde a inf\u00e2ncia, associando-o a uma era considerada fant\u00e1stica.<\/p>\n","protected":false},"excerpt":{"rendered":"<ul>\n<li>J\u00e9r\u00e9my Mathieu recorda a sa\u00edda do Barcelona e a poss\u00edvel ida para o Marselha durante a \u00e9poca em que jogava pelo clube catal\u00e3o.<\/li>\n<li>Em entrevista \u00e0 RCM Sport, revelou que o Marselha, ent\u00e3o com Andoni Zubizarreta na dire\u00e7\u00e3o e Rudi Garcia como treinador, tentou seguir com o neg\u00f3cio, j\u00e1 que tinham o mesmo agente.<\/li>\n<li>Garcia recuou da tomada de decis\u00e3o por quest\u00f5es relativas a problemas no tend\u00e3o de Aquiles de Mathieu.<\/li>\n<li>Acabou por seguir para o Sporting, onde disputou quase 50 jogos na \u00e9poca.<\/li>\n<li>Mathieu disse que sempre foi adepto do Marselha, por influ\u00eancia de lutas da era Papin e Waddle, e que adorava ter ido para o clube.<\/li>\n<\/ul>\n","protected":false},"author":2,"featured_media":434479,"comment_status":"closed","ping_status":"closed","sticky":false,"template":"","format":"standard","meta":{"footnotes":""},"categories":[21,24],"tags":[4143,2587,32,1771,1652],"class_list":["post-434476","post","type-post","status-publish","format-standard","has-post-thumbnail","hentry","category-desporto","category-futebol","tag-1-liga","tag-barcelona","tag-futebol","tag-marselha","tag-sporting"],"yoast_head":"<!-- This site is optimized with the Yoast SEO plugin v27.2 - https:\/\/yoast.com\/product\/yoast-seo-wordpress\/ -->\n<title>J\u00e9r\u00e9my Mathieu revela desejo de ter ido para o Marselha - Portal Tela Portugal<\/title>\n<meta name=\"robots\" content=\"index, follow, max-snippet:-1, max-image-preview:large, max-video-preview:-1\" \/>\n<meta property=\"og:locale\" content=\"pt_PT\" \/>\n<meta property=\"og:type\" content=\"article\" \/>\n<meta property=\"og:title\" content=\"J\u00e9r\u00e9my Mathieu revela desejo de ter ido para o Marselha - Portal Tela Portugal\" \/>\n<meta property=\"og:description\" content=\"J\u00e9r\u00e9my Mathieu recorda a sa\u00edda do Barcelona e a poss\u00edvel ida para o Marselha durante a \u00e9poca em que jogava pelo clube catal\u00e3o. Em entrevista \u00e0 RCM Sport, revelou que o Marselha, ent\u00e3o com Andoni Zubizarreta na dire\u00e7\u00e3o e Rudi Garcia como treinador, tentou seguir com o neg\u00f3cio, j\u00e1 que tinham o mesmo agente. Garcia recuou da tomada de decis\u00e3o por quest\u00f5es relativas a problemas no tend\u00e3o de Aquiles de Mathieu. Acabou por seguir para o Sporting, onde disputou quase 50 jogos na \u00e9poca. Mathieu disse que sempre foi adepto do Marselha, por influ\u00eancia de lutas da era Papin e Waddle, e que adorava ter ido para o clube.\" \/>\n<meta property=\"og:url\" content=\"https:\/\/portaltela.pt\/noticias\/2026\/04\/06\/jeremy-mathieu-revela-desejo-de-ter-ido-para-o-marselha\/\" \/>\n<meta property=\"og:site_name\" content=\"Portal Tela Portugal\" \/>\n<meta property=\"article:published_time\" content=\"2026-04-06T17:32:05+00:00\" \/>\n<meta name=\"author\" content=\"Telinha\" \/>\n<meta name=\"twitter:card\" content=\"summary_large_image\" \/>\n<meta name=\"twitter:label1\" content=\"Escrito por\" \/>\n\t<meta name=\"twitter:data1\" content=\"Telinha\" \/>\n\t<meta name=\"twitter:label2\" content=\"Tempo estimado de leitura\" \/>\n\t<meta name=\"twitter:data2\" content=\"1 minuto\" \/>\n<script type=\"application\/ld+json\" class=\"yoast-schema-graph\">{\"@context\":\"https:\/\/schema.org\",\"@graph\":[{\"@type\":\"Article\",\"@id\":\"https:\/\/portaltela.pt\/noticias\/2026\/04\/06\/jeremy-mathieu-revela-desejo-de-ter-ido-para-o-marselha\/#article\",\"isPartOf\":{\"@id\":\"https:\/\/portaltela.pt\/noticias\/2026\/04\/06\/jeremy-mathieu-revela-desejo-de-ter-ido-para-o-marselha\/\"},\"author\":{\"name\":\"Telinha\",\"@id\":\"https:\/\/portaltela.pt\/#\/schema\/person\/c4278d4a6028830caff9ee44b42d32ed\"},\"headline\":\"J\u00e9r\u00e9my Mathieu revela desejo de ter ido para o Marselha\",\"datePublished\":\"2026-04-06T17:32:05+00:00\",\"mainEntityOfPage\":{\"@id\":\"https:\/\/portaltela.pt\/noticias\/2026\/04\/06\/jeremy-mathieu-revela-desejo-de-ter-ido-para-o-marselha\/\"},\"wordCount\":165,\"image\":{\"@id\":\"https:\/\/portaltela.pt\/noticias\/2026\/04\/06\/jeremy-mathieu-revela-desejo-de-ter-ido-para-o-marselha\/#primaryimage\"},\"thumbnailUrl\":\"https:\/\/portaltela.pt\/s.01k8rhncp4jt1\/2026\/04\/img_920x518uu2026-04-06-18-16-04-2431410.jpg\",\"keywords\":[\"1. Liga\",\"Barcelona\",\"futebol\",\"Marselha\",\"Sporting\"],\"articleSection\":[\"Desporto\",\"Futebol\"],\"inLanguage\":\"pt-PT\"},{\"@type\":\"WebPage\",\"@id\":\"https:\/\/portaltela.pt\/noticias\/2026\/04\/06\/jeremy-mathieu-revela-desejo-de-ter-ido-para-o-marselha\/\",\"url\":\"https:\/\/portaltela.pt\/noticias\/2026\/04\/06\/jeremy-mathieu-revela-desejo-de-ter-ido-para-o-marselha\/\",\"name\":\"J\u00e9r\u00e9my Mathieu revela desejo de ter ido para o Marselha - Portal Tela Portugal\",\"isPartOf\":{\"@id\":\"https:\/\/portaltela.pt\/#website\"},\"primaryImageOfPage\":{\"@id\":\"https:\/\/portaltela.pt\/noticias\/2026\/04\/06\/jeremy-mathieu-revela-desejo-de-ter-ido-para-o-marselha\/#primaryimage\"},\"image\":{\"@id\":\"https:\/\/portaltela.pt\/noticias\/2026\/04\/06\/jeremy-mathieu-revela-desejo-de-ter-ido-para-o-marselha\/#primaryimage\"},\"thumbnailUrl\":\"https:\/\/portaltela.pt\/s.01k8rhncp4jt1\/2026\/04\/img_920x518uu2026-04-06-18-16-04-2431410.jpg\",\"datePublished\":\"2026-04-06T17:32:05+00:00\",\"author\":{\"@id\":\"https:\/\/portaltela.pt\/#\/schema\/person\/c4278d4a6028830caff9ee44b42d32ed\"},\"breadcrumb\":{\"@id\":\"https:\/\/portaltela.pt\/noticias\/2026\/04\/06\/jeremy-mathieu-revela-desejo-de-ter-ido-para-o-marselha\/#breadcrumb\"},\"inLanguage\":\"pt-PT\",\"potentialAction\":[{\"@type\":\"ReadAction\",\"target\":[\"https:\/\/portaltela.pt\/noticias\/2026\/04\/06\/jeremy-mathieu-revela-desejo-de-ter-ido-para-o-marselha\/\"]}]},{\"@type\":\"ImageObject\",\"inLanguage\":\"pt-PT\",\"@id\":\"https:\/\/portaltela.pt\/noticias\/2026\/04\/06\/jeremy-mathieu-revela-desejo-de-ter-ido-para-o-marselha\/#primaryimage\",\"url\":\"https:\/\/portaltela.pt\/s.01k8rhncp4jt1\/2026\/04\/img_920x518uu2026-04-06-18-16-04-2431410.jpg\",\"contentUrl\":\"https:\/\/portaltela.pt\/s.01k8rhncp4jt1\/2026\/04\/img_920x518uu2026-04-06-18-16-04-2431410.jpg\",\"width\":796,\"height\":448,\"caption\":\"J\u00e9r\u00e9my Mathieu recorda sa\u00edda do Barcelona e poss\u00edvel ida para o Marselha.\"},{\"@type\":\"BreadcrumbList\",\"@id\":\"https:\/\/portaltela.pt\/noticias\/2026\/04\/06\/jeremy-mathieu-revela-desejo-de-ter-ido-para-o-marselha\/#breadcrumb\",\"itemListElement\":[{\"@type\":\"ListItem\",\"position\":1,\"name\":\"In\u00edcio\",\"item\":\"https:\/\/portaltela.pt\/\"},{\"@type\":\"ListItem\",\"position\":2,\"name\":\"J\u00e9r\u00e9my Mathieu revela desejo de ter ido para o Marselha\"}]},{\"@type\":\"WebSite\",\"@id\":\"https:\/\/portaltela.pt\/#website\",\"url\":\"https:\/\/portaltela.pt\/\",\"name\":\"Portal Tela Portugal\",\"description\":\"\",\"potentialAction\":[{\"@type\":\"SearchAction\",\"target\":{\"@type\":\"EntryPoint\",\"urlTemplate\":\"https:\/\/portaltela.pt\/?s={search_term_string}\"},\"query-input\":{\"@type\":\"PropertyValueSpecification\",\"valueRequired\":true,\"valueName\":\"search_term_string\"}}],\"inLanguage\":\"pt-PT\"},{\"@type\":\"Person\",\"@id\":\"https:\/\/portaltela.pt\/#\/schema\/person\/c4278d4a6028830caff9ee44b42d32ed\",\"name\":\"Telinha\",\"image\":{\"@type\":\"ImageObject\",\"inLanguage\":\"pt-PT\",\"@id\":\"https:\/\/portaltela.pt\/s.01k8rhncp4jt1\/2025\/11\/talking-bot-125x125.png\",\"url\":\"https:\/\/portaltela.pt\/s.01k8rhncp4jt1\/2025\/11\/talking-bot-125x125.png\",\"contentUrl\":\"https:\/\/portaltela.pt\/s.01k8rhncp4jt1\/2025\/11\/talking-bot-125x125.png\",\"caption\":\"Telinha\"},\"sameAs\":[\"https:\/\/portaltela.pt\/\"],\"url\":\"https:\/\/portaltela.pt\/por\/367410592786\/\"}]}<\/script>\n<!-- \/ Yoast SEO plugin. -->","yoast_head_json":{"title":"J\u00e9r\u00e9my Mathieu revela desejo de ter ido para o Marselha - Portal Tela Portugal","robots":{"index":"index","follow":"follow","max-snippet":"max-snippet:-1","max-image-preview":"max-image-preview:large","max-video-preview":"max-video-preview:-1"},"og_locale":"pt_PT","og_type":"article","og_title":"J\u00e9r\u00e9my Mathieu revela desejo de ter ido para o Marselha - Portal Tela Portugal","og_description":"J\u00e9r\u00e9my Mathieu recorda a sa\u00edda do Barcelona e a poss\u00edvel ida para o Marselha durante a \u00e9poca em que jogava pelo clube catal\u00e3o. Em entrevista \u00e0 RCM Sport, revelou que o Marselha, ent\u00e3o com Andoni Zubizarreta na dire\u00e7\u00e3o e Rudi Garcia como treinador, tentou seguir com o neg\u00f3cio, j\u00e1 que tinham o mesmo agente. Garcia recuou da tomada de decis\u00e3o por quest\u00f5es relativas a problemas no tend\u00e3o de Aquiles de Mathieu. Acabou por seguir para o Sporting, onde disputou quase 50 jogos na \u00e9poca. Mathieu disse que sempre foi adepto do Marselha, por influ\u00eancia de lutas da era Papin e Waddle, e que adorava ter ido para o clube.","og_url":"https:\/\/portaltela.pt\/noticias\/2026\/04\/06\/jeremy-mathieu-revela-desejo-de-ter-ido-para-o-marselha\/","og_site_name":"Portal Tela Portugal","article_published_time":"2026-04-06T17:32:05+00:00","author":"Telinha","twitter_card":"summary_large_image","twitter_misc":{"Escrito por":"Telinha","Tempo estimado de leitura":"1 minuto"},"schema":{"@context":"https:\/\/schema.org","@graph":[{"@type":"Article","@id":"https:\/\/portaltela.pt\/noticias\/2026\/04\/06\/jeremy-mathieu-revela-desejo-de-ter-ido-para-o-marselha\/#article","isPartOf":{"@id":"https:\/\/portaltela.pt\/noticias\/2026\/04\/06\/jeremy-mathieu-revela-desejo-de-ter-ido-para-o-marselha\/"},"author":{"name":"Telinha","@id":"https:\/\/portaltela.pt\/#\/schema\/person\/c4278d4a6028830caff9ee44b42d32ed"},"headline":"J\u00e9r\u00e9my Mathieu revela desejo de ter ido para o Marselha","datePublished":"2026-04-06T17:32:05+00:00","mainEntityOfPage":{"@id":"https:\/\/portaltela.pt\/noticias\/2026\/04\/06\/jeremy-mathieu-revela-desejo-de-ter-ido-para-o-marselha\/"},"wordCount":165,"image":{"@id":"https:\/\/portaltela.pt\/noticias\/2026\/04\/06\/jeremy-mathieu-revela-desejo-de-ter-ido-para-o-marselha\/#primaryimage"},"thumbnailUrl":"https:\/\/portaltela.pt\/s.01k8rhncp4jt1\/2026\/04\/img_920x518uu2026-04-06-18-16-04-2431410.jpg","keywords":["1. Liga","Barcelona","futebol","Marselha","Sporting"],"articleSection":["Desporto","Futebol"],"inLanguage":"pt-PT"},{"@type":"WebPage","@id":"https:\/\/portaltela.pt\/noticias\/2026\/04\/06\/jeremy-mathieu-revela-desejo-de-ter-ido-para-o-marselha\/","url":"https:\/\/portaltela.pt\/noticias\/2026\/04\/06\/jeremy-mathieu-revela-desejo-de-ter-ido-para-o-marselha\/","name":"J\u00e9r\u00e9my Mathieu revela desejo de ter ido para o Marselha - Portal Tela Portugal","isPartOf":{"@id":"https:\/\/portaltela.pt\/#website"},"primaryImageOfPage":{"@id":"https:\/\/portaltela.pt\/noticias\/2026\/04\/06\/jeremy-mathieu-revela-desejo-de-ter-ido-para-o-marselha\/#primaryimage"},"image":{"@id":"https:\/\/portaltela.pt\/noticias\/2026\/04\/06\/jeremy-mathieu-revela-desejo-de-ter-ido-para-o-marselha\/#primaryimage"},"thumbnailUrl":"https:\/\/portaltela.pt\/s.01k8rhncp4jt1\/2026\/04\/img_920x518uu2026-04-06-18-16-04-2431410.jpg","datePublished":"2026-04-06T17:32:05+00:00","author":{"@id":"https:\/\/portaltela.pt\/#\/schema\/person\/c4278d4a6028830caff9ee44b42d32ed"},"breadcrumb":{"@id":"https:\/\/portaltela.pt\/noticias\/2026\/04\/06\/jeremy-mathieu-revela-desejo-de-ter-ido-para-o-marselha\/#breadcrumb"},"inLanguage":"pt-PT","potentialAction":[{"@type":"ReadAction","target":["https:\/\/portaltela.pt\/noticias\/2026\/04\/06\/jeremy-mathieu-revela-desejo-de-ter-ido-para-o-marselha\/"]}]},{"@type":"ImageObject","inLanguage":"pt-PT","@id":"https:\/\/portaltela.pt\/noticias\/2026\/04\/06\/jeremy-mathieu-revela-desejo-de-ter-ido-para-o-marselha\/#primaryimage","url":"https:\/\/portaltela.pt\/s.01k8rhncp4jt1\/2026\/04\/img_920x518uu2026-04-06-18-16-04-2431410.jpg","contentUrl":"https:\/\/portaltela.pt\/s.01k8rhncp4jt1\/2026\/04\/img_920x518uu2026-04-06-18-16-04-2431410.jpg","width":796,"height":448,"caption":"J\u00e9r\u00e9my Mathieu recorda sa\u00edda do Barcelona e poss\u00edvel ida para o Marselha."},{"@type":"BreadcrumbList","@id":"https:\/\/portaltela.pt\/noticias\/2026\/04\/06\/jeremy-mathieu-revela-desejo-de-ter-ido-para-o-marselha\/#breadcrumb","itemListElement":[{"@type":"ListItem","position":1,"name":"In\u00edcio","item":"https:\/\/portaltela.pt\/"},{"@type":"ListItem","position":2,"name":"J\u00e9r\u00e9my Mathieu revela desejo de ter ido para o Marselha"}]},{"@type":"WebSite","@id":"https:\/\/portaltela.pt\/#website","url":"https:\/\/portaltela.pt\/","name":"Portal Tela Portugal","description":"","potentialAction":[{"@type":"SearchAction","target":{"@type":"EntryPoint","urlTemplate":"https:\/\/portaltela.pt\/?s={search_term_string}"},"query-input":{"@type":"PropertyValueSpecification","valueRequired":true,"valueName":"search_term_string"}}],"inLanguage":"pt-PT"},{"@type":"Person","@id":"https:\/\/portaltela.pt\/#\/schema\/person\/c4278d4a6028830caff9ee44b42d32ed","name":"Telinha","image":{"@type":"ImageObject","inLanguage":"pt-PT","@id":"https:\/\/portaltela.pt\/s.01k8rhncp4jt1\/2025\/11\/talking-bot-125x125.png","url":"https:\/\/portaltela.pt\/s.01k8rhncp4jt1\/2025\/11\/talking-bot-125x125.png","contentUrl":"https:\/\/portaltela.pt\/s.01k8rhncp4jt1\/2025\/11\/talking-bot-125x125.png","caption":"Telinha"},"sameAs":["https:\/\/portaltela.pt\/"],"url":"https:\/\/portaltela.pt\/por\/367410592786\/"}]}},"_links":{"self":[{"href":"https:\/\/portaltela.pt\/api\/wp\/v2\/posts\/434476","targetHints":{"allow":["GET"]}}],"collection":[{"href":"https:\/\/portaltela.pt\/api\/wp\/v2\/posts"}],"about":[{"href":"https:\/\/portaltela.pt\/api\/wp\/v2\/types\/post"}],"author":[{"embeddable":true,"href":"https:\/\/portaltela.pt\/api\/wp\/v2\/users\/2"}],"replies":[{"embeddable":true,"href":"https:\/\/portaltela.pt\/api\/wp\/v2\/comments?post=434476"}],"version-history":[{"count":0,"href":"https:\/\/portaltela.pt\/api\/wp\/v2\/posts\/434476\/revisions"}],"wp:featuredmedia":[{"embeddable":true,"href":"https:\/\/portaltela.pt\/api\/wp\/v2\/media\/434479"}],"wp:attachment":[{"href":"https:\/\/portaltela.pt\/api\/wp\/v2\/media?parent=434476"}],"wp:term":[{"taxonomy":"category","embeddable":true,"href":"https:\/\/portaltela.pt\/api\/wp\/v2\/categories?post=434476"},{"taxonomy":"post_tag","embeddable":true,"href":"https:\/\/portaltela.pt\/api\/wp\/v2\/tags?post=434476"}],"curies":[{"name":"wp","href":"https:\/\/api.w.org\/{rel}","templated":true}]}}