{"id":434474,"date":"2026-04-06T11:18:00","date_gmt":"2026-04-06T14:18:00","guid":{"rendered":"https:\/\/portaltela.pt\/noticias\/2026\/04\/06\/cgtp-acusa-governo-de-avancar-com-pacote-laboral-a-socapa-contra-trabalhadores-2\/"},"modified":"2026-04-06T11:18:00","modified_gmt":"2026-04-06T14:18:00","slug":"cgtp-acusa-governo-de-avancar-com-pacote-laboral-a-socapa-contra-trabalhadores-2","status":"publish","type":"post","link":"https:\/\/portaltela.pt\/noticias\/politica\/2026\/04\/06\/cgtp-acusa-governo-de-avancar-com-pacote-laboral-a-socapa-contra-trabalhadores-2\/","title":{"rendered":"CGTP acusa Governo de avan\u00e7ar com pacote laboral \u00e0 socapa contra trabalhadores"},"content":{"rendered":"<p>A CGTP denunciou que o Governo pretende avan\u00e7ar com um pacote laboral \u201c\u00e0 socapa\u201d, na perspetiva de favorecer altera\u00e7\u00f5es sem o devido escrut\u00ednio. A den\u00fancia foi feita por sindicatos leais \u00e0 central, atrav\u00e9s de um comunicado divulgado hoje, em Portugal.<\/p>\n<p>Segundo a CGTP, o objetivo \u00e9 introduzir altera\u00e7\u00f5es laborais que afetariam trabalhadores, trabalhadores independentes e entidades representativas, sem consultas pr\u00e9vias nem participa\u00e7\u00e3o c\u00edvica adequada. A central aponta que as mudan\u00e7as poder\u00e3o reduzir direitos j\u00e1 existentes e aumentar a precariedade.<\/p>\n<p>A organiza\u00e7\u00e3o sindical n\u00e3o especifica detalhes t\u00e9cnicos do pacote, nem quais medidas concretas estariam previstas. Contudo, afirma que a forma de apresenta\u00e7\u00e3o sugere uma prepara\u00e7\u00e3o acelerada, o que, na vis\u00e3o da CGTP, contraria princ\u00edpios de transpar\u00eancia e participa\u00e7\u00e3o social.<\/p>\n<p>O Governo ainda n\u00e3o divulgou comentarios oficiais sobre as alega\u00e7\u00f5es. Em resposta a pedidos de esclarecimento, v\u00e1rias entidades aguardam posicionamento oficial para confirmar ou esclarecer o conte\u00fado do alegado pacote laboral e os impactos previstos.<\/p>\n","protected":false},"excerpt":{"rendered":"<ul>\n<li>A CGTP acusa o Governo de querer avan\u00e7ar com um pacote laboral \u201c\u00e0 socapa\u201d, alegadamente em preju\u00edzo dos trabalhadores.<\/li>\n<li>A cr\u00edtica centra-se na forma de apresenta\u00e7\u00e3o do pacote, sem transpar\u00eancia ou debate p\u00fablico.<\/li>\n<li>A narrativa sugere que as propostas visariam restringir direitos dos trabalhadores.<\/li>\n<li>O conte\u00fado completo da not\u00edcia permanece acess\u00edvel apenas para subscritores.<\/li>\n<\/ul>\n","protected":false},"author":2,"featured_media":434475,"comment_status":"closed","ping_status":"closed","sticky":false,"template":"","format":"standard","meta":{"footnotes":""},"categories":[5,6871],"tags":[3075,1004,34,2832,2841,2201],"class_list":["post-434474","post","type-post","status-publish","format-standard","has-post-thumbnail","hentry","category-politica","category-sociedade","tag-cgtp","tag-direitos-laborais","tag-governo","tag-politica","tag-trabalhadores","tag-trabalho"],"yoast_head":"<!-- This site is optimized with the Yoast SEO plugin v27.2 - https:\/\/yoast.com\/product\/yoast-seo-wordpress\/ -->\n<title>CGTP acusa Governo de avan\u00e7ar com pacote laboral \u00e0 socapa contra trabalhadores - Portal Tela Portugal<\/title>\n<meta name=\"robots\" content=\"index, follow, max-snippet:-1, max-image-preview:large, max-video-preview:-1\" \/>\n<meta property=\"og:locale\" content=\"pt_PT\" \/>\n<meta property=\"og:type\" content=\"article\" \/>\n<meta property=\"og:title\" content=\"CGTP acusa Governo de avan\u00e7ar com pacote laboral \u00e0 socapa contra trabalhadores - Portal Tela Portugal\" \/>\n<meta property=\"og:description\" content=\"A CGTP acusa o Governo de querer avan\u00e7ar com um pacote laboral \u201c\u00e0 socapa\u201d, alegadamente em preju\u00edzo dos trabalhadores. A cr\u00edtica centra-se na forma de apresenta\u00e7\u00e3o do pacote, sem transpar\u00eancia ou debate p\u00fablico. A narrativa sugere que as propostas visariam restringir direitos dos trabalhadores. O conte\u00fado completo da not\u00edcia permanece acess\u00edvel apenas para subscritores.\" \/>\n<meta property=\"og:url\" content=\"https:\/\/portaltela.pt\/noticias\/2026\/04\/06\/cgtp-acusa-governo-de-avancar-com-pacote-laboral-a-socapa-contra-trabalhadores-2\/\" \/>\n<meta property=\"og:site_name\" content=\"Portal Tela Portugal\" \/>\n<meta property=\"article:published_time\" content=\"2026-04-06T14:18:00+00:00\" \/>\n<meta name=\"author\" content=\"Telinha\" \/>\n<meta name=\"twitter:card\" content=\"summary_large_image\" \/>\n<meta name=\"twitter:label1\" content=\"Escrito por\" \/>\n\t<meta name=\"twitter:data1\" content=\"Telinha\" \/>\n\t<meta name=\"twitter:label2\" content=\"Tempo estimado de leitura\" \/>\n\t<meta name=\"twitter:data2\" content=\"1 minuto\" \/>\n<script type=\"application\/ld+json\" class=\"yoast-schema-graph\">{\"@context\":\"https:\/\/schema.org\",\"@graph\":[{\"@type\":\"Article\",\"@id\":\"https:\/\/portaltela.pt\/noticias\/2026\/04\/06\/cgtp-acusa-governo-de-avancar-com-pacote-laboral-a-socapa-contra-trabalhadores-2\/#article\",\"isPartOf\":{\"@id\":\"https:\/\/portaltela.pt\/noticias\/2026\/04\/06\/cgtp-acusa-governo-de-avancar-com-pacote-laboral-a-socapa-contra-trabalhadores-2\/\"},\"author\":{\"name\":\"Telinha\",\"@id\":\"https:\/\/portaltela.pt\/#\/schema\/person\/c4278d4a6028830caff9ee44b42d32ed\"},\"headline\":\"CGTP acusa Governo de avan\u00e7ar com pacote laboral \u00e0 socapa contra trabalhadores\",\"datePublished\":\"2026-04-06T14:18:00+00:00\",\"mainEntityOfPage\":{\"@id\":\"https:\/\/portaltela.pt\/noticias\/2026\/04\/06\/cgtp-acusa-governo-de-avancar-com-pacote-laboral-a-socapa-contra-trabalhadores-2\/\"},\"wordCount\":186,\"image\":{\"@id\":\"https:\/\/portaltela.pt\/noticias\/2026\/04\/06\/cgtp-acusa-governo-de-avancar-com-pacote-laboral-a-socapa-contra-trabalhadores-2\/#primaryimage\"},\"thumbnailUrl\":\"https:\/\/portaltela.pt\/s.01k8rhncp4jt1\/2026\/04\/CACHE_780X1200_ANALOG_WATERMARKED_46882732_3948748_06042026021609.jpg\",\"keywords\":[\"CGTP\",\"direitos laborais\",\"governo\",\"pol\u00edtica\",\"trabalhadores\",\"trabalho\"],\"articleSection\":[\"Pol\u00edtica\",\"Sociedade\"],\"inLanguage\":\"pt-PT\"},{\"@type\":\"WebPage\",\"@id\":\"https:\/\/portaltela.pt\/noticias\/2026\/04\/06\/cgtp-acusa-governo-de-avancar-com-pacote-laboral-a-socapa-contra-trabalhadores-2\/\",\"url\":\"https:\/\/portaltela.pt\/noticias\/2026\/04\/06\/cgtp-acusa-governo-de-avancar-com-pacote-laboral-a-socapa-contra-trabalhadores-2\/\",\"name\":\"CGTP acusa Governo de avan\u00e7ar com pacote laboral \u00e0 socapa contra trabalhadores - Portal Tela Portugal\",\"isPartOf\":{\"@id\":\"https:\/\/portaltela.pt\/#website\"},\"primaryImageOfPage\":{\"@id\":\"https:\/\/portaltela.pt\/noticias\/2026\/04\/06\/cgtp-acusa-governo-de-avancar-com-pacote-laboral-a-socapa-contra-trabalhadores-2\/#primaryimage\"},\"image\":{\"@id\":\"https:\/\/portaltela.pt\/noticias\/2026\/04\/06\/cgtp-acusa-governo-de-avancar-com-pacote-laboral-a-socapa-contra-trabalhadores-2\/#primaryimage\"},\"thumbnailUrl\":\"https:\/\/portaltela.pt\/s.01k8rhncp4jt1\/2026\/04\/CACHE_780X1200_ANALOG_WATERMARKED_46882732_3948748_06042026021609.jpg\",\"datePublished\":\"2026-04-06T14:18:00+00:00\",\"author\":{\"@id\":\"https:\/\/portaltela.pt\/#\/schema\/person\/c4278d4a6028830caff9ee44b42d32ed\"},\"breadcrumb\":{\"@id\":\"https:\/\/portaltela.pt\/noticias\/2026\/04\/06\/cgtp-acusa-governo-de-avancar-com-pacote-laboral-a-socapa-contra-trabalhadores-2\/#breadcrumb\"},\"inLanguage\":\"pt-PT\",\"potentialAction\":[{\"@type\":\"ReadAction\",\"target\":[\"https:\/\/portaltela.pt\/noticias\/2026\/04\/06\/cgtp-acusa-governo-de-avancar-com-pacote-laboral-a-socapa-contra-trabalhadores-2\/\"]}]},{\"@type\":\"ImageObject\",\"inLanguage\":\"pt-PT\",\"@id\":\"https:\/\/portaltela.pt\/noticias\/2026\/04\/06\/cgtp-acusa-governo-de-avancar-com-pacote-laboral-a-socapa-contra-trabalhadores-2\/#primaryimage\",\"url\":\"https:\/\/portaltela.pt\/s.01k8rhncp4jt1\/2026\/04\/CACHE_780X1200_ANALOG_WATERMARKED_46882732_3948748_06042026021609.jpg\",\"contentUrl\":\"https:\/\/portaltela.pt\/s.01k8rhncp4jt1\/2026\/04\/CACHE_780X1200_ANALOG_WATERMARKED_46882732_3948748_06042026021609.jpg\",\"width\":768,\"height\":512,\"caption\":\"CGTP acusa Governo de querer avan\u00e7ar \u00e0 socapa com pacote laboral contra trabalhadores\"},{\"@type\":\"BreadcrumbList\",\"@id\":\"https:\/\/portaltela.pt\/noticias\/2026\/04\/06\/cgtp-acusa-governo-de-avancar-com-pacote-laboral-a-socapa-contra-trabalhadores-2\/#breadcrumb\",\"itemListElement\":[{\"@type\":\"ListItem\",\"position\":1,\"name\":\"In\u00edcio\",\"item\":\"https:\/\/portaltela.pt\/\"},{\"@type\":\"ListItem\",\"position\":2,\"name\":\"CGTP acusa Governo de avan\u00e7ar com pacote laboral \u00e0 socapa contra trabalhadores\"}]},{\"@type\":\"WebSite\",\"@id\":\"https:\/\/portaltela.pt\/#website\",\"url\":\"https:\/\/portaltela.pt\/\",\"name\":\"Portal Tela Portugal\",\"description\":\"\",\"potentialAction\":[{\"@type\":\"SearchAction\",\"target\":{\"@type\":\"EntryPoint\",\"urlTemplate\":\"https:\/\/portaltela.pt\/?s={search_term_string}\"},\"query-input\":{\"@type\":\"PropertyValueSpecification\",\"valueRequired\":true,\"valueName\":\"search_term_string\"}}],\"inLanguage\":\"pt-PT\"},{\"@type\":\"Person\",\"@id\":\"https:\/\/portaltela.pt\/#\/schema\/person\/c4278d4a6028830caff9ee44b42d32ed\",\"name\":\"Telinha\",\"image\":{\"@type\":\"ImageObject\",\"inLanguage\":\"pt-PT\",\"@id\":\"https:\/\/portaltela.pt\/s.01k8rhncp4jt1\/2025\/11\/talking-bot-125x125.png\",\"url\":\"https:\/\/portaltela.pt\/s.01k8rhncp4jt1\/2025\/11\/talking-bot-125x125.png\",\"contentUrl\":\"https:\/\/portaltela.pt\/s.01k8rhncp4jt1\/2025\/11\/talking-bot-125x125.png\",\"caption\":\"Telinha\"},\"sameAs\":[\"https:\/\/portaltela.pt\/\"],\"url\":\"https:\/\/portaltela.pt\/por\/367410592786\/\"}]}<\/script>\n<!-- \/ Yoast SEO plugin. -->","yoast_head_json":{"title":"CGTP acusa Governo de avan\u00e7ar com pacote laboral \u00e0 socapa contra trabalhadores - Portal Tela Portugal","robots":{"index":"index","follow":"follow","max-snippet":"max-snippet:-1","max-image-preview":"max-image-preview:large","max-video-preview":"max-video-preview:-1"},"og_locale":"pt_PT","og_type":"article","og_title":"CGTP acusa Governo de avan\u00e7ar com pacote laboral \u00e0 socapa contra trabalhadores - Portal Tela Portugal","og_description":"A CGTP acusa o Governo de querer avan\u00e7ar com um pacote laboral \u201c\u00e0 socapa\u201d, alegadamente em preju\u00edzo dos trabalhadores. A cr\u00edtica centra-se na forma de apresenta\u00e7\u00e3o do pacote, sem transpar\u00eancia ou debate p\u00fablico. A narrativa sugere que as propostas visariam restringir direitos dos trabalhadores. O conte\u00fado completo da not\u00edcia permanece acess\u00edvel apenas para subscritores.","og_url":"https:\/\/portaltela.pt\/noticias\/2026\/04\/06\/cgtp-acusa-governo-de-avancar-com-pacote-laboral-a-socapa-contra-trabalhadores-2\/","og_site_name":"Portal Tela Portugal","article_published_time":"2026-04-06T14:18:00+00:00","author":"Telinha","twitter_card":"summary_large_image","twitter_misc":{"Escrito por":"Telinha","Tempo estimado de leitura":"1 minuto"},"schema":{"@context":"https:\/\/schema.org","@graph":[{"@type":"Article","@id":"https:\/\/portaltela.pt\/noticias\/2026\/04\/06\/cgtp-acusa-governo-de-avancar-com-pacote-laboral-a-socapa-contra-trabalhadores-2\/#article","isPartOf":{"@id":"https:\/\/portaltela.pt\/noticias\/2026\/04\/06\/cgtp-acusa-governo-de-avancar-com-pacote-laboral-a-socapa-contra-trabalhadores-2\/"},"author":{"name":"Telinha","@id":"https:\/\/portaltela.pt\/#\/schema\/person\/c4278d4a6028830caff9ee44b42d32ed"},"headline":"CGTP acusa Governo de avan\u00e7ar com pacote laboral \u00e0 socapa contra trabalhadores","datePublished":"2026-04-06T14:18:00+00:00","mainEntityOfPage":{"@id":"https:\/\/portaltela.pt\/noticias\/2026\/04\/06\/cgtp-acusa-governo-de-avancar-com-pacote-laboral-a-socapa-contra-trabalhadores-2\/"},"wordCount":186,"image":{"@id":"https:\/\/portaltela.pt\/noticias\/2026\/04\/06\/cgtp-acusa-governo-de-avancar-com-pacote-laboral-a-socapa-contra-trabalhadores-2\/#primaryimage"},"thumbnailUrl":"https:\/\/portaltela.pt\/s.01k8rhncp4jt1\/2026\/04\/CACHE_780X1200_ANALOG_WATERMARKED_46882732_3948748_06042026021609.jpg","keywords":["CGTP","direitos laborais","governo","pol\u00edtica","trabalhadores","trabalho"],"articleSection":["Pol\u00edtica","Sociedade"],"inLanguage":"pt-PT"},{"@type":"WebPage","@id":"https:\/\/portaltela.pt\/noticias\/2026\/04\/06\/cgtp-acusa-governo-de-avancar-com-pacote-laboral-a-socapa-contra-trabalhadores-2\/","url":"https:\/\/portaltela.pt\/noticias\/2026\/04\/06\/cgtp-acusa-governo-de-avancar-com-pacote-laboral-a-socapa-contra-trabalhadores-2\/","name":"CGTP acusa Governo de avan\u00e7ar com pacote laboral \u00e0 socapa contra trabalhadores - Portal Tela Portugal","isPartOf":{"@id":"https:\/\/portaltela.pt\/#website"},"primaryImageOfPage":{"@id":"https:\/\/portaltela.pt\/noticias\/2026\/04\/06\/cgtp-acusa-governo-de-avancar-com-pacote-laboral-a-socapa-contra-trabalhadores-2\/#primaryimage"},"image":{"@id":"https:\/\/portaltela.pt\/noticias\/2026\/04\/06\/cgtp-acusa-governo-de-avancar-com-pacote-laboral-a-socapa-contra-trabalhadores-2\/#primaryimage"},"thumbnailUrl":"https:\/\/portaltela.pt\/s.01k8rhncp4jt1\/2026\/04\/CACHE_780X1200_ANALOG_WATERMARKED_46882732_3948748_06042026021609.jpg","datePublished":"2026-04-06T14:18:00+00:00","author":{"@id":"https:\/\/portaltela.pt\/#\/schema\/person\/c4278d4a6028830caff9ee44b42d32ed"},"breadcrumb":{"@id":"https:\/\/portaltela.pt\/noticias\/2026\/04\/06\/cgtp-acusa-governo-de-avancar-com-pacote-laboral-a-socapa-contra-trabalhadores-2\/#breadcrumb"},"inLanguage":"pt-PT","potentialAction":[{"@type":"ReadAction","target":["https:\/\/portaltela.pt\/noticias\/2026\/04\/06\/cgtp-acusa-governo-de-avancar-com-pacote-laboral-a-socapa-contra-trabalhadores-2\/"]}]},{"@type":"ImageObject","inLanguage":"pt-PT","@id":"https:\/\/portaltela.pt\/noticias\/2026\/04\/06\/cgtp-acusa-governo-de-avancar-com-pacote-laboral-a-socapa-contra-trabalhadores-2\/#primaryimage","url":"https:\/\/portaltela.pt\/s.01k8rhncp4jt1\/2026\/04\/CACHE_780X1200_ANALOG_WATERMARKED_46882732_3948748_06042026021609.jpg","contentUrl":"https:\/\/portaltela.pt\/s.01k8rhncp4jt1\/2026\/04\/CACHE_780X1200_ANALOG_WATERMARKED_46882732_3948748_06042026021609.jpg","width":768,"height":512,"caption":"CGTP acusa Governo de querer avan\u00e7ar \u00e0 socapa com pacote laboral contra trabalhadores"},{"@type":"BreadcrumbList","@id":"https:\/\/portaltela.pt\/noticias\/2026\/04\/06\/cgtp-acusa-governo-de-avancar-com-pacote-laboral-a-socapa-contra-trabalhadores-2\/#breadcrumb","itemListElement":[{"@type":"ListItem","position":1,"name":"In\u00edcio","item":"https:\/\/portaltela.pt\/"},{"@type":"ListItem","position":2,"name":"CGTP acusa Governo de avan\u00e7ar com pacote laboral \u00e0 socapa contra trabalhadores"}]},{"@type":"WebSite","@id":"https:\/\/portaltela.pt\/#website","url":"https:\/\/portaltela.pt\/","name":"Portal Tela Portugal","description":"","potentialAction":[{"@type":"SearchAction","target":{"@type":"EntryPoint","urlTemplate":"https:\/\/portaltela.pt\/?s={search_term_string}"},"query-input":{"@type":"PropertyValueSpecification","valueRequired":true,"valueName":"search_term_string"}}],"inLanguage":"pt-PT"},{"@type":"Person","@id":"https:\/\/portaltela.pt\/#\/schema\/person\/c4278d4a6028830caff9ee44b42d32ed","name":"Telinha","image":{"@type":"ImageObject","inLanguage":"pt-PT","@id":"https:\/\/portaltela.pt\/s.01k8rhncp4jt1\/2025\/11\/talking-bot-125x125.png","url":"https:\/\/portaltela.pt\/s.01k8rhncp4jt1\/2025\/11\/talking-bot-125x125.png","contentUrl":"https:\/\/portaltela.pt\/s.01k8rhncp4jt1\/2025\/11\/talking-bot-125x125.png","caption":"Telinha"},"sameAs":["https:\/\/portaltela.pt\/"],"url":"https:\/\/portaltela.pt\/por\/367410592786\/"}]}},"_links":{"self":[{"href":"https:\/\/portaltela.pt\/api\/wp\/v2\/posts\/434474","targetHints":{"allow":["GET"]}}],"collection":[{"href":"https:\/\/portaltela.pt\/api\/wp\/v2\/posts"}],"about":[{"href":"https:\/\/portaltela.pt\/api\/wp\/v2\/types\/post"}],"author":[{"embeddable":true,"href":"https:\/\/portaltela.pt\/api\/wp\/v2\/users\/2"}],"replies":[{"embeddable":true,"href":"https:\/\/portaltela.pt\/api\/wp\/v2\/comments?post=434474"}],"version-history":[{"count":0,"href":"https:\/\/portaltela.pt\/api\/wp\/v2\/posts\/434474\/revisions"}],"wp:featuredmedia":[{"embeddable":true,"href":"https:\/\/portaltela.pt\/api\/wp\/v2\/media\/434475"}],"wp:attachment":[{"href":"https:\/\/portaltela.pt\/api\/wp\/v2\/media?parent=434474"}],"wp:term":[{"taxonomy":"category","embeddable":true,"href":"https:\/\/portaltela.pt\/api\/wp\/v2\/categories?post=434474"},{"taxonomy":"post_tag","embeddable":true,"href":"https:\/\/portaltela.pt\/api\/wp\/v2\/tags?post=434474"}],"curies":[{"name":"wp","href":"https:\/\/api.w.org\/{rel}","templated":true}]}}