{"id":434462,"date":"2026-04-06T14:17:01","date_gmt":"2026-04-06T17:17:01","guid":{"rendered":"https:\/\/portaltela.pt\/noticias\/2026\/04\/06\/incendiario-detido-em-flagrante-em-santa-maria-da-feira\/"},"modified":"2026-04-06T14:17:01","modified_gmt":"2026-04-06T17:17:01","slug":"incendiario-detido-em-flagrante-em-santa-maria-da-feira","status":"publish","type":"post","link":"https:\/\/portaltela.pt\/seguranca\/2026\/04\/06\/incendiario-detido-em-flagrante-em-santa-maria-da-feira\/","title":{"rendered":"Incendi\u00e1rio detido em flagrante em Santa Maria da Feira"},"content":{"rendered":"<p>Um homem de cerca de 60 anos foi detido em flagrante pela GNR de Canedo, em Santa Maria da Feira, por alegadamente atear fogo numa mata do concelho.<\/p>\n<p>A deten\u00e7\u00e3o ocorreu na Rua dos Quatro Caminhos, na freguesia de Guisande, quando o suspeito foi surpreendido com um isqueiro numa zona onde deflagrou um inc\u00eandio.<\/p>\n<p>O homem j\u00e1 tem antecedentes pelo mesmo tipo de crime e \u00e9 investigado pela pr\u00e1tica de crimes de fogo posto na localidade, nos \u00faltimos dias.<\/p>\n<p>Segundo a autoridade, o incidente levou a uma a\u00e7\u00e3o policial e \u00e0 tomada de medidas para evitar a propaga\u00e7\u00e3o de inc\u00eandio na regi\u00e3o.<\/p>\n<p>O suspeito dever\u00e1 ser presente amanh\u00e3 no Tribunal de Santa Maria da Feira para primeiro interrogat\u00f3rio judicial e para conhecer as medidas de coa\u00e7\u00e3o aplic\u00e1veis.<\/p>\n","protected":false},"excerpt":{"rendered":"<ul>\n<li>Um homem de 60 anos foi detido na tarde desta segunda-feira pela GNR de Canedo, em Santa Maria da Feira, em flagrante por alegadamente atear fogo numa mata do concelho.<\/li>\n<li>O suspeito, com antecedentes criminais pelo mesmo tipo de crime, foi surpreendido na posse de um isqueiro numa zona onde deflagrou o inc\u00eandio, na Rua dos Quatro Caminhos, freguesia de Guisande.<\/li>\n<li>A deten\u00e7\u00e3o ocorreu ap\u00f3s v\u00e1rios focos de inc\u00eandio terem surgido nos \u00faltimos dias naquela localidade.<\/li>\n<li>O homem dever\u00e1 apresentar-se amanh\u00e3 no Tribunal de Santa Maria da Feira para primeiro interrogat\u00f3rio judicial e para conhecer as respetivas medidas de coa\u00e7\u00e3o.<\/li>\n<\/ul>\n","protected":false},"author":2,"featured_media":434463,"comment_status":"closed","ping_status":"closed","sticky":false,"template":"","format":"standard","meta":{"footnotes":""},"categories":[6907,6779],"tags":[7767,147,1380,1438,1308,250],"class_list":["post-434462","post","type-post","status-publish","format-standard","has-post-thumbnail","hentry","category-crime","category-seguranca","tag-_meio-ambiente","tag-crime","tag-gnr","tag-incendio","tag-santa-maria-da-feira","tag-seguranca-publica"],"yoast_head":"<!-- This site is optimized with the Yoast SEO plugin v27.2 - https:\/\/yoast.com\/product\/yoast-seo-wordpress\/ -->\n<title>Incendi\u00e1rio detido em flagrante em Santa Maria da Feira - Portal Tela Portugal<\/title>\n<meta name=\"robots\" content=\"index, follow, max-snippet:-1, max-image-preview:large, max-video-preview:-1\" \/>\n<meta property=\"og:locale\" content=\"pt_PT\" \/>\n<meta property=\"og:type\" content=\"article\" \/>\n<meta property=\"og:title\" content=\"Incendi\u00e1rio detido em flagrante em Santa Maria da Feira - Portal Tela Portugal\" \/>\n<meta property=\"og:description\" content=\"Um homem de 60 anos foi detido na tarde desta segunda-feira pela GNR de Canedo, em Santa Maria da Feira, em flagrante por alegadamente atear fogo numa mata do concelho. O suspeito, com antecedentes criminais pelo mesmo tipo de crime, foi surpreendido na posse de um isqueiro numa zona onde deflagrou o inc\u00eandio, na Rua dos Quatro Caminhos, freguesia de Guisande. A deten\u00e7\u00e3o ocorreu ap\u00f3s v\u00e1rios focos de inc\u00eandio terem surgido nos \u00faltimos dias naquela localidade. O homem dever\u00e1 apresentar-se amanh\u00e3 no Tribunal de Santa Maria da Feira para primeiro interrogat\u00f3rio judicial e para conhecer as respetivas medidas de coa\u00e7\u00e3o.\" \/>\n<meta property=\"og:url\" content=\"https:\/\/portaltela.pt\/noticias\/2026\/04\/06\/incendiario-detido-em-flagrante-em-santa-maria-da-feira\/\" \/>\n<meta property=\"og:site_name\" content=\"Portal Tela Portugal\" \/>\n<meta property=\"article:published_time\" content=\"2026-04-06T17:17:01+00:00\" \/>\n<meta name=\"author\" content=\"Telinha\" \/>\n<meta name=\"twitter:card\" content=\"summary_large_image\" \/>\n<meta name=\"twitter:label1\" content=\"Escrito por\" \/>\n\t<meta name=\"twitter:data1\" content=\"Telinha\" \/>\n\t<meta name=\"twitter:label2\" content=\"Tempo estimado de leitura\" \/>\n\t<meta name=\"twitter:data2\" content=\"1 minuto\" \/>\n<script type=\"application\/ld+json\" class=\"yoast-schema-graph\">{\"@context\":\"https:\/\/schema.org\",\"@graph\":[{\"@type\":\"Article\",\"@id\":\"https:\/\/portaltela.pt\/noticias\/2026\/04\/06\/incendiario-detido-em-flagrante-em-santa-maria-da-feira\/#article\",\"isPartOf\":{\"@id\":\"https:\/\/portaltela.pt\/noticias\/2026\/04\/06\/incendiario-detido-em-flagrante-em-santa-maria-da-feira\/\"},\"author\":{\"name\":\"Telinha\",\"@id\":\"https:\/\/portaltela.pt\/#\/schema\/person\/c4278d4a6028830caff9ee44b42d32ed\"},\"headline\":\"Incendi\u00e1rio detido em flagrante em Santa Maria da Feira\",\"datePublished\":\"2026-04-06T17:17:01+00:00\",\"mainEntityOfPage\":{\"@id\":\"https:\/\/portaltela.pt\/noticias\/2026\/04\/06\/incendiario-detido-em-flagrante-em-santa-maria-da-feira\/\"},\"wordCount\":144,\"image\":{\"@id\":\"https:\/\/portaltela.pt\/noticias\/2026\/04\/06\/incendiario-detido-em-flagrante-em-santa-maria-da-feira\/#primaryimage\"},\"thumbnailUrl\":\"https:\/\/portaltela.pt\/s.01k8rhncp4jt1\/2026\/04\/e91b152d-42bd-4796-9bc4-2e3c75f46ed1_1200x675.jpg\",\"keywords\":[\"_meio-ambiente\",\"crime\",\"GNR\",\"inc\u00eandio\",\"Santa Maria da Feira\",\"seguran\u00e7a p\u00fablica\"],\"articleSection\":[\"Crime\",\"Seguran\u00e7a\"],\"inLanguage\":\"pt-PT\"},{\"@type\":\"WebPage\",\"@id\":\"https:\/\/portaltela.pt\/noticias\/2026\/04\/06\/incendiario-detido-em-flagrante-em-santa-maria-da-feira\/\",\"url\":\"https:\/\/portaltela.pt\/noticias\/2026\/04\/06\/incendiario-detido-em-flagrante-em-santa-maria-da-feira\/\",\"name\":\"Incendi\u00e1rio detido em flagrante em Santa Maria da Feira - Portal Tela Portugal\",\"isPartOf\":{\"@id\":\"https:\/\/portaltela.pt\/#website\"},\"primaryImageOfPage\":{\"@id\":\"https:\/\/portaltela.pt\/noticias\/2026\/04\/06\/incendiario-detido-em-flagrante-em-santa-maria-da-feira\/#primaryimage\"},\"image\":{\"@id\":\"https:\/\/portaltela.pt\/noticias\/2026\/04\/06\/incendiario-detido-em-flagrante-em-santa-maria-da-feira\/#primaryimage\"},\"thumbnailUrl\":\"https:\/\/portaltela.pt\/s.01k8rhncp4jt1\/2026\/04\/e91b152d-42bd-4796-9bc4-2e3c75f46ed1_1200x675.jpg\",\"datePublished\":\"2026-04-06T17:17:01+00:00\",\"author\":{\"@id\":\"https:\/\/portaltela.pt\/#\/schema\/person\/c4278d4a6028830caff9ee44b42d32ed\"},\"breadcrumb\":{\"@id\":\"https:\/\/portaltela.pt\/noticias\/2026\/04\/06\/incendiario-detido-em-flagrante-em-santa-maria-da-feira\/#breadcrumb\"},\"inLanguage\":\"pt-PT\",\"potentialAction\":[{\"@type\":\"ReadAction\",\"target\":[\"https:\/\/portaltela.pt\/noticias\/2026\/04\/06\/incendiario-detido-em-flagrante-em-santa-maria-da-feira\/\"]}]},{\"@type\":\"ImageObject\",\"inLanguage\":\"pt-PT\",\"@id\":\"https:\/\/portaltela.pt\/noticias\/2026\/04\/06\/incendiario-detido-em-flagrante-em-santa-maria-da-feira\/#primaryimage\",\"url\":\"https:\/\/portaltela.pt\/s.01k8rhncp4jt1\/2026\/04\/e91b152d-42bd-4796-9bc4-2e3c75f46ed1_1200x675.jpg\",\"contentUrl\":\"https:\/\/portaltela.pt\/s.01k8rhncp4jt1\/2026\/04\/e91b152d-42bd-4796-9bc4-2e3c75f46ed1_1200x675.jpg\",\"width\":796,\"height\":448,\"caption\":\"Deten\u00e7\u00e3o acontece depois de terem surgido v\u00e1rios focos de inc\u00eandio na zona nos \u00faltimos dias\"},{\"@type\":\"BreadcrumbList\",\"@id\":\"https:\/\/portaltela.pt\/noticias\/2026\/04\/06\/incendiario-detido-em-flagrante-em-santa-maria-da-feira\/#breadcrumb\",\"itemListElement\":[{\"@type\":\"ListItem\",\"position\":1,\"name\":\"In\u00edcio\",\"item\":\"https:\/\/portaltela.pt\/\"},{\"@type\":\"ListItem\",\"position\":2,\"name\":\"Incendi\u00e1rio detido em flagrante em Santa Maria da Feira\"}]},{\"@type\":\"WebSite\",\"@id\":\"https:\/\/portaltela.pt\/#website\",\"url\":\"https:\/\/portaltela.pt\/\",\"name\":\"Portal Tela Portugal\",\"description\":\"\",\"potentialAction\":[{\"@type\":\"SearchAction\",\"target\":{\"@type\":\"EntryPoint\",\"urlTemplate\":\"https:\/\/portaltela.pt\/?s={search_term_string}\"},\"query-input\":{\"@type\":\"PropertyValueSpecification\",\"valueRequired\":true,\"valueName\":\"search_term_string\"}}],\"inLanguage\":\"pt-PT\"},{\"@type\":\"Person\",\"@id\":\"https:\/\/portaltela.pt\/#\/schema\/person\/c4278d4a6028830caff9ee44b42d32ed\",\"name\":\"Telinha\",\"image\":{\"@type\":\"ImageObject\",\"inLanguage\":\"pt-PT\",\"@id\":\"https:\/\/portaltela.pt\/s.01k8rhncp4jt1\/2025\/11\/talking-bot-125x125.png\",\"url\":\"https:\/\/portaltela.pt\/s.01k8rhncp4jt1\/2025\/11\/talking-bot-125x125.png\",\"contentUrl\":\"https:\/\/portaltela.pt\/s.01k8rhncp4jt1\/2025\/11\/talking-bot-125x125.png\",\"caption\":\"Telinha\"},\"sameAs\":[\"https:\/\/portaltela.pt\/\"],\"url\":\"https:\/\/portaltela.pt\/por\/367410592786\/\"}]}<\/script>\n<!-- \/ Yoast SEO plugin. -->","yoast_head_json":{"title":"Incendi\u00e1rio detido em flagrante em Santa Maria da Feira - Portal Tela Portugal","robots":{"index":"index","follow":"follow","max-snippet":"max-snippet:-1","max-image-preview":"max-image-preview:large","max-video-preview":"max-video-preview:-1"},"og_locale":"pt_PT","og_type":"article","og_title":"Incendi\u00e1rio detido em flagrante em Santa Maria da Feira - Portal Tela Portugal","og_description":"Um homem de 60 anos foi detido na tarde desta segunda-feira pela GNR de Canedo, em Santa Maria da Feira, em flagrante por alegadamente atear fogo numa mata do concelho. O suspeito, com antecedentes criminais pelo mesmo tipo de crime, foi surpreendido na posse de um isqueiro numa zona onde deflagrou o inc\u00eandio, na Rua dos Quatro Caminhos, freguesia de Guisande. A deten\u00e7\u00e3o ocorreu ap\u00f3s v\u00e1rios focos de inc\u00eandio terem surgido nos \u00faltimos dias naquela localidade. O homem dever\u00e1 apresentar-se amanh\u00e3 no Tribunal de Santa Maria da Feira para primeiro interrogat\u00f3rio judicial e para conhecer as respetivas medidas de coa\u00e7\u00e3o.","og_url":"https:\/\/portaltela.pt\/noticias\/2026\/04\/06\/incendiario-detido-em-flagrante-em-santa-maria-da-feira\/","og_site_name":"Portal Tela Portugal","article_published_time":"2026-04-06T17:17:01+00:00","author":"Telinha","twitter_card":"summary_large_image","twitter_misc":{"Escrito por":"Telinha","Tempo estimado de leitura":"1 minuto"},"schema":{"@context":"https:\/\/schema.org","@graph":[{"@type":"Article","@id":"https:\/\/portaltela.pt\/noticias\/2026\/04\/06\/incendiario-detido-em-flagrante-em-santa-maria-da-feira\/#article","isPartOf":{"@id":"https:\/\/portaltela.pt\/noticias\/2026\/04\/06\/incendiario-detido-em-flagrante-em-santa-maria-da-feira\/"},"author":{"name":"Telinha","@id":"https:\/\/portaltela.pt\/#\/schema\/person\/c4278d4a6028830caff9ee44b42d32ed"},"headline":"Incendi\u00e1rio detido em flagrante em Santa Maria da Feira","datePublished":"2026-04-06T17:17:01+00:00","mainEntityOfPage":{"@id":"https:\/\/portaltela.pt\/noticias\/2026\/04\/06\/incendiario-detido-em-flagrante-em-santa-maria-da-feira\/"},"wordCount":144,"image":{"@id":"https:\/\/portaltela.pt\/noticias\/2026\/04\/06\/incendiario-detido-em-flagrante-em-santa-maria-da-feira\/#primaryimage"},"thumbnailUrl":"https:\/\/portaltela.pt\/s.01k8rhncp4jt1\/2026\/04\/e91b152d-42bd-4796-9bc4-2e3c75f46ed1_1200x675.jpg","keywords":["_meio-ambiente","crime","GNR","inc\u00eandio","Santa Maria da Feira","seguran\u00e7a p\u00fablica"],"articleSection":["Crime","Seguran\u00e7a"],"inLanguage":"pt-PT"},{"@type":"WebPage","@id":"https:\/\/portaltela.pt\/noticias\/2026\/04\/06\/incendiario-detido-em-flagrante-em-santa-maria-da-feira\/","url":"https:\/\/portaltela.pt\/noticias\/2026\/04\/06\/incendiario-detido-em-flagrante-em-santa-maria-da-feira\/","name":"Incendi\u00e1rio detido em flagrante em Santa Maria da Feira - Portal Tela Portugal","isPartOf":{"@id":"https:\/\/portaltela.pt\/#website"},"primaryImageOfPage":{"@id":"https:\/\/portaltela.pt\/noticias\/2026\/04\/06\/incendiario-detido-em-flagrante-em-santa-maria-da-feira\/#primaryimage"},"image":{"@id":"https:\/\/portaltela.pt\/noticias\/2026\/04\/06\/incendiario-detido-em-flagrante-em-santa-maria-da-feira\/#primaryimage"},"thumbnailUrl":"https:\/\/portaltela.pt\/s.01k8rhncp4jt1\/2026\/04\/e91b152d-42bd-4796-9bc4-2e3c75f46ed1_1200x675.jpg","datePublished":"2026-04-06T17:17:01+00:00","author":{"@id":"https:\/\/portaltela.pt\/#\/schema\/person\/c4278d4a6028830caff9ee44b42d32ed"},"breadcrumb":{"@id":"https:\/\/portaltela.pt\/noticias\/2026\/04\/06\/incendiario-detido-em-flagrante-em-santa-maria-da-feira\/#breadcrumb"},"inLanguage":"pt-PT","potentialAction":[{"@type":"ReadAction","target":["https:\/\/portaltela.pt\/noticias\/2026\/04\/06\/incendiario-detido-em-flagrante-em-santa-maria-da-feira\/"]}]},{"@type":"ImageObject","inLanguage":"pt-PT","@id":"https:\/\/portaltela.pt\/noticias\/2026\/04\/06\/incendiario-detido-em-flagrante-em-santa-maria-da-feira\/#primaryimage","url":"https:\/\/portaltela.pt\/s.01k8rhncp4jt1\/2026\/04\/e91b152d-42bd-4796-9bc4-2e3c75f46ed1_1200x675.jpg","contentUrl":"https:\/\/portaltela.pt\/s.01k8rhncp4jt1\/2026\/04\/e91b152d-42bd-4796-9bc4-2e3c75f46ed1_1200x675.jpg","width":796,"height":448,"caption":"Deten\u00e7\u00e3o acontece depois de terem surgido v\u00e1rios focos de inc\u00eandio na zona nos \u00faltimos dias"},{"@type":"BreadcrumbList","@id":"https:\/\/portaltela.pt\/noticias\/2026\/04\/06\/incendiario-detido-em-flagrante-em-santa-maria-da-feira\/#breadcrumb","itemListElement":[{"@type":"ListItem","position":1,"name":"In\u00edcio","item":"https:\/\/portaltela.pt\/"},{"@type":"ListItem","position":2,"name":"Incendi\u00e1rio detido em flagrante em Santa Maria da Feira"}]},{"@type":"WebSite","@id":"https:\/\/portaltela.pt\/#website","url":"https:\/\/portaltela.pt\/","name":"Portal Tela Portugal","description":"","potentialAction":[{"@type":"SearchAction","target":{"@type":"EntryPoint","urlTemplate":"https:\/\/portaltela.pt\/?s={search_term_string}"},"query-input":{"@type":"PropertyValueSpecification","valueRequired":true,"valueName":"search_term_string"}}],"inLanguage":"pt-PT"},{"@type":"Person","@id":"https:\/\/portaltela.pt\/#\/schema\/person\/c4278d4a6028830caff9ee44b42d32ed","name":"Telinha","image":{"@type":"ImageObject","inLanguage":"pt-PT","@id":"https:\/\/portaltela.pt\/s.01k8rhncp4jt1\/2025\/11\/talking-bot-125x125.png","url":"https:\/\/portaltela.pt\/s.01k8rhncp4jt1\/2025\/11\/talking-bot-125x125.png","contentUrl":"https:\/\/portaltela.pt\/s.01k8rhncp4jt1\/2025\/11\/talking-bot-125x125.png","caption":"Telinha"},"sameAs":["https:\/\/portaltela.pt\/"],"url":"https:\/\/portaltela.pt\/por\/367410592786\/"}]}},"_links":{"self":[{"href":"https:\/\/portaltela.pt\/api\/wp\/v2\/posts\/434462","targetHints":{"allow":["GET"]}}],"collection":[{"href":"https:\/\/portaltela.pt\/api\/wp\/v2\/posts"}],"about":[{"href":"https:\/\/portaltela.pt\/api\/wp\/v2\/types\/post"}],"author":[{"embeddable":true,"href":"https:\/\/portaltela.pt\/api\/wp\/v2\/users\/2"}],"replies":[{"embeddable":true,"href":"https:\/\/portaltela.pt\/api\/wp\/v2\/comments?post=434462"}],"version-history":[{"count":0,"href":"https:\/\/portaltela.pt\/api\/wp\/v2\/posts\/434462\/revisions"}],"wp:featuredmedia":[{"embeddable":true,"href":"https:\/\/portaltela.pt\/api\/wp\/v2\/media\/434463"}],"wp:attachment":[{"href":"https:\/\/portaltela.pt\/api\/wp\/v2\/media?parent=434462"}],"wp:term":[{"taxonomy":"category","embeddable":true,"href":"https:\/\/portaltela.pt\/api\/wp\/v2\/categories?post=434462"},{"taxonomy":"post_tag","embeddable":true,"href":"https:\/\/portaltela.pt\/api\/wp\/v2\/tags?post=434462"}],"curies":[{"name":"wp","href":"https:\/\/api.w.org\/{rel}","templated":true}]}}