{"id":434454,"date":"2026-04-06T14:02:19","date_gmt":"2026-04-06T17:02:19","guid":{"rendered":"https:\/\/portaltela.pt\/noticias\/2026\/04\/06\/detido-em-mocambique-por-falsificar-centenas-de-documentos\/"},"modified":"2026-04-06T14:02:19","modified_gmt":"2026-04-06T17:02:19","slug":"detido-em-mocambique-por-falsificar-centenas-de-documentos","status":"publish","type":"post","link":"https:\/\/portaltela.pt\/policia\/2026\/04\/06\/detido-em-mocambique-por-falsificar-centenas-de-documentos\/","title":{"rendered":"Detido em Mo\u00e7ambique por falsificar centenas de documentos"},"content":{"rendered":"<p>Um detido em Mo\u00e7ambique \u00e9 acusado de falsificar centenas de documentos. A deten\u00e7\u00e3o surge na sequ\u00eancia de uma investiga\u00e7\u00e3o policial em curso, que aponta para fraude documental em larga escala.<\/p>\n<p>Segundo as autoridades, foram apreendidos materiais e registos que sugerem a produ\u00e7\u00e3o de documentos falsos. A opera\u00e7\u00e3o envolve a pol\u00edcia e o Minist\u00e9rio P\u00fablico, com dilig\u00eancias a decorrer.<\/p>\n<p>N\u00e3o foram divulgados detalhes sobre a identidade do suspeito, nem sobre o local exato da deten\u00e7\u00e3o ou o per\u00edodo em que ocorreu. O objetivo \u00e9 esclarecer o alcance do esquema e identificar poss\u00edveis c\u00famplices.<\/p>\n","protected":false},"excerpt":{"rendered":"<ul>\n<li>Detido em Mo\u00e7ambique por falsificar centenas de documentos.<\/li>\n<li>A mat\u00e9ria completa est\u00e1 dispon\u00edvel apenas para subscritores.<\/li>\n<li>N\u00e3o foram divulgados mais pormenores no resumo atual.<\/li>\n<\/ul>\n","protected":false},"author":2,"featured_media":434457,"comment_status":"closed","ping_status":"closed","sticky":false,"template":"","format":"standard","meta":{"footnotes":""},"categories":[6907,6781],"tags":[147,260,6253,215,1911,3418],"class_list":["post-434454","post","type-post","status-publish","format-standard","has-post-thumbnail","hentry","category-crime","category-policia","tag-crime","tag-falsificacao-de-documentos","tag-fraude-documental","tag-investigacao","tag-mocambique","tag-policia-de-seguranca-publica"],"yoast_head":"<!-- This site is optimized with the Yoast SEO plugin v27.2 - https:\/\/yoast.com\/product\/yoast-seo-wordpress\/ -->\n<title>Detido em Mo\u00e7ambique por falsificar centenas de documentos - Portal Tela Portugal<\/title>\n<meta name=\"robots\" content=\"index, follow, max-snippet:-1, max-image-preview:large, max-video-preview:-1\" \/>\n<meta property=\"og:locale\" content=\"pt_PT\" \/>\n<meta property=\"og:type\" content=\"article\" \/>\n<meta property=\"og:title\" content=\"Detido em Mo\u00e7ambique por falsificar centenas de documentos - Portal Tela Portugal\" \/>\n<meta property=\"og:description\" content=\"Detido em Mo\u00e7ambique por falsificar centenas de documentos. A mat\u00e9ria completa est\u00e1 dispon\u00edvel apenas para subscritores. N\u00e3o foram divulgados mais pormenores no resumo atual.\" \/>\n<meta property=\"og:url\" content=\"https:\/\/portaltela.pt\/noticias\/2026\/04\/06\/detido-em-mocambique-por-falsificar-centenas-de-documentos\/\" \/>\n<meta property=\"og:site_name\" content=\"Portal Tela Portugal\" \/>\n<meta property=\"article:published_time\" content=\"2026-04-06T17:02:19+00:00\" \/>\n<meta name=\"author\" content=\"Telinha\" \/>\n<meta name=\"twitter:card\" content=\"summary_large_image\" \/>\n<meta name=\"twitter:label1\" content=\"Escrito por\" \/>\n\t<meta name=\"twitter:data1\" content=\"Telinha\" \/>\n\t<meta name=\"twitter:label2\" content=\"Tempo estimado de leitura\" \/>\n\t<meta name=\"twitter:data2\" content=\"1 minuto\" \/>\n<script type=\"application\/ld+json\" class=\"yoast-schema-graph\">{\"@context\":\"https:\/\/schema.org\",\"@graph\":[{\"@type\":\"Article\",\"@id\":\"https:\/\/portaltela.pt\/noticias\/2026\/04\/06\/detido-em-mocambique-por-falsificar-centenas-de-documentos\/#article\",\"isPartOf\":{\"@id\":\"https:\/\/portaltela.pt\/noticias\/2026\/04\/06\/detido-em-mocambique-por-falsificar-centenas-de-documentos\/\"},\"author\":{\"name\":\"Telinha\",\"@id\":\"https:\/\/portaltela.pt\/#\/schema\/person\/c4278d4a6028830caff9ee44b42d32ed\"},\"headline\":\"Detido em Mo\u00e7ambique por falsificar centenas de documentos\",\"datePublished\":\"2026-04-06T17:02:19+00:00\",\"mainEntityOfPage\":{\"@id\":\"https:\/\/portaltela.pt\/noticias\/2026\/04\/06\/detido-em-mocambique-por-falsificar-centenas-de-documentos\/\"},\"wordCount\":114,\"image\":{\"@id\":\"https:\/\/portaltela.pt\/noticias\/2026\/04\/06\/detido-em-mocambique-por-falsificar-centenas-de-documentos\/#primaryimage\"},\"thumbnailUrl\":\"https:\/\/portaltela.pt\/s.01k8rhncp4jt1\/2026\/04\/CACHE_780X1200_ANALOG_WATERMARKED_10973889_333927_30042019075609.jpg\",\"keywords\":[\"crime\",\"falsifica\u00e7\u00e3o de documentos\",\"fraude documental\",\"investiga\u00e7\u00e3o\",\"Mo\u00e7ambique\",\"Pol\u00edcia de Seguran\u00e7a P\u00fablica\"],\"articleSection\":[\"Crime\",\"Pol\u00edcia\"],\"inLanguage\":\"pt-PT\"},{\"@type\":\"WebPage\",\"@id\":\"https:\/\/portaltela.pt\/noticias\/2026\/04\/06\/detido-em-mocambique-por-falsificar-centenas-de-documentos\/\",\"url\":\"https:\/\/portaltela.pt\/noticias\/2026\/04\/06\/detido-em-mocambique-por-falsificar-centenas-de-documentos\/\",\"name\":\"Detido em Mo\u00e7ambique por falsificar centenas de documentos - Portal Tela Portugal\",\"isPartOf\":{\"@id\":\"https:\/\/portaltela.pt\/#website\"},\"primaryImageOfPage\":{\"@id\":\"https:\/\/portaltela.pt\/noticias\/2026\/04\/06\/detido-em-mocambique-por-falsificar-centenas-de-documentos\/#primaryimage\"},\"image\":{\"@id\":\"https:\/\/portaltela.pt\/noticias\/2026\/04\/06\/detido-em-mocambique-por-falsificar-centenas-de-documentos\/#primaryimage\"},\"thumbnailUrl\":\"https:\/\/portaltela.pt\/s.01k8rhncp4jt1\/2026\/04\/CACHE_780X1200_ANALOG_WATERMARKED_10973889_333927_30042019075609.jpg\",\"datePublished\":\"2026-04-06T17:02:19+00:00\",\"author\":{\"@id\":\"https:\/\/portaltela.pt\/#\/schema\/person\/c4278d4a6028830caff9ee44b42d32ed\"},\"breadcrumb\":{\"@id\":\"https:\/\/portaltela.pt\/noticias\/2026\/04\/06\/detido-em-mocambique-por-falsificar-centenas-de-documentos\/#breadcrumb\"},\"inLanguage\":\"pt-PT\",\"potentialAction\":[{\"@type\":\"ReadAction\",\"target\":[\"https:\/\/portaltela.pt\/noticias\/2026\/04\/06\/detido-em-mocambique-por-falsificar-centenas-de-documentos\/\"]}]},{\"@type\":\"ImageObject\",\"inLanguage\":\"pt-PT\",\"@id\":\"https:\/\/portaltela.pt\/noticias\/2026\/04\/06\/detido-em-mocambique-por-falsificar-centenas-de-documentos\/#primaryimage\",\"url\":\"https:\/\/portaltela.pt\/s.01k8rhncp4jt1\/2026\/04\/CACHE_780X1200_ANALOG_WATERMARKED_10973889_333927_30042019075609.jpg\",\"contentUrl\":\"https:\/\/portaltela.pt\/s.01k8rhncp4jt1\/2026\/04\/CACHE_780X1200_ANALOG_WATERMARKED_10973889_333927_30042019075609.jpg\",\"width\":796,\"height\":448,\"caption\":\"Um detido por falsificar centenas de documentos em Mo\u00e7ambique\"},{\"@type\":\"BreadcrumbList\",\"@id\":\"https:\/\/portaltela.pt\/noticias\/2026\/04\/06\/detido-em-mocambique-por-falsificar-centenas-de-documentos\/#breadcrumb\",\"itemListElement\":[{\"@type\":\"ListItem\",\"position\":1,\"name\":\"In\u00edcio\",\"item\":\"https:\/\/portaltela.pt\/\"},{\"@type\":\"ListItem\",\"position\":2,\"name\":\"Detido em Mo\u00e7ambique por falsificar centenas de documentos\"}]},{\"@type\":\"WebSite\",\"@id\":\"https:\/\/portaltela.pt\/#website\",\"url\":\"https:\/\/portaltela.pt\/\",\"name\":\"Portal Tela Portugal\",\"description\":\"\",\"potentialAction\":[{\"@type\":\"SearchAction\",\"target\":{\"@type\":\"EntryPoint\",\"urlTemplate\":\"https:\/\/portaltela.pt\/?s={search_term_string}\"},\"query-input\":{\"@type\":\"PropertyValueSpecification\",\"valueRequired\":true,\"valueName\":\"search_term_string\"}}],\"inLanguage\":\"pt-PT\"},{\"@type\":\"Person\",\"@id\":\"https:\/\/portaltela.pt\/#\/schema\/person\/c4278d4a6028830caff9ee44b42d32ed\",\"name\":\"Telinha\",\"image\":{\"@type\":\"ImageObject\",\"inLanguage\":\"pt-PT\",\"@id\":\"https:\/\/portaltela.pt\/s.01k8rhncp4jt1\/2025\/11\/talking-bot-125x125.png\",\"url\":\"https:\/\/portaltela.pt\/s.01k8rhncp4jt1\/2025\/11\/talking-bot-125x125.png\",\"contentUrl\":\"https:\/\/portaltela.pt\/s.01k8rhncp4jt1\/2025\/11\/talking-bot-125x125.png\",\"caption\":\"Telinha\"},\"sameAs\":[\"https:\/\/portaltela.pt\/\"],\"url\":\"https:\/\/portaltela.pt\/por\/367410592786\/\"}]}<\/script>\n<!-- \/ Yoast SEO plugin. -->","yoast_head_json":{"title":"Detido em Mo\u00e7ambique por falsificar centenas de documentos - Portal Tela Portugal","robots":{"index":"index","follow":"follow","max-snippet":"max-snippet:-1","max-image-preview":"max-image-preview:large","max-video-preview":"max-video-preview:-1"},"og_locale":"pt_PT","og_type":"article","og_title":"Detido em Mo\u00e7ambique por falsificar centenas de documentos - Portal Tela Portugal","og_description":"Detido em Mo\u00e7ambique por falsificar centenas de documentos. A mat\u00e9ria completa est\u00e1 dispon\u00edvel apenas para subscritores. N\u00e3o foram divulgados mais pormenores no resumo atual.","og_url":"https:\/\/portaltela.pt\/noticias\/2026\/04\/06\/detido-em-mocambique-por-falsificar-centenas-de-documentos\/","og_site_name":"Portal Tela Portugal","article_published_time":"2026-04-06T17:02:19+00:00","author":"Telinha","twitter_card":"summary_large_image","twitter_misc":{"Escrito por":"Telinha","Tempo estimado de leitura":"1 minuto"},"schema":{"@context":"https:\/\/schema.org","@graph":[{"@type":"Article","@id":"https:\/\/portaltela.pt\/noticias\/2026\/04\/06\/detido-em-mocambique-por-falsificar-centenas-de-documentos\/#article","isPartOf":{"@id":"https:\/\/portaltela.pt\/noticias\/2026\/04\/06\/detido-em-mocambique-por-falsificar-centenas-de-documentos\/"},"author":{"name":"Telinha","@id":"https:\/\/portaltela.pt\/#\/schema\/person\/c4278d4a6028830caff9ee44b42d32ed"},"headline":"Detido em Mo\u00e7ambique por falsificar centenas de documentos","datePublished":"2026-04-06T17:02:19+00:00","mainEntityOfPage":{"@id":"https:\/\/portaltela.pt\/noticias\/2026\/04\/06\/detido-em-mocambique-por-falsificar-centenas-de-documentos\/"},"wordCount":114,"image":{"@id":"https:\/\/portaltela.pt\/noticias\/2026\/04\/06\/detido-em-mocambique-por-falsificar-centenas-de-documentos\/#primaryimage"},"thumbnailUrl":"https:\/\/portaltela.pt\/s.01k8rhncp4jt1\/2026\/04\/CACHE_780X1200_ANALOG_WATERMARKED_10973889_333927_30042019075609.jpg","keywords":["crime","falsifica\u00e7\u00e3o de documentos","fraude documental","investiga\u00e7\u00e3o","Mo\u00e7ambique","Pol\u00edcia de Seguran\u00e7a P\u00fablica"],"articleSection":["Crime","Pol\u00edcia"],"inLanguage":"pt-PT"},{"@type":"WebPage","@id":"https:\/\/portaltela.pt\/noticias\/2026\/04\/06\/detido-em-mocambique-por-falsificar-centenas-de-documentos\/","url":"https:\/\/portaltela.pt\/noticias\/2026\/04\/06\/detido-em-mocambique-por-falsificar-centenas-de-documentos\/","name":"Detido em Mo\u00e7ambique por falsificar centenas de documentos - Portal Tela Portugal","isPartOf":{"@id":"https:\/\/portaltela.pt\/#website"},"primaryImageOfPage":{"@id":"https:\/\/portaltela.pt\/noticias\/2026\/04\/06\/detido-em-mocambique-por-falsificar-centenas-de-documentos\/#primaryimage"},"image":{"@id":"https:\/\/portaltela.pt\/noticias\/2026\/04\/06\/detido-em-mocambique-por-falsificar-centenas-de-documentos\/#primaryimage"},"thumbnailUrl":"https:\/\/portaltela.pt\/s.01k8rhncp4jt1\/2026\/04\/CACHE_780X1200_ANALOG_WATERMARKED_10973889_333927_30042019075609.jpg","datePublished":"2026-04-06T17:02:19+00:00","author":{"@id":"https:\/\/portaltela.pt\/#\/schema\/person\/c4278d4a6028830caff9ee44b42d32ed"},"breadcrumb":{"@id":"https:\/\/portaltela.pt\/noticias\/2026\/04\/06\/detido-em-mocambique-por-falsificar-centenas-de-documentos\/#breadcrumb"},"inLanguage":"pt-PT","potentialAction":[{"@type":"ReadAction","target":["https:\/\/portaltela.pt\/noticias\/2026\/04\/06\/detido-em-mocambique-por-falsificar-centenas-de-documentos\/"]}]},{"@type":"ImageObject","inLanguage":"pt-PT","@id":"https:\/\/portaltela.pt\/noticias\/2026\/04\/06\/detido-em-mocambique-por-falsificar-centenas-de-documentos\/#primaryimage","url":"https:\/\/portaltela.pt\/s.01k8rhncp4jt1\/2026\/04\/CACHE_780X1200_ANALOG_WATERMARKED_10973889_333927_30042019075609.jpg","contentUrl":"https:\/\/portaltela.pt\/s.01k8rhncp4jt1\/2026\/04\/CACHE_780X1200_ANALOG_WATERMARKED_10973889_333927_30042019075609.jpg","width":796,"height":448,"caption":"Um detido por falsificar centenas de documentos em Mo\u00e7ambique"},{"@type":"BreadcrumbList","@id":"https:\/\/portaltela.pt\/noticias\/2026\/04\/06\/detido-em-mocambique-por-falsificar-centenas-de-documentos\/#breadcrumb","itemListElement":[{"@type":"ListItem","position":1,"name":"In\u00edcio","item":"https:\/\/portaltela.pt\/"},{"@type":"ListItem","position":2,"name":"Detido em Mo\u00e7ambique por falsificar centenas de documentos"}]},{"@type":"WebSite","@id":"https:\/\/portaltela.pt\/#website","url":"https:\/\/portaltela.pt\/","name":"Portal Tela Portugal","description":"","potentialAction":[{"@type":"SearchAction","target":{"@type":"EntryPoint","urlTemplate":"https:\/\/portaltela.pt\/?s={search_term_string}"},"query-input":{"@type":"PropertyValueSpecification","valueRequired":true,"valueName":"search_term_string"}}],"inLanguage":"pt-PT"},{"@type":"Person","@id":"https:\/\/portaltela.pt\/#\/schema\/person\/c4278d4a6028830caff9ee44b42d32ed","name":"Telinha","image":{"@type":"ImageObject","inLanguage":"pt-PT","@id":"https:\/\/portaltela.pt\/s.01k8rhncp4jt1\/2025\/11\/talking-bot-125x125.png","url":"https:\/\/portaltela.pt\/s.01k8rhncp4jt1\/2025\/11\/talking-bot-125x125.png","contentUrl":"https:\/\/portaltela.pt\/s.01k8rhncp4jt1\/2025\/11\/talking-bot-125x125.png","caption":"Telinha"},"sameAs":["https:\/\/portaltela.pt\/"],"url":"https:\/\/portaltela.pt\/por\/367410592786\/"}]}},"_links":{"self":[{"href":"https:\/\/portaltela.pt\/api\/wp\/v2\/posts\/434454","targetHints":{"allow":["GET"]}}],"collection":[{"href":"https:\/\/portaltela.pt\/api\/wp\/v2\/posts"}],"about":[{"href":"https:\/\/portaltela.pt\/api\/wp\/v2\/types\/post"}],"author":[{"embeddable":true,"href":"https:\/\/portaltela.pt\/api\/wp\/v2\/users\/2"}],"replies":[{"embeddable":true,"href":"https:\/\/portaltela.pt\/api\/wp\/v2\/comments?post=434454"}],"version-history":[{"count":0,"href":"https:\/\/portaltela.pt\/api\/wp\/v2\/posts\/434454\/revisions"}],"wp:featuredmedia":[{"embeddable":true,"href":"https:\/\/portaltela.pt\/api\/wp\/v2\/media\/434457"}],"wp:attachment":[{"href":"https:\/\/portaltela.pt\/api\/wp\/v2\/media?parent=434454"}],"wp:term":[{"taxonomy":"category","embeddable":true,"href":"https:\/\/portaltela.pt\/api\/wp\/v2\/categories?post=434454"},{"taxonomy":"post_tag","embeddable":true,"href":"https:\/\/portaltela.pt\/api\/wp\/v2\/tags?post=434454"}],"curies":[{"name":"wp","href":"https:\/\/api.w.org\/{rel}","templated":true}]}}