{"id":434452,"date":"2026-04-06T14:02:17","date_gmt":"2026-04-06T17:02:17","guid":{"rendered":"https:\/\/portaltela.pt\/noticias\/2026\/04\/06\/dois-homens-detidos-em-flagrante-a-furtar-cabos-de-telecomunicacoes\/"},"modified":"2026-04-06T14:02:17","modified_gmt":"2026-04-06T17:02:17","slug":"dois-homens-detidos-em-flagrante-a-furtar-cabos-de-telecomunicacoes","status":"publish","type":"post","link":"https:\/\/portaltela.pt\/policia\/2026\/04\/06\/dois-homens-detidos-em-flagrante-a-furtar-cabos-de-telecomunicacoes\/","title":{"rendered":"Dois homens detidos em flagrante a furtar cabos de telecomunica\u00e7\u00f5es"},"content":{"rendered":"<p>A GNR do Fund\u00e3o deteve em flagrante dois homens por furto de cabos de telecomunica\u00e7\u00f5es, no \u00e2mbito de dilig\u00eancias para apurar falhas de comunica\u00e7\u00f5es na cidade.<\/p>\n<p>Durante as a\u00e7\u00f5es, foi apreendida uma quantidade relevante de material: 355 quilos de cabos de telecomunica\u00e7\u00f5es e itens associados ao furto.<\/p>\n<p>A deten\u00e7\u00e3o ocorreu hoje, 6 de abril de 2026, \u00e0s 17:54, no Fund\u00e3o, no distrito de Castelo Branco. As autoridades continuam a investigar as circunst\u00e2ncias do crime.<\/p>\n<h3>Investiga\u00e7\u00e3o e pr\u00f3ximos passos<\/h3>\n<p>Os suspeitos foram presentes a juiz, com o competente processo-crime, para aplica\u00e7\u00e3o de medidas de coa\u00e7\u00e3o. A GNR indica que a investiga\u00e7\u00e3o permanece em curso para esclarecer a origem dos cabos e o eventual circuito utilizado para o furto.<\/p>\n","protected":false},"excerpt":{"rendered":"<ul>\n<li>A GNR do Fund\u00e3o deteve dois homens em flagrante por furtar cabos de telecomunica\u00e7\u00f5es.<\/li>\n<li>A deten\u00e7\u00e3o ocorreu durante dilig\u00eancias ligadas a falhas de comunica\u00e7\u00f5es registadas na cidade.<\/li>\n<li>Foram apreendidos 355 quilos de cabos de telecomunica\u00e7\u00f5es.<\/li>\n<li>Os factos ocorreram no dia 06 de abril de 2026, \u00e0s 17:54.<\/li>\n<li>A opera\u00e7\u00e3o visa esclarecer o circuitos das falhas e recolher provas para o processo.<\/li>\n<\/ul>\n","protected":false},"author":2,"featured_media":434455,"comment_status":"closed","ping_status":"closed","sticky":false,"template":"","format":"standard","meta":{"footnotes":""},"categories":[6907,6781],"tags":[1112,147,2772,424,215,2171],"class_list":["post-434452","post","type-post","status-publish","format-standard","has-post-thumbnail","hentry","category-crime","category-policia","tag-castelo-branco","tag-crime","tag-fundao","tag-furto","tag-investigacao","tag-telecomunicacoes"],"yoast_head":"<!-- This site is optimized with the Yoast SEO plugin v27.2 - https:\/\/yoast.com\/product\/yoast-seo-wordpress\/ -->\n<title>Dois homens detidos em flagrante a furtar cabos de telecomunica\u00e7\u00f5es - Portal Tela Portugal<\/title>\n<meta name=\"robots\" content=\"index, follow, max-snippet:-1, max-image-preview:large, max-video-preview:-1\" \/>\n<meta property=\"og:locale\" content=\"pt_PT\" \/>\n<meta property=\"og:type\" content=\"article\" \/>\n<meta property=\"og:title\" content=\"Dois homens detidos em flagrante a furtar cabos de telecomunica\u00e7\u00f5es - Portal Tela Portugal\" \/>\n<meta property=\"og:description\" content=\"A GNR do Fund\u00e3o deteve dois homens em flagrante por furtar cabos de telecomunica\u00e7\u00f5es. A deten\u00e7\u00e3o ocorreu durante dilig\u00eancias ligadas a falhas de comunica\u00e7\u00f5es registadas na cidade. Foram apreendidos 355 quilos de cabos de telecomunica\u00e7\u00f5es. Os factos ocorreram no dia 06 de abril de 2026, \u00e0s 17:54. A opera\u00e7\u00e3o visa esclarecer o circuitos das falhas e recolher provas para o processo.\" \/>\n<meta property=\"og:url\" content=\"https:\/\/portaltela.pt\/noticias\/2026\/04\/06\/dois-homens-detidos-em-flagrante-a-furtar-cabos-de-telecomunicacoes\/\" \/>\n<meta property=\"og:site_name\" content=\"Portal Tela Portugal\" \/>\n<meta property=\"article:published_time\" content=\"2026-04-06T17:02:17+00:00\" \/>\n<meta name=\"author\" content=\"Telinha\" \/>\n<meta name=\"twitter:card\" content=\"summary_large_image\" \/>\n<meta name=\"twitter:label1\" content=\"Escrito por\" \/>\n\t<meta name=\"twitter:data1\" content=\"Telinha\" \/>\n\t<meta name=\"twitter:label2\" content=\"Tempo estimado de leitura\" \/>\n\t<meta name=\"twitter:data2\" content=\"1 minuto\" \/>\n<script type=\"application\/ld+json\" class=\"yoast-schema-graph\">{\"@context\":\"https:\/\/schema.org\",\"@graph\":[{\"@type\":\"Article\",\"@id\":\"https:\/\/portaltela.pt\/noticias\/2026\/04\/06\/dois-homens-detidos-em-flagrante-a-furtar-cabos-de-telecomunicacoes\/#article\",\"isPartOf\":{\"@id\":\"https:\/\/portaltela.pt\/noticias\/2026\/04\/06\/dois-homens-detidos-em-flagrante-a-furtar-cabos-de-telecomunicacoes\/\"},\"author\":{\"name\":\"Telinha\",\"@id\":\"https:\/\/portaltela.pt\/#\/schema\/person\/c4278d4a6028830caff9ee44b42d32ed\"},\"headline\":\"Dois homens detidos em flagrante a furtar cabos de telecomunica\u00e7\u00f5es\",\"datePublished\":\"2026-04-06T17:02:17+00:00\",\"mainEntityOfPage\":{\"@id\":\"https:\/\/portaltela.pt\/noticias\/2026\/04\/06\/dois-homens-detidos-em-flagrante-a-furtar-cabos-de-telecomunicacoes\/\"},\"wordCount\":138,\"image\":{\"@id\":\"https:\/\/portaltela.pt\/noticias\/2026\/04\/06\/dois-homens-detidos-em-flagrante-a-furtar-cabos-de-telecomunicacoes\/#primaryimage\"},\"thumbnailUrl\":\"https:\/\/portaltela.pt\/s.01k8rhncp4jt1\/2026\/04\/img_1280x722uu2026-04-06-17-53-33-2276893.jpg\",\"keywords\":[\"Castelo Branco\",\"crime\",\"Fund\u00e3o\",\"furto\",\"investiga\u00e7\u00e3o\",\"telecomunica\u00e7\u00f5es\"],\"articleSection\":[\"Crime\",\"Pol\u00edcia\"],\"inLanguage\":\"pt-PT\"},{\"@type\":\"WebPage\",\"@id\":\"https:\/\/portaltela.pt\/noticias\/2026\/04\/06\/dois-homens-detidos-em-flagrante-a-furtar-cabos-de-telecomunicacoes\/\",\"url\":\"https:\/\/portaltela.pt\/noticias\/2026\/04\/06\/dois-homens-detidos-em-flagrante-a-furtar-cabos-de-telecomunicacoes\/\",\"name\":\"Dois homens detidos em flagrante a furtar cabos de telecomunica\u00e7\u00f5es - Portal Tela Portugal\",\"isPartOf\":{\"@id\":\"https:\/\/portaltela.pt\/#website\"},\"primaryImageOfPage\":{\"@id\":\"https:\/\/portaltela.pt\/noticias\/2026\/04\/06\/dois-homens-detidos-em-flagrante-a-furtar-cabos-de-telecomunicacoes\/#primaryimage\"},\"image\":{\"@id\":\"https:\/\/portaltela.pt\/noticias\/2026\/04\/06\/dois-homens-detidos-em-flagrante-a-furtar-cabos-de-telecomunicacoes\/#primaryimage\"},\"thumbnailUrl\":\"https:\/\/portaltela.pt\/s.01k8rhncp4jt1\/2026\/04\/img_1280x722uu2026-04-06-17-53-33-2276893.jpg\",\"datePublished\":\"2026-04-06T17:02:17+00:00\",\"author\":{\"@id\":\"https:\/\/portaltela.pt\/#\/schema\/person\/c4278d4a6028830caff9ee44b42d32ed\"},\"breadcrumb\":{\"@id\":\"https:\/\/portaltela.pt\/noticias\/2026\/04\/06\/dois-homens-detidos-em-flagrante-a-furtar-cabos-de-telecomunicacoes\/#breadcrumb\"},\"inLanguage\":\"pt-PT\",\"potentialAction\":[{\"@type\":\"ReadAction\",\"target\":[\"https:\/\/portaltela.pt\/noticias\/2026\/04\/06\/dois-homens-detidos-em-flagrante-a-furtar-cabos-de-telecomunicacoes\/\"]}]},{\"@type\":\"ImageObject\",\"inLanguage\":\"pt-PT\",\"@id\":\"https:\/\/portaltela.pt\/noticias\/2026\/04\/06\/dois-homens-detidos-em-flagrante-a-furtar-cabos-de-telecomunicacoes\/#primaryimage\",\"url\":\"https:\/\/portaltela.pt\/s.01k8rhncp4jt1\/2026\/04\/img_1280x722uu2026-04-06-17-53-33-2276893.jpg\",\"contentUrl\":\"https:\/\/portaltela.pt\/s.01k8rhncp4jt1\/2026\/04\/img_1280x722uu2026-04-06-17-53-33-2276893.jpg\",\"width\":796,\"height\":448,\"caption\":\"Photo\"},{\"@type\":\"BreadcrumbList\",\"@id\":\"https:\/\/portaltela.pt\/noticias\/2026\/04\/06\/dois-homens-detidos-em-flagrante-a-furtar-cabos-de-telecomunicacoes\/#breadcrumb\",\"itemListElement\":[{\"@type\":\"ListItem\",\"position\":1,\"name\":\"In\u00edcio\",\"item\":\"https:\/\/portaltela.pt\/\"},{\"@type\":\"ListItem\",\"position\":2,\"name\":\"Dois homens detidos em flagrante a furtar cabos de telecomunica\u00e7\u00f5es\"}]},{\"@type\":\"WebSite\",\"@id\":\"https:\/\/portaltela.pt\/#website\",\"url\":\"https:\/\/portaltela.pt\/\",\"name\":\"Portal Tela Portugal\",\"description\":\"\",\"potentialAction\":[{\"@type\":\"SearchAction\",\"target\":{\"@type\":\"EntryPoint\",\"urlTemplate\":\"https:\/\/portaltela.pt\/?s={search_term_string}\"},\"query-input\":{\"@type\":\"PropertyValueSpecification\",\"valueRequired\":true,\"valueName\":\"search_term_string\"}}],\"inLanguage\":\"pt-PT\"},{\"@type\":\"Person\",\"@id\":\"https:\/\/portaltela.pt\/#\/schema\/person\/c4278d4a6028830caff9ee44b42d32ed\",\"name\":\"Telinha\",\"image\":{\"@type\":\"ImageObject\",\"inLanguage\":\"pt-PT\",\"@id\":\"https:\/\/portaltela.pt\/s.01k8rhncp4jt1\/2025\/11\/talking-bot-125x125.png\",\"url\":\"https:\/\/portaltela.pt\/s.01k8rhncp4jt1\/2025\/11\/talking-bot-125x125.png\",\"contentUrl\":\"https:\/\/portaltela.pt\/s.01k8rhncp4jt1\/2025\/11\/talking-bot-125x125.png\",\"caption\":\"Telinha\"},\"sameAs\":[\"https:\/\/portaltela.pt\/\"],\"url\":\"https:\/\/portaltela.pt\/por\/367410592786\/\"}]}<\/script>\n<!-- \/ Yoast SEO plugin. -->","yoast_head_json":{"title":"Dois homens detidos em flagrante a furtar cabos de telecomunica\u00e7\u00f5es - Portal Tela Portugal","robots":{"index":"index","follow":"follow","max-snippet":"max-snippet:-1","max-image-preview":"max-image-preview:large","max-video-preview":"max-video-preview:-1"},"og_locale":"pt_PT","og_type":"article","og_title":"Dois homens detidos em flagrante a furtar cabos de telecomunica\u00e7\u00f5es - Portal Tela Portugal","og_description":"A GNR do Fund\u00e3o deteve dois homens em flagrante por furtar cabos de telecomunica\u00e7\u00f5es. A deten\u00e7\u00e3o ocorreu durante dilig\u00eancias ligadas a falhas de comunica\u00e7\u00f5es registadas na cidade. Foram apreendidos 355 quilos de cabos de telecomunica\u00e7\u00f5es. Os factos ocorreram no dia 06 de abril de 2026, \u00e0s 17:54. A opera\u00e7\u00e3o visa esclarecer o circuitos das falhas e recolher provas para o processo.","og_url":"https:\/\/portaltela.pt\/noticias\/2026\/04\/06\/dois-homens-detidos-em-flagrante-a-furtar-cabos-de-telecomunicacoes\/","og_site_name":"Portal Tela Portugal","article_published_time":"2026-04-06T17:02:17+00:00","author":"Telinha","twitter_card":"summary_large_image","twitter_misc":{"Escrito por":"Telinha","Tempo estimado de leitura":"1 minuto"},"schema":{"@context":"https:\/\/schema.org","@graph":[{"@type":"Article","@id":"https:\/\/portaltela.pt\/noticias\/2026\/04\/06\/dois-homens-detidos-em-flagrante-a-furtar-cabos-de-telecomunicacoes\/#article","isPartOf":{"@id":"https:\/\/portaltela.pt\/noticias\/2026\/04\/06\/dois-homens-detidos-em-flagrante-a-furtar-cabos-de-telecomunicacoes\/"},"author":{"name":"Telinha","@id":"https:\/\/portaltela.pt\/#\/schema\/person\/c4278d4a6028830caff9ee44b42d32ed"},"headline":"Dois homens detidos em flagrante a furtar cabos de telecomunica\u00e7\u00f5es","datePublished":"2026-04-06T17:02:17+00:00","mainEntityOfPage":{"@id":"https:\/\/portaltela.pt\/noticias\/2026\/04\/06\/dois-homens-detidos-em-flagrante-a-furtar-cabos-de-telecomunicacoes\/"},"wordCount":138,"image":{"@id":"https:\/\/portaltela.pt\/noticias\/2026\/04\/06\/dois-homens-detidos-em-flagrante-a-furtar-cabos-de-telecomunicacoes\/#primaryimage"},"thumbnailUrl":"https:\/\/portaltela.pt\/s.01k8rhncp4jt1\/2026\/04\/img_1280x722uu2026-04-06-17-53-33-2276893.jpg","keywords":["Castelo Branco","crime","Fund\u00e3o","furto","investiga\u00e7\u00e3o","telecomunica\u00e7\u00f5es"],"articleSection":["Crime","Pol\u00edcia"],"inLanguage":"pt-PT"},{"@type":"WebPage","@id":"https:\/\/portaltela.pt\/noticias\/2026\/04\/06\/dois-homens-detidos-em-flagrante-a-furtar-cabos-de-telecomunicacoes\/","url":"https:\/\/portaltela.pt\/noticias\/2026\/04\/06\/dois-homens-detidos-em-flagrante-a-furtar-cabos-de-telecomunicacoes\/","name":"Dois homens detidos em flagrante a furtar cabos de telecomunica\u00e7\u00f5es - Portal Tela Portugal","isPartOf":{"@id":"https:\/\/portaltela.pt\/#website"},"primaryImageOfPage":{"@id":"https:\/\/portaltela.pt\/noticias\/2026\/04\/06\/dois-homens-detidos-em-flagrante-a-furtar-cabos-de-telecomunicacoes\/#primaryimage"},"image":{"@id":"https:\/\/portaltela.pt\/noticias\/2026\/04\/06\/dois-homens-detidos-em-flagrante-a-furtar-cabos-de-telecomunicacoes\/#primaryimage"},"thumbnailUrl":"https:\/\/portaltela.pt\/s.01k8rhncp4jt1\/2026\/04\/img_1280x722uu2026-04-06-17-53-33-2276893.jpg","datePublished":"2026-04-06T17:02:17+00:00","author":{"@id":"https:\/\/portaltela.pt\/#\/schema\/person\/c4278d4a6028830caff9ee44b42d32ed"},"breadcrumb":{"@id":"https:\/\/portaltela.pt\/noticias\/2026\/04\/06\/dois-homens-detidos-em-flagrante-a-furtar-cabos-de-telecomunicacoes\/#breadcrumb"},"inLanguage":"pt-PT","potentialAction":[{"@type":"ReadAction","target":["https:\/\/portaltela.pt\/noticias\/2026\/04\/06\/dois-homens-detidos-em-flagrante-a-furtar-cabos-de-telecomunicacoes\/"]}]},{"@type":"ImageObject","inLanguage":"pt-PT","@id":"https:\/\/portaltela.pt\/noticias\/2026\/04\/06\/dois-homens-detidos-em-flagrante-a-furtar-cabos-de-telecomunicacoes\/#primaryimage","url":"https:\/\/portaltela.pt\/s.01k8rhncp4jt1\/2026\/04\/img_1280x722uu2026-04-06-17-53-33-2276893.jpg","contentUrl":"https:\/\/portaltela.pt\/s.01k8rhncp4jt1\/2026\/04\/img_1280x722uu2026-04-06-17-53-33-2276893.jpg","width":796,"height":448,"caption":"Photo"},{"@type":"BreadcrumbList","@id":"https:\/\/portaltela.pt\/noticias\/2026\/04\/06\/dois-homens-detidos-em-flagrante-a-furtar-cabos-de-telecomunicacoes\/#breadcrumb","itemListElement":[{"@type":"ListItem","position":1,"name":"In\u00edcio","item":"https:\/\/portaltela.pt\/"},{"@type":"ListItem","position":2,"name":"Dois homens detidos em flagrante a furtar cabos de telecomunica\u00e7\u00f5es"}]},{"@type":"WebSite","@id":"https:\/\/portaltela.pt\/#website","url":"https:\/\/portaltela.pt\/","name":"Portal Tela Portugal","description":"","potentialAction":[{"@type":"SearchAction","target":{"@type":"EntryPoint","urlTemplate":"https:\/\/portaltela.pt\/?s={search_term_string}"},"query-input":{"@type":"PropertyValueSpecification","valueRequired":true,"valueName":"search_term_string"}}],"inLanguage":"pt-PT"},{"@type":"Person","@id":"https:\/\/portaltela.pt\/#\/schema\/person\/c4278d4a6028830caff9ee44b42d32ed","name":"Telinha","image":{"@type":"ImageObject","inLanguage":"pt-PT","@id":"https:\/\/portaltela.pt\/s.01k8rhncp4jt1\/2025\/11\/talking-bot-125x125.png","url":"https:\/\/portaltela.pt\/s.01k8rhncp4jt1\/2025\/11\/talking-bot-125x125.png","contentUrl":"https:\/\/portaltela.pt\/s.01k8rhncp4jt1\/2025\/11\/talking-bot-125x125.png","caption":"Telinha"},"sameAs":["https:\/\/portaltela.pt\/"],"url":"https:\/\/portaltela.pt\/por\/367410592786\/"}]}},"_links":{"self":[{"href":"https:\/\/portaltela.pt\/api\/wp\/v2\/posts\/434452","targetHints":{"allow":["GET"]}}],"collection":[{"href":"https:\/\/portaltela.pt\/api\/wp\/v2\/posts"}],"about":[{"href":"https:\/\/portaltela.pt\/api\/wp\/v2\/types\/post"}],"author":[{"embeddable":true,"href":"https:\/\/portaltela.pt\/api\/wp\/v2\/users\/2"}],"replies":[{"embeddable":true,"href":"https:\/\/portaltela.pt\/api\/wp\/v2\/comments?post=434452"}],"version-history":[{"count":0,"href":"https:\/\/portaltela.pt\/api\/wp\/v2\/posts\/434452\/revisions"}],"wp:featuredmedia":[{"embeddable":true,"href":"https:\/\/portaltela.pt\/api\/wp\/v2\/media\/434455"}],"wp:attachment":[{"href":"https:\/\/portaltela.pt\/api\/wp\/v2\/media?parent=434452"}],"wp:term":[{"taxonomy":"category","embeddable":true,"href":"https:\/\/portaltela.pt\/api\/wp\/v2\/categories?post=434452"},{"taxonomy":"post_tag","embeddable":true,"href":"https:\/\/portaltela.pt\/api\/wp\/v2\/tags?post=434452"}],"curies":[{"name":"wp","href":"https:\/\/api.w.org\/{rel}","templated":true}]}}