{"id":434443,"date":"2026-04-06T13:47:17","date_gmt":"2026-04-06T16:47:17","guid":{"rendered":"https:\/\/portaltela.pt\/noticias\/2026\/04\/06\/francisco-cabral-afastado-em-monte-carlo-na-estreia-com-joe-salisbury\/"},"modified":"2026-04-06T13:47:17","modified_gmt":"2026-04-06T16:47:17","slug":"francisco-cabral-afastado-em-monte-carlo-na-estreia-com-joe-salisbury","status":"publish","type":"post","link":"https:\/\/portaltela.pt\/desporto\/futebol\/2026\/04\/06\/francisco-cabral-afastado-em-monte-carlo-na-estreia-com-joe-salisbury\/","title":{"rendered":"Francisco Cabral afastado em Monte Carlo na estreia com Joe Salisbury"},"content":{"rendered":"<p>O tenista portugu\u00eas Francisco Cabral estreou-se ao lado do brit\u00e2nico Joe Salisbury no Masters 1000 de Monte Carlo, mas foi afastado na primeira ronda ao perder frente \u00e0 dupla monegasca Hugo Nys e Edouard Roger-Vasselin. O encontro terminou em 2 sets a 0, com 6-4 e 7-6 (7-2), ap\u00f3s 1 hora e 40 minutos.<\/p>\n<p>A parceria Cabral-Salisbury significava a primeira vez em conjunto, com Cabral na 21.\u00aa posi\u00e7\u00e3o da hierarquia de pares e Salisbury na 8.\u00aa. A dupla luso-brit\u00e2nica at\u00e9 criou op\u00e7\u00f5es de fazer o terceiro set, mas desperdi\u00e7ou uma vantagem de 4-1 no segundo parcial.<\/p>\n<h3>Desfecho<\/h3>\n<p>No segundo set, Nys e Roger-Vasselin estiveram em vantagem clara, chegaram a liderar 4-1 e viram Cabral e Salisbury encurtar, sem conseguir fechar a recupera\u00e7\u00e3o. O encontro confirmou-se com vit\u00f3ria dos monegascos, assegurando passagem de ronda para a dupla advers\u00e1ria.<\/p>\n","protected":false},"excerpt":{"rendered":"<ul>\n<li>Francisco Cabral estreou-se ao lado de Joe Salisbury no Masters 1000 de Monte Carlo, mas foi eliminado na primeira ronda.<\/li>\n<li>A dupla luso-brit\u00e2nica perdeu frente \u00e0 dupla monegasca Hugo Nys e Edouard Roger-Vasselin.<\/li>\n<li>O encontro terminou em dois sets, com 6-4 e 7-6 (7-2), durando uma hora e 40 minutos.<\/li>\n<li>Cabral \u00e9 o 21.\u00ba da hierarquia de pares, enquanto Salisbury est\u00e1 em 8.\u00ba lugar.<\/li>\n<li>Os portugueses chegaram a ter uma janela de final de segundo set, mas falharam uma vantagem de 4-1.<\/li>\n<\/ul>\n","protected":false},"author":2,"featured_media":434446,"comment_status":"closed","ping_status":"closed","sticky":false,"template":"","format":"standard","meta":{"footnotes":""},"categories":[21,24],"tags":[5885,81,1014,94,2713],"class_list":["post-434443","post","type-post","status-publish","format-standard","has-post-thumbnail","hentry","category-desporto","category-futebol","tag-duplas","tag-internacionais","tag-portugal","tag-tenis","tag-tenistas"],"yoast_head":"<!-- This site is optimized with the Yoast SEO plugin v27.2 - https:\/\/yoast.com\/product\/yoast-seo-wordpress\/ -->\n<title>Francisco Cabral afastado em Monte Carlo na estreia com Joe Salisbury - Portal Tela Portugal<\/title>\n<meta name=\"robots\" content=\"index, follow, max-snippet:-1, max-image-preview:large, max-video-preview:-1\" \/>\n<meta property=\"og:locale\" content=\"pt_PT\" \/>\n<meta property=\"og:type\" content=\"article\" \/>\n<meta property=\"og:title\" content=\"Francisco Cabral afastado em Monte Carlo na estreia com Joe Salisbury - Portal Tela Portugal\" \/>\n<meta property=\"og:description\" content=\"Francisco Cabral estreou-se ao lado de Joe Salisbury no Masters 1000 de Monte Carlo, mas foi eliminado na primeira ronda. A dupla luso-brit\u00e2nica perdeu frente \u00e0 dupla monegasca Hugo Nys e Edouard Roger-Vasselin. O encontro terminou em dois sets, com 6-4 e 7-6 (7-2), durando uma hora e 40 minutos. Cabral \u00e9 o 21.\u00ba da hierarquia de pares, enquanto Salisbury est\u00e1 em 8.\u00ba lugar. Os portugueses chegaram a ter uma janela de final de segundo set, mas falharam uma vantagem de 4-1.\" \/>\n<meta property=\"og:url\" content=\"https:\/\/portaltela.pt\/noticias\/2026\/04\/06\/francisco-cabral-afastado-em-monte-carlo-na-estreia-com-joe-salisbury\/\" \/>\n<meta property=\"og:site_name\" content=\"Portal Tela Portugal\" \/>\n<meta property=\"article:published_time\" content=\"2026-04-06T16:47:17+00:00\" \/>\n<meta name=\"author\" content=\"Telinha\" \/>\n<meta name=\"twitter:card\" content=\"summary_large_image\" \/>\n<meta name=\"twitter:label1\" content=\"Escrito por\" \/>\n\t<meta name=\"twitter:data1\" content=\"Telinha\" \/>\n\t<meta name=\"twitter:label2\" content=\"Tempo estimado de leitura\" \/>\n\t<meta name=\"twitter:data2\" content=\"1 minuto\" \/>\n<script type=\"application\/ld+json\" class=\"yoast-schema-graph\">{\"@context\":\"https:\/\/schema.org\",\"@graph\":[{\"@type\":\"Article\",\"@id\":\"https:\/\/portaltela.pt\/noticias\/2026\/04\/06\/francisco-cabral-afastado-em-monte-carlo-na-estreia-com-joe-salisbury\/#article\",\"isPartOf\":{\"@id\":\"https:\/\/portaltela.pt\/noticias\/2026\/04\/06\/francisco-cabral-afastado-em-monte-carlo-na-estreia-com-joe-salisbury\/\"},\"author\":{\"name\":\"Telinha\",\"@id\":\"https:\/\/portaltela.pt\/#\/schema\/person\/c4278d4a6028830caff9ee44b42d32ed\"},\"headline\":\"Francisco Cabral afastado em Monte Carlo na estreia com Joe Salisbury\",\"datePublished\":\"2026-04-06T16:47:17+00:00\",\"mainEntityOfPage\":{\"@id\":\"https:\/\/portaltela.pt\/noticias\/2026\/04\/06\/francisco-cabral-afastado-em-monte-carlo-na-estreia-com-joe-salisbury\/\"},\"wordCount\":150,\"image\":{\"@id\":\"https:\/\/portaltela.pt\/noticias\/2026\/04\/06\/francisco-cabral-afastado-em-monte-carlo-na-estreia-com-joe-salisbury\/#primaryimage\"},\"thumbnailUrl\":\"https:\/\/portaltela.pt\/s.01k8rhncp4jt1\/2026\/04\/image-334.jpg\",\"keywords\":[\"duplas\",\"internacionais\",\"Portugal\",\"t\u00eanis\",\"tenistas\"],\"articleSection\":[\"Desporto\",\"Futebol\"],\"inLanguage\":\"pt-PT\"},{\"@type\":\"WebPage\",\"@id\":\"https:\/\/portaltela.pt\/noticias\/2026\/04\/06\/francisco-cabral-afastado-em-monte-carlo-na-estreia-com-joe-salisbury\/\",\"url\":\"https:\/\/portaltela.pt\/noticias\/2026\/04\/06\/francisco-cabral-afastado-em-monte-carlo-na-estreia-com-joe-salisbury\/\",\"name\":\"Francisco Cabral afastado em Monte Carlo na estreia com Joe Salisbury - Portal Tela Portugal\",\"isPartOf\":{\"@id\":\"https:\/\/portaltela.pt\/#website\"},\"primaryImageOfPage\":{\"@id\":\"https:\/\/portaltela.pt\/noticias\/2026\/04\/06\/francisco-cabral-afastado-em-monte-carlo-na-estreia-com-joe-salisbury\/#primaryimage\"},\"image\":{\"@id\":\"https:\/\/portaltela.pt\/noticias\/2026\/04\/06\/francisco-cabral-afastado-em-monte-carlo-na-estreia-com-joe-salisbury\/#primaryimage\"},\"thumbnailUrl\":\"https:\/\/portaltela.pt\/s.01k8rhncp4jt1\/2026\/04\/image-334.jpg\",\"datePublished\":\"2026-04-06T16:47:17+00:00\",\"author\":{\"@id\":\"https:\/\/portaltela.pt\/#\/schema\/person\/c4278d4a6028830caff9ee44b42d32ed\"},\"breadcrumb\":{\"@id\":\"https:\/\/portaltela.pt\/noticias\/2026\/04\/06\/francisco-cabral-afastado-em-monte-carlo-na-estreia-com-joe-salisbury\/#breadcrumb\"},\"inLanguage\":\"pt-PT\",\"potentialAction\":[{\"@type\":\"ReadAction\",\"target\":[\"https:\/\/portaltela.pt\/noticias\/2026\/04\/06\/francisco-cabral-afastado-em-monte-carlo-na-estreia-com-joe-salisbury\/\"]}]},{\"@type\":\"ImageObject\",\"inLanguage\":\"pt-PT\",\"@id\":\"https:\/\/portaltela.pt\/noticias\/2026\/04\/06\/francisco-cabral-afastado-em-monte-carlo-na-estreia-com-joe-salisbury\/#primaryimage\",\"url\":\"https:\/\/portaltela.pt\/s.01k8rhncp4jt1\/2026\/04\/image-334.jpg\",\"contentUrl\":\"https:\/\/portaltela.pt\/s.01k8rhncp4jt1\/2026\/04\/image-334.jpg\",\"width\":796,\"height\":448,\"caption\":\"Francisco Cabral\"},{\"@type\":\"BreadcrumbList\",\"@id\":\"https:\/\/portaltela.pt\/noticias\/2026\/04\/06\/francisco-cabral-afastado-em-monte-carlo-na-estreia-com-joe-salisbury\/#breadcrumb\",\"itemListElement\":[{\"@type\":\"ListItem\",\"position\":1,\"name\":\"In\u00edcio\",\"item\":\"https:\/\/portaltela.pt\/\"},{\"@type\":\"ListItem\",\"position\":2,\"name\":\"Francisco Cabral afastado em Monte Carlo na estreia com Joe Salisbury\"}]},{\"@type\":\"WebSite\",\"@id\":\"https:\/\/portaltela.pt\/#website\",\"url\":\"https:\/\/portaltela.pt\/\",\"name\":\"Portal Tela Portugal\",\"description\":\"\",\"potentialAction\":[{\"@type\":\"SearchAction\",\"target\":{\"@type\":\"EntryPoint\",\"urlTemplate\":\"https:\/\/portaltela.pt\/?s={search_term_string}\"},\"query-input\":{\"@type\":\"PropertyValueSpecification\",\"valueRequired\":true,\"valueName\":\"search_term_string\"}}],\"inLanguage\":\"pt-PT\"},{\"@type\":\"Person\",\"@id\":\"https:\/\/portaltela.pt\/#\/schema\/person\/c4278d4a6028830caff9ee44b42d32ed\",\"name\":\"Telinha\",\"image\":{\"@type\":\"ImageObject\",\"inLanguage\":\"pt-PT\",\"@id\":\"https:\/\/portaltela.pt\/s.01k8rhncp4jt1\/2025\/11\/talking-bot-125x125.png\",\"url\":\"https:\/\/portaltela.pt\/s.01k8rhncp4jt1\/2025\/11\/talking-bot-125x125.png\",\"contentUrl\":\"https:\/\/portaltela.pt\/s.01k8rhncp4jt1\/2025\/11\/talking-bot-125x125.png\",\"caption\":\"Telinha\"},\"sameAs\":[\"https:\/\/portaltela.pt\/\"],\"url\":\"https:\/\/portaltela.pt\/por\/367410592786\/\"}]}<\/script>\n<!-- \/ Yoast SEO plugin. -->","yoast_head_json":{"title":"Francisco Cabral afastado em Monte Carlo na estreia com Joe Salisbury - Portal Tela Portugal","robots":{"index":"index","follow":"follow","max-snippet":"max-snippet:-1","max-image-preview":"max-image-preview:large","max-video-preview":"max-video-preview:-1"},"og_locale":"pt_PT","og_type":"article","og_title":"Francisco Cabral afastado em Monte Carlo na estreia com Joe Salisbury - Portal Tela Portugal","og_description":"Francisco Cabral estreou-se ao lado de Joe Salisbury no Masters 1000 de Monte Carlo, mas foi eliminado na primeira ronda. A dupla luso-brit\u00e2nica perdeu frente \u00e0 dupla monegasca Hugo Nys e Edouard Roger-Vasselin. O encontro terminou em dois sets, com 6-4 e 7-6 (7-2), durando uma hora e 40 minutos. Cabral \u00e9 o 21.\u00ba da hierarquia de pares, enquanto Salisbury est\u00e1 em 8.\u00ba lugar. Os portugueses chegaram a ter uma janela de final de segundo set, mas falharam uma vantagem de 4-1.","og_url":"https:\/\/portaltela.pt\/noticias\/2026\/04\/06\/francisco-cabral-afastado-em-monte-carlo-na-estreia-com-joe-salisbury\/","og_site_name":"Portal Tela Portugal","article_published_time":"2026-04-06T16:47:17+00:00","author":"Telinha","twitter_card":"summary_large_image","twitter_misc":{"Escrito por":"Telinha","Tempo estimado de leitura":"1 minuto"},"schema":{"@context":"https:\/\/schema.org","@graph":[{"@type":"Article","@id":"https:\/\/portaltela.pt\/noticias\/2026\/04\/06\/francisco-cabral-afastado-em-monte-carlo-na-estreia-com-joe-salisbury\/#article","isPartOf":{"@id":"https:\/\/portaltela.pt\/noticias\/2026\/04\/06\/francisco-cabral-afastado-em-monte-carlo-na-estreia-com-joe-salisbury\/"},"author":{"name":"Telinha","@id":"https:\/\/portaltela.pt\/#\/schema\/person\/c4278d4a6028830caff9ee44b42d32ed"},"headline":"Francisco Cabral afastado em Monte Carlo na estreia com Joe Salisbury","datePublished":"2026-04-06T16:47:17+00:00","mainEntityOfPage":{"@id":"https:\/\/portaltela.pt\/noticias\/2026\/04\/06\/francisco-cabral-afastado-em-monte-carlo-na-estreia-com-joe-salisbury\/"},"wordCount":150,"image":{"@id":"https:\/\/portaltela.pt\/noticias\/2026\/04\/06\/francisco-cabral-afastado-em-monte-carlo-na-estreia-com-joe-salisbury\/#primaryimage"},"thumbnailUrl":"https:\/\/portaltela.pt\/s.01k8rhncp4jt1\/2026\/04\/image-334.jpg","keywords":["duplas","internacionais","Portugal","t\u00eanis","tenistas"],"articleSection":["Desporto","Futebol"],"inLanguage":"pt-PT"},{"@type":"WebPage","@id":"https:\/\/portaltela.pt\/noticias\/2026\/04\/06\/francisco-cabral-afastado-em-monte-carlo-na-estreia-com-joe-salisbury\/","url":"https:\/\/portaltela.pt\/noticias\/2026\/04\/06\/francisco-cabral-afastado-em-monte-carlo-na-estreia-com-joe-salisbury\/","name":"Francisco Cabral afastado em Monte Carlo na estreia com Joe Salisbury - Portal Tela Portugal","isPartOf":{"@id":"https:\/\/portaltela.pt\/#website"},"primaryImageOfPage":{"@id":"https:\/\/portaltela.pt\/noticias\/2026\/04\/06\/francisco-cabral-afastado-em-monte-carlo-na-estreia-com-joe-salisbury\/#primaryimage"},"image":{"@id":"https:\/\/portaltela.pt\/noticias\/2026\/04\/06\/francisco-cabral-afastado-em-monte-carlo-na-estreia-com-joe-salisbury\/#primaryimage"},"thumbnailUrl":"https:\/\/portaltela.pt\/s.01k8rhncp4jt1\/2026\/04\/image-334.jpg","datePublished":"2026-04-06T16:47:17+00:00","author":{"@id":"https:\/\/portaltela.pt\/#\/schema\/person\/c4278d4a6028830caff9ee44b42d32ed"},"breadcrumb":{"@id":"https:\/\/portaltela.pt\/noticias\/2026\/04\/06\/francisco-cabral-afastado-em-monte-carlo-na-estreia-com-joe-salisbury\/#breadcrumb"},"inLanguage":"pt-PT","potentialAction":[{"@type":"ReadAction","target":["https:\/\/portaltela.pt\/noticias\/2026\/04\/06\/francisco-cabral-afastado-em-monte-carlo-na-estreia-com-joe-salisbury\/"]}]},{"@type":"ImageObject","inLanguage":"pt-PT","@id":"https:\/\/portaltela.pt\/noticias\/2026\/04\/06\/francisco-cabral-afastado-em-monte-carlo-na-estreia-com-joe-salisbury\/#primaryimage","url":"https:\/\/portaltela.pt\/s.01k8rhncp4jt1\/2026\/04\/image-334.jpg","contentUrl":"https:\/\/portaltela.pt\/s.01k8rhncp4jt1\/2026\/04\/image-334.jpg","width":796,"height":448,"caption":"Francisco Cabral"},{"@type":"BreadcrumbList","@id":"https:\/\/portaltela.pt\/noticias\/2026\/04\/06\/francisco-cabral-afastado-em-monte-carlo-na-estreia-com-joe-salisbury\/#breadcrumb","itemListElement":[{"@type":"ListItem","position":1,"name":"In\u00edcio","item":"https:\/\/portaltela.pt\/"},{"@type":"ListItem","position":2,"name":"Francisco Cabral afastado em Monte Carlo na estreia com Joe Salisbury"}]},{"@type":"WebSite","@id":"https:\/\/portaltela.pt\/#website","url":"https:\/\/portaltela.pt\/","name":"Portal Tela Portugal","description":"","potentialAction":[{"@type":"SearchAction","target":{"@type":"EntryPoint","urlTemplate":"https:\/\/portaltela.pt\/?s={search_term_string}"},"query-input":{"@type":"PropertyValueSpecification","valueRequired":true,"valueName":"search_term_string"}}],"inLanguage":"pt-PT"},{"@type":"Person","@id":"https:\/\/portaltela.pt\/#\/schema\/person\/c4278d4a6028830caff9ee44b42d32ed","name":"Telinha","image":{"@type":"ImageObject","inLanguage":"pt-PT","@id":"https:\/\/portaltela.pt\/s.01k8rhncp4jt1\/2025\/11\/talking-bot-125x125.png","url":"https:\/\/portaltela.pt\/s.01k8rhncp4jt1\/2025\/11\/talking-bot-125x125.png","contentUrl":"https:\/\/portaltela.pt\/s.01k8rhncp4jt1\/2025\/11\/talking-bot-125x125.png","caption":"Telinha"},"sameAs":["https:\/\/portaltela.pt\/"],"url":"https:\/\/portaltela.pt\/por\/367410592786\/"}]}},"_links":{"self":[{"href":"https:\/\/portaltela.pt\/api\/wp\/v2\/posts\/434443","targetHints":{"allow":["GET"]}}],"collection":[{"href":"https:\/\/portaltela.pt\/api\/wp\/v2\/posts"}],"about":[{"href":"https:\/\/portaltela.pt\/api\/wp\/v2\/types\/post"}],"author":[{"embeddable":true,"href":"https:\/\/portaltela.pt\/api\/wp\/v2\/users\/2"}],"replies":[{"embeddable":true,"href":"https:\/\/portaltela.pt\/api\/wp\/v2\/comments?post=434443"}],"version-history":[{"count":0,"href":"https:\/\/portaltela.pt\/api\/wp\/v2\/posts\/434443\/revisions"}],"wp:featuredmedia":[{"embeddable":true,"href":"https:\/\/portaltela.pt\/api\/wp\/v2\/media\/434446"}],"wp:attachment":[{"href":"https:\/\/portaltela.pt\/api\/wp\/v2\/media?parent=434443"}],"wp:term":[{"taxonomy":"category","embeddable":true,"href":"https:\/\/portaltela.pt\/api\/wp\/v2\/categories?post=434443"},{"taxonomy":"post_tag","embeddable":true,"href":"https:\/\/portaltela.pt\/api\/wp\/v2\/tags?post=434443"}],"curies":[{"name":"wp","href":"https:\/\/api.w.org\/{rel}","templated":true}]}}