{"id":434440,"date":"2026-04-06T13:47:15","date_gmt":"2026-04-06T16:47:15","guid":{"rendered":"https:\/\/portaltela.pt\/noticias\/2026\/04\/06\/teixeira-e-vieira-celebram-aniversario-da-filha-padrasto-declara-amor\/"},"modified":"2026-04-06T13:47:15","modified_gmt":"2026-04-06T16:47:15","slug":"teixeira-e-vieira-celebram-aniversario-da-filha-padrasto-declara-amor","status":"publish","type":"post","link":"https:\/\/portaltela.pt\/celebridades\/2026\/04\/06\/teixeira-e-vieira-celebram-aniversario-da-filha-padrasto-declara-amor\/","title":{"rendered":"Teixeira e Vieira celebram anivers\u00e1rio da filha; padrasto declara amor"},"content":{"rendered":"<p>Pedro Teixeira, Cl\u00e1udia Vieira e Jo\u00e3o Alves reuniram-se para celebrar o anivers\u00e1rio de Maria, que completa 16 anos. O almo\u00e7o em fam\u00edlia reuniu a m\u00e3e, o padrasto e o namorado da atriz este domingo, 5, em ocasi\u00e3o da data especial.<\/p>\n<p>Nas redes sociais, Cl\u00e1udia Vieira e Jo\u00e3o Alves partilharam momentos do encontro com mensagens de afeto a Maria. Pedro Teixeira manteve-se mais reservado online, mas mostrou a felicidade com o v\u00eddeo da festa.<\/p>\n<p>A fam\u00edlia de Maria inclui Caetana, de 6 anos, filha de Vieira com Jo\u00e3o Alves. Pedro Teixeira \u00e9 pai de Manuel, de 4, fruto da rela\u00e7\u00e3o com Sara Matos, que tamb\u00e9m acompanha a not\u00edcia.<\/p>\n","protected":false},"excerpt":{"rendered":"<ul>\n<li>Este domingo, 5, a fam\u00edlia reuniu-se para celebrar o anivers\u00e1rio de 16 anos de Maria.<\/li>\n<li>O almo\u00e7o contou com Cl\u00e1udia Vieira, Pedro Teixeira e Jo\u00e3o Alves, atual companheiro de Cl\u00e1udia Vieira.<\/li>\n<li>No Instagram, Jo\u00e3o Alves revelou momentos do almo\u00e7o com declara\u00e7\u00f5es de amor \u00e0 Maria.<\/li>\n<li>Pedro Teixeira manteve-se em sil\u00eancio nas redes sociais, mas aparece feliz no v\u00eddeo da celebra\u00e7\u00e3o.<\/li>\n<li>Cl\u00e1udia Vieira tem Caetana, 6 anos, e Pedro Teixeira tem Manuel, 4 anos, fruto da rela\u00e7\u00e3o com Sara Matos.<\/li>\n<\/ul>\n","protected":false},"author":2,"featured_media":434445,"comment_status":"closed","ping_status":"closed","sticky":false,"template":"","format":"standard","meta":{"footnotes":""},"categories":[6675],"tags":[76,64,148,78,1196,5962],"class_list":["post-434440","post","type-post","status-publish","format-standard","has-post-thumbnail","hentry","category-celebridades","tag-celebridades","tag-familia","tag-familias","tag-famosos","tag-vida-privada","tag-vida-publica"],"yoast_head":"<!-- This site is optimized with the Yoast SEO plugin v27.2 - https:\/\/yoast.com\/product\/yoast-seo-wordpress\/ -->\n<title>Teixeira e Vieira celebram anivers\u00e1rio da filha; padrasto declara amor - Portal Tela Portugal<\/title>\n<meta name=\"robots\" content=\"index, follow, max-snippet:-1, max-image-preview:large, max-video-preview:-1\" \/>\n<meta property=\"og:locale\" content=\"pt_PT\" \/>\n<meta property=\"og:type\" content=\"article\" \/>\n<meta property=\"og:title\" content=\"Teixeira e Vieira celebram anivers\u00e1rio da filha; padrasto declara amor - Portal Tela Portugal\" \/>\n<meta property=\"og:description\" content=\"Este domingo, 5, a fam\u00edlia reuniu-se para celebrar o anivers\u00e1rio de 16 anos de Maria. O almo\u00e7o contou com Cl\u00e1udia Vieira, Pedro Teixeira e Jo\u00e3o Alves, atual companheiro de Cl\u00e1udia Vieira. No Instagram, Jo\u00e3o Alves revelou momentos do almo\u00e7o com declara\u00e7\u00f5es de amor \u00e0 Maria. Pedro Teixeira manteve-se em sil\u00eancio nas redes sociais, mas aparece feliz no v\u00eddeo da celebra\u00e7\u00e3o. Cl\u00e1udia Vieira tem Caetana, 6 anos, e Pedro Teixeira tem Manuel, 4 anos, fruto da rela\u00e7\u00e3o com Sara Matos.\" \/>\n<meta property=\"og:url\" content=\"https:\/\/portaltela.pt\/noticias\/2026\/04\/06\/teixeira-e-vieira-celebram-aniversario-da-filha-padrasto-declara-amor\/\" \/>\n<meta property=\"og:site_name\" content=\"Portal Tela Portugal\" \/>\n<meta property=\"article:published_time\" content=\"2026-04-06T16:47:15+00:00\" \/>\n<meta name=\"author\" content=\"Telinha\" \/>\n<meta name=\"twitter:card\" content=\"summary_large_image\" \/>\n<meta name=\"twitter:label1\" content=\"Escrito por\" \/>\n\t<meta name=\"twitter:data1\" content=\"Telinha\" \/>\n\t<meta name=\"twitter:label2\" content=\"Tempo estimado de leitura\" \/>\n\t<meta name=\"twitter:data2\" content=\"1 minuto\" \/>\n<script type=\"application\/ld+json\" class=\"yoast-schema-graph\">{\"@context\":\"https:\/\/schema.org\",\"@graph\":[{\"@type\":\"Article\",\"@id\":\"https:\/\/portaltela.pt\/noticias\/2026\/04\/06\/teixeira-e-vieira-celebram-aniversario-da-filha-padrasto-declara-amor\/#article\",\"isPartOf\":{\"@id\":\"https:\/\/portaltela.pt\/noticias\/2026\/04\/06\/teixeira-e-vieira-celebram-aniversario-da-filha-padrasto-declara-amor\/\"},\"author\":{\"name\":\"Telinha\",\"@id\":\"https:\/\/portaltela.pt\/#\/schema\/person\/c4278d4a6028830caff9ee44b42d32ed\"},\"headline\":\"Teixeira e Vieira celebram anivers\u00e1rio da filha; padrasto declara amor\",\"datePublished\":\"2026-04-06T16:47:15+00:00\",\"mainEntityOfPage\":{\"@id\":\"https:\/\/portaltela.pt\/noticias\/2026\/04\/06\/teixeira-e-vieira-celebram-aniversario-da-filha-padrasto-declara-amor\/\"},\"wordCount\":128,\"image\":{\"@id\":\"https:\/\/portaltela.pt\/noticias\/2026\/04\/06\/teixeira-e-vieira-celebram-aniversario-da-filha-padrasto-declara-amor\/#primaryimage\"},\"thumbnailUrl\":\"https:\/\/portaltela.pt\/s.01k8rhncp4jt1\/2026\/04\/img_1280x718uu2026-04-06-10-40-20-2276820-im-639110688471294565.jpg\",\"keywords\":[\"celebridades\",\"fam\u00edlia\",\"fam\u00edlias\",\"famosos\",\"Vida Privada\",\"vida p\u00fablica\"],\"articleSection\":[\"Celebridades\"],\"inLanguage\":\"pt-PT\"},{\"@type\":\"WebPage\",\"@id\":\"https:\/\/portaltela.pt\/noticias\/2026\/04\/06\/teixeira-e-vieira-celebram-aniversario-da-filha-padrasto-declara-amor\/\",\"url\":\"https:\/\/portaltela.pt\/noticias\/2026\/04\/06\/teixeira-e-vieira-celebram-aniversario-da-filha-padrasto-declara-amor\/\",\"name\":\"Teixeira e Vieira celebram anivers\u00e1rio da filha; padrasto declara amor - Portal Tela Portugal\",\"isPartOf\":{\"@id\":\"https:\/\/portaltela.pt\/#website\"},\"primaryImageOfPage\":{\"@id\":\"https:\/\/portaltela.pt\/noticias\/2026\/04\/06\/teixeira-e-vieira-celebram-aniversario-da-filha-padrasto-declara-amor\/#primaryimage\"},\"image\":{\"@id\":\"https:\/\/portaltela.pt\/noticias\/2026\/04\/06\/teixeira-e-vieira-celebram-aniversario-da-filha-padrasto-declara-amor\/#primaryimage\"},\"thumbnailUrl\":\"https:\/\/portaltela.pt\/s.01k8rhncp4jt1\/2026\/04\/img_1280x718uu2026-04-06-10-40-20-2276820-im-639110688471294565.jpg\",\"datePublished\":\"2026-04-06T16:47:15+00:00\",\"author\":{\"@id\":\"https:\/\/portaltela.pt\/#\/schema\/person\/c4278d4a6028830caff9ee44b42d32ed\"},\"breadcrumb\":{\"@id\":\"https:\/\/portaltela.pt\/noticias\/2026\/04\/06\/teixeira-e-vieira-celebram-aniversario-da-filha-padrasto-declara-amor\/#breadcrumb\"},\"inLanguage\":\"pt-PT\",\"potentialAction\":[{\"@type\":\"ReadAction\",\"target\":[\"https:\/\/portaltela.pt\/noticias\/2026\/04\/06\/teixeira-e-vieira-celebram-aniversario-da-filha-padrasto-declara-amor\/\"]}]},{\"@type\":\"ImageObject\",\"inLanguage\":\"pt-PT\",\"@id\":\"https:\/\/portaltela.pt\/noticias\/2026\/04\/06\/teixeira-e-vieira-celebram-aniversario-da-filha-padrasto-declara-amor\/#primaryimage\",\"url\":\"https:\/\/portaltela.pt\/s.01k8rhncp4jt1\/2026\/04\/img_1280x718uu2026-04-06-10-40-20-2276820-im-639110688471294565.jpg\",\"contentUrl\":\"https:\/\/portaltela.pt\/s.01k8rhncp4jt1\/2026\/04\/img_1280x718uu2026-04-06-10-40-20-2276820-im-639110688471294565.jpg\",\"width\":796,\"height\":448,\"caption\":\"Cl\u00e1udia Vieira no anivers\u00e1rio da filha mais velha\"},{\"@type\":\"BreadcrumbList\",\"@id\":\"https:\/\/portaltela.pt\/noticias\/2026\/04\/06\/teixeira-e-vieira-celebram-aniversario-da-filha-padrasto-declara-amor\/#breadcrumb\",\"itemListElement\":[{\"@type\":\"ListItem\",\"position\":1,\"name\":\"In\u00edcio\",\"item\":\"https:\/\/portaltela.pt\/\"},{\"@type\":\"ListItem\",\"position\":2,\"name\":\"Teixeira e Vieira celebram anivers\u00e1rio da filha; padrasto declara amor\"}]},{\"@type\":\"WebSite\",\"@id\":\"https:\/\/portaltela.pt\/#website\",\"url\":\"https:\/\/portaltela.pt\/\",\"name\":\"Portal Tela Portugal\",\"description\":\"\",\"potentialAction\":[{\"@type\":\"SearchAction\",\"target\":{\"@type\":\"EntryPoint\",\"urlTemplate\":\"https:\/\/portaltela.pt\/?s={search_term_string}\"},\"query-input\":{\"@type\":\"PropertyValueSpecification\",\"valueRequired\":true,\"valueName\":\"search_term_string\"}}],\"inLanguage\":\"pt-PT\"},{\"@type\":\"Person\",\"@id\":\"https:\/\/portaltela.pt\/#\/schema\/person\/c4278d4a6028830caff9ee44b42d32ed\",\"name\":\"Telinha\",\"image\":{\"@type\":\"ImageObject\",\"inLanguage\":\"pt-PT\",\"@id\":\"https:\/\/portaltela.pt\/s.01k8rhncp4jt1\/2025\/11\/talking-bot-125x125.png\",\"url\":\"https:\/\/portaltela.pt\/s.01k8rhncp4jt1\/2025\/11\/talking-bot-125x125.png\",\"contentUrl\":\"https:\/\/portaltela.pt\/s.01k8rhncp4jt1\/2025\/11\/talking-bot-125x125.png\",\"caption\":\"Telinha\"},\"sameAs\":[\"https:\/\/portaltela.pt\/\"],\"url\":\"https:\/\/portaltela.pt\/por\/367410592786\/\"}]}<\/script>\n<!-- \/ Yoast SEO plugin. -->","yoast_head_json":{"title":"Teixeira e Vieira celebram anivers\u00e1rio da filha; padrasto declara amor - Portal Tela Portugal","robots":{"index":"index","follow":"follow","max-snippet":"max-snippet:-1","max-image-preview":"max-image-preview:large","max-video-preview":"max-video-preview:-1"},"og_locale":"pt_PT","og_type":"article","og_title":"Teixeira e Vieira celebram anivers\u00e1rio da filha; padrasto declara amor - Portal Tela Portugal","og_description":"Este domingo, 5, a fam\u00edlia reuniu-se para celebrar o anivers\u00e1rio de 16 anos de Maria. O almo\u00e7o contou com Cl\u00e1udia Vieira, Pedro Teixeira e Jo\u00e3o Alves, atual companheiro de Cl\u00e1udia Vieira. No Instagram, Jo\u00e3o Alves revelou momentos do almo\u00e7o com declara\u00e7\u00f5es de amor \u00e0 Maria. Pedro Teixeira manteve-se em sil\u00eancio nas redes sociais, mas aparece feliz no v\u00eddeo da celebra\u00e7\u00e3o. Cl\u00e1udia Vieira tem Caetana, 6 anos, e Pedro Teixeira tem Manuel, 4 anos, fruto da rela\u00e7\u00e3o com Sara Matos.","og_url":"https:\/\/portaltela.pt\/noticias\/2026\/04\/06\/teixeira-e-vieira-celebram-aniversario-da-filha-padrasto-declara-amor\/","og_site_name":"Portal Tela Portugal","article_published_time":"2026-04-06T16:47:15+00:00","author":"Telinha","twitter_card":"summary_large_image","twitter_misc":{"Escrito por":"Telinha","Tempo estimado de leitura":"1 minuto"},"schema":{"@context":"https:\/\/schema.org","@graph":[{"@type":"Article","@id":"https:\/\/portaltela.pt\/noticias\/2026\/04\/06\/teixeira-e-vieira-celebram-aniversario-da-filha-padrasto-declara-amor\/#article","isPartOf":{"@id":"https:\/\/portaltela.pt\/noticias\/2026\/04\/06\/teixeira-e-vieira-celebram-aniversario-da-filha-padrasto-declara-amor\/"},"author":{"name":"Telinha","@id":"https:\/\/portaltela.pt\/#\/schema\/person\/c4278d4a6028830caff9ee44b42d32ed"},"headline":"Teixeira e Vieira celebram anivers\u00e1rio da filha; padrasto declara amor","datePublished":"2026-04-06T16:47:15+00:00","mainEntityOfPage":{"@id":"https:\/\/portaltela.pt\/noticias\/2026\/04\/06\/teixeira-e-vieira-celebram-aniversario-da-filha-padrasto-declara-amor\/"},"wordCount":128,"image":{"@id":"https:\/\/portaltela.pt\/noticias\/2026\/04\/06\/teixeira-e-vieira-celebram-aniversario-da-filha-padrasto-declara-amor\/#primaryimage"},"thumbnailUrl":"https:\/\/portaltela.pt\/s.01k8rhncp4jt1\/2026\/04\/img_1280x718uu2026-04-06-10-40-20-2276820-im-639110688471294565.jpg","keywords":["celebridades","fam\u00edlia","fam\u00edlias","famosos","Vida Privada","vida p\u00fablica"],"articleSection":["Celebridades"],"inLanguage":"pt-PT"},{"@type":"WebPage","@id":"https:\/\/portaltela.pt\/noticias\/2026\/04\/06\/teixeira-e-vieira-celebram-aniversario-da-filha-padrasto-declara-amor\/","url":"https:\/\/portaltela.pt\/noticias\/2026\/04\/06\/teixeira-e-vieira-celebram-aniversario-da-filha-padrasto-declara-amor\/","name":"Teixeira e Vieira celebram anivers\u00e1rio da filha; padrasto declara amor - Portal Tela Portugal","isPartOf":{"@id":"https:\/\/portaltela.pt\/#website"},"primaryImageOfPage":{"@id":"https:\/\/portaltela.pt\/noticias\/2026\/04\/06\/teixeira-e-vieira-celebram-aniversario-da-filha-padrasto-declara-amor\/#primaryimage"},"image":{"@id":"https:\/\/portaltela.pt\/noticias\/2026\/04\/06\/teixeira-e-vieira-celebram-aniversario-da-filha-padrasto-declara-amor\/#primaryimage"},"thumbnailUrl":"https:\/\/portaltela.pt\/s.01k8rhncp4jt1\/2026\/04\/img_1280x718uu2026-04-06-10-40-20-2276820-im-639110688471294565.jpg","datePublished":"2026-04-06T16:47:15+00:00","author":{"@id":"https:\/\/portaltela.pt\/#\/schema\/person\/c4278d4a6028830caff9ee44b42d32ed"},"breadcrumb":{"@id":"https:\/\/portaltela.pt\/noticias\/2026\/04\/06\/teixeira-e-vieira-celebram-aniversario-da-filha-padrasto-declara-amor\/#breadcrumb"},"inLanguage":"pt-PT","potentialAction":[{"@type":"ReadAction","target":["https:\/\/portaltela.pt\/noticias\/2026\/04\/06\/teixeira-e-vieira-celebram-aniversario-da-filha-padrasto-declara-amor\/"]}]},{"@type":"ImageObject","inLanguage":"pt-PT","@id":"https:\/\/portaltela.pt\/noticias\/2026\/04\/06\/teixeira-e-vieira-celebram-aniversario-da-filha-padrasto-declara-amor\/#primaryimage","url":"https:\/\/portaltela.pt\/s.01k8rhncp4jt1\/2026\/04\/img_1280x718uu2026-04-06-10-40-20-2276820-im-639110688471294565.jpg","contentUrl":"https:\/\/portaltela.pt\/s.01k8rhncp4jt1\/2026\/04\/img_1280x718uu2026-04-06-10-40-20-2276820-im-639110688471294565.jpg","width":796,"height":448,"caption":"Cl\u00e1udia Vieira no anivers\u00e1rio da filha mais velha"},{"@type":"BreadcrumbList","@id":"https:\/\/portaltela.pt\/noticias\/2026\/04\/06\/teixeira-e-vieira-celebram-aniversario-da-filha-padrasto-declara-amor\/#breadcrumb","itemListElement":[{"@type":"ListItem","position":1,"name":"In\u00edcio","item":"https:\/\/portaltela.pt\/"},{"@type":"ListItem","position":2,"name":"Teixeira e Vieira celebram anivers\u00e1rio da filha; padrasto declara amor"}]},{"@type":"WebSite","@id":"https:\/\/portaltela.pt\/#website","url":"https:\/\/portaltela.pt\/","name":"Portal Tela Portugal","description":"","potentialAction":[{"@type":"SearchAction","target":{"@type":"EntryPoint","urlTemplate":"https:\/\/portaltela.pt\/?s={search_term_string}"},"query-input":{"@type":"PropertyValueSpecification","valueRequired":true,"valueName":"search_term_string"}}],"inLanguage":"pt-PT"},{"@type":"Person","@id":"https:\/\/portaltela.pt\/#\/schema\/person\/c4278d4a6028830caff9ee44b42d32ed","name":"Telinha","image":{"@type":"ImageObject","inLanguage":"pt-PT","@id":"https:\/\/portaltela.pt\/s.01k8rhncp4jt1\/2025\/11\/talking-bot-125x125.png","url":"https:\/\/portaltela.pt\/s.01k8rhncp4jt1\/2025\/11\/talking-bot-125x125.png","contentUrl":"https:\/\/portaltela.pt\/s.01k8rhncp4jt1\/2025\/11\/talking-bot-125x125.png","caption":"Telinha"},"sameAs":["https:\/\/portaltela.pt\/"],"url":"https:\/\/portaltela.pt\/por\/367410592786\/"}]}},"_links":{"self":[{"href":"https:\/\/portaltela.pt\/api\/wp\/v2\/posts\/434440","targetHints":{"allow":["GET"]}}],"collection":[{"href":"https:\/\/portaltela.pt\/api\/wp\/v2\/posts"}],"about":[{"href":"https:\/\/portaltela.pt\/api\/wp\/v2\/types\/post"}],"author":[{"embeddable":true,"href":"https:\/\/portaltela.pt\/api\/wp\/v2\/users\/2"}],"replies":[{"embeddable":true,"href":"https:\/\/portaltela.pt\/api\/wp\/v2\/comments?post=434440"}],"version-history":[{"count":0,"href":"https:\/\/portaltela.pt\/api\/wp\/v2\/posts\/434440\/revisions"}],"wp:featuredmedia":[{"embeddable":true,"href":"https:\/\/portaltela.pt\/api\/wp\/v2\/media\/434445"}],"wp:attachment":[{"href":"https:\/\/portaltela.pt\/api\/wp\/v2\/media?parent=434440"}],"wp:term":[{"taxonomy":"category","embeddable":true,"href":"https:\/\/portaltela.pt\/api\/wp\/v2\/categories?post=434440"},{"taxonomy":"post_tag","embeddable":true,"href":"https:\/\/portaltela.pt\/api\/wp\/v2\/tags?post=434440"}],"curies":[{"name":"wp","href":"https:\/\/api.w.org\/{rel}","templated":true}]}}