{"id":434422,"date":"2026-04-06T13:32:23","date_gmt":"2026-04-06T16:32:23","guid":{"rendered":"https:\/\/portaltela.pt\/noticias\/2026\/04\/06\/concertos-juntos-salvador-sobral-mariza-gnr-e-samuel-uria-nos-coliseus\/"},"modified":"2026-04-06T13:32:23","modified_gmt":"2026-04-06T16:32:23","slug":"concertos-juntos-salvador-sobral-mariza-gnr-e-samuel-uria-nos-coliseus","status":"publish","type":"post","link":"https:\/\/portaltela.pt\/musica\/2026\/04\/06\/concertos-juntos-salvador-sobral-mariza-gnr-e-samuel-uria-nos-coliseus\/","title":{"rendered":"Concertos Juntos: Salvador Sobral, Mariza, GNR e Samuel \u00daria nos coliseus"},"content":{"rendered":"<p>O projeto Concertamos Juntos vai realizar dois concertos de apoio \u00e0s zonas afetadas pelas tempestades, em Lisboa e no Porto. Realizam-se a 05 e 07 de maio, com receitas a reverterem integralmente para a C\u00e1ritas Diocesana de Leiria.<\/p>\n<p>O Coliseu de Lisboa recebe no dia 05 de maio artistas como Mariza, Capit\u00e3o Fausto, Tiago Bettencourt, Samuel \u00daria &amp; os 12 ao Todo, Carl\u00e3o e Ana Lua Caiano. No Coliseu do Porto atuam Ornatos Violeta, Slow J, Carminho, Salvador Sobral, GNR e Expensive Soul.<\/p>\n<p>O promotor Ritmos adianta que toda a receita reverte para apoiar a reconstru\u00e7\u00e3o das zonas afetadas. Jo\u00e3o Carvalho, fundador da Ritmos, descreve o nascimento do projeto a partir de um jantar com Samuel \u00daria e de um discurso sobre a urg\u00eancia do \u201cconserto dos telhados\u201d.<\/p>\n<p>A operadora Vodafone \u00e9 parceira financeira, com o Alto Patroc\u00ednio do Presidente da Rep\u00fablica. Os artistas participam de forma solid\u00e1ria, sem cachet, assegurando que o recurso pago pelos bilhetes seguir\u00e1 para a C\u00e1ritas.<\/p>\n<p>Os bilhetes j\u00e1 est\u00e3o \u00e0 venda nas plataformas habituais. A iniciativa envolve a Comunidade Intermunicipal da Regi\u00e3o de Leiria, a Ritmos, a MOT e a Vodafone.<\/p>\n<h3>Continuidade do projeto e a\u00e7\u00f5es associadas<\/h3>\n<p>Al\u00e9m dos concertos, o projeto integra a vota\u00e7\u00e3o para a Can\u00e7\u00e3o do Ano dos Pr\u00e9mios Play via a App My Vodafone, convertida em contributo monet\u00e1rio. Tamb\u00e9m est\u00e1 previsto um evento gratuito em Leiria, a 23 de maio, dedicado \u00e0 comunidade da regi\u00e3o centro.<\/p>\n<p>A campanha visa angariar fundos para o Fundo de Emerg\u00eancia de Apoio \u00e0s V\u00edtimas da Tempestade Kristin, gerido pela C\u00e1ritas Diocesana de Leiria. Participam produtores, artistas e parceiros de forma solid\u00e1ria.<\/p>\n<p>Do ponto de vista social, as tempestades Kristin, Leonardo e Marta causaram 19 v\u00edtimas mortais em Portugal, com v\u00e1rias centenas de feridos e desalojados. As regi\u00f5es mais afetadas foram o Centro, Lisboa e Vale do Tejo e o Alentejo.<\/p>\n<p>As consequ\u00eancias materiais inclu\u00edram destrui\u00e7\u00e3o de casas, empresas e infraestruturas, bem como cortes de energia, \u00e1gua e comunica\u00e7\u00f5es e v\u00e1rias inunda\u00e7\u00f5es.<\/p>\n","protected":false},"excerpt":{"rendered":"<ul>\n<li>O projeto &#8220;Concertamos Juntos&#8221; realiza dois concertos de apoio \u00e0s zonas afetadas pelas tempestades, nos coliseus de Lisboa e do Porto, a 05 e 07 de maio.<\/li>\n<li>Em Lisboa, o Coliseu recebe Mariza, Capit\u00e3o Fausto, Tiago Bettencourt, Samuel \u00daria &amp; os 12 ao Todo, Carl\u00e3o e Ana Lua Caiano; no Porto, atuam Ornatos Violeta, Slow J, Carminho, Salvador Sobral, GNR e Expensive Soul.<\/li>\n<li>A receita dos bilhetes reverte integralmente para a C\u00e1ritas Diocesana de Leiria, para ajudar na reconstru\u00e7\u00e3o das zonas mais afetadas.<\/li>\n<li>O promotor Jo\u00e3o Carvalho, da Ritmos, explica que a ideia nasceu de um jantar com Samuel \u00daria e ganhou forma ap\u00f3s o discurso sobre o \u201cconserto dos telhados\u201d, com patroc\u00ednio da Vodafone e Alto Patroc\u00ednio do Presidente da Rep\u00fablica.<\/li>\n<li>O projeto envolve a Comunidade Intermunicipal da Regi\u00e3o de Leiria, Ritmos, MOT e Vodafone, e j\u00e1 prev\u00ea um evento gratuito em Leiria a 23 de maio.<\/li>\n<\/ul>\n","protected":false},"author":2,"featured_media":434425,"comment_status":"closed","ping_status":"closed","sticky":false,"template":"","format":"standard","meta":{"footnotes":""},"categories":[12,6676],"tags":[7756,7767,5952,1385,981,982],"class_list":["post-434422","post","type-post","status-publish","format-standard","has-post-thumbnail","hentry","category-entretenimento","category-musica","tag-_cultura","tag-_meio-ambiente","tag-caritas-diocesana","tag-leiria","tag-lisboa","tag-porto"],"yoast_head":"<!-- This site is optimized with the Yoast SEO plugin v27.2 - https:\/\/yoast.com\/product\/yoast-seo-wordpress\/ -->\n<title>Concertos Juntos: Salvador Sobral, Mariza, GNR e Samuel \u00daria nos coliseus - Portal Tela Portugal<\/title>\n<meta name=\"robots\" content=\"index, follow, max-snippet:-1, max-image-preview:large, max-video-preview:-1\" \/>\n<meta property=\"og:locale\" content=\"pt_PT\" \/>\n<meta property=\"og:type\" content=\"article\" \/>\n<meta property=\"og:title\" content=\"Concertos Juntos: Salvador Sobral, Mariza, GNR e Samuel \u00daria nos coliseus - Portal Tela Portugal\" \/>\n<meta property=\"og:description\" content=\"O projeto &quot;Concertamos Juntos&quot; realiza dois concertos de apoio \u00e0s zonas afetadas pelas tempestades, nos coliseus de Lisboa e do Porto, a 05 e 07 de maio. Em Lisboa, o Coliseu recebe Mariza, Capit\u00e3o Fausto, Tiago Bettencourt, Samuel \u00daria &amp; os 12 ao Todo, Carl\u00e3o e Ana Lua Caiano; no Porto, atuam Ornatos Violeta, Slow J, Carminho, Salvador Sobral, GNR e Expensive Soul. A receita dos bilhetes reverte integralmente para a C\u00e1ritas Diocesana de Leiria, para ajudar na reconstru\u00e7\u00e3o das zonas mais afetadas. O promotor Jo\u00e3o Carvalho, da Ritmos, explica que a ideia nasceu de um jantar com Samuel \u00daria e ganhou forma ap\u00f3s o discurso sobre o \u201cconserto dos telhados\u201d, com patroc\u00ednio da Vodafone e Alto Patroc\u00ednio do Presidente da Rep\u00fablica. O projeto envolve a Comunidade Intermunicipal da Regi\u00e3o de Leiria, Ritmos, MOT e Vodafone, e j\u00e1 prev\u00ea um evento gratuito em Leiria a 23 de maio.\" \/>\n<meta property=\"og:url\" content=\"https:\/\/portaltela.pt\/noticias\/2026\/04\/06\/concertos-juntos-salvador-sobral-mariza-gnr-e-samuel-uria-nos-coliseus\/\" \/>\n<meta property=\"og:site_name\" content=\"Portal Tela Portugal\" \/>\n<meta property=\"article:published_time\" content=\"2026-04-06T16:32:23+00:00\" \/>\n<meta name=\"author\" content=\"Telinha\" \/>\n<meta name=\"twitter:card\" content=\"summary_large_image\" \/>\n<meta name=\"twitter:label1\" content=\"Escrito por\" \/>\n\t<meta name=\"twitter:data1\" content=\"Telinha\" \/>\n\t<meta name=\"twitter:label2\" content=\"Tempo estimado de leitura\" \/>\n\t<meta name=\"twitter:data2\" content=\"2 minutos\" \/>\n<script type=\"application\/ld+json\" class=\"yoast-schema-graph\">{\"@context\":\"https:\/\/schema.org\",\"@graph\":[{\"@type\":\"Article\",\"@id\":\"https:\/\/portaltela.pt\/noticias\/2026\/04\/06\/concertos-juntos-salvador-sobral-mariza-gnr-e-samuel-uria-nos-coliseus\/#article\",\"isPartOf\":{\"@id\":\"https:\/\/portaltela.pt\/noticias\/2026\/04\/06\/concertos-juntos-salvador-sobral-mariza-gnr-e-samuel-uria-nos-coliseus\/\"},\"author\":{\"name\":\"Telinha\",\"@id\":\"https:\/\/portaltela.pt\/#\/schema\/person\/c4278d4a6028830caff9ee44b42d32ed\"},\"headline\":\"Concertos Juntos: Salvador Sobral, Mariza, GNR e Samuel \u00daria nos coliseus\",\"datePublished\":\"2026-04-06T16:32:23+00:00\",\"mainEntityOfPage\":{\"@id\":\"https:\/\/portaltela.pt\/noticias\/2026\/04\/06\/concertos-juntos-salvador-sobral-mariza-gnr-e-samuel-uria-nos-coliseus\/\"},\"wordCount\":362,\"image\":{\"@id\":\"https:\/\/portaltela.pt\/noticias\/2026\/04\/06\/concertos-juntos-salvador-sobral-mariza-gnr-e-samuel-uria-nos-coliseus\/#primaryimage\"},\"thumbnailUrl\":\"https:\/\/portaltela.pt\/s.01k8rhncp4jt1\/2026\/04\/img_1500x1000uu2026-04-06-17-20-37-2276892.jpg\",\"keywords\":[\"_cultura\",\"_meio-ambiente\",\"C\u00e1ritas Diocesana\",\"Leiria\",\"Lisboa\",\"Porto\"],\"articleSection\":[\"Entretenimento\",\"M\u00fasica\"],\"inLanguage\":\"pt-PT\"},{\"@type\":\"WebPage\",\"@id\":\"https:\/\/portaltela.pt\/noticias\/2026\/04\/06\/concertos-juntos-salvador-sobral-mariza-gnr-e-samuel-uria-nos-coliseus\/\",\"url\":\"https:\/\/portaltela.pt\/noticias\/2026\/04\/06\/concertos-juntos-salvador-sobral-mariza-gnr-e-samuel-uria-nos-coliseus\/\",\"name\":\"Concertos Juntos: Salvador Sobral, Mariza, GNR e Samuel \u00daria nos coliseus - Portal Tela Portugal\",\"isPartOf\":{\"@id\":\"https:\/\/portaltela.pt\/#website\"},\"primaryImageOfPage\":{\"@id\":\"https:\/\/portaltela.pt\/noticias\/2026\/04\/06\/concertos-juntos-salvador-sobral-mariza-gnr-e-samuel-uria-nos-coliseus\/#primaryimage\"},\"image\":{\"@id\":\"https:\/\/portaltela.pt\/noticias\/2026\/04\/06\/concertos-juntos-salvador-sobral-mariza-gnr-e-samuel-uria-nos-coliseus\/#primaryimage\"},\"thumbnailUrl\":\"https:\/\/portaltela.pt\/s.01k8rhncp4jt1\/2026\/04\/img_1500x1000uu2026-04-06-17-20-37-2276892.jpg\",\"datePublished\":\"2026-04-06T16:32:23+00:00\",\"author\":{\"@id\":\"https:\/\/portaltela.pt\/#\/schema\/person\/c4278d4a6028830caff9ee44b42d32ed\"},\"breadcrumb\":{\"@id\":\"https:\/\/portaltela.pt\/noticias\/2026\/04\/06\/concertos-juntos-salvador-sobral-mariza-gnr-e-samuel-uria-nos-coliseus\/#breadcrumb\"},\"inLanguage\":\"pt-PT\",\"potentialAction\":[{\"@type\":\"ReadAction\",\"target\":[\"https:\/\/portaltela.pt\/noticias\/2026\/04\/06\/concertos-juntos-salvador-sobral-mariza-gnr-e-samuel-uria-nos-coliseus\/\"]}]},{\"@type\":\"ImageObject\",\"inLanguage\":\"pt-PT\",\"@id\":\"https:\/\/portaltela.pt\/noticias\/2026\/04\/06\/concertos-juntos-salvador-sobral-mariza-gnr-e-samuel-uria-nos-coliseus\/#primaryimage\",\"url\":\"https:\/\/portaltela.pt\/s.01k8rhncp4jt1\/2026\/04\/img_1500x1000uu2026-04-06-17-20-37-2276892.jpg\",\"contentUrl\":\"https:\/\/portaltela.pt\/s.01k8rhncp4jt1\/2026\/04\/img_1500x1000uu2026-04-06-17-20-37-2276892.jpg\",\"width\":796,\"height\":448,\"caption\":\"Salvador Sobral atua com Mariza, GNR e Samuel \u00daria em concertos de apoio\"},{\"@type\":\"BreadcrumbList\",\"@id\":\"https:\/\/portaltela.pt\/noticias\/2026\/04\/06\/concertos-juntos-salvador-sobral-mariza-gnr-e-samuel-uria-nos-coliseus\/#breadcrumb\",\"itemListElement\":[{\"@type\":\"ListItem\",\"position\":1,\"name\":\"In\u00edcio\",\"item\":\"https:\/\/portaltela.pt\/\"},{\"@type\":\"ListItem\",\"position\":2,\"name\":\"Concertos Juntos: Salvador Sobral, Mariza, GNR e Samuel \u00daria nos coliseus\"}]},{\"@type\":\"WebSite\",\"@id\":\"https:\/\/portaltela.pt\/#website\",\"url\":\"https:\/\/portaltela.pt\/\",\"name\":\"Portal Tela Portugal\",\"description\":\"\",\"potentialAction\":[{\"@type\":\"SearchAction\",\"target\":{\"@type\":\"EntryPoint\",\"urlTemplate\":\"https:\/\/portaltela.pt\/?s={search_term_string}\"},\"query-input\":{\"@type\":\"PropertyValueSpecification\",\"valueRequired\":true,\"valueName\":\"search_term_string\"}}],\"inLanguage\":\"pt-PT\"},{\"@type\":\"Person\",\"@id\":\"https:\/\/portaltela.pt\/#\/schema\/person\/c4278d4a6028830caff9ee44b42d32ed\",\"name\":\"Telinha\",\"image\":{\"@type\":\"ImageObject\",\"inLanguage\":\"pt-PT\",\"@id\":\"https:\/\/portaltela.pt\/s.01k8rhncp4jt1\/2025\/11\/talking-bot-125x125.png\",\"url\":\"https:\/\/portaltela.pt\/s.01k8rhncp4jt1\/2025\/11\/talking-bot-125x125.png\",\"contentUrl\":\"https:\/\/portaltela.pt\/s.01k8rhncp4jt1\/2025\/11\/talking-bot-125x125.png\",\"caption\":\"Telinha\"},\"sameAs\":[\"https:\/\/portaltela.pt\/\"],\"url\":\"https:\/\/portaltela.pt\/por\/367410592786\/\"}]}<\/script>\n<!-- \/ Yoast SEO plugin. -->","yoast_head_json":{"title":"Concertos Juntos: Salvador Sobral, Mariza, GNR e Samuel \u00daria nos coliseus - Portal Tela Portugal","robots":{"index":"index","follow":"follow","max-snippet":"max-snippet:-1","max-image-preview":"max-image-preview:large","max-video-preview":"max-video-preview:-1"},"og_locale":"pt_PT","og_type":"article","og_title":"Concertos Juntos: Salvador Sobral, Mariza, GNR e Samuel \u00daria nos coliseus - Portal Tela Portugal","og_description":"O projeto \"Concertamos Juntos\" realiza dois concertos de apoio \u00e0s zonas afetadas pelas tempestades, nos coliseus de Lisboa e do Porto, a 05 e 07 de maio. Em Lisboa, o Coliseu recebe Mariza, Capit\u00e3o Fausto, Tiago Bettencourt, Samuel \u00daria &amp; os 12 ao Todo, Carl\u00e3o e Ana Lua Caiano; no Porto, atuam Ornatos Violeta, Slow J, Carminho, Salvador Sobral, GNR e Expensive Soul. A receita dos bilhetes reverte integralmente para a C\u00e1ritas Diocesana de Leiria, para ajudar na reconstru\u00e7\u00e3o das zonas mais afetadas. O promotor Jo\u00e3o Carvalho, da Ritmos, explica que a ideia nasceu de um jantar com Samuel \u00daria e ganhou forma ap\u00f3s o discurso sobre o \u201cconserto dos telhados\u201d, com patroc\u00ednio da Vodafone e Alto Patroc\u00ednio do Presidente da Rep\u00fablica. O projeto envolve a Comunidade Intermunicipal da Regi\u00e3o de Leiria, Ritmos, MOT e Vodafone, e j\u00e1 prev\u00ea um evento gratuito em Leiria a 23 de maio.","og_url":"https:\/\/portaltela.pt\/noticias\/2026\/04\/06\/concertos-juntos-salvador-sobral-mariza-gnr-e-samuel-uria-nos-coliseus\/","og_site_name":"Portal Tela Portugal","article_published_time":"2026-04-06T16:32:23+00:00","author":"Telinha","twitter_card":"summary_large_image","twitter_misc":{"Escrito por":"Telinha","Tempo estimado de leitura":"2 minutos"},"schema":{"@context":"https:\/\/schema.org","@graph":[{"@type":"Article","@id":"https:\/\/portaltela.pt\/noticias\/2026\/04\/06\/concertos-juntos-salvador-sobral-mariza-gnr-e-samuel-uria-nos-coliseus\/#article","isPartOf":{"@id":"https:\/\/portaltela.pt\/noticias\/2026\/04\/06\/concertos-juntos-salvador-sobral-mariza-gnr-e-samuel-uria-nos-coliseus\/"},"author":{"name":"Telinha","@id":"https:\/\/portaltela.pt\/#\/schema\/person\/c4278d4a6028830caff9ee44b42d32ed"},"headline":"Concertos Juntos: Salvador Sobral, Mariza, GNR e Samuel \u00daria nos coliseus","datePublished":"2026-04-06T16:32:23+00:00","mainEntityOfPage":{"@id":"https:\/\/portaltela.pt\/noticias\/2026\/04\/06\/concertos-juntos-salvador-sobral-mariza-gnr-e-samuel-uria-nos-coliseus\/"},"wordCount":362,"image":{"@id":"https:\/\/portaltela.pt\/noticias\/2026\/04\/06\/concertos-juntos-salvador-sobral-mariza-gnr-e-samuel-uria-nos-coliseus\/#primaryimage"},"thumbnailUrl":"https:\/\/portaltela.pt\/s.01k8rhncp4jt1\/2026\/04\/img_1500x1000uu2026-04-06-17-20-37-2276892.jpg","keywords":["_cultura","_meio-ambiente","C\u00e1ritas Diocesana","Leiria","Lisboa","Porto"],"articleSection":["Entretenimento","M\u00fasica"],"inLanguage":"pt-PT"},{"@type":"WebPage","@id":"https:\/\/portaltela.pt\/noticias\/2026\/04\/06\/concertos-juntos-salvador-sobral-mariza-gnr-e-samuel-uria-nos-coliseus\/","url":"https:\/\/portaltela.pt\/noticias\/2026\/04\/06\/concertos-juntos-salvador-sobral-mariza-gnr-e-samuel-uria-nos-coliseus\/","name":"Concertos Juntos: Salvador Sobral, Mariza, GNR e Samuel \u00daria nos coliseus - Portal Tela Portugal","isPartOf":{"@id":"https:\/\/portaltela.pt\/#website"},"primaryImageOfPage":{"@id":"https:\/\/portaltela.pt\/noticias\/2026\/04\/06\/concertos-juntos-salvador-sobral-mariza-gnr-e-samuel-uria-nos-coliseus\/#primaryimage"},"image":{"@id":"https:\/\/portaltela.pt\/noticias\/2026\/04\/06\/concertos-juntos-salvador-sobral-mariza-gnr-e-samuel-uria-nos-coliseus\/#primaryimage"},"thumbnailUrl":"https:\/\/portaltela.pt\/s.01k8rhncp4jt1\/2026\/04\/img_1500x1000uu2026-04-06-17-20-37-2276892.jpg","datePublished":"2026-04-06T16:32:23+00:00","author":{"@id":"https:\/\/portaltela.pt\/#\/schema\/person\/c4278d4a6028830caff9ee44b42d32ed"},"breadcrumb":{"@id":"https:\/\/portaltela.pt\/noticias\/2026\/04\/06\/concertos-juntos-salvador-sobral-mariza-gnr-e-samuel-uria-nos-coliseus\/#breadcrumb"},"inLanguage":"pt-PT","potentialAction":[{"@type":"ReadAction","target":["https:\/\/portaltela.pt\/noticias\/2026\/04\/06\/concertos-juntos-salvador-sobral-mariza-gnr-e-samuel-uria-nos-coliseus\/"]}]},{"@type":"ImageObject","inLanguage":"pt-PT","@id":"https:\/\/portaltela.pt\/noticias\/2026\/04\/06\/concertos-juntos-salvador-sobral-mariza-gnr-e-samuel-uria-nos-coliseus\/#primaryimage","url":"https:\/\/portaltela.pt\/s.01k8rhncp4jt1\/2026\/04\/img_1500x1000uu2026-04-06-17-20-37-2276892.jpg","contentUrl":"https:\/\/portaltela.pt\/s.01k8rhncp4jt1\/2026\/04\/img_1500x1000uu2026-04-06-17-20-37-2276892.jpg","width":796,"height":448,"caption":"Salvador Sobral atua com Mariza, GNR e Samuel \u00daria em concertos de apoio"},{"@type":"BreadcrumbList","@id":"https:\/\/portaltela.pt\/noticias\/2026\/04\/06\/concertos-juntos-salvador-sobral-mariza-gnr-e-samuel-uria-nos-coliseus\/#breadcrumb","itemListElement":[{"@type":"ListItem","position":1,"name":"In\u00edcio","item":"https:\/\/portaltela.pt\/"},{"@type":"ListItem","position":2,"name":"Concertos Juntos: Salvador Sobral, Mariza, GNR e Samuel \u00daria nos coliseus"}]},{"@type":"WebSite","@id":"https:\/\/portaltela.pt\/#website","url":"https:\/\/portaltela.pt\/","name":"Portal Tela Portugal","description":"","potentialAction":[{"@type":"SearchAction","target":{"@type":"EntryPoint","urlTemplate":"https:\/\/portaltela.pt\/?s={search_term_string}"},"query-input":{"@type":"PropertyValueSpecification","valueRequired":true,"valueName":"search_term_string"}}],"inLanguage":"pt-PT"},{"@type":"Person","@id":"https:\/\/portaltela.pt\/#\/schema\/person\/c4278d4a6028830caff9ee44b42d32ed","name":"Telinha","image":{"@type":"ImageObject","inLanguage":"pt-PT","@id":"https:\/\/portaltela.pt\/s.01k8rhncp4jt1\/2025\/11\/talking-bot-125x125.png","url":"https:\/\/portaltela.pt\/s.01k8rhncp4jt1\/2025\/11\/talking-bot-125x125.png","contentUrl":"https:\/\/portaltela.pt\/s.01k8rhncp4jt1\/2025\/11\/talking-bot-125x125.png","caption":"Telinha"},"sameAs":["https:\/\/portaltela.pt\/"],"url":"https:\/\/portaltela.pt\/por\/367410592786\/"}]}},"_links":{"self":[{"href":"https:\/\/portaltela.pt\/api\/wp\/v2\/posts\/434422","targetHints":{"allow":["GET"]}}],"collection":[{"href":"https:\/\/portaltela.pt\/api\/wp\/v2\/posts"}],"about":[{"href":"https:\/\/portaltela.pt\/api\/wp\/v2\/types\/post"}],"author":[{"embeddable":true,"href":"https:\/\/portaltela.pt\/api\/wp\/v2\/users\/2"}],"replies":[{"embeddable":true,"href":"https:\/\/portaltela.pt\/api\/wp\/v2\/comments?post=434422"}],"version-history":[{"count":0,"href":"https:\/\/portaltela.pt\/api\/wp\/v2\/posts\/434422\/revisions"}],"wp:featuredmedia":[{"embeddable":true,"href":"https:\/\/portaltela.pt\/api\/wp\/v2\/media\/434425"}],"wp:attachment":[{"href":"https:\/\/portaltela.pt\/api\/wp\/v2\/media?parent=434422"}],"wp:term":[{"taxonomy":"category","embeddable":true,"href":"https:\/\/portaltela.pt\/api\/wp\/v2\/categories?post=434422"},{"taxonomy":"post_tag","embeddable":true,"href":"https:\/\/portaltela.pt\/api\/wp\/v2\/tags?post=434422"}],"curies":[{"name":"wp","href":"https:\/\/api.w.org\/{rel}","templated":true}]}}