{"id":434420,"date":"2026-04-06T13:32:20","date_gmt":"2026-04-06T16:32:20","guid":{"rendered":"https:\/\/portaltela.pt\/noticias\/2026\/04\/06\/apanha-bolas-que-roubou-cabula-de-donnarumma-vira-estrela-da-bosnia\/"},"modified":"2026-04-06T13:32:20","modified_gmt":"2026-04-06T16:32:20","slug":"apanha-bolas-que-roubou-cabula-de-donnarumma-vira-estrela-da-bosnia","status":"publish","type":"post","link":"https:\/\/portaltela.pt\/desporto\/futebol\/2026\/04\/06\/apanha-bolas-que-roubou-cabula-de-donnarumma-vira-estrela-da-bosnia\/","title":{"rendered":"Apanha-bolas que roubou c\u00e1bula de Donnarumma vira estrela da B\u00f3snia"},"content":{"rendered":"<p>Afan Cizmic, um apanha-bolas de 14 anos, tornou-se a figura central na atual pausa FIFA, depois de o seu gesto ter ficado registado durante o jogo entre B\u00f3snia e Herzegovina e It\u00e1lia. O epis\u00f3dio ocorreu no Est\u00e1dio de Zenica, onde a equipa b\u00f3snia garantiu a presen\u00e7a no Mundial de 2026, ap\u00f3s o empate frente \u00e0 It\u00e1lia que acabou com a vit\u00f3ria de Bosnia 4-1 nas grandes penalidades.<\/p>\n<p>Segundo investiga\u00e7\u00e3o televisiva, o jovem apanha-bolas foi o respons\u00e1vel por retirar do bolso de Gianluigi Donnarumma uma c\u00e1bula com indica\u00e7\u00f5es sobre onde os jogadores poderiam cobrar os pen\u00e1ltis. O guarda-redes italiano ter\u00e1 reagido com irrita\u00e7\u00e3o, levantando controv\u00e9rsia entre os presentes. A divulga\u00e7\u00e3o das imagens confirmou a participa\u00e7\u00e3o de Afan no incidente.<\/p>\n<p>A not\u00edcia ganhou rapidamente repercuss\u00e3o no pa\u00eds, levando Afan a participar em diversas entrevistas para meios de comunica\u00e7\u00e3o locais. Em entrevista \u00e0 Face TV, o jovem explicou que pretende doar a cabala que retirou e que, ap\u00f3s se mostrar ao pai, decidiu leilo\u00e1-la para uma causa solid\u00e1ria. O canal que o revelou estendeu-lhe um convite para acompanhar a comitiva b\u00f3snia no Mundial&#8217;2026, em Am\u00e9rica do Norte, abrindo a possibilidade de o jovem representar o pa\u00eds junto da sele\u00e7\u00e3o.<\/p>\n<h3>Desdobramentos<\/h3>\n<p>A participa\u00e7\u00e3o de Afan no Mundial dever\u00e1 ocorrer na qualidade de acompanhante da comitiva, segundo a imprensa local. A hist\u00f3ria ganhou tom quase heroico no pa\u00eds, com o jovem a ser apresentado como s\u00edmbolo de supera\u00e7\u00e3o durante a campanha de qualifica\u00e7\u00e3o. Est\u00e1 ainda por confirmar se a equipa de NK Zenica ter\u00e1 de alguma forma participa\u00e7\u00e3o nas estruturas que acompanhar\u00e3o a delega\u00e7\u00e3o.<\/p>\n","protected":false},"excerpt":{"rendered":"<ul>\n<li>A B\u00f3snia e Herzegovina garantiu presen\u00e7a no Mundial de 2026 ao empatar com a It\u00e1lia (1-1, 4-1 penais).<\/li>\n<li>Um epis\u00f3dio no jogo ficou marcado por uma discuss\u00e3o entre guard\u00f5es-redes, ap\u00f3s um epis\u00f3dio envolvendo uma c\u00e1bula de pen\u00e1ltis.<\/li>\n<li>Afan Cizmic, apanha-bolas de 14 anos, foi apontado como quem roubou a c\u00e1bula e a entregou ao seu compatriota.<\/li>\n<li>O jovem relatou \u00e0 imprensa que vai leiloar a c\u00e1bula e doar o dinheiro da venda a obras de caridade.<\/li>\n<li>O canal de televis\u00e3o convidou Afan a acompanhar a comitiva da sele\u00e7\u00e3o no Mundial de 2026, em Am\u00e9rica do Norte.<\/li>\n<\/ul>\n","protected":false},"author":2,"featured_media":434423,"comment_status":"closed","ping_status":"closed","sticky":false,"template":"","format":"standard","meta":{"footnotes":""},"categories":[21,24],"tags":[6367,1544,620,32,1857,242],"class_list":["post-434420","post","type-post","status-publish","format-standard","has-post-thumbnail","hentry","category-desporto","category-futebol","tag-copa2026","tag-bosnia-herzegovina","tag-doacao","tag-futebol","tag-italia","tag-jogadores"],"yoast_head":"<!-- This site is optimized with the Yoast SEO plugin v27.2 - https:\/\/yoast.com\/product\/yoast-seo-wordpress\/ -->\n<title>Apanha-bolas que roubou c\u00e1bula de Donnarumma vira estrela da B\u00f3snia - Portal Tela Portugal<\/title>\n<meta name=\"robots\" content=\"index, follow, max-snippet:-1, max-image-preview:large, max-video-preview:-1\" \/>\n<meta property=\"og:locale\" content=\"pt_PT\" \/>\n<meta property=\"og:type\" content=\"article\" \/>\n<meta property=\"og:title\" content=\"Apanha-bolas que roubou c\u00e1bula de Donnarumma vira estrela da B\u00f3snia - Portal Tela Portugal\" \/>\n<meta property=\"og:description\" content=\"A B\u00f3snia e Herzegovina garantiu presen\u00e7a no Mundial de 2026 ao empatar com a It\u00e1lia (1-1, 4-1 penais). Um epis\u00f3dio no jogo ficou marcado por uma discuss\u00e3o entre guard\u00f5es-redes, ap\u00f3s um epis\u00f3dio envolvendo uma c\u00e1bula de pen\u00e1ltis. Afan Cizmic, apanha-bolas de 14 anos, foi apontado como quem roubou a c\u00e1bula e a entregou ao seu compatriota. O jovem relatou \u00e0 imprensa que vai leiloar a c\u00e1bula e doar o dinheiro da venda a obras de caridade. O canal de televis\u00e3o convidou Afan a acompanhar a comitiva da sele\u00e7\u00e3o no Mundial de 2026, em Am\u00e9rica do Norte.\" \/>\n<meta property=\"og:url\" content=\"https:\/\/portaltela.pt\/noticias\/2026\/04\/06\/apanha-bolas-que-roubou-cabula-de-donnarumma-vira-estrela-da-bosnia\/\" \/>\n<meta property=\"og:site_name\" content=\"Portal Tela Portugal\" \/>\n<meta property=\"article:published_time\" content=\"2026-04-06T16:32:20+00:00\" \/>\n<meta name=\"author\" content=\"Telinha\" \/>\n<meta name=\"twitter:card\" content=\"summary_large_image\" \/>\n<meta name=\"twitter:label1\" content=\"Escrito por\" \/>\n\t<meta name=\"twitter:data1\" content=\"Telinha\" \/>\n\t<meta name=\"twitter:label2\" content=\"Tempo estimado de leitura\" \/>\n\t<meta name=\"twitter:data2\" content=\"1 minuto\" \/>\n<script type=\"application\/ld+json\" class=\"yoast-schema-graph\">{\"@context\":\"https:\/\/schema.org\",\"@graph\":[{\"@type\":\"Article\",\"@id\":\"https:\/\/portaltela.pt\/noticias\/2026\/04\/06\/apanha-bolas-que-roubou-cabula-de-donnarumma-vira-estrela-da-bosnia\/#article\",\"isPartOf\":{\"@id\":\"https:\/\/portaltela.pt\/noticias\/2026\/04\/06\/apanha-bolas-que-roubou-cabula-de-donnarumma-vira-estrela-da-bosnia\/\"},\"author\":{\"name\":\"Telinha\",\"@id\":\"https:\/\/portaltela.pt\/#\/schema\/person\/c4278d4a6028830caff9ee44b42d32ed\"},\"headline\":\"Apanha-bolas que roubou c\u00e1bula de Donnarumma vira estrela da B\u00f3snia\",\"datePublished\":\"2026-04-06T16:32:20+00:00\",\"mainEntityOfPage\":{\"@id\":\"https:\/\/portaltela.pt\/noticias\/2026\/04\/06\/apanha-bolas-que-roubou-cabula-de-donnarumma-vira-estrela-da-bosnia\/\"},\"wordCount\":305,\"image\":{\"@id\":\"https:\/\/portaltela.pt\/noticias\/2026\/04\/06\/apanha-bolas-que-roubou-cabula-de-donnarumma-vira-estrela-da-bosnia\/#primaryimage\"},\"thumbnailUrl\":\"https:\/\/portaltela.pt\/s.01k8rhncp4jt1\/2026\/04\/img_920x518uu2026-04-06-17-22-53-2431406.jpg\",\"keywords\":[\"#copa2026\",\"B\u00f3snia-Herzeg\u00f3vina\",\"doa\u00e7\u00e3o\",\"futebol\",\"It\u00e1lia\",\"jogadores\"],\"articleSection\":[\"Desporto\",\"Futebol\"],\"inLanguage\":\"pt-PT\"},{\"@type\":\"WebPage\",\"@id\":\"https:\/\/portaltela.pt\/noticias\/2026\/04\/06\/apanha-bolas-que-roubou-cabula-de-donnarumma-vira-estrela-da-bosnia\/\",\"url\":\"https:\/\/portaltela.pt\/noticias\/2026\/04\/06\/apanha-bolas-que-roubou-cabula-de-donnarumma-vira-estrela-da-bosnia\/\",\"name\":\"Apanha-bolas que roubou c\u00e1bula de Donnarumma vira estrela da B\u00f3snia - Portal Tela Portugal\",\"isPartOf\":{\"@id\":\"https:\/\/portaltela.pt\/#website\"},\"primaryImageOfPage\":{\"@id\":\"https:\/\/portaltela.pt\/noticias\/2026\/04\/06\/apanha-bolas-que-roubou-cabula-de-donnarumma-vira-estrela-da-bosnia\/#primaryimage\"},\"image\":{\"@id\":\"https:\/\/portaltela.pt\/noticias\/2026\/04\/06\/apanha-bolas-que-roubou-cabula-de-donnarumma-vira-estrela-da-bosnia\/#primaryimage\"},\"thumbnailUrl\":\"https:\/\/portaltela.pt\/s.01k8rhncp4jt1\/2026\/04\/img_920x518uu2026-04-06-17-22-53-2431406.jpg\",\"datePublished\":\"2026-04-06T16:32:20+00:00\",\"author\":{\"@id\":\"https:\/\/portaltela.pt\/#\/schema\/person\/c4278d4a6028830caff9ee44b42d32ed\"},\"breadcrumb\":{\"@id\":\"https:\/\/portaltela.pt\/noticias\/2026\/04\/06\/apanha-bolas-que-roubou-cabula-de-donnarumma-vira-estrela-da-bosnia\/#breadcrumb\"},\"inLanguage\":\"pt-PT\",\"potentialAction\":[{\"@type\":\"ReadAction\",\"target\":[\"https:\/\/portaltela.pt\/noticias\/2026\/04\/06\/apanha-bolas-que-roubou-cabula-de-donnarumma-vira-estrela-da-bosnia\/\"]}]},{\"@type\":\"ImageObject\",\"inLanguage\":\"pt-PT\",\"@id\":\"https:\/\/portaltela.pt\/noticias\/2026\/04\/06\/apanha-bolas-que-roubou-cabula-de-donnarumma-vira-estrela-da-bosnia\/#primaryimage\",\"url\":\"https:\/\/portaltela.pt\/s.01k8rhncp4jt1\/2026\/04\/img_920x518uu2026-04-06-17-22-53-2431406.jpg\",\"contentUrl\":\"https:\/\/portaltela.pt\/s.01k8rhncp4jt1\/2026\/04\/img_920x518uu2026-04-06-17-22-53-2431406.jpg\",\"width\":796,\"height\":448,\"caption\":\"Afan Cizmic em entrevista \u00e0 Face TV\"},{\"@type\":\"BreadcrumbList\",\"@id\":\"https:\/\/portaltela.pt\/noticias\/2026\/04\/06\/apanha-bolas-que-roubou-cabula-de-donnarumma-vira-estrela-da-bosnia\/#breadcrumb\",\"itemListElement\":[{\"@type\":\"ListItem\",\"position\":1,\"name\":\"In\u00edcio\",\"item\":\"https:\/\/portaltela.pt\/\"},{\"@type\":\"ListItem\",\"position\":2,\"name\":\"Apanha-bolas que roubou c\u00e1bula de Donnarumma vira estrela da B\u00f3snia\"}]},{\"@type\":\"WebSite\",\"@id\":\"https:\/\/portaltela.pt\/#website\",\"url\":\"https:\/\/portaltela.pt\/\",\"name\":\"Portal Tela Portugal\",\"description\":\"\",\"potentialAction\":[{\"@type\":\"SearchAction\",\"target\":{\"@type\":\"EntryPoint\",\"urlTemplate\":\"https:\/\/portaltela.pt\/?s={search_term_string}\"},\"query-input\":{\"@type\":\"PropertyValueSpecification\",\"valueRequired\":true,\"valueName\":\"search_term_string\"}}],\"inLanguage\":\"pt-PT\"},{\"@type\":\"Person\",\"@id\":\"https:\/\/portaltela.pt\/#\/schema\/person\/c4278d4a6028830caff9ee44b42d32ed\",\"name\":\"Telinha\",\"image\":{\"@type\":\"ImageObject\",\"inLanguage\":\"pt-PT\",\"@id\":\"https:\/\/portaltela.pt\/s.01k8rhncp4jt1\/2025\/11\/talking-bot-125x125.png\",\"url\":\"https:\/\/portaltela.pt\/s.01k8rhncp4jt1\/2025\/11\/talking-bot-125x125.png\",\"contentUrl\":\"https:\/\/portaltela.pt\/s.01k8rhncp4jt1\/2025\/11\/talking-bot-125x125.png\",\"caption\":\"Telinha\"},\"sameAs\":[\"https:\/\/portaltela.pt\/\"],\"url\":\"https:\/\/portaltela.pt\/por\/367410592786\/\"}]}<\/script>\n<!-- \/ Yoast SEO plugin. -->","yoast_head_json":{"title":"Apanha-bolas que roubou c\u00e1bula de Donnarumma vira estrela da B\u00f3snia - Portal Tela Portugal","robots":{"index":"index","follow":"follow","max-snippet":"max-snippet:-1","max-image-preview":"max-image-preview:large","max-video-preview":"max-video-preview:-1"},"og_locale":"pt_PT","og_type":"article","og_title":"Apanha-bolas que roubou c\u00e1bula de Donnarumma vira estrela da B\u00f3snia - Portal Tela Portugal","og_description":"A B\u00f3snia e Herzegovina garantiu presen\u00e7a no Mundial de 2026 ao empatar com a It\u00e1lia (1-1, 4-1 penais). Um epis\u00f3dio no jogo ficou marcado por uma discuss\u00e3o entre guard\u00f5es-redes, ap\u00f3s um epis\u00f3dio envolvendo uma c\u00e1bula de pen\u00e1ltis. Afan Cizmic, apanha-bolas de 14 anos, foi apontado como quem roubou a c\u00e1bula e a entregou ao seu compatriota. O jovem relatou \u00e0 imprensa que vai leiloar a c\u00e1bula e doar o dinheiro da venda a obras de caridade. O canal de televis\u00e3o convidou Afan a acompanhar a comitiva da sele\u00e7\u00e3o no Mundial de 2026, em Am\u00e9rica do Norte.","og_url":"https:\/\/portaltela.pt\/noticias\/2026\/04\/06\/apanha-bolas-que-roubou-cabula-de-donnarumma-vira-estrela-da-bosnia\/","og_site_name":"Portal Tela Portugal","article_published_time":"2026-04-06T16:32:20+00:00","author":"Telinha","twitter_card":"summary_large_image","twitter_misc":{"Escrito por":"Telinha","Tempo estimado de leitura":"1 minuto"},"schema":{"@context":"https:\/\/schema.org","@graph":[{"@type":"Article","@id":"https:\/\/portaltela.pt\/noticias\/2026\/04\/06\/apanha-bolas-que-roubou-cabula-de-donnarumma-vira-estrela-da-bosnia\/#article","isPartOf":{"@id":"https:\/\/portaltela.pt\/noticias\/2026\/04\/06\/apanha-bolas-que-roubou-cabula-de-donnarumma-vira-estrela-da-bosnia\/"},"author":{"name":"Telinha","@id":"https:\/\/portaltela.pt\/#\/schema\/person\/c4278d4a6028830caff9ee44b42d32ed"},"headline":"Apanha-bolas que roubou c\u00e1bula de Donnarumma vira estrela da B\u00f3snia","datePublished":"2026-04-06T16:32:20+00:00","mainEntityOfPage":{"@id":"https:\/\/portaltela.pt\/noticias\/2026\/04\/06\/apanha-bolas-que-roubou-cabula-de-donnarumma-vira-estrela-da-bosnia\/"},"wordCount":305,"image":{"@id":"https:\/\/portaltela.pt\/noticias\/2026\/04\/06\/apanha-bolas-que-roubou-cabula-de-donnarumma-vira-estrela-da-bosnia\/#primaryimage"},"thumbnailUrl":"https:\/\/portaltela.pt\/s.01k8rhncp4jt1\/2026\/04\/img_920x518uu2026-04-06-17-22-53-2431406.jpg","keywords":["#copa2026","B\u00f3snia-Herzeg\u00f3vina","doa\u00e7\u00e3o","futebol","It\u00e1lia","jogadores"],"articleSection":["Desporto","Futebol"],"inLanguage":"pt-PT"},{"@type":"WebPage","@id":"https:\/\/portaltela.pt\/noticias\/2026\/04\/06\/apanha-bolas-que-roubou-cabula-de-donnarumma-vira-estrela-da-bosnia\/","url":"https:\/\/portaltela.pt\/noticias\/2026\/04\/06\/apanha-bolas-que-roubou-cabula-de-donnarumma-vira-estrela-da-bosnia\/","name":"Apanha-bolas que roubou c\u00e1bula de Donnarumma vira estrela da B\u00f3snia - Portal Tela Portugal","isPartOf":{"@id":"https:\/\/portaltela.pt\/#website"},"primaryImageOfPage":{"@id":"https:\/\/portaltela.pt\/noticias\/2026\/04\/06\/apanha-bolas-que-roubou-cabula-de-donnarumma-vira-estrela-da-bosnia\/#primaryimage"},"image":{"@id":"https:\/\/portaltela.pt\/noticias\/2026\/04\/06\/apanha-bolas-que-roubou-cabula-de-donnarumma-vira-estrela-da-bosnia\/#primaryimage"},"thumbnailUrl":"https:\/\/portaltela.pt\/s.01k8rhncp4jt1\/2026\/04\/img_920x518uu2026-04-06-17-22-53-2431406.jpg","datePublished":"2026-04-06T16:32:20+00:00","author":{"@id":"https:\/\/portaltela.pt\/#\/schema\/person\/c4278d4a6028830caff9ee44b42d32ed"},"breadcrumb":{"@id":"https:\/\/portaltela.pt\/noticias\/2026\/04\/06\/apanha-bolas-que-roubou-cabula-de-donnarumma-vira-estrela-da-bosnia\/#breadcrumb"},"inLanguage":"pt-PT","potentialAction":[{"@type":"ReadAction","target":["https:\/\/portaltela.pt\/noticias\/2026\/04\/06\/apanha-bolas-que-roubou-cabula-de-donnarumma-vira-estrela-da-bosnia\/"]}]},{"@type":"ImageObject","inLanguage":"pt-PT","@id":"https:\/\/portaltela.pt\/noticias\/2026\/04\/06\/apanha-bolas-que-roubou-cabula-de-donnarumma-vira-estrela-da-bosnia\/#primaryimage","url":"https:\/\/portaltela.pt\/s.01k8rhncp4jt1\/2026\/04\/img_920x518uu2026-04-06-17-22-53-2431406.jpg","contentUrl":"https:\/\/portaltela.pt\/s.01k8rhncp4jt1\/2026\/04\/img_920x518uu2026-04-06-17-22-53-2431406.jpg","width":796,"height":448,"caption":"Afan Cizmic em entrevista \u00e0 Face TV"},{"@type":"BreadcrumbList","@id":"https:\/\/portaltela.pt\/noticias\/2026\/04\/06\/apanha-bolas-que-roubou-cabula-de-donnarumma-vira-estrela-da-bosnia\/#breadcrumb","itemListElement":[{"@type":"ListItem","position":1,"name":"In\u00edcio","item":"https:\/\/portaltela.pt\/"},{"@type":"ListItem","position":2,"name":"Apanha-bolas que roubou c\u00e1bula de Donnarumma vira estrela da B\u00f3snia"}]},{"@type":"WebSite","@id":"https:\/\/portaltela.pt\/#website","url":"https:\/\/portaltela.pt\/","name":"Portal Tela Portugal","description":"","potentialAction":[{"@type":"SearchAction","target":{"@type":"EntryPoint","urlTemplate":"https:\/\/portaltela.pt\/?s={search_term_string}"},"query-input":{"@type":"PropertyValueSpecification","valueRequired":true,"valueName":"search_term_string"}}],"inLanguage":"pt-PT"},{"@type":"Person","@id":"https:\/\/portaltela.pt\/#\/schema\/person\/c4278d4a6028830caff9ee44b42d32ed","name":"Telinha","image":{"@type":"ImageObject","inLanguage":"pt-PT","@id":"https:\/\/portaltela.pt\/s.01k8rhncp4jt1\/2025\/11\/talking-bot-125x125.png","url":"https:\/\/portaltela.pt\/s.01k8rhncp4jt1\/2025\/11\/talking-bot-125x125.png","contentUrl":"https:\/\/portaltela.pt\/s.01k8rhncp4jt1\/2025\/11\/talking-bot-125x125.png","caption":"Telinha"},"sameAs":["https:\/\/portaltela.pt\/"],"url":"https:\/\/portaltela.pt\/por\/367410592786\/"}]}},"_links":{"self":[{"href":"https:\/\/portaltela.pt\/api\/wp\/v2\/posts\/434420","targetHints":{"allow":["GET"]}}],"collection":[{"href":"https:\/\/portaltela.pt\/api\/wp\/v2\/posts"}],"about":[{"href":"https:\/\/portaltela.pt\/api\/wp\/v2\/types\/post"}],"author":[{"embeddable":true,"href":"https:\/\/portaltela.pt\/api\/wp\/v2\/users\/2"}],"replies":[{"embeddable":true,"href":"https:\/\/portaltela.pt\/api\/wp\/v2\/comments?post=434420"}],"version-history":[{"count":0,"href":"https:\/\/portaltela.pt\/api\/wp\/v2\/posts\/434420\/revisions"}],"wp:featuredmedia":[{"embeddable":true,"href":"https:\/\/portaltela.pt\/api\/wp\/v2\/media\/434423"}],"wp:attachment":[{"href":"https:\/\/portaltela.pt\/api\/wp\/v2\/media?parent=434420"}],"wp:term":[{"taxonomy":"category","embeddable":true,"href":"https:\/\/portaltela.pt\/api\/wp\/v2\/categories?post=434420"},{"taxonomy":"post_tag","embeddable":true,"href":"https:\/\/portaltela.pt\/api\/wp\/v2\/tags?post=434420"}],"curies":[{"name":"wp","href":"https:\/\/api.w.org\/{rel}","templated":true}]}}