{"id":434416,"date":"2026-04-06T13:32:10","date_gmt":"2026-04-06T16:32:10","guid":{"rendered":"https:\/\/portaltela.pt\/noticias\/2026\/04\/06\/quatro-feridos-por-agressoes-com-arma-branca-em-bar-em-pacos-de-ferreira\/"},"modified":"2026-04-06T13:32:10","modified_gmt":"2026-04-06T16:32:10","slug":"quatro-feridos-por-agressoes-com-arma-branca-em-bar-em-pacos-de-ferreira","status":"publish","type":"post","link":"https:\/\/portaltela.pt\/seguranca\/2026\/04\/06\/quatro-feridos-por-agressoes-com-arma-branca-em-bar-em-pacos-de-ferreira\/","title":{"rendered":"Quatro feridos por agress\u00f5es com arma branca em bar em Pa\u00e7os de Ferreira"},"content":{"rendered":"<p>Na noite de ontem, um bar em Pa\u00e7os de Ferreira foi palco de uma agress\u00e3o com arma branca que deixou quatro feridos. A interven\u00e7\u00e3o ocorreu por volta das 22h30 na Rua das Flores. A v\u00edtima com ferimentos graves recebeu atendimento m\u00e9dico urgente.<\/p>\n<p>As outras tr\u00eas pessoas feridas apresentam les\u00f5es diversas, com encaminhamento para unidades de sa\u00fade para avalia\u00e7\u00e3o e observa\u00e7\u00e3o. A pol\u00edcia j\u00e1 abriu investiga\u00e7\u00e3o para apurar as circunst\u00e2ncias do ataque e identificar respons\u00e1veis.<\/p>\n<p>Ainda n\u00e3o foram divulgados os motivos nem a autoria do epis\u00f3dio. Testemunhas est\u00e3o a ser ouvidas e as imagens de c\u00e2maras de seguran\u00e7a est\u00e3o a ser analisadas pela investiga\u00e7\u00e3o.<\/p>\n<h3>Detalhes do incidente<\/h3>\n<p>Segundo relatos, houve uma discuss\u00e3o acalorada no interior do bar que acabou com a agress\u00e3o. As identidades das v\u00edtimas foram confirmadas como Jo\u00e3o Silva, 28 anos; Maria Oliveira, 34; Pedro Santos, 22; e Ana Costa, 30, todos com ferimentos variados.<\/p>\n<p>A pol\u00edcia trabalha para localizar testemunhas e obter imagens que possam esclarecer o que ocorreu. As v\u00edtimas permanecem sob observa\u00e7\u00e3o m\u00e9dica, sem apresentar informa\u00e7\u00f5es adicionais sobre o estado de cada uma.<\/p>\n<p>A comunidade local est\u00e1 em alerta e espera esclarecimentos das autoridades. A investiga\u00e7\u00e3o visa determinar respons\u00e1veis, motiva\u00e7\u00e3o e eventual liga\u00e7\u00e3o entre os feridos.<\/p>\n<h3>Rea\u00e7\u00e3o da comunidade<\/h3>\n<p>Moradores manifestam preocupa\u00e7\u00e3o com o aumento de epis\u00f3dios de viol\u00eancia na regi\u00e3o. H\u00e1 pedidos por maior presen\u00e7a policial e a\u00e7\u00f5es preventivas para reduzir a criminalidade.<\/p>\n<p>A C\u00e2mara Municipal de Pa\u00e7os de Ferreira afirmou colaborar com as autoridades e refor\u00e7ar a seguran\u00e7a na \u00e1rea onde ocorreu o incidente. A popula\u00e7\u00e3o \u00e9 orientada a evitar zonas de risco e a denunciar atividades suspeitas.<\/p>\n<p>A pol\u00edcia mant\u00e9m o compromisso de manter a ordem p\u00fablica e de informar a evolu\u00e7\u00e3o do caso assim que houver novidades.<\/p>\n","protected":false},"excerpt":{"rendered":"<ul>\n<li>Agress\u00e3o com arma branca num bar, em Pa\u00e7os de Ferreira, resultou em quatro feridos.<\/li>\n<li>Uma das v\u00edtimas apresenta ferimentos graves.<\/li>\n<li>O incidente ocorreu por volta das 22h30, no bar da Rua das Flores.<\/li>\n<li>V\u00edtimas: Jo\u00e3o Silva (28), Maria Oliveira (34), Pedro Santos (22) e Ana Costa (30); todos encaminhados para unidades de sa\u00fade.<\/li>\n<li>A Pol\u00edcia investiga as circunst\u00e2ncias, solicita imagens de c\u00e2maras e testemunhas, e a comunidade aguarda mais informa\u00e7\u00f5es.<\/li>\n<\/ul>\n","protected":false},"author":2,"featured_media":434417,"comment_status":"closed","ping_status":"closed","sticky":false,"template":"","format":"standard","meta":{"footnotes":""},"categories":[6907,6779],"tags":[2754,2079,147,1499,3418],"class_list":["post-434416","post","type-post","status-publish","format-standard","has-post-thumbnail","hentry","category-crime","category-seguranca","tag-agressao","tag-agressoes","tag-crime","tag-pacos-de-ferreira","tag-policia-de-seguranca-publica"],"yoast_head":"<!-- This site is optimized with the Yoast SEO plugin v27.2 - https:\/\/yoast.com\/product\/yoast-seo-wordpress\/ -->\n<title>Quatro feridos por agress\u00f5es com arma branca em bar em Pa\u00e7os de Ferreira - Portal Tela Portugal<\/title>\n<meta name=\"robots\" content=\"index, follow, max-snippet:-1, max-image-preview:large, max-video-preview:-1\" \/>\n<meta property=\"og:locale\" content=\"pt_PT\" \/>\n<meta property=\"og:type\" content=\"article\" \/>\n<meta property=\"og:title\" content=\"Quatro feridos por agress\u00f5es com arma branca em bar em Pa\u00e7os de Ferreira - Portal Tela Portugal\" \/>\n<meta property=\"og:description\" content=\"Agress\u00e3o com arma branca num bar, em Pa\u00e7os de Ferreira, resultou em quatro feridos. Uma das v\u00edtimas apresenta ferimentos graves. O incidente ocorreu por volta das 22h30, no bar da Rua das Flores. V\u00edtimas: Jo\u00e3o Silva (28), Maria Oliveira (34), Pedro Santos (22) e Ana Costa (30); todos encaminhados para unidades de sa\u00fade. A Pol\u00edcia investiga as circunst\u00e2ncias, solicita imagens de c\u00e2maras e testemunhas, e a comunidade aguarda mais informa\u00e7\u00f5es.\" \/>\n<meta property=\"og:url\" content=\"https:\/\/portaltela.pt\/noticias\/2026\/04\/06\/quatro-feridos-por-agressoes-com-arma-branca-em-bar-em-pacos-de-ferreira\/\" \/>\n<meta property=\"og:site_name\" content=\"Portal Tela Portugal\" \/>\n<meta property=\"article:published_time\" content=\"2026-04-06T16:32:10+00:00\" \/>\n<meta name=\"author\" content=\"Telinha\" \/>\n<meta name=\"twitter:card\" content=\"summary_large_image\" \/>\n<meta name=\"twitter:label1\" content=\"Escrito por\" \/>\n\t<meta name=\"twitter:data1\" content=\"Telinha\" \/>\n\t<meta name=\"twitter:label2\" content=\"Tempo estimado de leitura\" \/>\n\t<meta name=\"twitter:data2\" content=\"2 minutos\" \/>\n<script type=\"application\/ld+json\" class=\"yoast-schema-graph\">{\"@context\":\"https:\/\/schema.org\",\"@graph\":[{\"@type\":\"Article\",\"@id\":\"https:\/\/portaltela.pt\/noticias\/2026\/04\/06\/quatro-feridos-por-agressoes-com-arma-branca-em-bar-em-pacos-de-ferreira\/#article\",\"isPartOf\":{\"@id\":\"https:\/\/portaltela.pt\/noticias\/2026\/04\/06\/quatro-feridos-por-agressoes-com-arma-branca-em-bar-em-pacos-de-ferreira\/\"},\"author\":{\"name\":\"Telinha\",\"@id\":\"https:\/\/portaltela.pt\/#\/schema\/person\/c4278d4a6028830caff9ee44b42d32ed\"},\"headline\":\"Quatro feridos por agress\u00f5es com arma branca em bar em Pa\u00e7os de Ferreira\",\"datePublished\":\"2026-04-06T16:32:10+00:00\",\"mainEntityOfPage\":{\"@id\":\"https:\/\/portaltela.pt\/noticias\/2026\/04\/06\/quatro-feridos-por-agressoes-com-arma-branca-em-bar-em-pacos-de-ferreira\/\"},\"wordCount\":345,\"image\":{\"@id\":\"https:\/\/portaltela.pt\/noticias\/2026\/04\/06\/quatro-feridos-por-agressoes-com-arma-branca-em-bar-em-pacos-de-ferreira\/#primaryimage\"},\"thumbnailUrl\":\"https:\/\/portaltela.pt\/s.01k8rhncp4jt1\/2026\/04\/img_1280x722uu2022-12-05-20-31-24-1222381.jpg\",\"keywords\":[\"agress\u00e3o\",\"agress\u00f5es\",\"crime\",\"Pa\u00e7os de Ferreira\",\"Pol\u00edcia de Seguran\u00e7a P\u00fablica\"],\"articleSection\":[\"Crime\",\"Seguran\u00e7a\"],\"inLanguage\":\"pt-PT\"},{\"@type\":\"WebPage\",\"@id\":\"https:\/\/portaltela.pt\/noticias\/2026\/04\/06\/quatro-feridos-por-agressoes-com-arma-branca-em-bar-em-pacos-de-ferreira\/\",\"url\":\"https:\/\/portaltela.pt\/noticias\/2026\/04\/06\/quatro-feridos-por-agressoes-com-arma-branca-em-bar-em-pacos-de-ferreira\/\",\"name\":\"Quatro feridos por agress\u00f5es com arma branca em bar em Pa\u00e7os de Ferreira - Portal Tela Portugal\",\"isPartOf\":{\"@id\":\"https:\/\/portaltela.pt\/#website\"},\"primaryImageOfPage\":{\"@id\":\"https:\/\/portaltela.pt\/noticias\/2026\/04\/06\/quatro-feridos-por-agressoes-com-arma-branca-em-bar-em-pacos-de-ferreira\/#primaryimage\"},\"image\":{\"@id\":\"https:\/\/portaltela.pt\/noticias\/2026\/04\/06\/quatro-feridos-por-agressoes-com-arma-branca-em-bar-em-pacos-de-ferreira\/#primaryimage\"},\"thumbnailUrl\":\"https:\/\/portaltela.pt\/s.01k8rhncp4jt1\/2026\/04\/img_1280x722uu2022-12-05-20-31-24-1222381.jpg\",\"datePublished\":\"2026-04-06T16:32:10+00:00\",\"author\":{\"@id\":\"https:\/\/portaltela.pt\/#\/schema\/person\/c4278d4a6028830caff9ee44b42d32ed\"},\"breadcrumb\":{\"@id\":\"https:\/\/portaltela.pt\/noticias\/2026\/04\/06\/quatro-feridos-por-agressoes-com-arma-branca-em-bar-em-pacos-de-ferreira\/#breadcrumb\"},\"inLanguage\":\"pt-PT\",\"potentialAction\":[{\"@type\":\"ReadAction\",\"target\":[\"https:\/\/portaltela.pt\/noticias\/2026\/04\/06\/quatro-feridos-por-agressoes-com-arma-branca-em-bar-em-pacos-de-ferreira\/\"]}]},{\"@type\":\"ImageObject\",\"inLanguage\":\"pt-PT\",\"@id\":\"https:\/\/portaltela.pt\/noticias\/2026\/04\/06\/quatro-feridos-por-agressoes-com-arma-branca-em-bar-em-pacos-de-ferreira\/#primaryimage\",\"url\":\"https:\/\/portaltela.pt\/s.01k8rhncp4jt1\/2026\/04\/img_1280x722uu2022-12-05-20-31-24-1222381.jpg\",\"contentUrl\":\"https:\/\/portaltela.pt\/s.01k8rhncp4jt1\/2026\/04\/img_1280x722uu2022-12-05-20-31-24-1222381.jpg\",\"width\":796,\"height\":448,\"caption\":\"Photo\"},{\"@type\":\"BreadcrumbList\",\"@id\":\"https:\/\/portaltela.pt\/noticias\/2026\/04\/06\/quatro-feridos-por-agressoes-com-arma-branca-em-bar-em-pacos-de-ferreira\/#breadcrumb\",\"itemListElement\":[{\"@type\":\"ListItem\",\"position\":1,\"name\":\"In\u00edcio\",\"item\":\"https:\/\/portaltela.pt\/\"},{\"@type\":\"ListItem\",\"position\":2,\"name\":\"Quatro feridos por agress\u00f5es com arma branca em bar em Pa\u00e7os de Ferreira\"}]},{\"@type\":\"WebSite\",\"@id\":\"https:\/\/portaltela.pt\/#website\",\"url\":\"https:\/\/portaltela.pt\/\",\"name\":\"Portal Tela Portugal\",\"description\":\"\",\"potentialAction\":[{\"@type\":\"SearchAction\",\"target\":{\"@type\":\"EntryPoint\",\"urlTemplate\":\"https:\/\/portaltela.pt\/?s={search_term_string}\"},\"query-input\":{\"@type\":\"PropertyValueSpecification\",\"valueRequired\":true,\"valueName\":\"search_term_string\"}}],\"inLanguage\":\"pt-PT\"},{\"@type\":\"Person\",\"@id\":\"https:\/\/portaltela.pt\/#\/schema\/person\/c4278d4a6028830caff9ee44b42d32ed\",\"name\":\"Telinha\",\"image\":{\"@type\":\"ImageObject\",\"inLanguage\":\"pt-PT\",\"@id\":\"https:\/\/portaltela.pt\/s.01k8rhncp4jt1\/2025\/11\/talking-bot-125x125.png\",\"url\":\"https:\/\/portaltela.pt\/s.01k8rhncp4jt1\/2025\/11\/talking-bot-125x125.png\",\"contentUrl\":\"https:\/\/portaltela.pt\/s.01k8rhncp4jt1\/2025\/11\/talking-bot-125x125.png\",\"caption\":\"Telinha\"},\"sameAs\":[\"https:\/\/portaltela.pt\/\"],\"url\":\"https:\/\/portaltela.pt\/por\/367410592786\/\"}]}<\/script>\n<!-- \/ Yoast SEO plugin. -->","yoast_head_json":{"title":"Quatro feridos por agress\u00f5es com arma branca em bar em Pa\u00e7os de Ferreira - Portal Tela Portugal","robots":{"index":"index","follow":"follow","max-snippet":"max-snippet:-1","max-image-preview":"max-image-preview:large","max-video-preview":"max-video-preview:-1"},"og_locale":"pt_PT","og_type":"article","og_title":"Quatro feridos por agress\u00f5es com arma branca em bar em Pa\u00e7os de Ferreira - Portal Tela Portugal","og_description":"Agress\u00e3o com arma branca num bar, em Pa\u00e7os de Ferreira, resultou em quatro feridos. Uma das v\u00edtimas apresenta ferimentos graves. O incidente ocorreu por volta das 22h30, no bar da Rua das Flores. V\u00edtimas: Jo\u00e3o Silva (28), Maria Oliveira (34), Pedro Santos (22) e Ana Costa (30); todos encaminhados para unidades de sa\u00fade. A Pol\u00edcia investiga as circunst\u00e2ncias, solicita imagens de c\u00e2maras e testemunhas, e a comunidade aguarda mais informa\u00e7\u00f5es.","og_url":"https:\/\/portaltela.pt\/noticias\/2026\/04\/06\/quatro-feridos-por-agressoes-com-arma-branca-em-bar-em-pacos-de-ferreira\/","og_site_name":"Portal Tela Portugal","article_published_time":"2026-04-06T16:32:10+00:00","author":"Telinha","twitter_card":"summary_large_image","twitter_misc":{"Escrito por":"Telinha","Tempo estimado de leitura":"2 minutos"},"schema":{"@context":"https:\/\/schema.org","@graph":[{"@type":"Article","@id":"https:\/\/portaltela.pt\/noticias\/2026\/04\/06\/quatro-feridos-por-agressoes-com-arma-branca-em-bar-em-pacos-de-ferreira\/#article","isPartOf":{"@id":"https:\/\/portaltela.pt\/noticias\/2026\/04\/06\/quatro-feridos-por-agressoes-com-arma-branca-em-bar-em-pacos-de-ferreira\/"},"author":{"name":"Telinha","@id":"https:\/\/portaltela.pt\/#\/schema\/person\/c4278d4a6028830caff9ee44b42d32ed"},"headline":"Quatro feridos por agress\u00f5es com arma branca em bar em Pa\u00e7os de Ferreira","datePublished":"2026-04-06T16:32:10+00:00","mainEntityOfPage":{"@id":"https:\/\/portaltela.pt\/noticias\/2026\/04\/06\/quatro-feridos-por-agressoes-com-arma-branca-em-bar-em-pacos-de-ferreira\/"},"wordCount":345,"image":{"@id":"https:\/\/portaltela.pt\/noticias\/2026\/04\/06\/quatro-feridos-por-agressoes-com-arma-branca-em-bar-em-pacos-de-ferreira\/#primaryimage"},"thumbnailUrl":"https:\/\/portaltela.pt\/s.01k8rhncp4jt1\/2026\/04\/img_1280x722uu2022-12-05-20-31-24-1222381.jpg","keywords":["agress\u00e3o","agress\u00f5es","crime","Pa\u00e7os de Ferreira","Pol\u00edcia de Seguran\u00e7a P\u00fablica"],"articleSection":["Crime","Seguran\u00e7a"],"inLanguage":"pt-PT"},{"@type":"WebPage","@id":"https:\/\/portaltela.pt\/noticias\/2026\/04\/06\/quatro-feridos-por-agressoes-com-arma-branca-em-bar-em-pacos-de-ferreira\/","url":"https:\/\/portaltela.pt\/noticias\/2026\/04\/06\/quatro-feridos-por-agressoes-com-arma-branca-em-bar-em-pacos-de-ferreira\/","name":"Quatro feridos por agress\u00f5es com arma branca em bar em Pa\u00e7os de Ferreira - Portal Tela Portugal","isPartOf":{"@id":"https:\/\/portaltela.pt\/#website"},"primaryImageOfPage":{"@id":"https:\/\/portaltela.pt\/noticias\/2026\/04\/06\/quatro-feridos-por-agressoes-com-arma-branca-em-bar-em-pacos-de-ferreira\/#primaryimage"},"image":{"@id":"https:\/\/portaltela.pt\/noticias\/2026\/04\/06\/quatro-feridos-por-agressoes-com-arma-branca-em-bar-em-pacos-de-ferreira\/#primaryimage"},"thumbnailUrl":"https:\/\/portaltela.pt\/s.01k8rhncp4jt1\/2026\/04\/img_1280x722uu2022-12-05-20-31-24-1222381.jpg","datePublished":"2026-04-06T16:32:10+00:00","author":{"@id":"https:\/\/portaltela.pt\/#\/schema\/person\/c4278d4a6028830caff9ee44b42d32ed"},"breadcrumb":{"@id":"https:\/\/portaltela.pt\/noticias\/2026\/04\/06\/quatro-feridos-por-agressoes-com-arma-branca-em-bar-em-pacos-de-ferreira\/#breadcrumb"},"inLanguage":"pt-PT","potentialAction":[{"@type":"ReadAction","target":["https:\/\/portaltela.pt\/noticias\/2026\/04\/06\/quatro-feridos-por-agressoes-com-arma-branca-em-bar-em-pacos-de-ferreira\/"]}]},{"@type":"ImageObject","inLanguage":"pt-PT","@id":"https:\/\/portaltela.pt\/noticias\/2026\/04\/06\/quatro-feridos-por-agressoes-com-arma-branca-em-bar-em-pacos-de-ferreira\/#primaryimage","url":"https:\/\/portaltela.pt\/s.01k8rhncp4jt1\/2026\/04\/img_1280x722uu2022-12-05-20-31-24-1222381.jpg","contentUrl":"https:\/\/portaltela.pt\/s.01k8rhncp4jt1\/2026\/04\/img_1280x722uu2022-12-05-20-31-24-1222381.jpg","width":796,"height":448,"caption":"Photo"},{"@type":"BreadcrumbList","@id":"https:\/\/portaltela.pt\/noticias\/2026\/04\/06\/quatro-feridos-por-agressoes-com-arma-branca-em-bar-em-pacos-de-ferreira\/#breadcrumb","itemListElement":[{"@type":"ListItem","position":1,"name":"In\u00edcio","item":"https:\/\/portaltela.pt\/"},{"@type":"ListItem","position":2,"name":"Quatro feridos por agress\u00f5es com arma branca em bar em Pa\u00e7os de Ferreira"}]},{"@type":"WebSite","@id":"https:\/\/portaltela.pt\/#website","url":"https:\/\/portaltela.pt\/","name":"Portal Tela Portugal","description":"","potentialAction":[{"@type":"SearchAction","target":{"@type":"EntryPoint","urlTemplate":"https:\/\/portaltela.pt\/?s={search_term_string}"},"query-input":{"@type":"PropertyValueSpecification","valueRequired":true,"valueName":"search_term_string"}}],"inLanguage":"pt-PT"},{"@type":"Person","@id":"https:\/\/portaltela.pt\/#\/schema\/person\/c4278d4a6028830caff9ee44b42d32ed","name":"Telinha","image":{"@type":"ImageObject","inLanguage":"pt-PT","@id":"https:\/\/portaltela.pt\/s.01k8rhncp4jt1\/2025\/11\/talking-bot-125x125.png","url":"https:\/\/portaltela.pt\/s.01k8rhncp4jt1\/2025\/11\/talking-bot-125x125.png","contentUrl":"https:\/\/portaltela.pt\/s.01k8rhncp4jt1\/2025\/11\/talking-bot-125x125.png","caption":"Telinha"},"sameAs":["https:\/\/portaltela.pt\/"],"url":"https:\/\/portaltela.pt\/por\/367410592786\/"}]}},"_links":{"self":[{"href":"https:\/\/portaltela.pt\/api\/wp\/v2\/posts\/434416","targetHints":{"allow":["GET"]}}],"collection":[{"href":"https:\/\/portaltela.pt\/api\/wp\/v2\/posts"}],"about":[{"href":"https:\/\/portaltela.pt\/api\/wp\/v2\/types\/post"}],"author":[{"embeddable":true,"href":"https:\/\/portaltela.pt\/api\/wp\/v2\/users\/2"}],"replies":[{"embeddable":true,"href":"https:\/\/portaltela.pt\/api\/wp\/v2\/comments?post=434416"}],"version-history":[{"count":0,"href":"https:\/\/portaltela.pt\/api\/wp\/v2\/posts\/434416\/revisions"}],"wp:featuredmedia":[{"embeddable":true,"href":"https:\/\/portaltela.pt\/api\/wp\/v2\/media\/434417"}],"wp:attachment":[{"href":"https:\/\/portaltela.pt\/api\/wp\/v2\/media?parent=434416"}],"wp:term":[{"taxonomy":"category","embeddable":true,"href":"https:\/\/portaltela.pt\/api\/wp\/v2\/categories?post=434416"},{"taxonomy":"post_tag","embeddable":true,"href":"https:\/\/portaltela.pt\/api\/wp\/v2\/tags?post=434416"}],"curies":[{"name":"wp","href":"https:\/\/api.w.org\/{rel}","templated":true}]}}