{"id":434400,"date":"2026-04-06T13:17:12","date_gmt":"2026-04-06T16:17:12","guid":{"rendered":"https:\/\/portaltela.pt\/noticias\/2026\/04\/06\/tribunal-de-contas-chumba-contrato-de-65-milhoes-para-paineis-fotovoltaicos-no-barreiro\/"},"modified":"2026-04-06T13:17:12","modified_gmt":"2026-04-06T16:17:12","slug":"tribunal-de-contas-chumba-contrato-de-65-milhoes-para-paineis-fotovoltaicos-no-barreiro","status":"publish","type":"post","link":"https:\/\/portaltela.pt\/noticias\/2026\/04\/06\/tribunal-de-contas-chumba-contrato-de-65-milhoes-para-paineis-fotovoltaicos-no-barreiro\/","title":{"rendered":"Tribunal de Contas chumba contrato de 6,5 milh\u00f5es para pain\u00e9is fotovoltaicos no Barreiro"},"content":{"rendered":"<p>O Tribunal de Contas chumbou um contrato de 6,5 milh\u00f5es de euros celebrado pelo Munic\u00edpio do Barreiro para ceder espa\u00e7os municipais a um cons\u00f3rcio de empresas, destinado a pain\u00e9is fotovoltaicos e ao autoconsumo. O acordo tem prioridade de at\u00e9 20 anos, com possibilidade de extens\u00e3o at\u00e9 50. O despacho foi divulgado hoje pelo TdC.<\/p>\n<p>O contrato envolvia o cons\u00f3rcio composto pela Amener Efici\u00eancia Energ\u00e9tica e a HUB7 Energy Services. A ced\u00eancia de espa\u00e7os seria para desenvolver uma comunidade de energia renov\u00e1vel, segundo o TdC, com o visto pr\u00e9vio recusado a 26 de novembro de 2025.<\/p>\n<p>O TdC explicou que o valor do contrato excede os limiares comunit\u00e1rios e exigiria concurso p\u00fablico ou concurso limitado por pr\u00e9via qualifica\u00e7\u00e3o, conforme o an\u00fancio no Jornal Oficial da Uni\u00e3o Europeia. A fiscaliza\u00e7\u00e3o previa \u00e9 obrigat\u00f3ria para contratos de maior dimens\u00e3o.<\/p>\n<h3>V\u00edcio t\u00e9cnico e dura\u00e7\u00e3o excessiva<\/h3>\n<p>Segundo o tribunal, o acordo, embora apresentado como mera ced\u00eancia de espa\u00e7os, prev\u00ea a instala\u00e7\u00e3o, manuten\u00e7\u00e3o e explora\u00e7\u00e3o de unidades de produ\u00e7\u00e3o el\u00e9ctrica para autoconsumo a um pre\u00e7o pr\u00e9-determinado, por at\u00e9 20 anos e, potencialmente, 50 anos. O CCP estabelece um m\u00e1ximo de 30 anos para contratos de maior dura\u00e7\u00e3o.<\/p>\n<p>A leitura do TdC \u00e9 de que a ced\u00eancia, ainda que tempor\u00e1ria, \u00e9 de longa dura\u00e7\u00e3o e n\u00e3o cumpre a legisla\u00e7\u00e3o vigente, o que motivou a recusa do visto pr\u00e9vio. O munic\u00edpio tinha alegado tratar-se apenas de uma ced\u00eancia de espa\u00e7os sem obras.<\/p>\n<h3>Certid\u00e3o para averigua\u00e7\u00f5es<\/h3>\n<p>O TdC decidiu extrair certid\u00e3o do ac\u00f3rd\u00e3o para apurar como outros munic\u00edpios celebraram este tipo de contrato, se com custo ou gratuitamente, e se foram submetidos \u00e0 fiscaliza\u00e7\u00e3o pr\u00e9via. A medida visa identificar eventuais infra\u00e7\u00f5es financeiras sancionat\u00f3rias.<\/p>\n<p>A decis\u00e3o de extrair certid\u00e3o ocorreu ap\u00f3s o munic\u00edpio ter referido que o procedimento de ced\u00eancia \u00e9 utilizado por v\u00e1rias entidades p\u00fablicas, o que motivou a dilig\u00eancia do TdC para entender o enquadramento legal.<\/p>\n","protected":false},"excerpt":{"rendered":"<ul>\n<li>O Tribunal de Contas chumbou um contrato de 6,5 milh\u00f5es de euros celebrado pelo Munic\u00edpio do Barreiro com um cons\u00f3rcio composto pela Amener Efici\u00eancia Energ\u00e9tica e HUB7 Energy Services, para ceder espa\u00e7os municipais durante 20 anos a uma comunidade de energia renov\u00e1vel.<\/li>\n<li>O visto pr\u00e9vio foi recusado por considerar que o valor excede os limiares comunit\u00e1rios, devendo, por isso, ter sido precedido de concurso p\u00fablico ou de concurso limitado por pr\u00e9via qualifica\u00e7\u00e3o, conforme o Jornal Oficial da Uni\u00e3o Europeia.<\/li>\n<li>O contrato, celebrado em 26 de novembro de 2025, decorreu ap\u00f3s uma hasta p\u00fablica em que a \u00fanica proposta foi a do referido cons\u00f3rcio.<\/li>\n<li>O TdC entende que a ced\u00eancia de espa\u00e7os, embora apresentada como mera ced\u00eancia, envolve instala\u00e7\u00e3o, manuten\u00e7\u00e3o e explora\u00e7\u00e3o de unidades de produ\u00e7\u00e3o de eletricidade para autoconsumo, a um pre\u00e7o pr\u00e9-determinado, por at\u00e9 20 anos (podendo chegar a 50), o que excede o prazo m\u00e1ximo de 30 anos previsto no C\u00f3digo dos Contratos P\u00fablicos.<\/li>\n<li>O tribunal informou que vai extrair certid\u00e3o para investigar termos de outros munic\u00edpios com contratos semelhantes, para verificar eventuais infra\u00e7\u00f5es financeiras, ap\u00f3s o Barreiro alegar que o procedimento tem sido utilizado por v\u00e1rias entidades p\u00fablicas.<\/li>\n<\/ul>\n","protected":false},"author":2,"featured_media":434403,"comment_status":"closed","ping_status":"closed","sticky":false,"template":"","format":"standard","meta":{"footnotes":""},"categories":[6815,1],"tags":[6115,7775,1056,1125,3603,695],"class_list":["post-434400","post","type-post","status-publish","format-standard","has-post-thumbnail","hentry","category-justica","category-noticias","tag-_economia","tag-_energia","tag-barreiro","tag-contratos","tag-energias-renovaveis","tag-fiscalizacao"],"yoast_head":"<!-- This site is optimized with the Yoast SEO plugin v27.2 - https:\/\/yoast.com\/product\/yoast-seo-wordpress\/ -->\n<title>Tribunal de Contas chumba contrato de 6,5 milh\u00f5es para pain\u00e9is fotovoltaicos no Barreiro - Portal Tela Portugal<\/title>\n<meta name=\"robots\" content=\"index, follow, max-snippet:-1, max-image-preview:large, max-video-preview:-1\" \/>\n<meta property=\"og:locale\" content=\"pt_PT\" \/>\n<meta property=\"og:type\" content=\"article\" \/>\n<meta property=\"og:title\" content=\"Tribunal de Contas chumba contrato de 6,5 milh\u00f5es para pain\u00e9is fotovoltaicos no Barreiro - Portal Tela Portugal\" \/>\n<meta property=\"og:description\" content=\"O Tribunal de Contas chumbou um contrato de 6,5 milh\u00f5es de euros celebrado pelo Munic\u00edpio do Barreiro com um cons\u00f3rcio composto pela Amener Efici\u00eancia Energ\u00e9tica e HUB7 Energy Services, para ceder espa\u00e7os municipais durante 20 anos a uma comunidade de energia renov\u00e1vel. O visto pr\u00e9vio foi recusado por considerar que o valor excede os limiares comunit\u00e1rios, devendo, por isso, ter sido precedido de concurso p\u00fablico ou de concurso limitado por pr\u00e9via qualifica\u00e7\u00e3o, conforme o Jornal Oficial da Uni\u00e3o Europeia. O contrato, celebrado em 26 de novembro de 2025, decorreu ap\u00f3s uma hasta p\u00fablica em que a \u00fanica proposta foi a do referido cons\u00f3rcio. O TdC entende que a ced\u00eancia de espa\u00e7os, embora apresentada como mera ced\u00eancia, envolve instala\u00e7\u00e3o, manuten\u00e7\u00e3o e explora\u00e7\u00e3o de unidades de produ\u00e7\u00e3o de eletricidade para autoconsumo, a um pre\u00e7o pr\u00e9-determinado, por at\u00e9 20 anos (podendo chegar a 50), o que excede o prazo m\u00e1ximo de 30 anos previsto no C\u00f3digo dos Contratos P\u00fablicos. O tribunal informou que vai extrair certid\u00e3o para investigar termos de outros munic\u00edpios com contratos semelhantes, para verificar eventuais infra\u00e7\u00f5es financeiras, ap\u00f3s o Barreiro alegar que o procedimento tem sido utilizado por v\u00e1rias entidades p\u00fablicas.\" \/>\n<meta property=\"og:url\" content=\"https:\/\/portaltela.pt\/noticias\/2026\/04\/06\/tribunal-de-contas-chumba-contrato-de-65-milhoes-para-paineis-fotovoltaicos-no-barreiro\/\" \/>\n<meta property=\"og:site_name\" content=\"Portal Tela Portugal\" \/>\n<meta property=\"article:published_time\" content=\"2026-04-06T16:17:12+00:00\" \/>\n<meta name=\"author\" content=\"Telinha\" \/>\n<meta name=\"twitter:card\" content=\"summary_large_image\" \/>\n<meta name=\"twitter:label1\" content=\"Escrito por\" \/>\n\t<meta name=\"twitter:data1\" content=\"Telinha\" \/>\n\t<meta name=\"twitter:label2\" content=\"Tempo estimado de leitura\" \/>\n\t<meta name=\"twitter:data2\" content=\"2 minutos\" \/>\n<script type=\"application\/ld+json\" class=\"yoast-schema-graph\">{\"@context\":\"https:\/\/schema.org\",\"@graph\":[{\"@type\":\"Article\",\"@id\":\"https:\/\/portaltela.pt\/noticias\/2026\/04\/06\/tribunal-de-contas-chumba-contrato-de-65-milhoes-para-paineis-fotovoltaicos-no-barreiro\/#article\",\"isPartOf\":{\"@id\":\"https:\/\/portaltela.pt\/noticias\/2026\/04\/06\/tribunal-de-contas-chumba-contrato-de-65-milhoes-para-paineis-fotovoltaicos-no-barreiro\/\"},\"author\":{\"name\":\"Telinha\",\"@id\":\"https:\/\/portaltela.pt\/#\/schema\/person\/c4278d4a6028830caff9ee44b42d32ed\"},\"headline\":\"Tribunal de Contas chumba contrato de 6,5 milh\u00f5es para pain\u00e9is fotovoltaicos no Barreiro\",\"datePublished\":\"2026-04-06T16:17:12+00:00\",\"mainEntityOfPage\":{\"@id\":\"https:\/\/portaltela.pt\/noticias\/2026\/04\/06\/tribunal-de-contas-chumba-contrato-de-65-milhoes-para-paineis-fotovoltaicos-no-barreiro\/\"},\"wordCount\":372,\"image\":{\"@id\":\"https:\/\/portaltela.pt\/noticias\/2026\/04\/06\/tribunal-de-contas-chumba-contrato-de-65-milhoes-para-paineis-fotovoltaicos-no-barreiro\/#primaryimage\"},\"thumbnailUrl\":\"https:\/\/portaltela.pt\/s.01k8rhncp4jt1\/2026\/04\/img_1500x1000uu2024-02-28-15-31-23-1584502.jpg\",\"keywords\":[\"_economia\",\"_energia\",\"Barreiro\",\"contratos\",\"energias renov\u00e1veis\",\"fiscaliza\u00e7\u00e3o\"],\"articleSection\":[\"Justi\u00e7a\",\"Not\u00edcias\"],\"inLanguage\":\"pt-PT\"},{\"@type\":\"WebPage\",\"@id\":\"https:\/\/portaltela.pt\/noticias\/2026\/04\/06\/tribunal-de-contas-chumba-contrato-de-65-milhoes-para-paineis-fotovoltaicos-no-barreiro\/\",\"url\":\"https:\/\/portaltela.pt\/noticias\/2026\/04\/06\/tribunal-de-contas-chumba-contrato-de-65-milhoes-para-paineis-fotovoltaicos-no-barreiro\/\",\"name\":\"Tribunal de Contas chumba contrato de 6,5 milh\u00f5es para pain\u00e9is fotovoltaicos no Barreiro - Portal Tela Portugal\",\"isPartOf\":{\"@id\":\"https:\/\/portaltela.pt\/#website\"},\"primaryImageOfPage\":{\"@id\":\"https:\/\/portaltela.pt\/noticias\/2026\/04\/06\/tribunal-de-contas-chumba-contrato-de-65-milhoes-para-paineis-fotovoltaicos-no-barreiro\/#primaryimage\"},\"image\":{\"@id\":\"https:\/\/portaltela.pt\/noticias\/2026\/04\/06\/tribunal-de-contas-chumba-contrato-de-65-milhoes-para-paineis-fotovoltaicos-no-barreiro\/#primaryimage\"},\"thumbnailUrl\":\"https:\/\/portaltela.pt\/s.01k8rhncp4jt1\/2026\/04\/img_1500x1000uu2024-02-28-15-31-23-1584502.jpg\",\"datePublished\":\"2026-04-06T16:17:12+00:00\",\"author\":{\"@id\":\"https:\/\/portaltela.pt\/#\/schema\/person\/c4278d4a6028830caff9ee44b42d32ed\"},\"breadcrumb\":{\"@id\":\"https:\/\/portaltela.pt\/noticias\/2026\/04\/06\/tribunal-de-contas-chumba-contrato-de-65-milhoes-para-paineis-fotovoltaicos-no-barreiro\/#breadcrumb\"},\"inLanguage\":\"pt-PT\",\"potentialAction\":[{\"@type\":\"ReadAction\",\"target\":[\"https:\/\/portaltela.pt\/noticias\/2026\/04\/06\/tribunal-de-contas-chumba-contrato-de-65-milhoes-para-paineis-fotovoltaicos-no-barreiro\/\"]}]},{\"@type\":\"ImageObject\",\"inLanguage\":\"pt-PT\",\"@id\":\"https:\/\/portaltela.pt\/noticias\/2026\/04\/06\/tribunal-de-contas-chumba-contrato-de-65-milhoes-para-paineis-fotovoltaicos-no-barreiro\/#primaryimage\",\"url\":\"https:\/\/portaltela.pt\/s.01k8rhncp4jt1\/2026\/04\/img_1500x1000uu2024-02-28-15-31-23-1584502.jpg\",\"contentUrl\":\"https:\/\/portaltela.pt\/s.01k8rhncp4jt1\/2026\/04\/img_1500x1000uu2024-02-28-15-31-23-1584502.jpg\",\"width\":796,\"height\":448,\"caption\":\"Pain\u00e9is fotovoltaicos\"},{\"@type\":\"BreadcrumbList\",\"@id\":\"https:\/\/portaltela.pt\/noticias\/2026\/04\/06\/tribunal-de-contas-chumba-contrato-de-65-milhoes-para-paineis-fotovoltaicos-no-barreiro\/#breadcrumb\",\"itemListElement\":[{\"@type\":\"ListItem\",\"position\":1,\"name\":\"In\u00edcio\",\"item\":\"https:\/\/portaltela.pt\/\"},{\"@type\":\"ListItem\",\"position\":2,\"name\":\"Tribunal de Contas chumba contrato de 6,5 milh\u00f5es para pain\u00e9is fotovoltaicos no Barreiro\"}]},{\"@type\":\"WebSite\",\"@id\":\"https:\/\/portaltela.pt\/#website\",\"url\":\"https:\/\/portaltela.pt\/\",\"name\":\"Portal Tela Portugal\",\"description\":\"\",\"potentialAction\":[{\"@type\":\"SearchAction\",\"target\":{\"@type\":\"EntryPoint\",\"urlTemplate\":\"https:\/\/portaltela.pt\/?s={search_term_string}\"},\"query-input\":{\"@type\":\"PropertyValueSpecification\",\"valueRequired\":true,\"valueName\":\"search_term_string\"}}],\"inLanguage\":\"pt-PT\"},{\"@type\":\"Person\",\"@id\":\"https:\/\/portaltela.pt\/#\/schema\/person\/c4278d4a6028830caff9ee44b42d32ed\",\"name\":\"Telinha\",\"image\":{\"@type\":\"ImageObject\",\"inLanguage\":\"pt-PT\",\"@id\":\"https:\/\/portaltela.pt\/s.01k8rhncp4jt1\/2025\/11\/talking-bot-125x125.png\",\"url\":\"https:\/\/portaltela.pt\/s.01k8rhncp4jt1\/2025\/11\/talking-bot-125x125.png\",\"contentUrl\":\"https:\/\/portaltela.pt\/s.01k8rhncp4jt1\/2025\/11\/talking-bot-125x125.png\",\"caption\":\"Telinha\"},\"sameAs\":[\"https:\/\/portaltela.pt\/\"],\"url\":\"https:\/\/portaltela.pt\/por\/367410592786\/\"}]}<\/script>\n<!-- \/ Yoast SEO plugin. -->","yoast_head_json":{"title":"Tribunal de Contas chumba contrato de 6,5 milh\u00f5es para pain\u00e9is fotovoltaicos no Barreiro - Portal Tela Portugal","robots":{"index":"index","follow":"follow","max-snippet":"max-snippet:-1","max-image-preview":"max-image-preview:large","max-video-preview":"max-video-preview:-1"},"og_locale":"pt_PT","og_type":"article","og_title":"Tribunal de Contas chumba contrato de 6,5 milh\u00f5es para pain\u00e9is fotovoltaicos no Barreiro - Portal Tela Portugal","og_description":"O Tribunal de Contas chumbou um contrato de 6,5 milh\u00f5es de euros celebrado pelo Munic\u00edpio do Barreiro com um cons\u00f3rcio composto pela Amener Efici\u00eancia Energ\u00e9tica e HUB7 Energy Services, para ceder espa\u00e7os municipais durante 20 anos a uma comunidade de energia renov\u00e1vel. O visto pr\u00e9vio foi recusado por considerar que o valor excede os limiares comunit\u00e1rios, devendo, por isso, ter sido precedido de concurso p\u00fablico ou de concurso limitado por pr\u00e9via qualifica\u00e7\u00e3o, conforme o Jornal Oficial da Uni\u00e3o Europeia. O contrato, celebrado em 26 de novembro de 2025, decorreu ap\u00f3s uma hasta p\u00fablica em que a \u00fanica proposta foi a do referido cons\u00f3rcio. O TdC entende que a ced\u00eancia de espa\u00e7os, embora apresentada como mera ced\u00eancia, envolve instala\u00e7\u00e3o, manuten\u00e7\u00e3o e explora\u00e7\u00e3o de unidades de produ\u00e7\u00e3o de eletricidade para autoconsumo, a um pre\u00e7o pr\u00e9-determinado, por at\u00e9 20 anos (podendo chegar a 50), o que excede o prazo m\u00e1ximo de 30 anos previsto no C\u00f3digo dos Contratos P\u00fablicos. O tribunal informou que vai extrair certid\u00e3o para investigar termos de outros munic\u00edpios com contratos semelhantes, para verificar eventuais infra\u00e7\u00f5es financeiras, ap\u00f3s o Barreiro alegar que o procedimento tem sido utilizado por v\u00e1rias entidades p\u00fablicas.","og_url":"https:\/\/portaltela.pt\/noticias\/2026\/04\/06\/tribunal-de-contas-chumba-contrato-de-65-milhoes-para-paineis-fotovoltaicos-no-barreiro\/","og_site_name":"Portal Tela Portugal","article_published_time":"2026-04-06T16:17:12+00:00","author":"Telinha","twitter_card":"summary_large_image","twitter_misc":{"Escrito por":"Telinha","Tempo estimado de leitura":"2 minutos"},"schema":{"@context":"https:\/\/schema.org","@graph":[{"@type":"Article","@id":"https:\/\/portaltela.pt\/noticias\/2026\/04\/06\/tribunal-de-contas-chumba-contrato-de-65-milhoes-para-paineis-fotovoltaicos-no-barreiro\/#article","isPartOf":{"@id":"https:\/\/portaltela.pt\/noticias\/2026\/04\/06\/tribunal-de-contas-chumba-contrato-de-65-milhoes-para-paineis-fotovoltaicos-no-barreiro\/"},"author":{"name":"Telinha","@id":"https:\/\/portaltela.pt\/#\/schema\/person\/c4278d4a6028830caff9ee44b42d32ed"},"headline":"Tribunal de Contas chumba contrato de 6,5 milh\u00f5es para pain\u00e9is fotovoltaicos no Barreiro","datePublished":"2026-04-06T16:17:12+00:00","mainEntityOfPage":{"@id":"https:\/\/portaltela.pt\/noticias\/2026\/04\/06\/tribunal-de-contas-chumba-contrato-de-65-milhoes-para-paineis-fotovoltaicos-no-barreiro\/"},"wordCount":372,"image":{"@id":"https:\/\/portaltela.pt\/noticias\/2026\/04\/06\/tribunal-de-contas-chumba-contrato-de-65-milhoes-para-paineis-fotovoltaicos-no-barreiro\/#primaryimage"},"thumbnailUrl":"https:\/\/portaltela.pt\/s.01k8rhncp4jt1\/2026\/04\/img_1500x1000uu2024-02-28-15-31-23-1584502.jpg","keywords":["_economia","_energia","Barreiro","contratos","energias renov\u00e1veis","fiscaliza\u00e7\u00e3o"],"articleSection":["Justi\u00e7a","Not\u00edcias"],"inLanguage":"pt-PT"},{"@type":"WebPage","@id":"https:\/\/portaltela.pt\/noticias\/2026\/04\/06\/tribunal-de-contas-chumba-contrato-de-65-milhoes-para-paineis-fotovoltaicos-no-barreiro\/","url":"https:\/\/portaltela.pt\/noticias\/2026\/04\/06\/tribunal-de-contas-chumba-contrato-de-65-milhoes-para-paineis-fotovoltaicos-no-barreiro\/","name":"Tribunal de Contas chumba contrato de 6,5 milh\u00f5es para pain\u00e9is fotovoltaicos no Barreiro - Portal Tela Portugal","isPartOf":{"@id":"https:\/\/portaltela.pt\/#website"},"primaryImageOfPage":{"@id":"https:\/\/portaltela.pt\/noticias\/2026\/04\/06\/tribunal-de-contas-chumba-contrato-de-65-milhoes-para-paineis-fotovoltaicos-no-barreiro\/#primaryimage"},"image":{"@id":"https:\/\/portaltela.pt\/noticias\/2026\/04\/06\/tribunal-de-contas-chumba-contrato-de-65-milhoes-para-paineis-fotovoltaicos-no-barreiro\/#primaryimage"},"thumbnailUrl":"https:\/\/portaltela.pt\/s.01k8rhncp4jt1\/2026\/04\/img_1500x1000uu2024-02-28-15-31-23-1584502.jpg","datePublished":"2026-04-06T16:17:12+00:00","author":{"@id":"https:\/\/portaltela.pt\/#\/schema\/person\/c4278d4a6028830caff9ee44b42d32ed"},"breadcrumb":{"@id":"https:\/\/portaltela.pt\/noticias\/2026\/04\/06\/tribunal-de-contas-chumba-contrato-de-65-milhoes-para-paineis-fotovoltaicos-no-barreiro\/#breadcrumb"},"inLanguage":"pt-PT","potentialAction":[{"@type":"ReadAction","target":["https:\/\/portaltela.pt\/noticias\/2026\/04\/06\/tribunal-de-contas-chumba-contrato-de-65-milhoes-para-paineis-fotovoltaicos-no-barreiro\/"]}]},{"@type":"ImageObject","inLanguage":"pt-PT","@id":"https:\/\/portaltela.pt\/noticias\/2026\/04\/06\/tribunal-de-contas-chumba-contrato-de-65-milhoes-para-paineis-fotovoltaicos-no-barreiro\/#primaryimage","url":"https:\/\/portaltela.pt\/s.01k8rhncp4jt1\/2026\/04\/img_1500x1000uu2024-02-28-15-31-23-1584502.jpg","contentUrl":"https:\/\/portaltela.pt\/s.01k8rhncp4jt1\/2026\/04\/img_1500x1000uu2024-02-28-15-31-23-1584502.jpg","width":796,"height":448,"caption":"Pain\u00e9is fotovoltaicos"},{"@type":"BreadcrumbList","@id":"https:\/\/portaltela.pt\/noticias\/2026\/04\/06\/tribunal-de-contas-chumba-contrato-de-65-milhoes-para-paineis-fotovoltaicos-no-barreiro\/#breadcrumb","itemListElement":[{"@type":"ListItem","position":1,"name":"In\u00edcio","item":"https:\/\/portaltela.pt\/"},{"@type":"ListItem","position":2,"name":"Tribunal de Contas chumba contrato de 6,5 milh\u00f5es para pain\u00e9is fotovoltaicos no Barreiro"}]},{"@type":"WebSite","@id":"https:\/\/portaltela.pt\/#website","url":"https:\/\/portaltela.pt\/","name":"Portal Tela Portugal","description":"","potentialAction":[{"@type":"SearchAction","target":{"@type":"EntryPoint","urlTemplate":"https:\/\/portaltela.pt\/?s={search_term_string}"},"query-input":{"@type":"PropertyValueSpecification","valueRequired":true,"valueName":"search_term_string"}}],"inLanguage":"pt-PT"},{"@type":"Person","@id":"https:\/\/portaltela.pt\/#\/schema\/person\/c4278d4a6028830caff9ee44b42d32ed","name":"Telinha","image":{"@type":"ImageObject","inLanguage":"pt-PT","@id":"https:\/\/portaltela.pt\/s.01k8rhncp4jt1\/2025\/11\/talking-bot-125x125.png","url":"https:\/\/portaltela.pt\/s.01k8rhncp4jt1\/2025\/11\/talking-bot-125x125.png","contentUrl":"https:\/\/portaltela.pt\/s.01k8rhncp4jt1\/2025\/11\/talking-bot-125x125.png","caption":"Telinha"},"sameAs":["https:\/\/portaltela.pt\/"],"url":"https:\/\/portaltela.pt\/por\/367410592786\/"}]}},"_links":{"self":[{"href":"https:\/\/portaltela.pt\/api\/wp\/v2\/posts\/434400","targetHints":{"allow":["GET"]}}],"collection":[{"href":"https:\/\/portaltela.pt\/api\/wp\/v2\/posts"}],"about":[{"href":"https:\/\/portaltela.pt\/api\/wp\/v2\/types\/post"}],"author":[{"embeddable":true,"href":"https:\/\/portaltela.pt\/api\/wp\/v2\/users\/2"}],"replies":[{"embeddable":true,"href":"https:\/\/portaltela.pt\/api\/wp\/v2\/comments?post=434400"}],"version-history":[{"count":0,"href":"https:\/\/portaltela.pt\/api\/wp\/v2\/posts\/434400\/revisions"}],"wp:featuredmedia":[{"embeddable":true,"href":"https:\/\/portaltela.pt\/api\/wp\/v2\/media\/434403"}],"wp:attachment":[{"href":"https:\/\/portaltela.pt\/api\/wp\/v2\/media?parent=434400"}],"wp:term":[{"taxonomy":"category","embeddable":true,"href":"https:\/\/portaltela.pt\/api\/wp\/v2\/categories?post=434400"},{"taxonomy":"post_tag","embeddable":true,"href":"https:\/\/portaltela.pt\/api\/wp\/v2\/tags?post=434400"}],"curies":[{"name":"wp","href":"https:\/\/api.w.org\/{rel}","templated":true}]}}