{"id":434382,"date":"2026-04-06T12:53:00","date_gmt":"2026-04-06T15:53:00","guid":{"rendered":"https:\/\/portaltela.pt\/noticias\/2026\/04\/06\/bloco-quer-que-a-pgr-apure-a-legalidade-da-utilizacao-das-lajes-pelos-eua\/"},"modified":"2026-04-06T12:53:00","modified_gmt":"2026-04-06T15:53:00","slug":"bloco-quer-que-a-pgr-apure-a-legalidade-da-utilizacao-das-lajes-pelos-eua","status":"publish","type":"post","link":"https:\/\/portaltela.pt\/noticias\/politica\/2026\/04\/06\/bloco-quer-que-a-pgr-apure-a-legalidade-da-utilizacao-das-lajes-pelos-eua\/","title":{"rendered":"Bloco quer que a PGR apure a legalidade da utiliza\u00e7\u00e3o das Lajes pelos EUA"},"content":{"rendered":"<p>O Bloco de Esquerda entregou uma participa\u00e7\u00e3o \u00e0 Procuradoria-Geral da Rep\u00fablica para que se apure se a utiliza\u00e7\u00e3o da Base das Lajes, nos A\u00e7ores, pelos Estados Unidos cumpre a lei. A iniciativa acusa uma viola\u00e7\u00e3o do direito internacional.<\/p>\n<p>Pureza, acompanhado pelos deputados Fabian Figueiredo e Catarina Martins, aponta que o Governo pode estar a tolerar ilegalidades ou a afastar-se da legalidade. O grupo pede ao Minist\u00e9rio P\u00fablico que analise a queixa e determine a abertura de inqu\u00e9rito.<\/p>\n<p>O pedido surge ap\u00f3s o BE ter enviado uma carta, assinada por cerca de 8500 pessoas, ao primeiro-ministro exigindo a proibi\u00e7\u00e3o da utiliza\u00e7\u00e3o da base para ataques ao Ir\u00e3o. A situa\u00e7\u00e3o ocorre num contexto de retalia\u00e7\u00e3o entre EUA, Israel e o Ir\u00e3o.<\/p>\n<h3>PGR e enquadramento jur\u00eddico<\/h3>\n<p>Segundo o BE, a mat\u00e9ria envolve cumprir o princ\u00edpio da legalidade e a atua\u00e7\u00e3o do Estado. O grupo sustenta que, se houver ind\u00edcios de relev\u00e2ncia jur\u00eddico-penal, deve ser iniciado o inqu\u00e9rito competente.<\/p>\n<p>O ministro dos Neg\u00f3cios Estrangeiros, Paulo Rangel, j\u00e1 afastou qualquer viola\u00e7\u00e3o de acordos ou do direito internacional, mas o BE mant\u00e9m a contesta\u00e7\u00e3o p\u00fablica. Os bloquistas defendem que a verifica\u00e7\u00e3o \u00e9 essencial para esclarecer responsabilidades.<\/p>\n<p>O caso j\u00e1 teve antecedentes no Parlamento, com a\u00e7\u00f5es anteriores do BE envolvendo a monitoriza\u00e7\u00e3o de decis\u00f5es portuguesas em assuntos internacionais. Em 2024, o partido pediu ao Minist\u00e9rio P\u00fablico que prevenisse acusa\u00e7\u00f5es contra Portugal no cen\u00e1rio internacional.<\/p>\n","protected":false},"excerpt":{"rendered":"<ul>\n<li>O Bloco de Esquerda entregou \u00e0 Procuradoria-Geral da Rep\u00fablica uma participa\u00e7\u00e3o para apurar se a utiliza\u00e7\u00e3o da Base das Lajes, nos A\u00e7ores, pelos Estados Unidos, cumpre a lei, apontando viola\u00e7\u00e3o do direito internacional.<\/li>\n<li>Pureza, acompanhado do deputado Fabian Figueiredo e da eurodeputada Catarina Martins, afirma que o acordo com os EUA pode estar a ser violado e solicita abertura de inqu\u00e9rito se houver ind\u00edcios jur\u00eddico-penais.<\/li>\n<li>O partido questiona o posicionamento do Governo e do Minist\u00e9rio dos Neg\u00f3cios Estrangeiros, considerando que n\u00e3o corresponde \u00e0 legalidade vigente.<\/li>\n<li>Politicamente, o Bloquismo sustenta que, se se verificar ilegalidade, o Governo ficar\u00e1 numa posi\u00e7\u00e3o insustent\u00e1vel face ao envolvimento de Portugal na guerra contra o Ir\u00e3o.<\/li>\n<li>Na semana passada, o BE j\u00e1 entregou, na resid\u00eancia oficial do Primeiro-Ministro, uma carta com cerca de oito mil e quinhentas assinaturas a pedir a proibi\u00e7\u00e3o da utiliza\u00e7\u00e3o da Base das Lajes pelos EUA para ataques ao Ir\u00e3o; os ataques entre EUA e Israel contra o Ir\u00e3o ocorreram em 28 de fevereiro.<\/li>\n<\/ul>\n","protected":false},"author":2,"featured_media":434383,"comment_status":"closed","ping_status":"closed","sticky":false,"template":"","format":"standard","meta":{"footnotes":""},"categories":[5,7127],"tags":[6761,1465,7439,5698,1014,27],"class_list":["post-434382","post","type-post","status-publish","format-standard","has-post-thumbnail","hentry","category-politica","category-politica-internacional","tag-base-das-lajes","tag-direitos-internacionais","tag-politica-externa","tag-politica-internacional","tag-portugal","tag-relacoes-internacionais"],"yoast_head":"<!-- This site is optimized with the Yoast SEO plugin v27.2 - https:\/\/yoast.com\/product\/yoast-seo-wordpress\/ -->\n<title>Bloco quer que a PGR apure a legalidade da utiliza\u00e7\u00e3o das Lajes pelos EUA - Portal Tela Portugal<\/title>\n<meta name=\"robots\" content=\"index, follow, max-snippet:-1, max-image-preview:large, max-video-preview:-1\" \/>\n<meta property=\"og:locale\" content=\"pt_PT\" \/>\n<meta property=\"og:type\" content=\"article\" \/>\n<meta property=\"og:title\" content=\"Bloco quer que a PGR apure a legalidade da utiliza\u00e7\u00e3o das Lajes pelos EUA - Portal Tela Portugal\" \/>\n<meta property=\"og:description\" content=\"O Bloco de Esquerda entregou \u00e0 Procuradoria-Geral da Rep\u00fablica uma participa\u00e7\u00e3o para apurar se a utiliza\u00e7\u00e3o da Base das Lajes, nos A\u00e7ores, pelos Estados Unidos, cumpre a lei, apontando viola\u00e7\u00e3o do direito internacional. Pureza, acompanhado do deputado Fabian Figueiredo e da eurodeputada Catarina Martins, afirma que o acordo com os EUA pode estar a ser violado e solicita abertura de inqu\u00e9rito se houver ind\u00edcios jur\u00eddico-penais. O partido questiona o posicionamento do Governo e do Minist\u00e9rio dos Neg\u00f3cios Estrangeiros, considerando que n\u00e3o corresponde \u00e0 legalidade vigente. Politicamente, o Bloquismo sustenta que, se se verificar ilegalidade, o Governo ficar\u00e1 numa posi\u00e7\u00e3o insustent\u00e1vel face ao envolvimento de Portugal na guerra contra o Ir\u00e3o. Na semana passada, o BE j\u00e1 entregou, na resid\u00eancia oficial do Primeiro-Ministro, uma carta com cerca de oito mil e quinhentas assinaturas a pedir a proibi\u00e7\u00e3o da utiliza\u00e7\u00e3o da Base das Lajes pelos EUA para ataques ao Ir\u00e3o; os ataques entre EUA e Israel contra o Ir\u00e3o ocorreram em 28 de fevereiro.\" \/>\n<meta property=\"og:url\" content=\"https:\/\/portaltela.pt\/noticias\/2026\/04\/06\/bloco-quer-que-a-pgr-apure-a-legalidade-da-utilizacao-das-lajes-pelos-eua\/\" \/>\n<meta property=\"og:site_name\" content=\"Portal Tela Portugal\" \/>\n<meta property=\"article:published_time\" content=\"2026-04-06T15:53:00+00:00\" \/>\n<meta name=\"author\" content=\"Telinha\" \/>\n<meta name=\"twitter:card\" content=\"summary_large_image\" \/>\n<meta name=\"twitter:label1\" content=\"Escrito por\" \/>\n\t<meta name=\"twitter:data1\" content=\"Telinha\" \/>\n\t<meta name=\"twitter:label2\" content=\"Tempo estimado de leitura\" \/>\n\t<meta name=\"twitter:data2\" content=\"1 minuto\" \/>\n<script type=\"application\/ld+json\" class=\"yoast-schema-graph\">{\"@context\":\"https:\/\/schema.org\",\"@graph\":[{\"@type\":\"Article\",\"@id\":\"https:\/\/portaltela.pt\/noticias\/2026\/04\/06\/bloco-quer-que-a-pgr-apure-a-legalidade-da-utilizacao-das-lajes-pelos-eua\/#article\",\"isPartOf\":{\"@id\":\"https:\/\/portaltela.pt\/noticias\/2026\/04\/06\/bloco-quer-que-a-pgr-apure-a-legalidade-da-utilizacao-das-lajes-pelos-eua\/\"},\"author\":{\"name\":\"Telinha\",\"@id\":\"https:\/\/portaltela.pt\/#\/schema\/person\/c4278d4a6028830caff9ee44b42d32ed\"},\"headline\":\"Bloco quer que a PGR apure a legalidade da utiliza\u00e7\u00e3o das Lajes pelos EUA\",\"datePublished\":\"2026-04-06T15:53:00+00:00\",\"mainEntityOfPage\":{\"@id\":\"https:\/\/portaltela.pt\/noticias\/2026\/04\/06\/bloco-quer-que-a-pgr-apure-a-legalidade-da-utilizacao-das-lajes-pelos-eua\/\"},\"wordCount\":274,\"image\":{\"@id\":\"https:\/\/portaltela.pt\/noticias\/2026\/04\/06\/bloco-quer-que-a-pgr-apure-a-legalidade-da-utilizacao-das-lajes-pelos-eua\/#primaryimage\"},\"thumbnailUrl\":\"https:\/\/portaltela.pt\/s.01k8rhncp4jt1\/2026\/04\/image-331.jpg\",\"keywords\":[\"Base das Lajes\",\"direitos internacionais\",\"pol\u00edtica externa\",\"pol\u00edtica internacional\",\"Portugal\",\"rela\u00e7\u00f5es internacionais\"],\"articleSection\":[\"Pol\u00edtica\",\"Pol\u00edtica Internacional\"],\"inLanguage\":\"pt-PT\"},{\"@type\":\"WebPage\",\"@id\":\"https:\/\/portaltela.pt\/noticias\/2026\/04\/06\/bloco-quer-que-a-pgr-apure-a-legalidade-da-utilizacao-das-lajes-pelos-eua\/\",\"url\":\"https:\/\/portaltela.pt\/noticias\/2026\/04\/06\/bloco-quer-que-a-pgr-apure-a-legalidade-da-utilizacao-das-lajes-pelos-eua\/\",\"name\":\"Bloco quer que a PGR apure a legalidade da utiliza\u00e7\u00e3o das Lajes pelos EUA - Portal Tela Portugal\",\"isPartOf\":{\"@id\":\"https:\/\/portaltela.pt\/#website\"},\"primaryImageOfPage\":{\"@id\":\"https:\/\/portaltela.pt\/noticias\/2026\/04\/06\/bloco-quer-que-a-pgr-apure-a-legalidade-da-utilizacao-das-lajes-pelos-eua\/#primaryimage\"},\"image\":{\"@id\":\"https:\/\/portaltela.pt\/noticias\/2026\/04\/06\/bloco-quer-que-a-pgr-apure-a-legalidade-da-utilizacao-das-lajes-pelos-eua\/#primaryimage\"},\"thumbnailUrl\":\"https:\/\/portaltela.pt\/s.01k8rhncp4jt1\/2026\/04\/image-331.jpg\",\"datePublished\":\"2026-04-06T15:53:00+00:00\",\"author\":{\"@id\":\"https:\/\/portaltela.pt\/#\/schema\/person\/c4278d4a6028830caff9ee44b42d32ed\"},\"breadcrumb\":{\"@id\":\"https:\/\/portaltela.pt\/noticias\/2026\/04\/06\/bloco-quer-que-a-pgr-apure-a-legalidade-da-utilizacao-das-lajes-pelos-eua\/#breadcrumb\"},\"inLanguage\":\"pt-PT\",\"potentialAction\":[{\"@type\":\"ReadAction\",\"target\":[\"https:\/\/portaltela.pt\/noticias\/2026\/04\/06\/bloco-quer-que-a-pgr-apure-a-legalidade-da-utilizacao-das-lajes-pelos-eua\/\"]}]},{\"@type\":\"ImageObject\",\"inLanguage\":\"pt-PT\",\"@id\":\"https:\/\/portaltela.pt\/noticias\/2026\/04\/06\/bloco-quer-que-a-pgr-apure-a-legalidade-da-utilizacao-das-lajes-pelos-eua\/#primaryimage\",\"url\":\"https:\/\/portaltela.pt\/s.01k8rhncp4jt1\/2026\/04\/image-331.jpg\",\"contentUrl\":\"https:\/\/portaltela.pt\/s.01k8rhncp4jt1\/2026\/04\/image-331.jpg\",\"width\":796,\"height\":448,\"caption\":\"BE quer que o Governo pro\u00edba a utiliza\u00e7\u00e3o da Base das Lajes pelos EUA para ataques ao Ir\u00e3o\"},{\"@type\":\"BreadcrumbList\",\"@id\":\"https:\/\/portaltela.pt\/noticias\/2026\/04\/06\/bloco-quer-que-a-pgr-apure-a-legalidade-da-utilizacao-das-lajes-pelos-eua\/#breadcrumb\",\"itemListElement\":[{\"@type\":\"ListItem\",\"position\":1,\"name\":\"In\u00edcio\",\"item\":\"https:\/\/portaltela.pt\/\"},{\"@type\":\"ListItem\",\"position\":2,\"name\":\"Bloco quer que a PGR apure a legalidade da utiliza\u00e7\u00e3o das Lajes pelos EUA\"}]},{\"@type\":\"WebSite\",\"@id\":\"https:\/\/portaltela.pt\/#website\",\"url\":\"https:\/\/portaltela.pt\/\",\"name\":\"Portal Tela Portugal\",\"description\":\"\",\"potentialAction\":[{\"@type\":\"SearchAction\",\"target\":{\"@type\":\"EntryPoint\",\"urlTemplate\":\"https:\/\/portaltela.pt\/?s={search_term_string}\"},\"query-input\":{\"@type\":\"PropertyValueSpecification\",\"valueRequired\":true,\"valueName\":\"search_term_string\"}}],\"inLanguage\":\"pt-PT\"},{\"@type\":\"Person\",\"@id\":\"https:\/\/portaltela.pt\/#\/schema\/person\/c4278d4a6028830caff9ee44b42d32ed\",\"name\":\"Telinha\",\"image\":{\"@type\":\"ImageObject\",\"inLanguage\":\"pt-PT\",\"@id\":\"https:\/\/portaltela.pt\/s.01k8rhncp4jt1\/2025\/11\/talking-bot-125x125.png\",\"url\":\"https:\/\/portaltela.pt\/s.01k8rhncp4jt1\/2025\/11\/talking-bot-125x125.png\",\"contentUrl\":\"https:\/\/portaltela.pt\/s.01k8rhncp4jt1\/2025\/11\/talking-bot-125x125.png\",\"caption\":\"Telinha\"},\"sameAs\":[\"https:\/\/portaltela.pt\/\"],\"url\":\"https:\/\/portaltela.pt\/por\/367410592786\/\"}]}<\/script>\n<!-- \/ Yoast SEO plugin. -->","yoast_head_json":{"title":"Bloco quer que a PGR apure a legalidade da utiliza\u00e7\u00e3o das Lajes pelos EUA - Portal Tela Portugal","robots":{"index":"index","follow":"follow","max-snippet":"max-snippet:-1","max-image-preview":"max-image-preview:large","max-video-preview":"max-video-preview:-1"},"og_locale":"pt_PT","og_type":"article","og_title":"Bloco quer que a PGR apure a legalidade da utiliza\u00e7\u00e3o das Lajes pelos EUA - Portal Tela Portugal","og_description":"O Bloco de Esquerda entregou \u00e0 Procuradoria-Geral da Rep\u00fablica uma participa\u00e7\u00e3o para apurar se a utiliza\u00e7\u00e3o da Base das Lajes, nos A\u00e7ores, pelos Estados Unidos, cumpre a lei, apontando viola\u00e7\u00e3o do direito internacional. Pureza, acompanhado do deputado Fabian Figueiredo e da eurodeputada Catarina Martins, afirma que o acordo com os EUA pode estar a ser violado e solicita abertura de inqu\u00e9rito se houver ind\u00edcios jur\u00eddico-penais. O partido questiona o posicionamento do Governo e do Minist\u00e9rio dos Neg\u00f3cios Estrangeiros, considerando que n\u00e3o corresponde \u00e0 legalidade vigente. Politicamente, o Bloquismo sustenta que, se se verificar ilegalidade, o Governo ficar\u00e1 numa posi\u00e7\u00e3o insustent\u00e1vel face ao envolvimento de Portugal na guerra contra o Ir\u00e3o. Na semana passada, o BE j\u00e1 entregou, na resid\u00eancia oficial do Primeiro-Ministro, uma carta com cerca de oito mil e quinhentas assinaturas a pedir a proibi\u00e7\u00e3o da utiliza\u00e7\u00e3o da Base das Lajes pelos EUA para ataques ao Ir\u00e3o; os ataques entre EUA e Israel contra o Ir\u00e3o ocorreram em 28 de fevereiro.","og_url":"https:\/\/portaltela.pt\/noticias\/2026\/04\/06\/bloco-quer-que-a-pgr-apure-a-legalidade-da-utilizacao-das-lajes-pelos-eua\/","og_site_name":"Portal Tela Portugal","article_published_time":"2026-04-06T15:53:00+00:00","author":"Telinha","twitter_card":"summary_large_image","twitter_misc":{"Escrito por":"Telinha","Tempo estimado de leitura":"1 minuto"},"schema":{"@context":"https:\/\/schema.org","@graph":[{"@type":"Article","@id":"https:\/\/portaltela.pt\/noticias\/2026\/04\/06\/bloco-quer-que-a-pgr-apure-a-legalidade-da-utilizacao-das-lajes-pelos-eua\/#article","isPartOf":{"@id":"https:\/\/portaltela.pt\/noticias\/2026\/04\/06\/bloco-quer-que-a-pgr-apure-a-legalidade-da-utilizacao-das-lajes-pelos-eua\/"},"author":{"name":"Telinha","@id":"https:\/\/portaltela.pt\/#\/schema\/person\/c4278d4a6028830caff9ee44b42d32ed"},"headline":"Bloco quer que a PGR apure a legalidade da utiliza\u00e7\u00e3o das Lajes pelos EUA","datePublished":"2026-04-06T15:53:00+00:00","mainEntityOfPage":{"@id":"https:\/\/portaltela.pt\/noticias\/2026\/04\/06\/bloco-quer-que-a-pgr-apure-a-legalidade-da-utilizacao-das-lajes-pelos-eua\/"},"wordCount":274,"image":{"@id":"https:\/\/portaltela.pt\/noticias\/2026\/04\/06\/bloco-quer-que-a-pgr-apure-a-legalidade-da-utilizacao-das-lajes-pelos-eua\/#primaryimage"},"thumbnailUrl":"https:\/\/portaltela.pt\/s.01k8rhncp4jt1\/2026\/04\/image-331.jpg","keywords":["Base das Lajes","direitos internacionais","pol\u00edtica externa","pol\u00edtica internacional","Portugal","rela\u00e7\u00f5es internacionais"],"articleSection":["Pol\u00edtica","Pol\u00edtica Internacional"],"inLanguage":"pt-PT"},{"@type":"WebPage","@id":"https:\/\/portaltela.pt\/noticias\/2026\/04\/06\/bloco-quer-que-a-pgr-apure-a-legalidade-da-utilizacao-das-lajes-pelos-eua\/","url":"https:\/\/portaltela.pt\/noticias\/2026\/04\/06\/bloco-quer-que-a-pgr-apure-a-legalidade-da-utilizacao-das-lajes-pelos-eua\/","name":"Bloco quer que a PGR apure a legalidade da utiliza\u00e7\u00e3o das Lajes pelos EUA - Portal Tela Portugal","isPartOf":{"@id":"https:\/\/portaltela.pt\/#website"},"primaryImageOfPage":{"@id":"https:\/\/portaltela.pt\/noticias\/2026\/04\/06\/bloco-quer-que-a-pgr-apure-a-legalidade-da-utilizacao-das-lajes-pelos-eua\/#primaryimage"},"image":{"@id":"https:\/\/portaltela.pt\/noticias\/2026\/04\/06\/bloco-quer-que-a-pgr-apure-a-legalidade-da-utilizacao-das-lajes-pelos-eua\/#primaryimage"},"thumbnailUrl":"https:\/\/portaltela.pt\/s.01k8rhncp4jt1\/2026\/04\/image-331.jpg","datePublished":"2026-04-06T15:53:00+00:00","author":{"@id":"https:\/\/portaltela.pt\/#\/schema\/person\/c4278d4a6028830caff9ee44b42d32ed"},"breadcrumb":{"@id":"https:\/\/portaltela.pt\/noticias\/2026\/04\/06\/bloco-quer-que-a-pgr-apure-a-legalidade-da-utilizacao-das-lajes-pelos-eua\/#breadcrumb"},"inLanguage":"pt-PT","potentialAction":[{"@type":"ReadAction","target":["https:\/\/portaltela.pt\/noticias\/2026\/04\/06\/bloco-quer-que-a-pgr-apure-a-legalidade-da-utilizacao-das-lajes-pelos-eua\/"]}]},{"@type":"ImageObject","inLanguage":"pt-PT","@id":"https:\/\/portaltela.pt\/noticias\/2026\/04\/06\/bloco-quer-que-a-pgr-apure-a-legalidade-da-utilizacao-das-lajes-pelos-eua\/#primaryimage","url":"https:\/\/portaltela.pt\/s.01k8rhncp4jt1\/2026\/04\/image-331.jpg","contentUrl":"https:\/\/portaltela.pt\/s.01k8rhncp4jt1\/2026\/04\/image-331.jpg","width":796,"height":448,"caption":"BE quer que o Governo pro\u00edba a utiliza\u00e7\u00e3o da Base das Lajes pelos EUA para ataques ao Ir\u00e3o"},{"@type":"BreadcrumbList","@id":"https:\/\/portaltela.pt\/noticias\/2026\/04\/06\/bloco-quer-que-a-pgr-apure-a-legalidade-da-utilizacao-das-lajes-pelos-eua\/#breadcrumb","itemListElement":[{"@type":"ListItem","position":1,"name":"In\u00edcio","item":"https:\/\/portaltela.pt\/"},{"@type":"ListItem","position":2,"name":"Bloco quer que a PGR apure a legalidade da utiliza\u00e7\u00e3o das Lajes pelos EUA"}]},{"@type":"WebSite","@id":"https:\/\/portaltela.pt\/#website","url":"https:\/\/portaltela.pt\/","name":"Portal Tela Portugal","description":"","potentialAction":[{"@type":"SearchAction","target":{"@type":"EntryPoint","urlTemplate":"https:\/\/portaltela.pt\/?s={search_term_string}"},"query-input":{"@type":"PropertyValueSpecification","valueRequired":true,"valueName":"search_term_string"}}],"inLanguage":"pt-PT"},{"@type":"Person","@id":"https:\/\/portaltela.pt\/#\/schema\/person\/c4278d4a6028830caff9ee44b42d32ed","name":"Telinha","image":{"@type":"ImageObject","inLanguage":"pt-PT","@id":"https:\/\/portaltela.pt\/s.01k8rhncp4jt1\/2025\/11\/talking-bot-125x125.png","url":"https:\/\/portaltela.pt\/s.01k8rhncp4jt1\/2025\/11\/talking-bot-125x125.png","contentUrl":"https:\/\/portaltela.pt\/s.01k8rhncp4jt1\/2025\/11\/talking-bot-125x125.png","caption":"Telinha"},"sameAs":["https:\/\/portaltela.pt\/"],"url":"https:\/\/portaltela.pt\/por\/367410592786\/"}]}},"_links":{"self":[{"href":"https:\/\/portaltela.pt\/api\/wp\/v2\/posts\/434382","targetHints":{"allow":["GET"]}}],"collection":[{"href":"https:\/\/portaltela.pt\/api\/wp\/v2\/posts"}],"about":[{"href":"https:\/\/portaltela.pt\/api\/wp\/v2\/types\/post"}],"author":[{"embeddable":true,"href":"https:\/\/portaltela.pt\/api\/wp\/v2\/users\/2"}],"replies":[{"embeddable":true,"href":"https:\/\/portaltela.pt\/api\/wp\/v2\/comments?post=434382"}],"version-history":[{"count":0,"href":"https:\/\/portaltela.pt\/api\/wp\/v2\/posts\/434382\/revisions"}],"wp:featuredmedia":[{"embeddable":true,"href":"https:\/\/portaltela.pt\/api\/wp\/v2\/media\/434383"}],"wp:attachment":[{"href":"https:\/\/portaltela.pt\/api\/wp\/v2\/media?parent=434382"}],"wp:term":[{"taxonomy":"category","embeddable":true,"href":"https:\/\/portaltela.pt\/api\/wp\/v2\/categories?post=434382"},{"taxonomy":"post_tag","embeddable":true,"href":"https:\/\/portaltela.pt\/api\/wp\/v2\/tags?post=434382"}],"curies":[{"name":"wp","href":"https:\/\/api.w.org\/{rel}","templated":true}]}}