{"id":434376,"date":"2026-04-06T13:02:27","date_gmt":"2026-04-06T16:02:27","guid":{"rendered":"https:\/\/portaltela.pt\/noticias\/2026\/04\/06\/freguesia-de-benfica-entrega-chave-de-honra-a-familia-de-antonio-lobo-antunes\/"},"modified":"2026-04-06T13:02:27","modified_gmt":"2026-04-06T16:02:27","slug":"freguesia-de-benfica-entrega-chave-de-honra-a-familia-de-antonio-lobo-antunes","status":"publish","type":"post","link":"https:\/\/portaltela.pt\/cultura\/2026\/04\/06\/freguesia-de-benfica-entrega-chave-de-honra-a-familia-de-antonio-lobo-antunes\/","title":{"rendered":"Freguesia de Benfica entrega Chave de Honra \u00e0 fam\u00edlia de Ant\u00f3nio Lobo Antunes"},"content":{"rendered":"<p>A Junta de Freguesia de Benfica vai entregar a Chave de Honra \u00e0 fam\u00edlia de Ant\u00f3nio Lobo Antunes, em homenagem ao escritor falecido em mar\u00e7o aos 83 anos. A cerim\u00f3nia foi anunciada pela autarquia, que destacou a forte rela\u00e7\u00e3o do autor com o territ\u00f3rio.<\/p>\n<p>O evento decorre no domingo, a partir das 17:00, no Audit\u00f3rio da Escola Superior de Educa\u00e7\u00e3o de Lisboa. A homenagem integra as comemora\u00e7\u00f5es do 763.\u00ba anivers\u00e1rio de Benfica, data hist\u00f3rica que figura no documento que cita a freguesia pela primeira vez.<\/p>\n<p>A freguesia ressalta o legado de Lobo Antunes, nascido e criado no bairro de Benfica, com mais de 30 romances e in\u00fameras cr\u00f3nicas. O escritor doou mais de 30 mil t\u00edtulos da sua biblioteca pessoal, incluindo manuscritos originais, agora parte da futura Biblioteca de Benfica.<\/p>\n<p>Ant\u00f3nio Lobo Antunes nasceu em Lisboa, em 1 de setembro de 1942, licenciou-se em Medicina pela ULisboa em 1969 e especializou-se em Psiquiatria. Em 1985 abandonou a medicina para se dedicar \u00e0 escrita, citando a depress\u00e3o como motiva\u00e7\u00e3o pessoal.<\/p>\n<p>Ao longo de carreira, o autor recebeu diversos reconhecimentos internacionais, incluindo a gr\u00e3-cruz da Ordem de Sant\u2019Iago da Espada (2004) e a Ordem da Liberdade (2019) em Portugal, bem como o t\u00edtulo de Commandeur da Ordem das Artes e Letras de Fran\u00e7a (2008). Em 2007 recebeu o Pr\u00e9mio Cam\u00f5es.<\/p>\n<p>A Junta de Freguesia decretou tr\u00eas dias de luto local pela morte de Lobo Antunes. A futura Biblioteca de Benfica, onde ficar\u00e1 a biblioteca do escritor, dever\u00e1 ficar situada na Avenida Gomes Pereira, contribuindo para o acervo cultural da cidade de Lisboa.<\/p>\n","protected":false},"excerpt":{"rendered":"<ul>\n<li>A Junta de Freguesia de Benfica vai entregar a Chave de Honra \u00e0 fam\u00edlia de Ant\u00f3nio Lobo Antunes, numa homenagem ao escritor que morreu a 5 de mar\u00e7o, aos 83 anos, destacando a sua liga\u00e7\u00e3o ao territ\u00f3rio.<\/li>\n<li>A cerim\u00f3nia ocorre no domingo, a partir das 17:00, no Audit\u00f3rio da Escola Superior de Educa\u00e7\u00e3o de Lisboa, integrada nas celebra\u00e7\u00f5es do 763.\u00ba anivers\u00e1rio do lugar de Benfica.<\/li>\n<li>O organismo fregui\u00e1rio sublinha que Lobo Antunes nasceu e foi criado em Benfica, deixando um legado liter\u00e1rio importante com mais de trinta romances e cr\u00f3nicas.<\/li>\n<li>O escritor doou mais de 30 mil t\u00edtulos da biblioteca pessoal, incluindo manuscritos originais, que v\u00e3o integrar a futura Biblioteca de Benfica \u2013 Ant\u00f3nio Lobo Antunes, ainda por inaugurar na Avenida Gomes Pereira.<\/li>\n<li>A Junta de Freguesia decretou tr\u00eas dias de luto local em mem\u00f3ria do escritor.<\/li>\n<\/ul>\n","protected":false},"author":2,"featured_media":434380,"comment_status":"closed","ping_status":"closed","sticky":false,"template":"","format":"standard","meta":{"footnotes":""},"categories":[6675,7375],"tags":[7756,6812,6654,981,106,1175],"class_list":["post-434376","post","type-post","status-publish","format-standard","has-post-thumbnail","hentry","category-celebridades","category-cultura","tag-_cultura","tag-antonio-lobo-antunes","tag-escritores","tag-lisboa","tag-literatura","tag-patrimonio-cultural"],"yoast_head":"<!-- This site is optimized with the Yoast SEO plugin v27.2 - https:\/\/yoast.com\/product\/yoast-seo-wordpress\/ -->\n<title>Freguesia de Benfica entrega Chave de Honra \u00e0 fam\u00edlia de Ant\u00f3nio Lobo Antunes - Portal Tela Portugal<\/title>\n<meta name=\"robots\" content=\"index, follow, max-snippet:-1, max-image-preview:large, max-video-preview:-1\" \/>\n<meta property=\"og:locale\" content=\"pt_PT\" \/>\n<meta property=\"og:type\" content=\"article\" \/>\n<meta property=\"og:title\" content=\"Freguesia de Benfica entrega Chave de Honra \u00e0 fam\u00edlia de Ant\u00f3nio Lobo Antunes - Portal Tela Portugal\" \/>\n<meta property=\"og:description\" content=\"A Junta de Freguesia de Benfica vai entregar a Chave de Honra \u00e0 fam\u00edlia de Ant\u00f3nio Lobo Antunes, numa homenagem ao escritor que morreu a 5 de mar\u00e7o, aos 83 anos, destacando a sua liga\u00e7\u00e3o ao territ\u00f3rio. A cerim\u00f3nia ocorre no domingo, a partir das 17:00, no Audit\u00f3rio da Escola Superior de Educa\u00e7\u00e3o de Lisboa, integrada nas celebra\u00e7\u00f5es do 763.\u00ba anivers\u00e1rio do lugar de Benfica. O organismo fregui\u00e1rio sublinha que Lobo Antunes nasceu e foi criado em Benfica, deixando um legado liter\u00e1rio importante com mais de trinta romances e cr\u00f3nicas. O escritor doou mais de 30 mil t\u00edtulos da biblioteca pessoal, incluindo manuscritos originais, que v\u00e3o integrar a futura Biblioteca de Benfica \u2013 Ant\u00f3nio Lobo Antunes, ainda por inaugurar na Avenida Gomes Pereira. A Junta de Freguesia decretou tr\u00eas dias de luto local em mem\u00f3ria do escritor.\" \/>\n<meta property=\"og:url\" content=\"https:\/\/portaltela.pt\/noticias\/2026\/04\/06\/freguesia-de-benfica-entrega-chave-de-honra-a-familia-de-antonio-lobo-antunes\/\" \/>\n<meta property=\"og:site_name\" content=\"Portal Tela Portugal\" \/>\n<meta property=\"article:published_time\" content=\"2026-04-06T16:02:27+00:00\" \/>\n<meta name=\"author\" content=\"Telinha\" \/>\n<meta name=\"twitter:card\" content=\"summary_large_image\" \/>\n<meta name=\"twitter:label1\" content=\"Escrito por\" \/>\n\t<meta name=\"twitter:data1\" content=\"Telinha\" \/>\n\t<meta name=\"twitter:label2\" content=\"Tempo estimado de leitura\" \/>\n\t<meta name=\"twitter:data2\" content=\"1 minuto\" \/>\n<script type=\"application\/ld+json\" class=\"yoast-schema-graph\">{\"@context\":\"https:\/\/schema.org\",\"@graph\":[{\"@type\":\"Article\",\"@id\":\"https:\/\/portaltela.pt\/noticias\/2026\/04\/06\/freguesia-de-benfica-entrega-chave-de-honra-a-familia-de-antonio-lobo-antunes\/#article\",\"isPartOf\":{\"@id\":\"https:\/\/portaltela.pt\/noticias\/2026\/04\/06\/freguesia-de-benfica-entrega-chave-de-honra-a-familia-de-antonio-lobo-antunes\/\"},\"author\":{\"name\":\"Telinha\",\"@id\":\"https:\/\/portaltela.pt\/#\/schema\/person\/c4278d4a6028830caff9ee44b42d32ed\"},\"headline\":\"Freguesia de Benfica entrega Chave de Honra \u00e0 fam\u00edlia de Ant\u00f3nio Lobo Antunes\",\"datePublished\":\"2026-04-06T16:02:27+00:00\",\"mainEntityOfPage\":{\"@id\":\"https:\/\/portaltela.pt\/noticias\/2026\/04\/06\/freguesia-de-benfica-entrega-chave-de-honra-a-familia-de-antonio-lobo-antunes\/\"},\"wordCount\":283,\"image\":{\"@id\":\"https:\/\/portaltela.pt\/noticias\/2026\/04\/06\/freguesia-de-benfica-entrega-chave-de-honra-a-familia-de-antonio-lobo-antunes\/#primaryimage\"},\"thumbnailUrl\":\"https:\/\/portaltela.pt\/s.01k8rhncp4jt1\/2026\/04\/img_1500x1000uu2026-03-05-18-01-17-2270587.jpg\",\"keywords\":[\"_cultura\",\"Ant\u00f3nio Lobo Antunes\",\"escritores\",\"Lisboa\",\"literatura\",\"Patrim\u00f3nio Cultural\"],\"articleSection\":[\"Celebridades\",\"Cultura\"],\"inLanguage\":\"pt-PT\"},{\"@type\":\"WebPage\",\"@id\":\"https:\/\/portaltela.pt\/noticias\/2026\/04\/06\/freguesia-de-benfica-entrega-chave-de-honra-a-familia-de-antonio-lobo-antunes\/\",\"url\":\"https:\/\/portaltela.pt\/noticias\/2026\/04\/06\/freguesia-de-benfica-entrega-chave-de-honra-a-familia-de-antonio-lobo-antunes\/\",\"name\":\"Freguesia de Benfica entrega Chave de Honra \u00e0 fam\u00edlia de Ant\u00f3nio Lobo Antunes - Portal Tela Portugal\",\"isPartOf\":{\"@id\":\"https:\/\/portaltela.pt\/#website\"},\"primaryImageOfPage\":{\"@id\":\"https:\/\/portaltela.pt\/noticias\/2026\/04\/06\/freguesia-de-benfica-entrega-chave-de-honra-a-familia-de-antonio-lobo-antunes\/#primaryimage\"},\"image\":{\"@id\":\"https:\/\/portaltela.pt\/noticias\/2026\/04\/06\/freguesia-de-benfica-entrega-chave-de-honra-a-familia-de-antonio-lobo-antunes\/#primaryimage\"},\"thumbnailUrl\":\"https:\/\/portaltela.pt\/s.01k8rhncp4jt1\/2026\/04\/img_1500x1000uu2026-03-05-18-01-17-2270587.jpg\",\"datePublished\":\"2026-04-06T16:02:27+00:00\",\"author\":{\"@id\":\"https:\/\/portaltela.pt\/#\/schema\/person\/c4278d4a6028830caff9ee44b42d32ed\"},\"breadcrumb\":{\"@id\":\"https:\/\/portaltela.pt\/noticias\/2026\/04\/06\/freguesia-de-benfica-entrega-chave-de-honra-a-familia-de-antonio-lobo-antunes\/#breadcrumb\"},\"inLanguage\":\"pt-PT\",\"potentialAction\":[{\"@type\":\"ReadAction\",\"target\":[\"https:\/\/portaltela.pt\/noticias\/2026\/04\/06\/freguesia-de-benfica-entrega-chave-de-honra-a-familia-de-antonio-lobo-antunes\/\"]}]},{\"@type\":\"ImageObject\",\"inLanguage\":\"pt-PT\",\"@id\":\"https:\/\/portaltela.pt\/noticias\/2026\/04\/06\/freguesia-de-benfica-entrega-chave-de-honra-a-familia-de-antonio-lobo-antunes\/#primaryimage\",\"url\":\"https:\/\/portaltela.pt\/s.01k8rhncp4jt1\/2026\/04\/img_1500x1000uu2026-03-05-18-01-17-2270587.jpg\",\"contentUrl\":\"https:\/\/portaltela.pt\/s.01k8rhncp4jt1\/2026\/04\/img_1500x1000uu2026-03-05-18-01-17-2270587.jpg\",\"width\":796,\"height\":448,\"caption\":\"Ant\u00f3nio Lobo Antunes\"},{\"@type\":\"BreadcrumbList\",\"@id\":\"https:\/\/portaltela.pt\/noticias\/2026\/04\/06\/freguesia-de-benfica-entrega-chave-de-honra-a-familia-de-antonio-lobo-antunes\/#breadcrumb\",\"itemListElement\":[{\"@type\":\"ListItem\",\"position\":1,\"name\":\"In\u00edcio\",\"item\":\"https:\/\/portaltela.pt\/\"},{\"@type\":\"ListItem\",\"position\":2,\"name\":\"Freguesia de Benfica entrega Chave de Honra \u00e0 fam\u00edlia de Ant\u00f3nio Lobo Antunes\"}]},{\"@type\":\"WebSite\",\"@id\":\"https:\/\/portaltela.pt\/#website\",\"url\":\"https:\/\/portaltela.pt\/\",\"name\":\"Portal Tela Portugal\",\"description\":\"\",\"potentialAction\":[{\"@type\":\"SearchAction\",\"target\":{\"@type\":\"EntryPoint\",\"urlTemplate\":\"https:\/\/portaltela.pt\/?s={search_term_string}\"},\"query-input\":{\"@type\":\"PropertyValueSpecification\",\"valueRequired\":true,\"valueName\":\"search_term_string\"}}],\"inLanguage\":\"pt-PT\"},{\"@type\":\"Person\",\"@id\":\"https:\/\/portaltela.pt\/#\/schema\/person\/c4278d4a6028830caff9ee44b42d32ed\",\"name\":\"Telinha\",\"image\":{\"@type\":\"ImageObject\",\"inLanguage\":\"pt-PT\",\"@id\":\"https:\/\/portaltela.pt\/s.01k8rhncp4jt1\/2025\/11\/talking-bot-125x125.png\",\"url\":\"https:\/\/portaltela.pt\/s.01k8rhncp4jt1\/2025\/11\/talking-bot-125x125.png\",\"contentUrl\":\"https:\/\/portaltela.pt\/s.01k8rhncp4jt1\/2025\/11\/talking-bot-125x125.png\",\"caption\":\"Telinha\"},\"sameAs\":[\"https:\/\/portaltela.pt\/\"],\"url\":\"https:\/\/portaltela.pt\/por\/367410592786\/\"}]}<\/script>\n<!-- \/ Yoast SEO plugin. -->","yoast_head_json":{"title":"Freguesia de Benfica entrega Chave de Honra \u00e0 fam\u00edlia de Ant\u00f3nio Lobo Antunes - Portal Tela Portugal","robots":{"index":"index","follow":"follow","max-snippet":"max-snippet:-1","max-image-preview":"max-image-preview:large","max-video-preview":"max-video-preview:-1"},"og_locale":"pt_PT","og_type":"article","og_title":"Freguesia de Benfica entrega Chave de Honra \u00e0 fam\u00edlia de Ant\u00f3nio Lobo Antunes - Portal Tela Portugal","og_description":"A Junta de Freguesia de Benfica vai entregar a Chave de Honra \u00e0 fam\u00edlia de Ant\u00f3nio Lobo Antunes, numa homenagem ao escritor que morreu a 5 de mar\u00e7o, aos 83 anos, destacando a sua liga\u00e7\u00e3o ao territ\u00f3rio. A cerim\u00f3nia ocorre no domingo, a partir das 17:00, no Audit\u00f3rio da Escola Superior de Educa\u00e7\u00e3o de Lisboa, integrada nas celebra\u00e7\u00f5es do 763.\u00ba anivers\u00e1rio do lugar de Benfica. O organismo fregui\u00e1rio sublinha que Lobo Antunes nasceu e foi criado em Benfica, deixando um legado liter\u00e1rio importante com mais de trinta romances e cr\u00f3nicas. O escritor doou mais de 30 mil t\u00edtulos da biblioteca pessoal, incluindo manuscritos originais, que v\u00e3o integrar a futura Biblioteca de Benfica \u2013 Ant\u00f3nio Lobo Antunes, ainda por inaugurar na Avenida Gomes Pereira. A Junta de Freguesia decretou tr\u00eas dias de luto local em mem\u00f3ria do escritor.","og_url":"https:\/\/portaltela.pt\/noticias\/2026\/04\/06\/freguesia-de-benfica-entrega-chave-de-honra-a-familia-de-antonio-lobo-antunes\/","og_site_name":"Portal Tela Portugal","article_published_time":"2026-04-06T16:02:27+00:00","author":"Telinha","twitter_card":"summary_large_image","twitter_misc":{"Escrito por":"Telinha","Tempo estimado de leitura":"1 minuto"},"schema":{"@context":"https:\/\/schema.org","@graph":[{"@type":"Article","@id":"https:\/\/portaltela.pt\/noticias\/2026\/04\/06\/freguesia-de-benfica-entrega-chave-de-honra-a-familia-de-antonio-lobo-antunes\/#article","isPartOf":{"@id":"https:\/\/portaltela.pt\/noticias\/2026\/04\/06\/freguesia-de-benfica-entrega-chave-de-honra-a-familia-de-antonio-lobo-antunes\/"},"author":{"name":"Telinha","@id":"https:\/\/portaltela.pt\/#\/schema\/person\/c4278d4a6028830caff9ee44b42d32ed"},"headline":"Freguesia de Benfica entrega Chave de Honra \u00e0 fam\u00edlia de Ant\u00f3nio Lobo Antunes","datePublished":"2026-04-06T16:02:27+00:00","mainEntityOfPage":{"@id":"https:\/\/portaltela.pt\/noticias\/2026\/04\/06\/freguesia-de-benfica-entrega-chave-de-honra-a-familia-de-antonio-lobo-antunes\/"},"wordCount":283,"image":{"@id":"https:\/\/portaltela.pt\/noticias\/2026\/04\/06\/freguesia-de-benfica-entrega-chave-de-honra-a-familia-de-antonio-lobo-antunes\/#primaryimage"},"thumbnailUrl":"https:\/\/portaltela.pt\/s.01k8rhncp4jt1\/2026\/04\/img_1500x1000uu2026-03-05-18-01-17-2270587.jpg","keywords":["_cultura","Ant\u00f3nio Lobo Antunes","escritores","Lisboa","literatura","Patrim\u00f3nio Cultural"],"articleSection":["Celebridades","Cultura"],"inLanguage":"pt-PT"},{"@type":"WebPage","@id":"https:\/\/portaltela.pt\/noticias\/2026\/04\/06\/freguesia-de-benfica-entrega-chave-de-honra-a-familia-de-antonio-lobo-antunes\/","url":"https:\/\/portaltela.pt\/noticias\/2026\/04\/06\/freguesia-de-benfica-entrega-chave-de-honra-a-familia-de-antonio-lobo-antunes\/","name":"Freguesia de Benfica entrega Chave de Honra \u00e0 fam\u00edlia de Ant\u00f3nio Lobo Antunes - Portal Tela Portugal","isPartOf":{"@id":"https:\/\/portaltela.pt\/#website"},"primaryImageOfPage":{"@id":"https:\/\/portaltela.pt\/noticias\/2026\/04\/06\/freguesia-de-benfica-entrega-chave-de-honra-a-familia-de-antonio-lobo-antunes\/#primaryimage"},"image":{"@id":"https:\/\/portaltela.pt\/noticias\/2026\/04\/06\/freguesia-de-benfica-entrega-chave-de-honra-a-familia-de-antonio-lobo-antunes\/#primaryimage"},"thumbnailUrl":"https:\/\/portaltela.pt\/s.01k8rhncp4jt1\/2026\/04\/img_1500x1000uu2026-03-05-18-01-17-2270587.jpg","datePublished":"2026-04-06T16:02:27+00:00","author":{"@id":"https:\/\/portaltela.pt\/#\/schema\/person\/c4278d4a6028830caff9ee44b42d32ed"},"breadcrumb":{"@id":"https:\/\/portaltela.pt\/noticias\/2026\/04\/06\/freguesia-de-benfica-entrega-chave-de-honra-a-familia-de-antonio-lobo-antunes\/#breadcrumb"},"inLanguage":"pt-PT","potentialAction":[{"@type":"ReadAction","target":["https:\/\/portaltela.pt\/noticias\/2026\/04\/06\/freguesia-de-benfica-entrega-chave-de-honra-a-familia-de-antonio-lobo-antunes\/"]}]},{"@type":"ImageObject","inLanguage":"pt-PT","@id":"https:\/\/portaltela.pt\/noticias\/2026\/04\/06\/freguesia-de-benfica-entrega-chave-de-honra-a-familia-de-antonio-lobo-antunes\/#primaryimage","url":"https:\/\/portaltela.pt\/s.01k8rhncp4jt1\/2026\/04\/img_1500x1000uu2026-03-05-18-01-17-2270587.jpg","contentUrl":"https:\/\/portaltela.pt\/s.01k8rhncp4jt1\/2026\/04\/img_1500x1000uu2026-03-05-18-01-17-2270587.jpg","width":796,"height":448,"caption":"Ant\u00f3nio Lobo Antunes"},{"@type":"BreadcrumbList","@id":"https:\/\/portaltela.pt\/noticias\/2026\/04\/06\/freguesia-de-benfica-entrega-chave-de-honra-a-familia-de-antonio-lobo-antunes\/#breadcrumb","itemListElement":[{"@type":"ListItem","position":1,"name":"In\u00edcio","item":"https:\/\/portaltela.pt\/"},{"@type":"ListItem","position":2,"name":"Freguesia de Benfica entrega Chave de Honra \u00e0 fam\u00edlia de Ant\u00f3nio Lobo Antunes"}]},{"@type":"WebSite","@id":"https:\/\/portaltela.pt\/#website","url":"https:\/\/portaltela.pt\/","name":"Portal Tela Portugal","description":"","potentialAction":[{"@type":"SearchAction","target":{"@type":"EntryPoint","urlTemplate":"https:\/\/portaltela.pt\/?s={search_term_string}"},"query-input":{"@type":"PropertyValueSpecification","valueRequired":true,"valueName":"search_term_string"}}],"inLanguage":"pt-PT"},{"@type":"Person","@id":"https:\/\/portaltela.pt\/#\/schema\/person\/c4278d4a6028830caff9ee44b42d32ed","name":"Telinha","image":{"@type":"ImageObject","inLanguage":"pt-PT","@id":"https:\/\/portaltela.pt\/s.01k8rhncp4jt1\/2025\/11\/talking-bot-125x125.png","url":"https:\/\/portaltela.pt\/s.01k8rhncp4jt1\/2025\/11\/talking-bot-125x125.png","contentUrl":"https:\/\/portaltela.pt\/s.01k8rhncp4jt1\/2025\/11\/talking-bot-125x125.png","caption":"Telinha"},"sameAs":["https:\/\/portaltela.pt\/"],"url":"https:\/\/portaltela.pt\/por\/367410592786\/"}]}},"_links":{"self":[{"href":"https:\/\/portaltela.pt\/api\/wp\/v2\/posts\/434376","targetHints":{"allow":["GET"]}}],"collection":[{"href":"https:\/\/portaltela.pt\/api\/wp\/v2\/posts"}],"about":[{"href":"https:\/\/portaltela.pt\/api\/wp\/v2\/types\/post"}],"author":[{"embeddable":true,"href":"https:\/\/portaltela.pt\/api\/wp\/v2\/users\/2"}],"replies":[{"embeddable":true,"href":"https:\/\/portaltela.pt\/api\/wp\/v2\/comments?post=434376"}],"version-history":[{"count":0,"href":"https:\/\/portaltela.pt\/api\/wp\/v2\/posts\/434376\/revisions"}],"wp:featuredmedia":[{"embeddable":true,"href":"https:\/\/portaltela.pt\/api\/wp\/v2\/media\/434380"}],"wp:attachment":[{"href":"https:\/\/portaltela.pt\/api\/wp\/v2\/media?parent=434376"}],"wp:term":[{"taxonomy":"category","embeddable":true,"href":"https:\/\/portaltela.pt\/api\/wp\/v2\/categories?post=434376"},{"taxonomy":"post_tag","embeddable":true,"href":"https:\/\/portaltela.pt\/api\/wp\/v2\/tags?post=434376"}],"curies":[{"name":"wp","href":"https:\/\/api.w.org\/{rel}","templated":true}]}}