{"id":434372,"date":"2026-04-06T13:02:21","date_gmt":"2026-04-06T16:02:21","guid":{"rendered":"https:\/\/portaltela.pt\/noticias\/2026\/04\/06\/jose-cid-comenta-dia-em-que-pinheiro-centenario-caiu-sobre-parte-do-telhado\/"},"modified":"2026-04-06T13:02:21","modified_gmt":"2026-04-06T16:02:21","slug":"jose-cid-comenta-dia-em-que-pinheiro-centenario-caiu-sobre-parte-do-telhado","status":"publish","type":"post","link":"https:\/\/portaltela.pt\/celebridades\/2026\/04\/06\/jose-cid-comenta-dia-em-que-pinheiro-centenario-caiu-sobre-parte-do-telhado\/","title":{"rendered":"Jos\u00e9 Cid comenta dia em que pinheiro centen\u00e1rio caiu sobre parte do telhado"},"content":{"rendered":"<p>Foi publicado que o dia em que um pinheiro centen\u00e1rio caiu sobre parte do telhado da casa de Jos\u00e9 Cid ocorreu na regi\u00e3o de Lisboa, causando danos significativos na estrutura e preju\u00edzos estimados. O incidente foi descrito pelo artista como traumatizante.<\/p>\n<p>Jos\u00e9 Cid comentou, em comunica\u00e7\u00e3o com a CMTV, que o susto foi grande e que a repara\u00e7\u00e3o envolve valores pr\u00f3ximos dos 100 mil euros. A avalia\u00e7\u00e3o inicial aponta para danos relevantes \u00e0 cobertura e a \u00e1reas adjacentes da resid\u00eancia.<\/p>\n<p>Apesar do sucedido, o cantor encontra-se em recupera\u00e7\u00e3o e a providenciar os trabalhos de reconstru\u00e7\u00e3o. Acompanhado por familiares e equipa de apoio, agradece o apoio recebido de f\u00e3s e amigos.<\/p>\n<h3>Impacto e pr\u00f3ximos passos<\/h3>\n<p>As equipas de emerg\u00eancia estiveram no local e ajudaram a minimizar estragos. A ocorr\u00eancia trouxe \u00e0 tona a necessidade de inspe\u00e7\u00f5es regulares a estruturas antigas e \u00e1rvores pr\u00f3ximas a habita\u00e7\u00f5es.<\/p>\n<p>Jos\u00e9 Cid refor\u00e7ou que v\u00e3o manter as medidas de preven\u00e7\u00e3o para evitar novos incidentes e que continuar\u00e1 a cuidar da propriedade, bem como a programar interven\u00e7\u00f5es de melhoria na sua casa.<\/p>\n<p>O artista refere que, apesar do trauma, permanece grato por estar bem e pela continuidade da carreira. O caso \u00e9 visto como alerta para a vulnerabilidade de estruturas antigas em \u00e1reas urbanas.<\/p>\n","protected":false},"excerpt":{"rendered":"<ul>\n<li>Jos\u00e9 Cid revelou \u00e0 CMTV que um pinheiro centen\u00e1rio caiu sobre parte do telhado da sua casa, na zona de Lisboa, provocando danos na estrutura.<\/li>\n<li>O cantor estima preju\u00edzos \u00e0 volta de 100 mil euros e classificou o incidente como traumatizante.<\/li>\n<li>O processo envolve a reconstru\u00e7\u00e3o da \u00e1rea afetada e materiais danificados, com recupera\u00e7\u00e3o em curso.<\/li>\n<li>Agradeceu \u00e0s equipas de emerg\u00eancia e aos f\u00e3s pelo apoio, sublinhando a import\u00e2ncia de precau\u00e7\u00f5es com \u00e1rvores junto de habita\u00e7\u00f5es.<\/li>\n<li>O incidente evidencia a vulnerabilidade de estruturas antigas e a necessidade de inspe\u00e7\u00f5es regulares para evitar acidentes.<\/li>\n<\/ul>\n","protected":false},"author":2,"featured_media":434373,"comment_status":"closed","ping_status":"closed","sticky":false,"template":"","format":"standard","meta":{"footnotes":""},"categories":[6675],"tags":[7756,7791,6393,5277,64,981],"class_list":["post-434372","post","type-post","status-publish","format-standard","has-post-thumbnail","hentry","category-celebridades","tag-_cultura","tag-_habitacao","tag-a-casa","tag-danos","tag-familia","tag-lisboa"],"yoast_head":"<!-- This site is optimized with the Yoast SEO plugin v27.2 - https:\/\/yoast.com\/product\/yoast-seo-wordpress\/ -->\n<title>Jos\u00e9 Cid comenta dia em que pinheiro centen\u00e1rio caiu sobre parte do telhado - Portal Tela Portugal<\/title>\n<meta name=\"robots\" content=\"index, follow, max-snippet:-1, max-image-preview:large, max-video-preview:-1\" \/>\n<meta property=\"og:locale\" content=\"pt_PT\" \/>\n<meta property=\"og:type\" content=\"article\" \/>\n<meta property=\"og:title\" content=\"Jos\u00e9 Cid comenta dia em que pinheiro centen\u00e1rio caiu sobre parte do telhado - Portal Tela Portugal\" \/>\n<meta property=\"og:description\" content=\"Jos\u00e9 Cid revelou \u00e0 CMTV que um pinheiro centen\u00e1rio caiu sobre parte do telhado da sua casa, na zona de Lisboa, provocando danos na estrutura. O cantor estima preju\u00edzos \u00e0 volta de 100 mil euros e classificou o incidente como traumatizante. O processo envolve a reconstru\u00e7\u00e3o da \u00e1rea afetada e materiais danificados, com recupera\u00e7\u00e3o em curso. Agradeceu \u00e0s equipas de emerg\u00eancia e aos f\u00e3s pelo apoio, sublinhando a import\u00e2ncia de precau\u00e7\u00f5es com \u00e1rvores junto de habita\u00e7\u00f5es. O incidente evidencia a vulnerabilidade de estruturas antigas e a necessidade de inspe\u00e7\u00f5es regulares para evitar acidentes.\" \/>\n<meta property=\"og:url\" content=\"https:\/\/portaltela.pt\/noticias\/2026\/04\/06\/jose-cid-comenta-dia-em-que-pinheiro-centenario-caiu-sobre-parte-do-telhado\/\" \/>\n<meta property=\"og:site_name\" content=\"Portal Tela Portugal\" \/>\n<meta property=\"article:published_time\" content=\"2026-04-06T16:02:21+00:00\" \/>\n<meta name=\"author\" content=\"Telinha\" \/>\n<meta name=\"twitter:card\" content=\"summary_large_image\" \/>\n<meta name=\"twitter:label1\" content=\"Escrito por\" \/>\n\t<meta name=\"twitter:data1\" content=\"Telinha\" \/>\n\t<meta name=\"twitter:label2\" content=\"Tempo estimado de leitura\" \/>\n\t<meta name=\"twitter:data2\" content=\"1 minuto\" \/>\n<script type=\"application\/ld+json\" class=\"yoast-schema-graph\">{\"@context\":\"https:\/\/schema.org\",\"@graph\":[{\"@type\":\"Article\",\"@id\":\"https:\/\/portaltela.pt\/noticias\/2026\/04\/06\/jose-cid-comenta-dia-em-que-pinheiro-centenario-caiu-sobre-parte-do-telhado\/#article\",\"isPartOf\":{\"@id\":\"https:\/\/portaltela.pt\/noticias\/2026\/04\/06\/jose-cid-comenta-dia-em-que-pinheiro-centenario-caiu-sobre-parte-do-telhado\/\"},\"author\":{\"name\":\"Telinha\",\"@id\":\"https:\/\/portaltela.pt\/#\/schema\/person\/c4278d4a6028830caff9ee44b42d32ed\"},\"headline\":\"Jos\u00e9 Cid comenta dia em que pinheiro centen\u00e1rio caiu sobre parte do telhado\",\"datePublished\":\"2026-04-06T16:02:21+00:00\",\"mainEntityOfPage\":{\"@id\":\"https:\/\/portaltela.pt\/noticias\/2026\/04\/06\/jose-cid-comenta-dia-em-que-pinheiro-centenario-caiu-sobre-parte-do-telhado\/\"},\"wordCount\":238,\"image\":{\"@id\":\"https:\/\/portaltela.pt\/noticias\/2026\/04\/06\/jose-cid-comenta-dia-em-que-pinheiro-centenario-caiu-sobre-parte-do-telhado\/#primaryimage\"},\"thumbnailUrl\":\"https:\/\/portaltela.pt\/s.01k8rhncp4jt1\/2026\/04\/img_1280x722uu2026-04-06-16-41-26-2276884.jpg\",\"keywords\":[\"_cultura\",\"_habita\u00e7\u00e3o\",\"a casa\",\"danos\",\"fam\u00edlia\",\"Lisboa\"],\"articleSection\":[\"Celebridades\"],\"inLanguage\":\"pt-PT\"},{\"@type\":\"WebPage\",\"@id\":\"https:\/\/portaltela.pt\/noticias\/2026\/04\/06\/jose-cid-comenta-dia-em-que-pinheiro-centenario-caiu-sobre-parte-do-telhado\/\",\"url\":\"https:\/\/portaltela.pt\/noticias\/2026\/04\/06\/jose-cid-comenta-dia-em-que-pinheiro-centenario-caiu-sobre-parte-do-telhado\/\",\"name\":\"Jos\u00e9 Cid comenta dia em que pinheiro centen\u00e1rio caiu sobre parte do telhado - Portal Tela Portugal\",\"isPartOf\":{\"@id\":\"https:\/\/portaltela.pt\/#website\"},\"primaryImageOfPage\":{\"@id\":\"https:\/\/portaltela.pt\/noticias\/2026\/04\/06\/jose-cid-comenta-dia-em-que-pinheiro-centenario-caiu-sobre-parte-do-telhado\/#primaryimage\"},\"image\":{\"@id\":\"https:\/\/portaltela.pt\/noticias\/2026\/04\/06\/jose-cid-comenta-dia-em-que-pinheiro-centenario-caiu-sobre-parte-do-telhado\/#primaryimage\"},\"thumbnailUrl\":\"https:\/\/portaltela.pt\/s.01k8rhncp4jt1\/2026\/04\/img_1280x722uu2026-04-06-16-41-26-2276884.jpg\",\"datePublished\":\"2026-04-06T16:02:21+00:00\",\"author\":{\"@id\":\"https:\/\/portaltela.pt\/#\/schema\/person\/c4278d4a6028830caff9ee44b42d32ed\"},\"breadcrumb\":{\"@id\":\"https:\/\/portaltela.pt\/noticias\/2026\/04\/06\/jose-cid-comenta-dia-em-que-pinheiro-centenario-caiu-sobre-parte-do-telhado\/#breadcrumb\"},\"inLanguage\":\"pt-PT\",\"potentialAction\":[{\"@type\":\"ReadAction\",\"target\":[\"https:\/\/portaltela.pt\/noticias\/2026\/04\/06\/jose-cid-comenta-dia-em-que-pinheiro-centenario-caiu-sobre-parte-do-telhado\/\"]}]},{\"@type\":\"ImageObject\",\"inLanguage\":\"pt-PT\",\"@id\":\"https:\/\/portaltela.pt\/noticias\/2026\/04\/06\/jose-cid-comenta-dia-em-que-pinheiro-centenario-caiu-sobre-parte-do-telhado\/#primaryimage\",\"url\":\"https:\/\/portaltela.pt\/s.01k8rhncp4jt1\/2026\/04\/img_1280x722uu2026-04-06-16-41-26-2276884.jpg\",\"contentUrl\":\"https:\/\/portaltela.pt\/s.01k8rhncp4jt1\/2026\/04\/img_1280x722uu2026-04-06-16-41-26-2276884.jpg\",\"width\":796,\"height\":448,\"caption\":\"Jos\u00e9 Cid na sua resid\u00eancia ap\u00f3s o incidente\"},{\"@type\":\"BreadcrumbList\",\"@id\":\"https:\/\/portaltela.pt\/noticias\/2026\/04\/06\/jose-cid-comenta-dia-em-que-pinheiro-centenario-caiu-sobre-parte-do-telhado\/#breadcrumb\",\"itemListElement\":[{\"@type\":\"ListItem\",\"position\":1,\"name\":\"In\u00edcio\",\"item\":\"https:\/\/portaltela.pt\/\"},{\"@type\":\"ListItem\",\"position\":2,\"name\":\"Jos\u00e9 Cid comenta dia em que pinheiro centen\u00e1rio caiu sobre parte do telhado\"}]},{\"@type\":\"WebSite\",\"@id\":\"https:\/\/portaltela.pt\/#website\",\"url\":\"https:\/\/portaltela.pt\/\",\"name\":\"Portal Tela Portugal\",\"description\":\"\",\"potentialAction\":[{\"@type\":\"SearchAction\",\"target\":{\"@type\":\"EntryPoint\",\"urlTemplate\":\"https:\/\/portaltela.pt\/?s={search_term_string}\"},\"query-input\":{\"@type\":\"PropertyValueSpecification\",\"valueRequired\":true,\"valueName\":\"search_term_string\"}}],\"inLanguage\":\"pt-PT\"},{\"@type\":\"Person\",\"@id\":\"https:\/\/portaltela.pt\/#\/schema\/person\/c4278d4a6028830caff9ee44b42d32ed\",\"name\":\"Telinha\",\"image\":{\"@type\":\"ImageObject\",\"inLanguage\":\"pt-PT\",\"@id\":\"https:\/\/portaltela.pt\/s.01k8rhncp4jt1\/2025\/11\/talking-bot-125x125.png\",\"url\":\"https:\/\/portaltela.pt\/s.01k8rhncp4jt1\/2025\/11\/talking-bot-125x125.png\",\"contentUrl\":\"https:\/\/portaltela.pt\/s.01k8rhncp4jt1\/2025\/11\/talking-bot-125x125.png\",\"caption\":\"Telinha\"},\"sameAs\":[\"https:\/\/portaltela.pt\/\"],\"url\":\"https:\/\/portaltela.pt\/por\/367410592786\/\"}]}<\/script>\n<!-- \/ Yoast SEO plugin. -->","yoast_head_json":{"title":"Jos\u00e9 Cid comenta dia em que pinheiro centen\u00e1rio caiu sobre parte do telhado - Portal Tela Portugal","robots":{"index":"index","follow":"follow","max-snippet":"max-snippet:-1","max-image-preview":"max-image-preview:large","max-video-preview":"max-video-preview:-1"},"og_locale":"pt_PT","og_type":"article","og_title":"Jos\u00e9 Cid comenta dia em que pinheiro centen\u00e1rio caiu sobre parte do telhado - Portal Tela Portugal","og_description":"Jos\u00e9 Cid revelou \u00e0 CMTV que um pinheiro centen\u00e1rio caiu sobre parte do telhado da sua casa, na zona de Lisboa, provocando danos na estrutura. O cantor estima preju\u00edzos \u00e0 volta de 100 mil euros e classificou o incidente como traumatizante. O processo envolve a reconstru\u00e7\u00e3o da \u00e1rea afetada e materiais danificados, com recupera\u00e7\u00e3o em curso. Agradeceu \u00e0s equipas de emerg\u00eancia e aos f\u00e3s pelo apoio, sublinhando a import\u00e2ncia de precau\u00e7\u00f5es com \u00e1rvores junto de habita\u00e7\u00f5es. O incidente evidencia a vulnerabilidade de estruturas antigas e a necessidade de inspe\u00e7\u00f5es regulares para evitar acidentes.","og_url":"https:\/\/portaltela.pt\/noticias\/2026\/04\/06\/jose-cid-comenta-dia-em-que-pinheiro-centenario-caiu-sobre-parte-do-telhado\/","og_site_name":"Portal Tela Portugal","article_published_time":"2026-04-06T16:02:21+00:00","author":"Telinha","twitter_card":"summary_large_image","twitter_misc":{"Escrito por":"Telinha","Tempo estimado de leitura":"1 minuto"},"schema":{"@context":"https:\/\/schema.org","@graph":[{"@type":"Article","@id":"https:\/\/portaltela.pt\/noticias\/2026\/04\/06\/jose-cid-comenta-dia-em-que-pinheiro-centenario-caiu-sobre-parte-do-telhado\/#article","isPartOf":{"@id":"https:\/\/portaltela.pt\/noticias\/2026\/04\/06\/jose-cid-comenta-dia-em-que-pinheiro-centenario-caiu-sobre-parte-do-telhado\/"},"author":{"name":"Telinha","@id":"https:\/\/portaltela.pt\/#\/schema\/person\/c4278d4a6028830caff9ee44b42d32ed"},"headline":"Jos\u00e9 Cid comenta dia em que pinheiro centen\u00e1rio caiu sobre parte do telhado","datePublished":"2026-04-06T16:02:21+00:00","mainEntityOfPage":{"@id":"https:\/\/portaltela.pt\/noticias\/2026\/04\/06\/jose-cid-comenta-dia-em-que-pinheiro-centenario-caiu-sobre-parte-do-telhado\/"},"wordCount":238,"image":{"@id":"https:\/\/portaltela.pt\/noticias\/2026\/04\/06\/jose-cid-comenta-dia-em-que-pinheiro-centenario-caiu-sobre-parte-do-telhado\/#primaryimage"},"thumbnailUrl":"https:\/\/portaltela.pt\/s.01k8rhncp4jt1\/2026\/04\/img_1280x722uu2026-04-06-16-41-26-2276884.jpg","keywords":["_cultura","_habita\u00e7\u00e3o","a casa","danos","fam\u00edlia","Lisboa"],"articleSection":["Celebridades"],"inLanguage":"pt-PT"},{"@type":"WebPage","@id":"https:\/\/portaltela.pt\/noticias\/2026\/04\/06\/jose-cid-comenta-dia-em-que-pinheiro-centenario-caiu-sobre-parte-do-telhado\/","url":"https:\/\/portaltela.pt\/noticias\/2026\/04\/06\/jose-cid-comenta-dia-em-que-pinheiro-centenario-caiu-sobre-parte-do-telhado\/","name":"Jos\u00e9 Cid comenta dia em que pinheiro centen\u00e1rio caiu sobre parte do telhado - Portal Tela Portugal","isPartOf":{"@id":"https:\/\/portaltela.pt\/#website"},"primaryImageOfPage":{"@id":"https:\/\/portaltela.pt\/noticias\/2026\/04\/06\/jose-cid-comenta-dia-em-que-pinheiro-centenario-caiu-sobre-parte-do-telhado\/#primaryimage"},"image":{"@id":"https:\/\/portaltela.pt\/noticias\/2026\/04\/06\/jose-cid-comenta-dia-em-que-pinheiro-centenario-caiu-sobre-parte-do-telhado\/#primaryimage"},"thumbnailUrl":"https:\/\/portaltela.pt\/s.01k8rhncp4jt1\/2026\/04\/img_1280x722uu2026-04-06-16-41-26-2276884.jpg","datePublished":"2026-04-06T16:02:21+00:00","author":{"@id":"https:\/\/portaltela.pt\/#\/schema\/person\/c4278d4a6028830caff9ee44b42d32ed"},"breadcrumb":{"@id":"https:\/\/portaltela.pt\/noticias\/2026\/04\/06\/jose-cid-comenta-dia-em-que-pinheiro-centenario-caiu-sobre-parte-do-telhado\/#breadcrumb"},"inLanguage":"pt-PT","potentialAction":[{"@type":"ReadAction","target":["https:\/\/portaltela.pt\/noticias\/2026\/04\/06\/jose-cid-comenta-dia-em-que-pinheiro-centenario-caiu-sobre-parte-do-telhado\/"]}]},{"@type":"ImageObject","inLanguage":"pt-PT","@id":"https:\/\/portaltela.pt\/noticias\/2026\/04\/06\/jose-cid-comenta-dia-em-que-pinheiro-centenario-caiu-sobre-parte-do-telhado\/#primaryimage","url":"https:\/\/portaltela.pt\/s.01k8rhncp4jt1\/2026\/04\/img_1280x722uu2026-04-06-16-41-26-2276884.jpg","contentUrl":"https:\/\/portaltela.pt\/s.01k8rhncp4jt1\/2026\/04\/img_1280x722uu2026-04-06-16-41-26-2276884.jpg","width":796,"height":448,"caption":"Jos\u00e9 Cid na sua resid\u00eancia ap\u00f3s o incidente"},{"@type":"BreadcrumbList","@id":"https:\/\/portaltela.pt\/noticias\/2026\/04\/06\/jose-cid-comenta-dia-em-que-pinheiro-centenario-caiu-sobre-parte-do-telhado\/#breadcrumb","itemListElement":[{"@type":"ListItem","position":1,"name":"In\u00edcio","item":"https:\/\/portaltela.pt\/"},{"@type":"ListItem","position":2,"name":"Jos\u00e9 Cid comenta dia em que pinheiro centen\u00e1rio caiu sobre parte do telhado"}]},{"@type":"WebSite","@id":"https:\/\/portaltela.pt\/#website","url":"https:\/\/portaltela.pt\/","name":"Portal Tela Portugal","description":"","potentialAction":[{"@type":"SearchAction","target":{"@type":"EntryPoint","urlTemplate":"https:\/\/portaltela.pt\/?s={search_term_string}"},"query-input":{"@type":"PropertyValueSpecification","valueRequired":true,"valueName":"search_term_string"}}],"inLanguage":"pt-PT"},{"@type":"Person","@id":"https:\/\/portaltela.pt\/#\/schema\/person\/c4278d4a6028830caff9ee44b42d32ed","name":"Telinha","image":{"@type":"ImageObject","inLanguage":"pt-PT","@id":"https:\/\/portaltela.pt\/s.01k8rhncp4jt1\/2025\/11\/talking-bot-125x125.png","url":"https:\/\/portaltela.pt\/s.01k8rhncp4jt1\/2025\/11\/talking-bot-125x125.png","contentUrl":"https:\/\/portaltela.pt\/s.01k8rhncp4jt1\/2025\/11\/talking-bot-125x125.png","caption":"Telinha"},"sameAs":["https:\/\/portaltela.pt\/"],"url":"https:\/\/portaltela.pt\/por\/367410592786\/"}]}},"_links":{"self":[{"href":"https:\/\/portaltela.pt\/api\/wp\/v2\/posts\/434372","targetHints":{"allow":["GET"]}}],"collection":[{"href":"https:\/\/portaltela.pt\/api\/wp\/v2\/posts"}],"about":[{"href":"https:\/\/portaltela.pt\/api\/wp\/v2\/types\/post"}],"author":[{"embeddable":true,"href":"https:\/\/portaltela.pt\/api\/wp\/v2\/users\/2"}],"replies":[{"embeddable":true,"href":"https:\/\/portaltela.pt\/api\/wp\/v2\/comments?post=434372"}],"version-history":[{"count":0,"href":"https:\/\/portaltela.pt\/api\/wp\/v2\/posts\/434372\/revisions"}],"wp:featuredmedia":[{"embeddable":true,"href":"https:\/\/portaltela.pt\/api\/wp\/v2\/media\/434373"}],"wp:attachment":[{"href":"https:\/\/portaltela.pt\/api\/wp\/v2\/media?parent=434372"}],"wp:term":[{"taxonomy":"category","embeddable":true,"href":"https:\/\/portaltela.pt\/api\/wp\/v2\/categories?post=434372"},{"taxonomy":"post_tag","embeddable":true,"href":"https:\/\/portaltela.pt\/api\/wp\/v2\/tags?post=434372"}],"curies":[{"name":"wp","href":"https:\/\/api.w.org\/{rel}","templated":true}]}}