{"id":434368,"date":"2026-04-06T12:47:26","date_gmt":"2026-04-06T15:47:26","guid":{"rendered":"https:\/\/portaltela.pt\/noticias\/2026\/04\/06\/analise-contesta-afirmacao-de-ventura-sobre-presos-politicos-apos-25-de-abril\/"},"modified":"2026-04-06T12:47:26","modified_gmt":"2026-04-06T15:47:26","slug":"analise-contesta-afirmacao-de-ventura-sobre-presos-politicos-apos-25-de-abril","status":"publish","type":"post","link":"https:\/\/portaltela.pt\/sociedade\/2026\/04\/06\/analise-contesta-afirmacao-de-ventura-sobre-presos-politicos-apos-25-de-abril\/","title":{"rendered":"An\u00e1lise contesta afirma\u00e7\u00e3o de Ventura sobre presos pol\u00edticos ap\u00f3s 25 de Abril"},"content":{"rendered":"<p>Pouco tempo depois do 25 de Abril de 1974, o presidente do Chega, Andr\u00e9 Ventura, afirmou que havia mais presos pol\u00edticos do que antes. A declara\u00e7\u00e3o foi proferida durante a sess\u00e3o solene dos 50 anos da Constitui\u00e7\u00e3o.<\/p>\n<p>No parlamento, Ventura insistiu na ideia de que a verdade seria mantida, mesmo com as movimenta\u00e7\u00f5es nas galerias onde antigos deputados assistiam ao momento. A interven\u00e7\u00e3o gerou rea\u00e7\u00e3o e cobertura medi\u00e1tica do epis\u00f3dio.<\/p>\n<h3>Contexto e afirma\u00e7\u00e3o<\/h3>\n<p>Durante a cerim\u00f3nia, o l\u00edder do Chega justificou a sua posi\u00e7\u00e3o alegando uma suposta altera\u00e7\u00e3o no n\u00famero de presos pol\u00edticos ap\u00f3s o 25 de Abril. A afirma\u00e7\u00e3o foi feita de forma categ\u00f3rica, sem apresentar dados oficiais nesse momento.<\/p>\n<h3>Factos hist\u00f3ricos relevantes<\/h3>\n<p>De acordo com a Comiss\u00e3o do Livro Negro do Regime Fascista, a PVDE prendeu quase 17 mil pessoas entre 1933 e 1945, e 6.097 entre 1945 e 1960. A PIDE\/DGS deteve cerca de 12 mil presos entre 1945 e 1974, segundo registos indica Irene Flunser Pimentel.<\/p>\n<p>Entre 1933 e 1974, a historiadora aponta um total de cerca de 30 mil presos pol\u00edticos. O registo inicial \u00e9 variado devido \u00e0 aus\u00eancia de um ficheiro central \u00fanico. No p\u00f3s-25 de Abril, liberta\u00e7\u00f5es aconteceram em larga escala, com amnistias e solturas em v\u00e1rias pris\u00f5es, incluindo fortes e delega\u00e7\u00f5es da PIDE.<\/p>\n<h3>Liberta\u00e7\u00f5es e n\u00fameros p\u00f3s-abril<\/h3>\n<p>Logo ap\u00f3s o 25 de Abril, diversos presos foram libertados, com medidas legais que amnistiaram crimes pol\u00edticos. Em 26 de Abril houve liberta\u00e7\u00e3o de 85 presos do Forte de Caxias; em 27 de Abril, 43 presos de Peniche sa\u00edram, seguidos por outros em v\u00e1rias estruturas de repress\u00e3o.<\/p>\n<p>Apesar de liberta\u00e7\u00f5es maci\u00e7as, n\u00e3o h\u00e1 consenso entre historiadores sobre a qualifica\u00e7\u00e3o de todos os casos como \u201cpresos pol\u00edticos\u201d no p\u00f3s-25 de Abril. Alguns ex-agentes da pol\u00edcia pol\u00edtica ficam fora desta designa\u00e7\u00e3o, por diferen\u00e7as de natureza ou motiva\u00e7\u00e3o.<\/p>\n<h3>Avalia\u00e7\u00e3o e verifica\u00e7\u00e3o<\/h3>\n<p>Registos indicam que, ao final de 1974, havia ex-elementos da PIDE\/DGS presos, com n\u00fameros entre 1.261 e 1.559 no primeiro ano, e 1.559 em 1974, somando tamb\u00e9m informadores. Dados de 1975 apontam aproximadamente 1.559 ex-pol\u00edcia mais 184 informadores presos.<\/p>\n<p>Mesmo incluindo esses casos, a soma n\u00e3o ultrapassa milhares de pessoas presas antes do 25 de Abril. Os n\u00fameros variam conforme crit\u00e9rios, e parte da historiografia distingue entre pris\u00f5es pol\u00edticas e outras deten\u00e7\u00f5es derivadas de contextos pol\u00edticos.<\/p>\n<h3>Veredicto<\/h3>\n<p>\u00c9 poss\u00edvel concluir que a afirma\u00e7\u00e3o de Ventura n\u00e3o corresponde aos factos registados. O per\u00edodo 1933-1974 registou cerca de 30 mil presos pol\u00edticos, com mais de quatro mil ainda detidos em 25 de Abril de 1974.<\/p>\n","protected":false},"excerpt":{"rendered":"<ul>\n<li>A afirma\u00e7\u00e3o de Andr\u00e9 Ventura, feita na sess\u00e3o solene, n\u00e3o corresponde aos factos hist\u00f3ricos: n\u00e3o houve mais presos pol\u00edticos depois do 25 de abril de 1974.<\/li>\n<li>Estima-se que, entre 1933 e 1974, tenham sido registadas cerca de trinta mil pessoas presas por motivos pol\u00edticos, com mais de quatro mil presas no dia 25 de abril de 1974.<\/li>\n<li>Registos da pol\u00edcia pol\u00edtica indicam n\u00fameros relevantes: entre 1945 e 1974, por exemplo, cerca de 12.800 presos pol\u00edticos, sem contar eventuais imigrantes ou outros casos; h\u00e1 fontes que citam diferentes per\u00edodos com valores pr\u00f3ximos de 6 mil a 13 mil.<\/li>\n<li>No imediato p\u00f3s-25 de abril, houve amnistia e liberta\u00e7\u00f5es significativas: 85 presos libertados no Forte de Caxias, 43 no Forte de Peniche e milhares de liberta\u00e7\u00f5es noutras depend\u00eancias, totalizando aproximadamente quatro mil libertados em 1974-1975.<\/li>\n<li>O veredicto \u00e9 que a afirma\u00e7\u00e3o \u00e9 falsa: n\u00e3o houve aumento do n\u00famero de presos pol\u00edticos ap\u00f3s o 25 de abril; o conjunto de dados situa o total de presos pol\u00edticos antes do 25 de abril em valores superiores aos registados no per\u00edodo seguinte.<\/li>\n<\/ul>\n","protected":false},"author":2,"featured_media":434369,"comment_status":"closed","ping_status":"closed","sticky":false,"template":"","format":"standard","meta":{"footnotes":""},"categories":[7384,6871],"tags":[5999,4057,2633,299,2832,4343],"class_list":["post-434368","post","type-post","status-publish","format-standard","has-post-thumbnail","hentry","category-curiosidades","category-sociedade","tag-25-de-abril","tag-constituicao","tag-direitos-humanos","tag-historia","tag-politica","tag-prisoes"],"yoast_head":"<!-- This site is optimized with the Yoast SEO plugin v27.2 - https:\/\/yoast.com\/product\/yoast-seo-wordpress\/ -->\n<title>An\u00e1lise contesta afirma\u00e7\u00e3o de Ventura sobre presos pol\u00edticos ap\u00f3s 25 de Abril - Portal Tela Portugal<\/title>\n<meta name=\"robots\" content=\"index, follow, max-snippet:-1, max-image-preview:large, max-video-preview:-1\" \/>\n<meta property=\"og:locale\" content=\"pt_PT\" \/>\n<meta property=\"og:type\" content=\"article\" \/>\n<meta property=\"og:title\" content=\"An\u00e1lise contesta afirma\u00e7\u00e3o de Ventura sobre presos pol\u00edticos ap\u00f3s 25 de Abril - Portal Tela Portugal\" \/>\n<meta property=\"og:description\" content=\"A afirma\u00e7\u00e3o de Andr\u00e9 Ventura, feita na sess\u00e3o solene, n\u00e3o corresponde aos factos hist\u00f3ricos: n\u00e3o houve mais presos pol\u00edticos depois do 25 de abril de 1974. Estima-se que, entre 1933 e 1974, tenham sido registadas cerca de trinta mil pessoas presas por motivos pol\u00edticos, com mais de quatro mil presas no dia 25 de abril de 1974. Registos da pol\u00edcia pol\u00edtica indicam n\u00fameros relevantes: entre 1945 e 1974, por exemplo, cerca de 12.800 presos pol\u00edticos, sem contar eventuais imigrantes ou outros casos; h\u00e1 fontes que citam diferentes per\u00edodos com valores pr\u00f3ximos de 6 mil a 13 mil. No imediato p\u00f3s-25 de abril, houve amnistia e liberta\u00e7\u00f5es significativas: 85 presos libertados no Forte de Caxias, 43 no Forte de Peniche e milhares de liberta\u00e7\u00f5es noutras depend\u00eancias, totalizando aproximadamente quatro mil libertados em 1974-1975. O veredicto \u00e9 que a afirma\u00e7\u00e3o \u00e9 falsa: n\u00e3o houve aumento do n\u00famero de presos pol\u00edticos ap\u00f3s o 25 de abril; o conjunto de dados situa o total de presos pol\u00edticos antes do 25 de abril em valores superiores aos registados no per\u00edodo seguinte.\" \/>\n<meta property=\"og:url\" content=\"https:\/\/portaltela.pt\/noticias\/2026\/04\/06\/analise-contesta-afirmacao-de-ventura-sobre-presos-politicos-apos-25-de-abril\/\" \/>\n<meta property=\"og:site_name\" content=\"Portal Tela Portugal\" \/>\n<meta property=\"article:published_time\" content=\"2026-04-06T15:47:26+00:00\" \/>\n<meta name=\"author\" content=\"Telinha\" \/>\n<meta name=\"twitter:card\" content=\"summary_large_image\" \/>\n<meta name=\"twitter:label1\" content=\"Escrito por\" \/>\n\t<meta name=\"twitter:data1\" content=\"Telinha\" \/>\n\t<meta name=\"twitter:label2\" content=\"Tempo estimado de leitura\" \/>\n\t<meta name=\"twitter:data2\" content=\"2 minutos\" \/>\n<script type=\"application\/ld+json\" class=\"yoast-schema-graph\">{\"@context\":\"https:\/\/schema.org\",\"@graph\":[{\"@type\":\"Article\",\"@id\":\"https:\/\/portaltela.pt\/noticias\/2026\/04\/06\/analise-contesta-afirmacao-de-ventura-sobre-presos-politicos-apos-25-de-abril\/#article\",\"isPartOf\":{\"@id\":\"https:\/\/portaltela.pt\/noticias\/2026\/04\/06\/analise-contesta-afirmacao-de-ventura-sobre-presos-politicos-apos-25-de-abril\/\"},\"author\":{\"name\":\"Telinha\",\"@id\":\"https:\/\/portaltela.pt\/#\/schema\/person\/c4278d4a6028830caff9ee44b42d32ed\"},\"headline\":\"An\u00e1lise contesta afirma\u00e7\u00e3o de Ventura sobre presos pol\u00edticos ap\u00f3s 25 de Abril\",\"datePublished\":\"2026-04-06T15:47:26+00:00\",\"mainEntityOfPage\":{\"@id\":\"https:\/\/portaltela.pt\/noticias\/2026\/04\/06\/analise-contesta-afirmacao-de-ventura-sobre-presos-politicos-apos-25-de-abril\/\"},\"wordCount\":462,\"image\":{\"@id\":\"https:\/\/portaltela.pt\/noticias\/2026\/04\/06\/analise-contesta-afirmacao-de-ventura-sobre-presos-politicos-apos-25-de-abril\/#primaryimage\"},\"thumbnailUrl\":\"https:\/\/portaltela.pt\/s.01k8rhncp4jt1\/2026\/04\/2079506.jpg\",\"keywords\":[\"25 de Abril\",\"constitui\u00e7\u00e3o\",\"direitos humanos\",\"hist\u00f3ria\",\"pol\u00edtica\",\"pris\u00f5es\"],\"articleSection\":[\"Curiosidades\",\"Sociedade\"],\"inLanguage\":\"pt-PT\"},{\"@type\":\"WebPage\",\"@id\":\"https:\/\/portaltela.pt\/noticias\/2026\/04\/06\/analise-contesta-afirmacao-de-ventura-sobre-presos-politicos-apos-25-de-abril\/\",\"url\":\"https:\/\/portaltela.pt\/noticias\/2026\/04\/06\/analise-contesta-afirmacao-de-ventura-sobre-presos-politicos-apos-25-de-abril\/\",\"name\":\"An\u00e1lise contesta afirma\u00e7\u00e3o de Ventura sobre presos pol\u00edticos ap\u00f3s 25 de Abril - Portal Tela Portugal\",\"isPartOf\":{\"@id\":\"https:\/\/portaltela.pt\/#website\"},\"primaryImageOfPage\":{\"@id\":\"https:\/\/portaltela.pt\/noticias\/2026\/04\/06\/analise-contesta-afirmacao-de-ventura-sobre-presos-politicos-apos-25-de-abril\/#primaryimage\"},\"image\":{\"@id\":\"https:\/\/portaltela.pt\/noticias\/2026\/04\/06\/analise-contesta-afirmacao-de-ventura-sobre-presos-politicos-apos-25-de-abril\/#primaryimage\"},\"thumbnailUrl\":\"https:\/\/portaltela.pt\/s.01k8rhncp4jt1\/2026\/04\/2079506.jpg\",\"datePublished\":\"2026-04-06T15:47:26+00:00\",\"author\":{\"@id\":\"https:\/\/portaltela.pt\/#\/schema\/person\/c4278d4a6028830caff9ee44b42d32ed\"},\"breadcrumb\":{\"@id\":\"https:\/\/portaltela.pt\/noticias\/2026\/04\/06\/analise-contesta-afirmacao-de-ventura-sobre-presos-politicos-apos-25-de-abril\/#breadcrumb\"},\"inLanguage\":\"pt-PT\",\"potentialAction\":[{\"@type\":\"ReadAction\",\"target\":[\"https:\/\/portaltela.pt\/noticias\/2026\/04\/06\/analise-contesta-afirmacao-de-ventura-sobre-presos-politicos-apos-25-de-abril\/\"]}]},{\"@type\":\"ImageObject\",\"inLanguage\":\"pt-PT\",\"@id\":\"https:\/\/portaltela.pt\/noticias\/2026\/04\/06\/analise-contesta-afirmacao-de-ventura-sobre-presos-politicos-apos-25-de-abril\/#primaryimage\",\"url\":\"https:\/\/portaltela.pt\/s.01k8rhncp4jt1\/2026\/04\/2079506.jpg\",\"contentUrl\":\"https:\/\/portaltela.pt\/s.01k8rhncp4jt1\/2026\/04\/2079506.jpg\",\"width\":796,\"height\":448,\"caption\":\"Andr\u00e9 Ventura na sess\u00e3o solene dos 50 anos da Constitui\u00e7\u00e3o\"},{\"@type\":\"BreadcrumbList\",\"@id\":\"https:\/\/portaltela.pt\/noticias\/2026\/04\/06\/analise-contesta-afirmacao-de-ventura-sobre-presos-politicos-apos-25-de-abril\/#breadcrumb\",\"itemListElement\":[{\"@type\":\"ListItem\",\"position\":1,\"name\":\"In\u00edcio\",\"item\":\"https:\/\/portaltela.pt\/\"},{\"@type\":\"ListItem\",\"position\":2,\"name\":\"An\u00e1lise contesta afirma\u00e7\u00e3o de Ventura sobre presos pol\u00edticos ap\u00f3s 25 de Abril\"}]},{\"@type\":\"WebSite\",\"@id\":\"https:\/\/portaltela.pt\/#website\",\"url\":\"https:\/\/portaltela.pt\/\",\"name\":\"Portal Tela Portugal\",\"description\":\"\",\"potentialAction\":[{\"@type\":\"SearchAction\",\"target\":{\"@type\":\"EntryPoint\",\"urlTemplate\":\"https:\/\/portaltela.pt\/?s={search_term_string}\"},\"query-input\":{\"@type\":\"PropertyValueSpecification\",\"valueRequired\":true,\"valueName\":\"search_term_string\"}}],\"inLanguage\":\"pt-PT\"},{\"@type\":\"Person\",\"@id\":\"https:\/\/portaltela.pt\/#\/schema\/person\/c4278d4a6028830caff9ee44b42d32ed\",\"name\":\"Telinha\",\"image\":{\"@type\":\"ImageObject\",\"inLanguage\":\"pt-PT\",\"@id\":\"https:\/\/portaltela.pt\/s.01k8rhncp4jt1\/2025\/11\/talking-bot-125x125.png\",\"url\":\"https:\/\/portaltela.pt\/s.01k8rhncp4jt1\/2025\/11\/talking-bot-125x125.png\",\"contentUrl\":\"https:\/\/portaltela.pt\/s.01k8rhncp4jt1\/2025\/11\/talking-bot-125x125.png\",\"caption\":\"Telinha\"},\"sameAs\":[\"https:\/\/portaltela.pt\/\"],\"url\":\"https:\/\/portaltela.pt\/por\/367410592786\/\"}]}<\/script>\n<!-- \/ Yoast SEO plugin. -->","yoast_head_json":{"title":"An\u00e1lise contesta afirma\u00e7\u00e3o de Ventura sobre presos pol\u00edticos ap\u00f3s 25 de Abril - Portal Tela Portugal","robots":{"index":"index","follow":"follow","max-snippet":"max-snippet:-1","max-image-preview":"max-image-preview:large","max-video-preview":"max-video-preview:-1"},"og_locale":"pt_PT","og_type":"article","og_title":"An\u00e1lise contesta afirma\u00e7\u00e3o de Ventura sobre presos pol\u00edticos ap\u00f3s 25 de Abril - Portal Tela Portugal","og_description":"A afirma\u00e7\u00e3o de Andr\u00e9 Ventura, feita na sess\u00e3o solene, n\u00e3o corresponde aos factos hist\u00f3ricos: n\u00e3o houve mais presos pol\u00edticos depois do 25 de abril de 1974. Estima-se que, entre 1933 e 1974, tenham sido registadas cerca de trinta mil pessoas presas por motivos pol\u00edticos, com mais de quatro mil presas no dia 25 de abril de 1974. Registos da pol\u00edcia pol\u00edtica indicam n\u00fameros relevantes: entre 1945 e 1974, por exemplo, cerca de 12.800 presos pol\u00edticos, sem contar eventuais imigrantes ou outros casos; h\u00e1 fontes que citam diferentes per\u00edodos com valores pr\u00f3ximos de 6 mil a 13 mil. No imediato p\u00f3s-25 de abril, houve amnistia e liberta\u00e7\u00f5es significativas: 85 presos libertados no Forte de Caxias, 43 no Forte de Peniche e milhares de liberta\u00e7\u00f5es noutras depend\u00eancias, totalizando aproximadamente quatro mil libertados em 1974-1975. O veredicto \u00e9 que a afirma\u00e7\u00e3o \u00e9 falsa: n\u00e3o houve aumento do n\u00famero de presos pol\u00edticos ap\u00f3s o 25 de abril; o conjunto de dados situa o total de presos pol\u00edticos antes do 25 de abril em valores superiores aos registados no per\u00edodo seguinte.","og_url":"https:\/\/portaltela.pt\/noticias\/2026\/04\/06\/analise-contesta-afirmacao-de-ventura-sobre-presos-politicos-apos-25-de-abril\/","og_site_name":"Portal Tela Portugal","article_published_time":"2026-04-06T15:47:26+00:00","author":"Telinha","twitter_card":"summary_large_image","twitter_misc":{"Escrito por":"Telinha","Tempo estimado de leitura":"2 minutos"},"schema":{"@context":"https:\/\/schema.org","@graph":[{"@type":"Article","@id":"https:\/\/portaltela.pt\/noticias\/2026\/04\/06\/analise-contesta-afirmacao-de-ventura-sobre-presos-politicos-apos-25-de-abril\/#article","isPartOf":{"@id":"https:\/\/portaltela.pt\/noticias\/2026\/04\/06\/analise-contesta-afirmacao-de-ventura-sobre-presos-politicos-apos-25-de-abril\/"},"author":{"name":"Telinha","@id":"https:\/\/portaltela.pt\/#\/schema\/person\/c4278d4a6028830caff9ee44b42d32ed"},"headline":"An\u00e1lise contesta afirma\u00e7\u00e3o de Ventura sobre presos pol\u00edticos ap\u00f3s 25 de Abril","datePublished":"2026-04-06T15:47:26+00:00","mainEntityOfPage":{"@id":"https:\/\/portaltela.pt\/noticias\/2026\/04\/06\/analise-contesta-afirmacao-de-ventura-sobre-presos-politicos-apos-25-de-abril\/"},"wordCount":462,"image":{"@id":"https:\/\/portaltela.pt\/noticias\/2026\/04\/06\/analise-contesta-afirmacao-de-ventura-sobre-presos-politicos-apos-25-de-abril\/#primaryimage"},"thumbnailUrl":"https:\/\/portaltela.pt\/s.01k8rhncp4jt1\/2026\/04\/2079506.jpg","keywords":["25 de Abril","constitui\u00e7\u00e3o","direitos humanos","hist\u00f3ria","pol\u00edtica","pris\u00f5es"],"articleSection":["Curiosidades","Sociedade"],"inLanguage":"pt-PT"},{"@type":"WebPage","@id":"https:\/\/portaltela.pt\/noticias\/2026\/04\/06\/analise-contesta-afirmacao-de-ventura-sobre-presos-politicos-apos-25-de-abril\/","url":"https:\/\/portaltela.pt\/noticias\/2026\/04\/06\/analise-contesta-afirmacao-de-ventura-sobre-presos-politicos-apos-25-de-abril\/","name":"An\u00e1lise contesta afirma\u00e7\u00e3o de Ventura sobre presos pol\u00edticos ap\u00f3s 25 de Abril - Portal Tela Portugal","isPartOf":{"@id":"https:\/\/portaltela.pt\/#website"},"primaryImageOfPage":{"@id":"https:\/\/portaltela.pt\/noticias\/2026\/04\/06\/analise-contesta-afirmacao-de-ventura-sobre-presos-politicos-apos-25-de-abril\/#primaryimage"},"image":{"@id":"https:\/\/portaltela.pt\/noticias\/2026\/04\/06\/analise-contesta-afirmacao-de-ventura-sobre-presos-politicos-apos-25-de-abril\/#primaryimage"},"thumbnailUrl":"https:\/\/portaltela.pt\/s.01k8rhncp4jt1\/2026\/04\/2079506.jpg","datePublished":"2026-04-06T15:47:26+00:00","author":{"@id":"https:\/\/portaltela.pt\/#\/schema\/person\/c4278d4a6028830caff9ee44b42d32ed"},"breadcrumb":{"@id":"https:\/\/portaltela.pt\/noticias\/2026\/04\/06\/analise-contesta-afirmacao-de-ventura-sobre-presos-politicos-apos-25-de-abril\/#breadcrumb"},"inLanguage":"pt-PT","potentialAction":[{"@type":"ReadAction","target":["https:\/\/portaltela.pt\/noticias\/2026\/04\/06\/analise-contesta-afirmacao-de-ventura-sobre-presos-politicos-apos-25-de-abril\/"]}]},{"@type":"ImageObject","inLanguage":"pt-PT","@id":"https:\/\/portaltela.pt\/noticias\/2026\/04\/06\/analise-contesta-afirmacao-de-ventura-sobre-presos-politicos-apos-25-de-abril\/#primaryimage","url":"https:\/\/portaltela.pt\/s.01k8rhncp4jt1\/2026\/04\/2079506.jpg","contentUrl":"https:\/\/portaltela.pt\/s.01k8rhncp4jt1\/2026\/04\/2079506.jpg","width":796,"height":448,"caption":"Andr\u00e9 Ventura na sess\u00e3o solene dos 50 anos da Constitui\u00e7\u00e3o"},{"@type":"BreadcrumbList","@id":"https:\/\/portaltela.pt\/noticias\/2026\/04\/06\/analise-contesta-afirmacao-de-ventura-sobre-presos-politicos-apos-25-de-abril\/#breadcrumb","itemListElement":[{"@type":"ListItem","position":1,"name":"In\u00edcio","item":"https:\/\/portaltela.pt\/"},{"@type":"ListItem","position":2,"name":"An\u00e1lise contesta afirma\u00e7\u00e3o de Ventura sobre presos pol\u00edticos ap\u00f3s 25 de Abril"}]},{"@type":"WebSite","@id":"https:\/\/portaltela.pt\/#website","url":"https:\/\/portaltela.pt\/","name":"Portal Tela Portugal","description":"","potentialAction":[{"@type":"SearchAction","target":{"@type":"EntryPoint","urlTemplate":"https:\/\/portaltela.pt\/?s={search_term_string}"},"query-input":{"@type":"PropertyValueSpecification","valueRequired":true,"valueName":"search_term_string"}}],"inLanguage":"pt-PT"},{"@type":"Person","@id":"https:\/\/portaltela.pt\/#\/schema\/person\/c4278d4a6028830caff9ee44b42d32ed","name":"Telinha","image":{"@type":"ImageObject","inLanguage":"pt-PT","@id":"https:\/\/portaltela.pt\/s.01k8rhncp4jt1\/2025\/11\/talking-bot-125x125.png","url":"https:\/\/portaltela.pt\/s.01k8rhncp4jt1\/2025\/11\/talking-bot-125x125.png","contentUrl":"https:\/\/portaltela.pt\/s.01k8rhncp4jt1\/2025\/11\/talking-bot-125x125.png","caption":"Telinha"},"sameAs":["https:\/\/portaltela.pt\/"],"url":"https:\/\/portaltela.pt\/por\/367410592786\/"}]}},"_links":{"self":[{"href":"https:\/\/portaltela.pt\/api\/wp\/v2\/posts\/434368","targetHints":{"allow":["GET"]}}],"collection":[{"href":"https:\/\/portaltela.pt\/api\/wp\/v2\/posts"}],"about":[{"href":"https:\/\/portaltela.pt\/api\/wp\/v2\/types\/post"}],"author":[{"embeddable":true,"href":"https:\/\/portaltela.pt\/api\/wp\/v2\/users\/2"}],"replies":[{"embeddable":true,"href":"https:\/\/portaltela.pt\/api\/wp\/v2\/comments?post=434368"}],"version-history":[{"count":0,"href":"https:\/\/portaltela.pt\/api\/wp\/v2\/posts\/434368\/revisions"}],"wp:featuredmedia":[{"embeddable":true,"href":"https:\/\/portaltela.pt\/api\/wp\/v2\/media\/434369"}],"wp:attachment":[{"href":"https:\/\/portaltela.pt\/api\/wp\/v2\/media?parent=434368"}],"wp:term":[{"taxonomy":"category","embeddable":true,"href":"https:\/\/portaltela.pt\/api\/wp\/v2\/categories?post=434368"},{"taxonomy":"post_tag","embeddable":true,"href":"https:\/\/portaltela.pt\/api\/wp\/v2\/tags?post=434368"}],"curies":[{"name":"wp","href":"https:\/\/api.w.org\/{rel}","templated":true}]}}