{"id":434364,"date":"2026-04-06T12:47:14","date_gmt":"2026-04-06T15:47:14","guid":{"rendered":"https:\/\/portaltela.pt\/noticias\/2026\/04\/06\/endocrinologia-deixa-de-ser-nicho-e-vira-pilar-nas-pandemias-metabolicas\/"},"modified":"2026-04-06T12:47:14","modified_gmt":"2026-04-06T15:47:14","slug":"endocrinologia-deixa-de-ser-nicho-e-vira-pilar-nas-pandemias-metabolicas","status":"publish","type":"post","link":"https:\/\/portaltela.pt\/saude\/2026\/04\/06\/endocrinologia-deixa-de-ser-nicho-e-vira-pilar-nas-pandemias-metabolicas\/","title":{"rendered":"Endocrinologia deixa de ser nicho e vira pilar nas pandemias metab\u00f3licas"},"content":{"rendered":"<p>A Endocrinologia ganhou protagonismo estrat\u00e9gico na resposta a tr\u00eas grandes amea\u00e7as sanit\u00e1rias: obesidade, diabetes tipo 2 e dislipidemia. O aumento conjunto destas condi\u00e7\u00f5es n\u00e3o \u00e9 acaso, \u00e9 reflexo de mudan\u00e7as nos h\u00e1bitos, nos estilos de vida e na organiza\u00e7\u00e3o social.<\/p>\n<p>Estas doen\u00e7as evoluem de forma silenciosa, sem rutura social imediata, mas com impacto acumulado. S\u00e3o respons\u00e1veis por uma parte significativa da doen\u00e7a cr\u00f3nica global e s\u00e3o base de muitos enfartes, AVCs e insufici\u00eancia card\u00edaca. A preval\u00eancia aumenta, inclusive entre jovens.<\/p>\n<p>Historicamente tratadas de forma isolada, hoje percebem-se como manifesta\u00e7\u00f5es de uma disfun\u00e7\u00e3o metab\u00f3lica sist\u00e9mica. O tecido adiposo, j\u00e1 visto como \u00f3rg\u00e3o ativo, influencia inflama\u00e7\u00e3o, apetite e sensibilidade \u00e0 insulina, criando terreno para altera\u00e7\u00f5es metab\u00f3licas.<\/p>\n<p>\u00c9 necess\u00e1rio mudar o enquadramento conceptual. Factores gen\u00e9ticos e hormonais interagem com determinantes ambientais: acesso a ultraprocessados, sedentarismo, ritmos de trabalho, stress cr\u00f3nico e desigualdades socioecon\u00f3micas elevam o risco. Reducionismo \u00e9 inadequado.<\/p>\n<p>O atraso no diagn\u00f3stico permanece cr\u00edtico. Obesidade \u00e9 com frequ\u00eancia normalizada, a diabetes pode evoluir sem sintomas e as dislipidemias costumam ser assintom\u00e1ticas at\u00e9 ao primeiro evento. Quando diagnosticadas, j\u00e1 podem haver danos org\u00e2nicos.<\/p>\n<p>H\u00e1 evid\u00eancia consistente de que interven\u00e7\u00e3o precoce altera o curso destas doen\u00e7as. Contudo, os sistemas de sa\u00fade mant\u00eam-se direcionados para tratar complica\u00e7\u00f5es, n\u00e3o para antecipar risco. Abordagem reativa \u00e9 financeiramente insustent\u00e1vel.<\/p>\n<p>Nas \u00faltimas duas d\u00e9cadas surgiram novas terap\u00eauticas com impacto comprovado na obesidade, diabetes e dislipidemia. O tratamento eficaz exige modelos integrados de acompanhamento, com apoio m\u00e9dico, nutricional e comportamental cont\u00ednuo. Sem estrutura, ades\u00e3o e monitoriza\u00e7\u00e3o, nada \u00e9 definitivo.<\/p>\n","protected":false},"excerpt":{"rendered":"<ul>\n<li>A endocrinologia passou a ter papel central na resposta \u00e0 obesidade, diabetes tipo 2 e dislipidemia, tr\u00eas grandes amea\u00e7as sanit\u00e1rias atuais.<\/li>\n<li>Estas doen\u00e7as representam uma disfun\u00e7\u00e3o metab\u00f3lica sist\u00e9mica, com o tecido adiposo a atuar como \u00f3rg\u00e3o end\u00f3crino ativo que influencia inflama\u00e7\u00e3o, apetite e sensibilidade \u00e0 insulina.<\/li>\n<li>Fatores gen\u00e9ticos, hormonais e ambientais \u2014 incluindo alimenta\u00e7\u00e3o ultraprocessada, sedentarismo, ritmos de vida intensos e desigualdades \u2014 elevam o risco metab\u00f3lico, n\u00e3o sendo apenas uma quest\u00e3o de escolhas individuais.<\/li>\n<li>O diagn\u00f3stico \u00e9 frequentemente atrasado, com obesidade, diabetes tipo 2 e dislipidemias j\u00e1 apresentando dano org\u00e2nico ao surgir, o que complica a reversibilidade e aumenta custos.<\/li>\n<li>A interven\u00e7\u00e3o precoce e modelos de cuidado integrados, que combinam acompanhamento m\u00e9dico, nutricional e comportamental, s\u00e3o essenciais, bem como pol\u00edticas p\u00fablicas e literacia em sa\u00fade para enfrentar estas pandemias metab\u00f3licas.<\/li>\n<\/ul>\n","protected":false},"author":2,"featured_media":434367,"comment_status":"closed","ping_status":"closed","sticky":false,"template":"","format":"standard","meta":{"footnotes":""},"categories":[7371,6745],"tags":[5814,61,1863,915,5649,271],"class_list":["post-434364","post","type-post","status-publish","format-standard","has-post-thumbnail","hentry","category-medicina","category-saude","tag-diabetes","tag-doencas","tag-endocrinologia","tag-nutricao","tag-obesidade","tag-saude-publica"],"yoast_head":"<!-- This site is optimized with the Yoast SEO plugin v27.2 - https:\/\/yoast.com\/product\/yoast-seo-wordpress\/ -->\n<title>Endocrinologia deixa de ser nicho e vira pilar nas pandemias metab\u00f3licas - Portal Tela Portugal<\/title>\n<meta name=\"robots\" content=\"index, follow, max-snippet:-1, max-image-preview:large, max-video-preview:-1\" \/>\n<meta property=\"og:locale\" content=\"pt_PT\" \/>\n<meta property=\"og:type\" content=\"article\" \/>\n<meta property=\"og:title\" content=\"Endocrinologia deixa de ser nicho e vira pilar nas pandemias metab\u00f3licas - Portal Tela Portugal\" \/>\n<meta property=\"og:description\" content=\"A endocrinologia passou a ter papel central na resposta \u00e0 obesidade, diabetes tipo 2 e dislipidemia, tr\u00eas grandes amea\u00e7as sanit\u00e1rias atuais. Estas doen\u00e7as representam uma disfun\u00e7\u00e3o metab\u00f3lica sist\u00e9mica, com o tecido adiposo a atuar como \u00f3rg\u00e3o end\u00f3crino ativo que influencia inflama\u00e7\u00e3o, apetite e sensibilidade \u00e0 insulina. Fatores gen\u00e9ticos, hormonais e ambientais \u2014 incluindo alimenta\u00e7\u00e3o ultraprocessada, sedentarismo, ritmos de vida intensos e desigualdades \u2014 elevam o risco metab\u00f3lico, n\u00e3o sendo apenas uma quest\u00e3o de escolhas individuais. O diagn\u00f3stico \u00e9 frequentemente atrasado, com obesidade, diabetes tipo 2 e dislipidemias j\u00e1 apresentando dano org\u00e2nico ao surgir, o que complica a reversibilidade e aumenta custos. A interven\u00e7\u00e3o precoce e modelos de cuidado integrados, que combinam acompanhamento m\u00e9dico, nutricional e comportamental, s\u00e3o essenciais, bem como pol\u00edticas p\u00fablicas e literacia em sa\u00fade para enfrentar estas pandemias metab\u00f3licas.\" \/>\n<meta property=\"og:url\" content=\"https:\/\/portaltela.pt\/noticias\/2026\/04\/06\/endocrinologia-deixa-de-ser-nicho-e-vira-pilar-nas-pandemias-metabolicas\/\" \/>\n<meta property=\"og:site_name\" content=\"Portal Tela Portugal\" \/>\n<meta property=\"article:published_time\" content=\"2026-04-06T15:47:14+00:00\" \/>\n<meta name=\"author\" content=\"Telinha\" \/>\n<meta name=\"twitter:card\" content=\"summary_large_image\" \/>\n<meta name=\"twitter:label1\" content=\"Escrito por\" \/>\n\t<meta name=\"twitter:data1\" content=\"Telinha\" \/>\n\t<meta name=\"twitter:label2\" content=\"Tempo estimado de leitura\" \/>\n\t<meta name=\"twitter:data2\" content=\"1 minuto\" \/>\n<script type=\"application\/ld+json\" class=\"yoast-schema-graph\">{\"@context\":\"https:\/\/schema.org\",\"@graph\":[{\"@type\":\"Article\",\"@id\":\"https:\/\/portaltela.pt\/noticias\/2026\/04\/06\/endocrinologia-deixa-de-ser-nicho-e-vira-pilar-nas-pandemias-metabolicas\/#article\",\"isPartOf\":{\"@id\":\"https:\/\/portaltela.pt\/noticias\/2026\/04\/06\/endocrinologia-deixa-de-ser-nicho-e-vira-pilar-nas-pandemias-metabolicas\/\"},\"author\":{\"name\":\"Telinha\",\"@id\":\"https:\/\/portaltela.pt\/#\/schema\/person\/c4278d4a6028830caff9ee44b42d32ed\"},\"headline\":\"Endocrinologia deixa de ser nicho e vira pilar nas pandemias metab\u00f3licas\",\"datePublished\":\"2026-04-06T15:47:14+00:00\",\"mainEntityOfPage\":{\"@id\":\"https:\/\/portaltela.pt\/noticias\/2026\/04\/06\/endocrinologia-deixa-de-ser-nicho-e-vira-pilar-nas-pandemias-metabolicas\/\"},\"wordCount\":301,\"image\":{\"@id\":\"https:\/\/portaltela.pt\/noticias\/2026\/04\/06\/endocrinologia-deixa-de-ser-nicho-e-vira-pilar-nas-pandemias-metabolicas\/#primaryimage\"},\"thumbnailUrl\":\"https:\/\/portaltela.pt\/s.01k8rhncp4jt1\/2026\/04\/8557138c-ef0a-422e-be5c-f37b2aa508fd_1200x675.jpg\",\"keywords\":[\"diabetes\",\"doen\u00e7as\",\"endocrinologia\",\"nutri\u00e7\u00e3o\",\"obesidade\",\"sa\u00fade p\u00fablica\"],\"articleSection\":[\"Medicina\",\"Sa\u00fade\"],\"inLanguage\":\"pt-PT\"},{\"@type\":\"WebPage\",\"@id\":\"https:\/\/portaltela.pt\/noticias\/2026\/04\/06\/endocrinologia-deixa-de-ser-nicho-e-vira-pilar-nas-pandemias-metabolicas\/\",\"url\":\"https:\/\/portaltela.pt\/noticias\/2026\/04\/06\/endocrinologia-deixa-de-ser-nicho-e-vira-pilar-nas-pandemias-metabolicas\/\",\"name\":\"Endocrinologia deixa de ser nicho e vira pilar nas pandemias metab\u00f3licas - Portal Tela Portugal\",\"isPartOf\":{\"@id\":\"https:\/\/portaltela.pt\/#website\"},\"primaryImageOfPage\":{\"@id\":\"https:\/\/portaltela.pt\/noticias\/2026\/04\/06\/endocrinologia-deixa-de-ser-nicho-e-vira-pilar-nas-pandemias-metabolicas\/#primaryimage\"},\"image\":{\"@id\":\"https:\/\/portaltela.pt\/noticias\/2026\/04\/06\/endocrinologia-deixa-de-ser-nicho-e-vira-pilar-nas-pandemias-metabolicas\/#primaryimage\"},\"thumbnailUrl\":\"https:\/\/portaltela.pt\/s.01k8rhncp4jt1\/2026\/04\/8557138c-ef0a-422e-be5c-f37b2aa508fd_1200x675.jpg\",\"datePublished\":\"2026-04-06T15:47:14+00:00\",\"author\":{\"@id\":\"https:\/\/portaltela.pt\/#\/schema\/person\/c4278d4a6028830caff9ee44b42d32ed\"},\"breadcrumb\":{\"@id\":\"https:\/\/portaltela.pt\/noticias\/2026\/04\/06\/endocrinologia-deixa-de-ser-nicho-e-vira-pilar-nas-pandemias-metabolicas\/#breadcrumb\"},\"inLanguage\":\"pt-PT\",\"potentialAction\":[{\"@type\":\"ReadAction\",\"target\":[\"https:\/\/portaltela.pt\/noticias\/2026\/04\/06\/endocrinologia-deixa-de-ser-nicho-e-vira-pilar-nas-pandemias-metabolicas\/\"]}]},{\"@type\":\"ImageObject\",\"inLanguage\":\"pt-PT\",\"@id\":\"https:\/\/portaltela.pt\/noticias\/2026\/04\/06\/endocrinologia-deixa-de-ser-nicho-e-vira-pilar-nas-pandemias-metabolicas\/#primaryimage\",\"url\":\"https:\/\/portaltela.pt\/s.01k8rhncp4jt1\/2026\/04\/8557138c-ef0a-422e-be5c-f37b2aa508fd_1200x675.jpg\",\"contentUrl\":\"https:\/\/portaltela.pt\/s.01k8rhncp4jt1\/2026\/04\/8557138c-ef0a-422e-be5c-f37b2aa508fd_1200x675.jpg\",\"width\":796,\"height\":448,\"caption\":\"Photo\"},{\"@type\":\"BreadcrumbList\",\"@id\":\"https:\/\/portaltela.pt\/noticias\/2026\/04\/06\/endocrinologia-deixa-de-ser-nicho-e-vira-pilar-nas-pandemias-metabolicas\/#breadcrumb\",\"itemListElement\":[{\"@type\":\"ListItem\",\"position\":1,\"name\":\"In\u00edcio\",\"item\":\"https:\/\/portaltela.pt\/\"},{\"@type\":\"ListItem\",\"position\":2,\"name\":\"Endocrinologia deixa de ser nicho e vira pilar nas pandemias metab\u00f3licas\"}]},{\"@type\":\"WebSite\",\"@id\":\"https:\/\/portaltela.pt\/#website\",\"url\":\"https:\/\/portaltela.pt\/\",\"name\":\"Portal Tela Portugal\",\"description\":\"\",\"potentialAction\":[{\"@type\":\"SearchAction\",\"target\":{\"@type\":\"EntryPoint\",\"urlTemplate\":\"https:\/\/portaltela.pt\/?s={search_term_string}\"},\"query-input\":{\"@type\":\"PropertyValueSpecification\",\"valueRequired\":true,\"valueName\":\"search_term_string\"}}],\"inLanguage\":\"pt-PT\"},{\"@type\":\"Person\",\"@id\":\"https:\/\/portaltela.pt\/#\/schema\/person\/c4278d4a6028830caff9ee44b42d32ed\",\"name\":\"Telinha\",\"image\":{\"@type\":\"ImageObject\",\"inLanguage\":\"pt-PT\",\"@id\":\"https:\/\/portaltela.pt\/s.01k8rhncp4jt1\/2025\/11\/talking-bot-125x125.png\",\"url\":\"https:\/\/portaltela.pt\/s.01k8rhncp4jt1\/2025\/11\/talking-bot-125x125.png\",\"contentUrl\":\"https:\/\/portaltela.pt\/s.01k8rhncp4jt1\/2025\/11\/talking-bot-125x125.png\",\"caption\":\"Telinha\"},\"sameAs\":[\"https:\/\/portaltela.pt\/\"],\"url\":\"https:\/\/portaltela.pt\/por\/367410592786\/\"}]}<\/script>\n<!-- \/ Yoast SEO plugin. -->","yoast_head_json":{"title":"Endocrinologia deixa de ser nicho e vira pilar nas pandemias metab\u00f3licas - Portal Tela Portugal","robots":{"index":"index","follow":"follow","max-snippet":"max-snippet:-1","max-image-preview":"max-image-preview:large","max-video-preview":"max-video-preview:-1"},"og_locale":"pt_PT","og_type":"article","og_title":"Endocrinologia deixa de ser nicho e vira pilar nas pandemias metab\u00f3licas - Portal Tela Portugal","og_description":"A endocrinologia passou a ter papel central na resposta \u00e0 obesidade, diabetes tipo 2 e dislipidemia, tr\u00eas grandes amea\u00e7as sanit\u00e1rias atuais. Estas doen\u00e7as representam uma disfun\u00e7\u00e3o metab\u00f3lica sist\u00e9mica, com o tecido adiposo a atuar como \u00f3rg\u00e3o end\u00f3crino ativo que influencia inflama\u00e7\u00e3o, apetite e sensibilidade \u00e0 insulina. Fatores gen\u00e9ticos, hormonais e ambientais \u2014 incluindo alimenta\u00e7\u00e3o ultraprocessada, sedentarismo, ritmos de vida intensos e desigualdades \u2014 elevam o risco metab\u00f3lico, n\u00e3o sendo apenas uma quest\u00e3o de escolhas individuais. O diagn\u00f3stico \u00e9 frequentemente atrasado, com obesidade, diabetes tipo 2 e dislipidemias j\u00e1 apresentando dano org\u00e2nico ao surgir, o que complica a reversibilidade e aumenta custos. A interven\u00e7\u00e3o precoce e modelos de cuidado integrados, que combinam acompanhamento m\u00e9dico, nutricional e comportamental, s\u00e3o essenciais, bem como pol\u00edticas p\u00fablicas e literacia em sa\u00fade para enfrentar estas pandemias metab\u00f3licas.","og_url":"https:\/\/portaltela.pt\/noticias\/2026\/04\/06\/endocrinologia-deixa-de-ser-nicho-e-vira-pilar-nas-pandemias-metabolicas\/","og_site_name":"Portal Tela Portugal","article_published_time":"2026-04-06T15:47:14+00:00","author":"Telinha","twitter_card":"summary_large_image","twitter_misc":{"Escrito por":"Telinha","Tempo estimado de leitura":"1 minuto"},"schema":{"@context":"https:\/\/schema.org","@graph":[{"@type":"Article","@id":"https:\/\/portaltela.pt\/noticias\/2026\/04\/06\/endocrinologia-deixa-de-ser-nicho-e-vira-pilar-nas-pandemias-metabolicas\/#article","isPartOf":{"@id":"https:\/\/portaltela.pt\/noticias\/2026\/04\/06\/endocrinologia-deixa-de-ser-nicho-e-vira-pilar-nas-pandemias-metabolicas\/"},"author":{"name":"Telinha","@id":"https:\/\/portaltela.pt\/#\/schema\/person\/c4278d4a6028830caff9ee44b42d32ed"},"headline":"Endocrinologia deixa de ser nicho e vira pilar nas pandemias metab\u00f3licas","datePublished":"2026-04-06T15:47:14+00:00","mainEntityOfPage":{"@id":"https:\/\/portaltela.pt\/noticias\/2026\/04\/06\/endocrinologia-deixa-de-ser-nicho-e-vira-pilar-nas-pandemias-metabolicas\/"},"wordCount":301,"image":{"@id":"https:\/\/portaltela.pt\/noticias\/2026\/04\/06\/endocrinologia-deixa-de-ser-nicho-e-vira-pilar-nas-pandemias-metabolicas\/#primaryimage"},"thumbnailUrl":"https:\/\/portaltela.pt\/s.01k8rhncp4jt1\/2026\/04\/8557138c-ef0a-422e-be5c-f37b2aa508fd_1200x675.jpg","keywords":["diabetes","doen\u00e7as","endocrinologia","nutri\u00e7\u00e3o","obesidade","sa\u00fade p\u00fablica"],"articleSection":["Medicina","Sa\u00fade"],"inLanguage":"pt-PT"},{"@type":"WebPage","@id":"https:\/\/portaltela.pt\/noticias\/2026\/04\/06\/endocrinologia-deixa-de-ser-nicho-e-vira-pilar-nas-pandemias-metabolicas\/","url":"https:\/\/portaltela.pt\/noticias\/2026\/04\/06\/endocrinologia-deixa-de-ser-nicho-e-vira-pilar-nas-pandemias-metabolicas\/","name":"Endocrinologia deixa de ser nicho e vira pilar nas pandemias metab\u00f3licas - Portal Tela Portugal","isPartOf":{"@id":"https:\/\/portaltela.pt\/#website"},"primaryImageOfPage":{"@id":"https:\/\/portaltela.pt\/noticias\/2026\/04\/06\/endocrinologia-deixa-de-ser-nicho-e-vira-pilar-nas-pandemias-metabolicas\/#primaryimage"},"image":{"@id":"https:\/\/portaltela.pt\/noticias\/2026\/04\/06\/endocrinologia-deixa-de-ser-nicho-e-vira-pilar-nas-pandemias-metabolicas\/#primaryimage"},"thumbnailUrl":"https:\/\/portaltela.pt\/s.01k8rhncp4jt1\/2026\/04\/8557138c-ef0a-422e-be5c-f37b2aa508fd_1200x675.jpg","datePublished":"2026-04-06T15:47:14+00:00","author":{"@id":"https:\/\/portaltela.pt\/#\/schema\/person\/c4278d4a6028830caff9ee44b42d32ed"},"breadcrumb":{"@id":"https:\/\/portaltela.pt\/noticias\/2026\/04\/06\/endocrinologia-deixa-de-ser-nicho-e-vira-pilar-nas-pandemias-metabolicas\/#breadcrumb"},"inLanguage":"pt-PT","potentialAction":[{"@type":"ReadAction","target":["https:\/\/portaltela.pt\/noticias\/2026\/04\/06\/endocrinologia-deixa-de-ser-nicho-e-vira-pilar-nas-pandemias-metabolicas\/"]}]},{"@type":"ImageObject","inLanguage":"pt-PT","@id":"https:\/\/portaltela.pt\/noticias\/2026\/04\/06\/endocrinologia-deixa-de-ser-nicho-e-vira-pilar-nas-pandemias-metabolicas\/#primaryimage","url":"https:\/\/portaltela.pt\/s.01k8rhncp4jt1\/2026\/04\/8557138c-ef0a-422e-be5c-f37b2aa508fd_1200x675.jpg","contentUrl":"https:\/\/portaltela.pt\/s.01k8rhncp4jt1\/2026\/04\/8557138c-ef0a-422e-be5c-f37b2aa508fd_1200x675.jpg","width":796,"height":448,"caption":"Photo"},{"@type":"BreadcrumbList","@id":"https:\/\/portaltela.pt\/noticias\/2026\/04\/06\/endocrinologia-deixa-de-ser-nicho-e-vira-pilar-nas-pandemias-metabolicas\/#breadcrumb","itemListElement":[{"@type":"ListItem","position":1,"name":"In\u00edcio","item":"https:\/\/portaltela.pt\/"},{"@type":"ListItem","position":2,"name":"Endocrinologia deixa de ser nicho e vira pilar nas pandemias metab\u00f3licas"}]},{"@type":"WebSite","@id":"https:\/\/portaltela.pt\/#website","url":"https:\/\/portaltela.pt\/","name":"Portal Tela Portugal","description":"","potentialAction":[{"@type":"SearchAction","target":{"@type":"EntryPoint","urlTemplate":"https:\/\/portaltela.pt\/?s={search_term_string}"},"query-input":{"@type":"PropertyValueSpecification","valueRequired":true,"valueName":"search_term_string"}}],"inLanguage":"pt-PT"},{"@type":"Person","@id":"https:\/\/portaltela.pt\/#\/schema\/person\/c4278d4a6028830caff9ee44b42d32ed","name":"Telinha","image":{"@type":"ImageObject","inLanguage":"pt-PT","@id":"https:\/\/portaltela.pt\/s.01k8rhncp4jt1\/2025\/11\/talking-bot-125x125.png","url":"https:\/\/portaltela.pt\/s.01k8rhncp4jt1\/2025\/11\/talking-bot-125x125.png","contentUrl":"https:\/\/portaltela.pt\/s.01k8rhncp4jt1\/2025\/11\/talking-bot-125x125.png","caption":"Telinha"},"sameAs":["https:\/\/portaltela.pt\/"],"url":"https:\/\/portaltela.pt\/por\/367410592786\/"}]}},"_links":{"self":[{"href":"https:\/\/portaltela.pt\/api\/wp\/v2\/posts\/434364","targetHints":{"allow":["GET"]}}],"collection":[{"href":"https:\/\/portaltela.pt\/api\/wp\/v2\/posts"}],"about":[{"href":"https:\/\/portaltela.pt\/api\/wp\/v2\/types\/post"}],"author":[{"embeddable":true,"href":"https:\/\/portaltela.pt\/api\/wp\/v2\/users\/2"}],"replies":[{"embeddable":true,"href":"https:\/\/portaltela.pt\/api\/wp\/v2\/comments?post=434364"}],"version-history":[{"count":0,"href":"https:\/\/portaltela.pt\/api\/wp\/v2\/posts\/434364\/revisions"}],"wp:featuredmedia":[{"embeddable":true,"href":"https:\/\/portaltela.pt\/api\/wp\/v2\/media\/434367"}],"wp:attachment":[{"href":"https:\/\/portaltela.pt\/api\/wp\/v2\/media?parent=434364"}],"wp:term":[{"taxonomy":"category","embeddable":true,"href":"https:\/\/portaltela.pt\/api\/wp\/v2\/categories?post=434364"},{"taxonomy":"post_tag","embeddable":true,"href":"https:\/\/portaltela.pt\/api\/wp\/v2\/tags?post=434364"}],"curies":[{"name":"wp","href":"https:\/\/api.w.org\/{rel}","templated":true}]}}