{"id":434355,"date":"2026-04-06T12:47:06","date_gmt":"2026-04-06T15:47:06","guid":{"rendered":"https:\/\/portaltela.pt\/noticias\/2026\/04\/06\/celje-reforca-isolamento-na-eslovenia-campelos-e-treinador-da-jornada\/"},"modified":"2026-04-06T12:47:06","modified_gmt":"2026-04-06T15:47:06","slug":"celje-reforca-isolamento-na-eslovenia-campelos-e-treinador-da-jornada","status":"publish","type":"post","link":"https:\/\/portaltela.pt\/desporto\/futebol\/2026\/04\/06\/celje-reforca-isolamento-na-eslovenia-campelos-e-treinador-da-jornada\/","title":{"rendered":"Celje refor\u00e7a isolamento na Eslov\u00e9nia; Campelos \u00e9 treinador da jornada"},"content":{"rendered":"<p>O Celje recebeu o Maribor e venceu por 1-0, em jogo da dupla liga eslovena. A vit\u00f3ria ocorreu neste s\u00e1bado, em casa, contribuindo para a aposta na lideran\u00e7a do campeonato.<\/p>\n<p>O triunfo consolidou a vantagem do Celje na lideran\u00e7a, ampliando para 12 pontos sobre o segundo classificado. O clube orientado por V\u00edtor Campelos parece manter a regularidade necess\u00e1ria para o objetivo do t\u00edtulo.<\/p>\n<p>O encontro marcou tamb\u00e9m o reconhecimento do trabalho do t\u00e9cnico portugu\u00eas V\u00edtor Campelos, eleito o treinador da jornada 27 do campeonato esloveno. O galard\u00e3o endossa a boa s\u00e9rie de resultados do Celje frente aos rivais diretos.<\/p>\n<h3>Treinador da jornada 27 eleito<\/h3>\n<p>A vit\u00f3ria frente ao Maribor aparece como parte de uma sequ\u00eancia que mant\u00e9m o Celje destacado na classifica\u00e7\u00e3o. Campelos tem mostrado consist\u00eancia t\u00e1tica e gest\u00e3o de recursos dentro do plantel durante a \u00e9poca. O Celje continua na frente, com foco no pr\u00f3ximo desafio.<\/p>\n","protected":false},"excerpt":{"rendered":"<ul>\n<li>O Celje derrotou o Maribor por 1-0, consolidando a lideran\u00e7a no campeonato da Eslov\u00e9nia.<\/li>\n<li>A vit\u00f3ria aumentou para 12 pontos a vantagem sobre o segundo classificado.<\/li>\n<li>O jogo aconteceu neste s\u00e1bado, na procura de manter o Celje na trajet\u00f3ria para o t\u00edtulo.<\/li>\n<li>V\u00edtor Campelos foi eleito o treinador da jornada 27 do campeonato esloveno.<\/li>\n<\/ul>\n","protected":false},"author":2,"featured_media":434359,"comment_status":"closed","ping_status":"closed","sticky":false,"template":"","format":"standard","meta":{"footnotes":""},"categories":[21,24],"tags":[7755,4143,227,2167,3338,6802],"class_list":["post-434355","post","type-post","status-publish","format-standard","has-post-thumbnail","hentry","category-desporto","category-futebol","tag-_futebol","tag-1-liga","tag-campeonato","tag-eslovenia","tag-futebol-internacional","tag-lideranca"],"yoast_head":"<!-- This site is optimized with the Yoast SEO plugin v27.2 - https:\/\/yoast.com\/product\/yoast-seo-wordpress\/ -->\n<title>Celje refor\u00e7a isolamento na Eslov\u00e9nia; Campelos \u00e9 treinador da jornada - Portal Tela Portugal<\/title>\n<meta name=\"robots\" content=\"index, follow, max-snippet:-1, max-image-preview:large, max-video-preview:-1\" \/>\n<meta property=\"og:locale\" content=\"pt_PT\" \/>\n<meta property=\"og:type\" content=\"article\" \/>\n<meta property=\"og:title\" content=\"Celje refor\u00e7a isolamento na Eslov\u00e9nia; Campelos \u00e9 treinador da jornada - Portal Tela Portugal\" \/>\n<meta property=\"og:description\" content=\"O Celje derrotou o Maribor por 1-0, consolidando a lideran\u00e7a no campeonato da Eslov\u00e9nia. A vit\u00f3ria aumentou para 12 pontos a vantagem sobre o segundo classificado. O jogo aconteceu neste s\u00e1bado, na procura de manter o Celje na trajet\u00f3ria para o t\u00edtulo. V\u00edtor Campelos foi eleito o treinador da jornada 27 do campeonato esloveno.\" \/>\n<meta property=\"og:url\" content=\"https:\/\/portaltela.pt\/noticias\/2026\/04\/06\/celje-reforca-isolamento-na-eslovenia-campelos-e-treinador-da-jornada\/\" \/>\n<meta property=\"og:site_name\" content=\"Portal Tela Portugal\" \/>\n<meta property=\"article:published_time\" content=\"2026-04-06T15:47:06+00:00\" \/>\n<meta name=\"author\" content=\"Telinha\" \/>\n<meta name=\"twitter:card\" content=\"summary_large_image\" \/>\n<meta name=\"twitter:label1\" content=\"Escrito por\" \/>\n\t<meta name=\"twitter:data1\" content=\"Telinha\" \/>\n\t<meta name=\"twitter:label2\" content=\"Tempo estimado de leitura\" \/>\n\t<meta name=\"twitter:data2\" content=\"1 minuto\" \/>\n<script type=\"application\/ld+json\" class=\"yoast-schema-graph\">{\"@context\":\"https:\/\/schema.org\",\"@graph\":[{\"@type\":\"Article\",\"@id\":\"https:\/\/portaltela.pt\/noticias\/2026\/04\/06\/celje-reforca-isolamento-na-eslovenia-campelos-e-treinador-da-jornada\/#article\",\"isPartOf\":{\"@id\":\"https:\/\/portaltela.pt\/noticias\/2026\/04\/06\/celje-reforca-isolamento-na-eslovenia-campelos-e-treinador-da-jornada\/\"},\"author\":{\"name\":\"Telinha\",\"@id\":\"https:\/\/portaltela.pt\/#\/schema\/person\/c4278d4a6028830caff9ee44b42d32ed\"},\"headline\":\"Celje refor\u00e7a isolamento na Eslov\u00e9nia; Campelos \u00e9 treinador da jornada\",\"datePublished\":\"2026-04-06T15:47:06+00:00\",\"mainEntityOfPage\":{\"@id\":\"https:\/\/portaltela.pt\/noticias\/2026\/04\/06\/celje-reforca-isolamento-na-eslovenia-campelos-e-treinador-da-jornada\/\"},\"wordCount\":176,\"image\":{\"@id\":\"https:\/\/portaltela.pt\/noticias\/2026\/04\/06\/celje-reforca-isolamento-na-eslovenia-campelos-e-treinador-da-jornada\/#primaryimage\"},\"thumbnailUrl\":\"https:\/\/portaltela.pt\/s.01k8rhncp4jt1\/2026\/04\/img_920x518uu2026-04-06-16-30-07-2431400.jpg\",\"keywords\":[\"_futebol\",\"1. Liga\",\"campeonato\",\"Eslov\u00e9nia\",\"futebol internacional\",\"lideran\u00e7a\"],\"articleSection\":[\"Desporto\",\"Futebol\"],\"inLanguage\":\"pt-PT\"},{\"@type\":\"WebPage\",\"@id\":\"https:\/\/portaltela.pt\/noticias\/2026\/04\/06\/celje-reforca-isolamento-na-eslovenia-campelos-e-treinador-da-jornada\/\",\"url\":\"https:\/\/portaltela.pt\/noticias\/2026\/04\/06\/celje-reforca-isolamento-na-eslovenia-campelos-e-treinador-da-jornada\/\",\"name\":\"Celje refor\u00e7a isolamento na Eslov\u00e9nia; Campelos \u00e9 treinador da jornada - Portal Tela Portugal\",\"isPartOf\":{\"@id\":\"https:\/\/portaltela.pt\/#website\"},\"primaryImageOfPage\":{\"@id\":\"https:\/\/portaltela.pt\/noticias\/2026\/04\/06\/celje-reforca-isolamento-na-eslovenia-campelos-e-treinador-da-jornada\/#primaryimage\"},\"image\":{\"@id\":\"https:\/\/portaltela.pt\/noticias\/2026\/04\/06\/celje-reforca-isolamento-na-eslovenia-campelos-e-treinador-da-jornada\/#primaryimage\"},\"thumbnailUrl\":\"https:\/\/portaltela.pt\/s.01k8rhncp4jt1\/2026\/04\/img_920x518uu2026-04-06-16-30-07-2431400.jpg\",\"datePublished\":\"2026-04-06T15:47:06+00:00\",\"author\":{\"@id\":\"https:\/\/portaltela.pt\/#\/schema\/person\/c4278d4a6028830caff9ee44b42d32ed\"},\"breadcrumb\":{\"@id\":\"https:\/\/portaltela.pt\/noticias\/2026\/04\/06\/celje-reforca-isolamento-na-eslovenia-campelos-e-treinador-da-jornada\/#breadcrumb\"},\"inLanguage\":\"pt-PT\",\"potentialAction\":[{\"@type\":\"ReadAction\",\"target\":[\"https:\/\/portaltela.pt\/noticias\/2026\/04\/06\/celje-reforca-isolamento-na-eslovenia-campelos-e-treinador-da-jornada\/\"]}]},{\"@type\":\"ImageObject\",\"inLanguage\":\"pt-PT\",\"@id\":\"https:\/\/portaltela.pt\/noticias\/2026\/04\/06\/celje-reforca-isolamento-na-eslovenia-campelos-e-treinador-da-jornada\/#primaryimage\",\"url\":\"https:\/\/portaltela.pt\/s.01k8rhncp4jt1\/2026\/04\/img_920x518uu2026-04-06-16-30-07-2431400.jpg\",\"contentUrl\":\"https:\/\/portaltela.pt\/s.01k8rhncp4jt1\/2026\/04\/img_920x518uu2026-04-06-16-30-07-2431400.jpg\",\"width\":796,\"height\":448,\"caption\":\"Photo\"},{\"@type\":\"BreadcrumbList\",\"@id\":\"https:\/\/portaltela.pt\/noticias\/2026\/04\/06\/celje-reforca-isolamento-na-eslovenia-campelos-e-treinador-da-jornada\/#breadcrumb\",\"itemListElement\":[{\"@type\":\"ListItem\",\"position\":1,\"name\":\"In\u00edcio\",\"item\":\"https:\/\/portaltela.pt\/\"},{\"@type\":\"ListItem\",\"position\":2,\"name\":\"Celje refor\u00e7a isolamento na Eslov\u00e9nia; Campelos \u00e9 treinador da jornada\"}]},{\"@type\":\"WebSite\",\"@id\":\"https:\/\/portaltela.pt\/#website\",\"url\":\"https:\/\/portaltela.pt\/\",\"name\":\"Portal Tela Portugal\",\"description\":\"\",\"potentialAction\":[{\"@type\":\"SearchAction\",\"target\":{\"@type\":\"EntryPoint\",\"urlTemplate\":\"https:\/\/portaltela.pt\/?s={search_term_string}\"},\"query-input\":{\"@type\":\"PropertyValueSpecification\",\"valueRequired\":true,\"valueName\":\"search_term_string\"}}],\"inLanguage\":\"pt-PT\"},{\"@type\":\"Person\",\"@id\":\"https:\/\/portaltela.pt\/#\/schema\/person\/c4278d4a6028830caff9ee44b42d32ed\",\"name\":\"Telinha\",\"image\":{\"@type\":\"ImageObject\",\"inLanguage\":\"pt-PT\",\"@id\":\"https:\/\/portaltela.pt\/s.01k8rhncp4jt1\/2025\/11\/talking-bot-125x125.png\",\"url\":\"https:\/\/portaltela.pt\/s.01k8rhncp4jt1\/2025\/11\/talking-bot-125x125.png\",\"contentUrl\":\"https:\/\/portaltela.pt\/s.01k8rhncp4jt1\/2025\/11\/talking-bot-125x125.png\",\"caption\":\"Telinha\"},\"sameAs\":[\"https:\/\/portaltela.pt\/\"],\"url\":\"https:\/\/portaltela.pt\/por\/367410592786\/\"}]}<\/script>\n<!-- \/ Yoast SEO plugin. -->","yoast_head_json":{"title":"Celje refor\u00e7a isolamento na Eslov\u00e9nia; Campelos \u00e9 treinador da jornada - Portal Tela Portugal","robots":{"index":"index","follow":"follow","max-snippet":"max-snippet:-1","max-image-preview":"max-image-preview:large","max-video-preview":"max-video-preview:-1"},"og_locale":"pt_PT","og_type":"article","og_title":"Celje refor\u00e7a isolamento na Eslov\u00e9nia; Campelos \u00e9 treinador da jornada - Portal Tela Portugal","og_description":"O Celje derrotou o Maribor por 1-0, consolidando a lideran\u00e7a no campeonato da Eslov\u00e9nia. A vit\u00f3ria aumentou para 12 pontos a vantagem sobre o segundo classificado. O jogo aconteceu neste s\u00e1bado, na procura de manter o Celje na trajet\u00f3ria para o t\u00edtulo. V\u00edtor Campelos foi eleito o treinador da jornada 27 do campeonato esloveno.","og_url":"https:\/\/portaltela.pt\/noticias\/2026\/04\/06\/celje-reforca-isolamento-na-eslovenia-campelos-e-treinador-da-jornada\/","og_site_name":"Portal Tela Portugal","article_published_time":"2026-04-06T15:47:06+00:00","author":"Telinha","twitter_card":"summary_large_image","twitter_misc":{"Escrito por":"Telinha","Tempo estimado de leitura":"1 minuto"},"schema":{"@context":"https:\/\/schema.org","@graph":[{"@type":"Article","@id":"https:\/\/portaltela.pt\/noticias\/2026\/04\/06\/celje-reforca-isolamento-na-eslovenia-campelos-e-treinador-da-jornada\/#article","isPartOf":{"@id":"https:\/\/portaltela.pt\/noticias\/2026\/04\/06\/celje-reforca-isolamento-na-eslovenia-campelos-e-treinador-da-jornada\/"},"author":{"name":"Telinha","@id":"https:\/\/portaltela.pt\/#\/schema\/person\/c4278d4a6028830caff9ee44b42d32ed"},"headline":"Celje refor\u00e7a isolamento na Eslov\u00e9nia; Campelos \u00e9 treinador da jornada","datePublished":"2026-04-06T15:47:06+00:00","mainEntityOfPage":{"@id":"https:\/\/portaltela.pt\/noticias\/2026\/04\/06\/celje-reforca-isolamento-na-eslovenia-campelos-e-treinador-da-jornada\/"},"wordCount":176,"image":{"@id":"https:\/\/portaltela.pt\/noticias\/2026\/04\/06\/celje-reforca-isolamento-na-eslovenia-campelos-e-treinador-da-jornada\/#primaryimage"},"thumbnailUrl":"https:\/\/portaltela.pt\/s.01k8rhncp4jt1\/2026\/04\/img_920x518uu2026-04-06-16-30-07-2431400.jpg","keywords":["_futebol","1. Liga","campeonato","Eslov\u00e9nia","futebol internacional","lideran\u00e7a"],"articleSection":["Desporto","Futebol"],"inLanguage":"pt-PT"},{"@type":"WebPage","@id":"https:\/\/portaltela.pt\/noticias\/2026\/04\/06\/celje-reforca-isolamento-na-eslovenia-campelos-e-treinador-da-jornada\/","url":"https:\/\/portaltela.pt\/noticias\/2026\/04\/06\/celje-reforca-isolamento-na-eslovenia-campelos-e-treinador-da-jornada\/","name":"Celje refor\u00e7a isolamento na Eslov\u00e9nia; Campelos \u00e9 treinador da jornada - Portal Tela Portugal","isPartOf":{"@id":"https:\/\/portaltela.pt\/#website"},"primaryImageOfPage":{"@id":"https:\/\/portaltela.pt\/noticias\/2026\/04\/06\/celje-reforca-isolamento-na-eslovenia-campelos-e-treinador-da-jornada\/#primaryimage"},"image":{"@id":"https:\/\/portaltela.pt\/noticias\/2026\/04\/06\/celje-reforca-isolamento-na-eslovenia-campelos-e-treinador-da-jornada\/#primaryimage"},"thumbnailUrl":"https:\/\/portaltela.pt\/s.01k8rhncp4jt1\/2026\/04\/img_920x518uu2026-04-06-16-30-07-2431400.jpg","datePublished":"2026-04-06T15:47:06+00:00","author":{"@id":"https:\/\/portaltela.pt\/#\/schema\/person\/c4278d4a6028830caff9ee44b42d32ed"},"breadcrumb":{"@id":"https:\/\/portaltela.pt\/noticias\/2026\/04\/06\/celje-reforca-isolamento-na-eslovenia-campelos-e-treinador-da-jornada\/#breadcrumb"},"inLanguage":"pt-PT","potentialAction":[{"@type":"ReadAction","target":["https:\/\/portaltela.pt\/noticias\/2026\/04\/06\/celje-reforca-isolamento-na-eslovenia-campelos-e-treinador-da-jornada\/"]}]},{"@type":"ImageObject","inLanguage":"pt-PT","@id":"https:\/\/portaltela.pt\/noticias\/2026\/04\/06\/celje-reforca-isolamento-na-eslovenia-campelos-e-treinador-da-jornada\/#primaryimage","url":"https:\/\/portaltela.pt\/s.01k8rhncp4jt1\/2026\/04\/img_920x518uu2026-04-06-16-30-07-2431400.jpg","contentUrl":"https:\/\/portaltela.pt\/s.01k8rhncp4jt1\/2026\/04\/img_920x518uu2026-04-06-16-30-07-2431400.jpg","width":796,"height":448,"caption":"Photo"},{"@type":"BreadcrumbList","@id":"https:\/\/portaltela.pt\/noticias\/2026\/04\/06\/celje-reforca-isolamento-na-eslovenia-campelos-e-treinador-da-jornada\/#breadcrumb","itemListElement":[{"@type":"ListItem","position":1,"name":"In\u00edcio","item":"https:\/\/portaltela.pt\/"},{"@type":"ListItem","position":2,"name":"Celje refor\u00e7a isolamento na Eslov\u00e9nia; Campelos \u00e9 treinador da jornada"}]},{"@type":"WebSite","@id":"https:\/\/portaltela.pt\/#website","url":"https:\/\/portaltela.pt\/","name":"Portal Tela Portugal","description":"","potentialAction":[{"@type":"SearchAction","target":{"@type":"EntryPoint","urlTemplate":"https:\/\/portaltela.pt\/?s={search_term_string}"},"query-input":{"@type":"PropertyValueSpecification","valueRequired":true,"valueName":"search_term_string"}}],"inLanguage":"pt-PT"},{"@type":"Person","@id":"https:\/\/portaltela.pt\/#\/schema\/person\/c4278d4a6028830caff9ee44b42d32ed","name":"Telinha","image":{"@type":"ImageObject","inLanguage":"pt-PT","@id":"https:\/\/portaltela.pt\/s.01k8rhncp4jt1\/2025\/11\/talking-bot-125x125.png","url":"https:\/\/portaltela.pt\/s.01k8rhncp4jt1\/2025\/11\/talking-bot-125x125.png","contentUrl":"https:\/\/portaltela.pt\/s.01k8rhncp4jt1\/2025\/11\/talking-bot-125x125.png","caption":"Telinha"},"sameAs":["https:\/\/portaltela.pt\/"],"url":"https:\/\/portaltela.pt\/por\/367410592786\/"}]}},"_links":{"self":[{"href":"https:\/\/portaltela.pt\/api\/wp\/v2\/posts\/434355","targetHints":{"allow":["GET"]}}],"collection":[{"href":"https:\/\/portaltela.pt\/api\/wp\/v2\/posts"}],"about":[{"href":"https:\/\/portaltela.pt\/api\/wp\/v2\/types\/post"}],"author":[{"embeddable":true,"href":"https:\/\/portaltela.pt\/api\/wp\/v2\/users\/2"}],"replies":[{"embeddable":true,"href":"https:\/\/portaltela.pt\/api\/wp\/v2\/comments?post=434355"}],"version-history":[{"count":0,"href":"https:\/\/portaltela.pt\/api\/wp\/v2\/posts\/434355\/revisions"}],"wp:featuredmedia":[{"embeddable":true,"href":"https:\/\/portaltela.pt\/api\/wp\/v2\/media\/434359"}],"wp:attachment":[{"href":"https:\/\/portaltela.pt\/api\/wp\/v2\/media?parent=434355"}],"wp:term":[{"taxonomy":"category","embeddable":true,"href":"https:\/\/portaltela.pt\/api\/wp\/v2\/categories?post=434355"},{"taxonomy":"post_tag","embeddable":true,"href":"https:\/\/portaltela.pt\/api\/wp\/v2\/tags?post=434355"}],"curies":[{"name":"wp","href":"https:\/\/api.w.org\/{rel}","templated":true}]}}