{"id":434353,"date":"2026-04-06T12:47:06","date_gmt":"2026-04-06T15:47:06","guid":{"rendered":"https:\/\/portaltela.pt\/noticias\/2026\/04\/06\/transportadores-aguardam-novos-apoios-em-breve\/"},"modified":"2026-04-06T12:47:06","modified_gmt":"2026-04-06T15:47:06","slug":"transportadores-aguardam-novos-apoios-em-breve","status":"publish","type":"post","link":"https:\/\/portaltela.pt\/noticias\/economia\/2026\/04\/06\/transportadores-aguardam-novos-apoios-em-breve\/","title":{"rendered":"Transportadores aguardam novos apoios em breve"},"content":{"rendered":"<p>Os transportadores de mercadorias est\u00e3o a aguardar novas medidas de apoio j\u00e1 anunciadas pelo Governo. A presidente da Antram, Ema Leit\u00e3o, comunicou aos jornalistas ap\u00f3s reunir com o ministro das Infra-estruturas, Miguel Pinto Luz, que se espera um pacote robusto em breve. A reuni\u00e3o ocorreu esta segunda-feira.<\/p>\n<p>A Antram afirma que o sector enfrenta dificuldades devido \u00e0 escalada de custos de combust\u00edveis, exacerbada pela situa\u00e7\u00e3o internacional. As propostas da associa\u00e7\u00e3o est\u00e3o a ser analisadas pelo Governo, enquanto o sector continua a sentir o peso financeiro da subida dos pre\u00e7os do combust\u00edvel.<\/p>\n<p>A presidente da Antram destacou a diferen\u00e7a de competitividade face a concorrentes espanh\u00f3is, com combust\u00edveis mais baratos. A reuni\u00e3o sucede a uma reuni\u00e3o interna dos associados, na qual o cansa\u00e7o financeiro e a press\u00e3o sobre tesouraria foram enfatizados. Not\u00edcias de apoio adicional surgiram no final da semana passada.<\/p>\n<h3>Contexto de apoios existentes<\/h3>\n<p>Segundo a Antram, a associa\u00e7\u00e3o representa cerca de duas mil empresas nacionais de transporte de mercadorias. Em abril, o primeiro-ministro anunciou uma linha de apoio de 600 milh\u00f5es de euros para empresas com forte exposi\u00e7\u00e3o aos custos energ\u00e9ticos, com garantias p\u00fablicas para refor\u00e7ar tesouraria.<\/p>\n<h3>Apoios em vigor e objetivos do pacote<\/h3>\n<p>O Governo j\u00e1 aplica um apoio de 10 c\u00eantimos por litro para o gas\u00f3leo profissional. Em 2022, foi criado um apoio extraordin\u00e1rio para mitigar os efeitos da subida do combust\u00edvel e do AdBlue, com um custo estimado de 47,5 milh\u00f5es de euros, segundo dados do IMT.<\/p>\n","protected":false},"excerpt":{"rendered":"<ul>\n<li>A Antram reuniu-se com o ministro das Infra-estruturas, Miguel Pinto Luz, e aguarda boas not\u00edcias para o sector em breve.<\/li>\n<li>A presidente, Ema Leit\u00e3o, pediu um pacote robusto de apoios face \u00e0 subida dos pre\u00e7os dos combust\u00edveis, resultante da guerra entre EUA e Israel contra o Ir\u00e3o.<\/li>\n<li>Foi salientado que o sector fica em desvantagem face a concorrentes espanh\u00f3is, com combust\u00edveis mais baratos.<\/li>\n<li>O Governo anunciou uma linha de apoio de 600 milh\u00f5es de euros para empresas com forte exposi\u00e7\u00e3o aos custos energ\u00e9ticos, para financiar tesouraria e fundo de maneio com garantias p\u00fablicas.<\/li>\n<li>J\u00e1 est\u00e1 em vigor o apoio de dez c\u00eantimos por litro de gas\u00f3leo profissional; a Antram representa cerca de duas mil empresas nacionais de transporte de mercadorias.<\/li>\n<\/ul>\n","protected":false},"author":2,"featured_media":434357,"comment_status":"closed","ping_status":"closed","sticky":false,"template":"","format":"standard","meta":{"footnotes":""},"categories":[2,6735],"tags":[6115,7775,7465,961,229,363],"class_list":["post-434353","post","type-post","status-publish","format-standard","has-post-thumbnail","hentry","category-economia","category-negocios","tag-_economia","tag-_energia","tag-combustiveis","tag-logistica","tag-politica-publica","tag-transportes"],"yoast_head":"<!-- This site is optimized with the Yoast SEO plugin v27.2 - https:\/\/yoast.com\/product\/yoast-seo-wordpress\/ -->\n<title>Transportadores aguardam novos apoios em breve - Portal Tela Portugal<\/title>\n<meta name=\"robots\" content=\"index, follow, max-snippet:-1, max-image-preview:large, max-video-preview:-1\" \/>\n<meta property=\"og:locale\" content=\"pt_PT\" \/>\n<meta property=\"og:type\" content=\"article\" \/>\n<meta property=\"og:title\" content=\"Transportadores aguardam novos apoios em breve - Portal Tela Portugal\" \/>\n<meta property=\"og:description\" content=\"A Antram reuniu-se com o ministro das Infra-estruturas, Miguel Pinto Luz, e aguarda boas not\u00edcias para o sector em breve. A presidente, Ema Leit\u00e3o, pediu um pacote robusto de apoios face \u00e0 subida dos pre\u00e7os dos combust\u00edveis, resultante da guerra entre EUA e Israel contra o Ir\u00e3o. Foi salientado que o sector fica em desvantagem face a concorrentes espanh\u00f3is, com combust\u00edveis mais baratos. O Governo anunciou uma linha de apoio de 600 milh\u00f5es de euros para empresas com forte exposi\u00e7\u00e3o aos custos energ\u00e9ticos, para financiar tesouraria e fundo de maneio com garantias p\u00fablicas. J\u00e1 est\u00e1 em vigor o apoio de dez c\u00eantimos por litro de gas\u00f3leo profissional; a Antram representa cerca de duas mil empresas nacionais de transporte de mercadorias.\" \/>\n<meta property=\"og:url\" content=\"https:\/\/portaltela.pt\/noticias\/2026\/04\/06\/transportadores-aguardam-novos-apoios-em-breve\/\" \/>\n<meta property=\"og:site_name\" content=\"Portal Tela Portugal\" \/>\n<meta property=\"article:published_time\" content=\"2026-04-06T15:47:06+00:00\" \/>\n<meta name=\"author\" content=\"Telinha\" \/>\n<meta name=\"twitter:card\" content=\"summary_large_image\" \/>\n<meta name=\"twitter:label1\" content=\"Escrito por\" \/>\n\t<meta name=\"twitter:data1\" content=\"Telinha\" \/>\n\t<meta name=\"twitter:label2\" content=\"Tempo estimado de leitura\" \/>\n\t<meta name=\"twitter:data2\" content=\"1 minuto\" \/>\n<script type=\"application\/ld+json\" class=\"yoast-schema-graph\">{\"@context\":\"https:\/\/schema.org\",\"@graph\":[{\"@type\":\"Article\",\"@id\":\"https:\/\/portaltela.pt\/noticias\/2026\/04\/06\/transportadores-aguardam-novos-apoios-em-breve\/#article\",\"isPartOf\":{\"@id\":\"https:\/\/portaltela.pt\/noticias\/2026\/04\/06\/transportadores-aguardam-novos-apoios-em-breve\/\"},\"author\":{\"name\":\"Telinha\",\"@id\":\"https:\/\/portaltela.pt\/#\/schema\/person\/c4278d4a6028830caff9ee44b42d32ed\"},\"headline\":\"Transportadores aguardam novos apoios em breve\",\"datePublished\":\"2026-04-06T15:47:06+00:00\",\"mainEntityOfPage\":{\"@id\":\"https:\/\/portaltela.pt\/noticias\/2026\/04\/06\/transportadores-aguardam-novos-apoios-em-breve\/\"},\"wordCount\":270,\"image\":{\"@id\":\"https:\/\/portaltela.pt\/noticias\/2026\/04\/06\/transportadores-aguardam-novos-apoios-em-breve\/#primaryimage\"},\"thumbnailUrl\":\"https:\/\/portaltela.pt\/s.01k8rhncp4jt1\/2026\/04\/2079558.jpg\",\"keywords\":[\"_economia\",\"_energia\",\"combust\u00edveis\",\"Log\u00edstica\",\"pol\u00edtica p\u00fablica\",\"transportes\"],\"articleSection\":[\"Economia\",\"Neg\u00f3cios\"],\"inLanguage\":\"pt-PT\"},{\"@type\":\"WebPage\",\"@id\":\"https:\/\/portaltela.pt\/noticias\/2026\/04\/06\/transportadores-aguardam-novos-apoios-em-breve\/\",\"url\":\"https:\/\/portaltela.pt\/noticias\/2026\/04\/06\/transportadores-aguardam-novos-apoios-em-breve\/\",\"name\":\"Transportadores aguardam novos apoios em breve - Portal Tela Portugal\",\"isPartOf\":{\"@id\":\"https:\/\/portaltela.pt\/#website\"},\"primaryImageOfPage\":{\"@id\":\"https:\/\/portaltela.pt\/noticias\/2026\/04\/06\/transportadores-aguardam-novos-apoios-em-breve\/#primaryimage\"},\"image\":{\"@id\":\"https:\/\/portaltela.pt\/noticias\/2026\/04\/06\/transportadores-aguardam-novos-apoios-em-breve\/#primaryimage\"},\"thumbnailUrl\":\"https:\/\/portaltela.pt\/s.01k8rhncp4jt1\/2026\/04\/2079558.jpg\",\"datePublished\":\"2026-04-06T15:47:06+00:00\",\"author\":{\"@id\":\"https:\/\/portaltela.pt\/#\/schema\/person\/c4278d4a6028830caff9ee44b42d32ed\"},\"breadcrumb\":{\"@id\":\"https:\/\/portaltela.pt\/noticias\/2026\/04\/06\/transportadores-aguardam-novos-apoios-em-breve\/#breadcrumb\"},\"inLanguage\":\"pt-PT\",\"potentialAction\":[{\"@type\":\"ReadAction\",\"target\":[\"https:\/\/portaltela.pt\/noticias\/2026\/04\/06\/transportadores-aguardam-novos-apoios-em-breve\/\"]}]},{\"@type\":\"ImageObject\",\"inLanguage\":\"pt-PT\",\"@id\":\"https:\/\/portaltela.pt\/noticias\/2026\/04\/06\/transportadores-aguardam-novos-apoios-em-breve\/#primaryimage\",\"url\":\"https:\/\/portaltela.pt\/s.01k8rhncp4jt1\/2026\/04\/2079558.jpg\",\"contentUrl\":\"https:\/\/portaltela.pt\/s.01k8rhncp4jt1\/2026\/04\/2079558.jpg\",\"width\":796,\"height\":448,\"caption\":\"Subida de pre\u00e7os dos combust\u00edveis est\u00e1 a afectar os custos das empresas de transporte de mercadorias\"},{\"@type\":\"BreadcrumbList\",\"@id\":\"https:\/\/portaltela.pt\/noticias\/2026\/04\/06\/transportadores-aguardam-novos-apoios-em-breve\/#breadcrumb\",\"itemListElement\":[{\"@type\":\"ListItem\",\"position\":1,\"name\":\"In\u00edcio\",\"item\":\"https:\/\/portaltela.pt\/\"},{\"@type\":\"ListItem\",\"position\":2,\"name\":\"Transportadores aguardam novos apoios em breve\"}]},{\"@type\":\"WebSite\",\"@id\":\"https:\/\/portaltela.pt\/#website\",\"url\":\"https:\/\/portaltela.pt\/\",\"name\":\"Portal Tela Portugal\",\"description\":\"\",\"potentialAction\":[{\"@type\":\"SearchAction\",\"target\":{\"@type\":\"EntryPoint\",\"urlTemplate\":\"https:\/\/portaltela.pt\/?s={search_term_string}\"},\"query-input\":{\"@type\":\"PropertyValueSpecification\",\"valueRequired\":true,\"valueName\":\"search_term_string\"}}],\"inLanguage\":\"pt-PT\"},{\"@type\":\"Person\",\"@id\":\"https:\/\/portaltela.pt\/#\/schema\/person\/c4278d4a6028830caff9ee44b42d32ed\",\"name\":\"Telinha\",\"image\":{\"@type\":\"ImageObject\",\"inLanguage\":\"pt-PT\",\"@id\":\"https:\/\/portaltela.pt\/s.01k8rhncp4jt1\/2025\/11\/talking-bot-125x125.png\",\"url\":\"https:\/\/portaltela.pt\/s.01k8rhncp4jt1\/2025\/11\/talking-bot-125x125.png\",\"contentUrl\":\"https:\/\/portaltela.pt\/s.01k8rhncp4jt1\/2025\/11\/talking-bot-125x125.png\",\"caption\":\"Telinha\"},\"sameAs\":[\"https:\/\/portaltela.pt\/\"],\"url\":\"https:\/\/portaltela.pt\/por\/367410592786\/\"}]}<\/script>\n<!-- \/ Yoast SEO plugin. -->","yoast_head_json":{"title":"Transportadores aguardam novos apoios em breve - Portal Tela Portugal","robots":{"index":"index","follow":"follow","max-snippet":"max-snippet:-1","max-image-preview":"max-image-preview:large","max-video-preview":"max-video-preview:-1"},"og_locale":"pt_PT","og_type":"article","og_title":"Transportadores aguardam novos apoios em breve - Portal Tela Portugal","og_description":"A Antram reuniu-se com o ministro das Infra-estruturas, Miguel Pinto Luz, e aguarda boas not\u00edcias para o sector em breve. A presidente, Ema Leit\u00e3o, pediu um pacote robusto de apoios face \u00e0 subida dos pre\u00e7os dos combust\u00edveis, resultante da guerra entre EUA e Israel contra o Ir\u00e3o. Foi salientado que o sector fica em desvantagem face a concorrentes espanh\u00f3is, com combust\u00edveis mais baratos. O Governo anunciou uma linha de apoio de 600 milh\u00f5es de euros para empresas com forte exposi\u00e7\u00e3o aos custos energ\u00e9ticos, para financiar tesouraria e fundo de maneio com garantias p\u00fablicas. J\u00e1 est\u00e1 em vigor o apoio de dez c\u00eantimos por litro de gas\u00f3leo profissional; a Antram representa cerca de duas mil empresas nacionais de transporte de mercadorias.","og_url":"https:\/\/portaltela.pt\/noticias\/2026\/04\/06\/transportadores-aguardam-novos-apoios-em-breve\/","og_site_name":"Portal Tela Portugal","article_published_time":"2026-04-06T15:47:06+00:00","author":"Telinha","twitter_card":"summary_large_image","twitter_misc":{"Escrito por":"Telinha","Tempo estimado de leitura":"1 minuto"},"schema":{"@context":"https:\/\/schema.org","@graph":[{"@type":"Article","@id":"https:\/\/portaltela.pt\/noticias\/2026\/04\/06\/transportadores-aguardam-novos-apoios-em-breve\/#article","isPartOf":{"@id":"https:\/\/portaltela.pt\/noticias\/2026\/04\/06\/transportadores-aguardam-novos-apoios-em-breve\/"},"author":{"name":"Telinha","@id":"https:\/\/portaltela.pt\/#\/schema\/person\/c4278d4a6028830caff9ee44b42d32ed"},"headline":"Transportadores aguardam novos apoios em breve","datePublished":"2026-04-06T15:47:06+00:00","mainEntityOfPage":{"@id":"https:\/\/portaltela.pt\/noticias\/2026\/04\/06\/transportadores-aguardam-novos-apoios-em-breve\/"},"wordCount":270,"image":{"@id":"https:\/\/portaltela.pt\/noticias\/2026\/04\/06\/transportadores-aguardam-novos-apoios-em-breve\/#primaryimage"},"thumbnailUrl":"https:\/\/portaltela.pt\/s.01k8rhncp4jt1\/2026\/04\/2079558.jpg","keywords":["_economia","_energia","combust\u00edveis","Log\u00edstica","pol\u00edtica p\u00fablica","transportes"],"articleSection":["Economia","Neg\u00f3cios"],"inLanguage":"pt-PT"},{"@type":"WebPage","@id":"https:\/\/portaltela.pt\/noticias\/2026\/04\/06\/transportadores-aguardam-novos-apoios-em-breve\/","url":"https:\/\/portaltela.pt\/noticias\/2026\/04\/06\/transportadores-aguardam-novos-apoios-em-breve\/","name":"Transportadores aguardam novos apoios em breve - Portal Tela Portugal","isPartOf":{"@id":"https:\/\/portaltela.pt\/#website"},"primaryImageOfPage":{"@id":"https:\/\/portaltela.pt\/noticias\/2026\/04\/06\/transportadores-aguardam-novos-apoios-em-breve\/#primaryimage"},"image":{"@id":"https:\/\/portaltela.pt\/noticias\/2026\/04\/06\/transportadores-aguardam-novos-apoios-em-breve\/#primaryimage"},"thumbnailUrl":"https:\/\/portaltela.pt\/s.01k8rhncp4jt1\/2026\/04\/2079558.jpg","datePublished":"2026-04-06T15:47:06+00:00","author":{"@id":"https:\/\/portaltela.pt\/#\/schema\/person\/c4278d4a6028830caff9ee44b42d32ed"},"breadcrumb":{"@id":"https:\/\/portaltela.pt\/noticias\/2026\/04\/06\/transportadores-aguardam-novos-apoios-em-breve\/#breadcrumb"},"inLanguage":"pt-PT","potentialAction":[{"@type":"ReadAction","target":["https:\/\/portaltela.pt\/noticias\/2026\/04\/06\/transportadores-aguardam-novos-apoios-em-breve\/"]}]},{"@type":"ImageObject","inLanguage":"pt-PT","@id":"https:\/\/portaltela.pt\/noticias\/2026\/04\/06\/transportadores-aguardam-novos-apoios-em-breve\/#primaryimage","url":"https:\/\/portaltela.pt\/s.01k8rhncp4jt1\/2026\/04\/2079558.jpg","contentUrl":"https:\/\/portaltela.pt\/s.01k8rhncp4jt1\/2026\/04\/2079558.jpg","width":796,"height":448,"caption":"Subida de pre\u00e7os dos combust\u00edveis est\u00e1 a afectar os custos das empresas de transporte de mercadorias"},{"@type":"BreadcrumbList","@id":"https:\/\/portaltela.pt\/noticias\/2026\/04\/06\/transportadores-aguardam-novos-apoios-em-breve\/#breadcrumb","itemListElement":[{"@type":"ListItem","position":1,"name":"In\u00edcio","item":"https:\/\/portaltela.pt\/"},{"@type":"ListItem","position":2,"name":"Transportadores aguardam novos apoios em breve"}]},{"@type":"WebSite","@id":"https:\/\/portaltela.pt\/#website","url":"https:\/\/portaltela.pt\/","name":"Portal Tela Portugal","description":"","potentialAction":[{"@type":"SearchAction","target":{"@type":"EntryPoint","urlTemplate":"https:\/\/portaltela.pt\/?s={search_term_string}"},"query-input":{"@type":"PropertyValueSpecification","valueRequired":true,"valueName":"search_term_string"}}],"inLanguage":"pt-PT"},{"@type":"Person","@id":"https:\/\/portaltela.pt\/#\/schema\/person\/c4278d4a6028830caff9ee44b42d32ed","name":"Telinha","image":{"@type":"ImageObject","inLanguage":"pt-PT","@id":"https:\/\/portaltela.pt\/s.01k8rhncp4jt1\/2025\/11\/talking-bot-125x125.png","url":"https:\/\/portaltela.pt\/s.01k8rhncp4jt1\/2025\/11\/talking-bot-125x125.png","contentUrl":"https:\/\/portaltela.pt\/s.01k8rhncp4jt1\/2025\/11\/talking-bot-125x125.png","caption":"Telinha"},"sameAs":["https:\/\/portaltela.pt\/"],"url":"https:\/\/portaltela.pt\/por\/367410592786\/"}]}},"_links":{"self":[{"href":"https:\/\/portaltela.pt\/api\/wp\/v2\/posts\/434353","targetHints":{"allow":["GET"]}}],"collection":[{"href":"https:\/\/portaltela.pt\/api\/wp\/v2\/posts"}],"about":[{"href":"https:\/\/portaltela.pt\/api\/wp\/v2\/types\/post"}],"author":[{"embeddable":true,"href":"https:\/\/portaltela.pt\/api\/wp\/v2\/users\/2"}],"replies":[{"embeddable":true,"href":"https:\/\/portaltela.pt\/api\/wp\/v2\/comments?post=434353"}],"version-history":[{"count":0,"href":"https:\/\/portaltela.pt\/api\/wp\/v2\/posts\/434353\/revisions"}],"wp:featuredmedia":[{"embeddable":true,"href":"https:\/\/portaltela.pt\/api\/wp\/v2\/media\/434357"}],"wp:attachment":[{"href":"https:\/\/portaltela.pt\/api\/wp\/v2\/media?parent=434353"}],"wp:term":[{"taxonomy":"category","embeddable":true,"href":"https:\/\/portaltela.pt\/api\/wp\/v2\/categories?post=434353"},{"taxonomy":"post_tag","embeddable":true,"href":"https:\/\/portaltela.pt\/api\/wp\/v2\/tags?post=434353"}],"curies":[{"name":"wp","href":"https:\/\/api.w.org\/{rel}","templated":true}]}}