{"id":434325,"date":"2026-04-06T12:17:12","date_gmt":"2026-04-06T15:17:12","guid":{"rendered":"https:\/\/portaltela.pt\/noticias\/2026\/04\/06\/julia-pinheiro-emociona-se-ao-abracar-neta-bebe\/"},"modified":"2026-04-06T12:17:12","modified_gmt":"2026-04-06T15:17:12","slug":"julia-pinheiro-emociona-se-ao-abracar-neta-bebe","status":"publish","type":"post","link":"https:\/\/portaltela.pt\/celebridades\/2026\/04\/06\/julia-pinheiro-emociona-se-ao-abracar-neta-bebe\/","title":{"rendered":"J\u00falia Pinheiro emociona-se ao abra\u00e7ar neta beb\u00e9"},"content":{"rendered":"<p>Durante o Domingo de P\u00e1scoa, J\u00falia Pinheiro mostrou-se encantada com a neta Pilar, de 11 meses, ao partilhar uma fotografia do momento em que a neta est\u00e1 ao colo da av\u00f3. A imagem mostra Pilar perto da av\u00f3, com a legenda a sinalizar o desejo de saltar para os bra\u00e7os do av\u00f4, Rui P\u00eago.<\/p>\n<p>A publica\u00e7\u00e3o foi partilhada no Instagram pela apresentadora, que descreve a troca de afetos entre av\u00f3 e neta durante a celebra\u00e7\u00e3o de P\u00e1scoa. A imagem acompanha ainda o tom afetuoso caracter\u00edstico da fam\u00edlia.<\/p>\n<p>Pilar \u00e9 filha de Matilde, uma das g\u00e9meas de J\u00falia Pinheiro. J\u00falia Pinheiro e Rui P\u00eago s\u00e3o tamb\u00e9m pais de Carolina e Rui Maria P\u00eago, completando o n\u00facleo familiar citado pela pr\u00f3pria apresentadora.<\/p>\n","protected":false},"excerpt":{"rendered":"<ul>\n<li>J\u00falia Pinheiro passou o Domingo de P\u00e1scoa com a neta Pilar, de 11 meses.<\/li>\n<li>A apresentadora partilhou uma foto no Instagram em que a neta est\u00e1 ao colo.<\/li>\n<li>Na legenda, J\u00falia diz que \u00e9 hora de dormir, mas Pilar quer fugir para os bra\u00e7os do Av\u00f4 Rui P\u00eago.<\/li>\n<li>Pilar \u00e9 filha de Matilde, uma das g\u00e9meas de J\u00falia Pinheiro.<\/li>\n<li>J\u00falia Pinheiro e Rui P\u00eago s\u00e3o ainda pais de Carolina e Rui Maria P\u00eago.<\/li>\n<\/ul>\n","protected":false},"author":2,"featured_media":434331,"comment_status":"closed","ping_status":"closed","sticky":false,"template":"","format":"standard","meta":{"footnotes":""},"categories":[6675],"tags":[3259,64,148,1698,40],"class_list":["post-434325","post","type-post","status-publish","format-standard","has-post-thumbnail","hentry","category-celebridades","tag-celebidades","tag-familia","tag-familias","tag-infantil","tag-pessoas"],"yoast_head":"<!-- This site is optimized with the Yoast SEO plugin v27.2 - https:\/\/yoast.com\/product\/yoast-seo-wordpress\/ -->\n<title>J\u00falia Pinheiro emociona-se ao abra\u00e7ar neta beb\u00e9 - Portal Tela Portugal<\/title>\n<meta name=\"robots\" content=\"index, follow, max-snippet:-1, max-image-preview:large, max-video-preview:-1\" \/>\n<meta property=\"og:locale\" content=\"pt_PT\" \/>\n<meta property=\"og:type\" content=\"article\" \/>\n<meta property=\"og:title\" content=\"J\u00falia Pinheiro emociona-se ao abra\u00e7ar neta beb\u00e9 - Portal Tela Portugal\" \/>\n<meta property=\"og:description\" content=\"J\u00falia Pinheiro passou o Domingo de P\u00e1scoa com a neta Pilar, de 11 meses. A apresentadora partilhou uma foto no Instagram em que a neta est\u00e1 ao colo. Na legenda, J\u00falia diz que \u00e9 hora de dormir, mas Pilar quer fugir para os bra\u00e7os do Av\u00f4 Rui P\u00eago. Pilar \u00e9 filha de Matilde, uma das g\u00e9meas de J\u00falia Pinheiro. J\u00falia Pinheiro e Rui P\u00eago s\u00e3o ainda pais de Carolina e Rui Maria P\u00eago.\" \/>\n<meta property=\"og:url\" content=\"https:\/\/portaltela.pt\/noticias\/2026\/04\/06\/julia-pinheiro-emociona-se-ao-abracar-neta-bebe\/\" \/>\n<meta property=\"og:site_name\" content=\"Portal Tela Portugal\" \/>\n<meta property=\"article:published_time\" content=\"2026-04-06T15:17:12+00:00\" \/>\n<meta name=\"author\" content=\"Telinha\" \/>\n<meta name=\"twitter:card\" content=\"summary_large_image\" \/>\n<meta name=\"twitter:label1\" content=\"Escrito por\" \/>\n\t<meta name=\"twitter:data1\" content=\"Telinha\" \/>\n\t<meta name=\"twitter:label2\" content=\"Tempo estimado de leitura\" \/>\n\t<meta name=\"twitter:data2\" content=\"1 minuto\" \/>\n<script type=\"application\/ld+json\" class=\"yoast-schema-graph\">{\"@context\":\"https:\/\/schema.org\",\"@graph\":[{\"@type\":\"Article\",\"@id\":\"https:\/\/portaltela.pt\/noticias\/2026\/04\/06\/julia-pinheiro-emociona-se-ao-abracar-neta-bebe\/#article\",\"isPartOf\":{\"@id\":\"https:\/\/portaltela.pt\/noticias\/2026\/04\/06\/julia-pinheiro-emociona-se-ao-abracar-neta-bebe\/\"},\"author\":{\"name\":\"Telinha\",\"@id\":\"https:\/\/portaltela.pt\/#\/schema\/person\/c4278d4a6028830caff9ee44b42d32ed\"},\"headline\":\"J\u00falia Pinheiro emociona-se ao abra\u00e7ar neta beb\u00e9\",\"datePublished\":\"2026-04-06T15:17:12+00:00\",\"mainEntityOfPage\":{\"@id\":\"https:\/\/portaltela.pt\/noticias\/2026\/04\/06\/julia-pinheiro-emociona-se-ao-abracar-neta-bebe\/\"},\"wordCount\":145,\"image\":{\"@id\":\"https:\/\/portaltela.pt\/noticias\/2026\/04\/06\/julia-pinheiro-emociona-se-ao-abracar-neta-bebe\/#primaryimage\"},\"thumbnailUrl\":\"https:\/\/portaltela.pt\/s.01k8rhncp4jt1\/2026\/04\/img_1280x718uu2026-04-06-14-34-17-2276863-im-639110828719846313.jpg\",\"keywords\":[\"celebidades\",\"fam\u00edlia\",\"fam\u00edlias\",\"infantil\",\"pessoas\"],\"articleSection\":[\"Celebridades\"],\"inLanguage\":\"pt-PT\"},{\"@type\":\"WebPage\",\"@id\":\"https:\/\/portaltela.pt\/noticias\/2026\/04\/06\/julia-pinheiro-emociona-se-ao-abracar-neta-bebe\/\",\"url\":\"https:\/\/portaltela.pt\/noticias\/2026\/04\/06\/julia-pinheiro-emociona-se-ao-abracar-neta-bebe\/\",\"name\":\"J\u00falia Pinheiro emociona-se ao abra\u00e7ar neta beb\u00e9 - Portal Tela Portugal\",\"isPartOf\":{\"@id\":\"https:\/\/portaltela.pt\/#website\"},\"primaryImageOfPage\":{\"@id\":\"https:\/\/portaltela.pt\/noticias\/2026\/04\/06\/julia-pinheiro-emociona-se-ao-abracar-neta-bebe\/#primaryimage\"},\"image\":{\"@id\":\"https:\/\/portaltela.pt\/noticias\/2026\/04\/06\/julia-pinheiro-emociona-se-ao-abracar-neta-bebe\/#primaryimage\"},\"thumbnailUrl\":\"https:\/\/portaltela.pt\/s.01k8rhncp4jt1\/2026\/04\/img_1280x718uu2026-04-06-14-34-17-2276863-im-639110828719846313.jpg\",\"datePublished\":\"2026-04-06T15:17:12+00:00\",\"author\":{\"@id\":\"https:\/\/portaltela.pt\/#\/schema\/person\/c4278d4a6028830caff9ee44b42d32ed\"},\"breadcrumb\":{\"@id\":\"https:\/\/portaltela.pt\/noticias\/2026\/04\/06\/julia-pinheiro-emociona-se-ao-abracar-neta-bebe\/#breadcrumb\"},\"inLanguage\":\"pt-PT\",\"potentialAction\":[{\"@type\":\"ReadAction\",\"target\":[\"https:\/\/portaltela.pt\/noticias\/2026\/04\/06\/julia-pinheiro-emociona-se-ao-abracar-neta-bebe\/\"]}]},{\"@type\":\"ImageObject\",\"inLanguage\":\"pt-PT\",\"@id\":\"https:\/\/portaltela.pt\/noticias\/2026\/04\/06\/julia-pinheiro-emociona-se-ao-abracar-neta-bebe\/#primaryimage\",\"url\":\"https:\/\/portaltela.pt\/s.01k8rhncp4jt1\/2026\/04\/img_1280x718uu2026-04-06-14-34-17-2276863-im-639110828719846313.jpg\",\"contentUrl\":\"https:\/\/portaltela.pt\/s.01k8rhncp4jt1\/2026\/04\/img_1280x718uu2026-04-06-14-34-17-2276863-im-639110828719846313.jpg\",\"width\":796,\"height\":448,\"caption\":\"J\u00falia Pinheiro\"},{\"@type\":\"BreadcrumbList\",\"@id\":\"https:\/\/portaltela.pt\/noticias\/2026\/04\/06\/julia-pinheiro-emociona-se-ao-abracar-neta-bebe\/#breadcrumb\",\"itemListElement\":[{\"@type\":\"ListItem\",\"position\":1,\"name\":\"In\u00edcio\",\"item\":\"https:\/\/portaltela.pt\/\"},{\"@type\":\"ListItem\",\"position\":2,\"name\":\"J\u00falia Pinheiro emociona-se ao abra\u00e7ar neta beb\u00e9\"}]},{\"@type\":\"WebSite\",\"@id\":\"https:\/\/portaltela.pt\/#website\",\"url\":\"https:\/\/portaltela.pt\/\",\"name\":\"Portal Tela Portugal\",\"description\":\"\",\"potentialAction\":[{\"@type\":\"SearchAction\",\"target\":{\"@type\":\"EntryPoint\",\"urlTemplate\":\"https:\/\/portaltela.pt\/?s={search_term_string}\"},\"query-input\":{\"@type\":\"PropertyValueSpecification\",\"valueRequired\":true,\"valueName\":\"search_term_string\"}}],\"inLanguage\":\"pt-PT\"},{\"@type\":\"Person\",\"@id\":\"https:\/\/portaltela.pt\/#\/schema\/person\/c4278d4a6028830caff9ee44b42d32ed\",\"name\":\"Telinha\",\"image\":{\"@type\":\"ImageObject\",\"inLanguage\":\"pt-PT\",\"@id\":\"https:\/\/portaltela.pt\/s.01k8rhncp4jt1\/2025\/11\/talking-bot-125x125.png\",\"url\":\"https:\/\/portaltela.pt\/s.01k8rhncp4jt1\/2025\/11\/talking-bot-125x125.png\",\"contentUrl\":\"https:\/\/portaltela.pt\/s.01k8rhncp4jt1\/2025\/11\/talking-bot-125x125.png\",\"caption\":\"Telinha\"},\"sameAs\":[\"https:\/\/portaltela.pt\/\"],\"url\":\"https:\/\/portaltela.pt\/por\/367410592786\/\"}]}<\/script>\n<!-- \/ Yoast SEO plugin. -->","yoast_head_json":{"title":"J\u00falia Pinheiro emociona-se ao abra\u00e7ar neta beb\u00e9 - Portal Tela Portugal","robots":{"index":"index","follow":"follow","max-snippet":"max-snippet:-1","max-image-preview":"max-image-preview:large","max-video-preview":"max-video-preview:-1"},"og_locale":"pt_PT","og_type":"article","og_title":"J\u00falia Pinheiro emociona-se ao abra\u00e7ar neta beb\u00e9 - Portal Tela Portugal","og_description":"J\u00falia Pinheiro passou o Domingo de P\u00e1scoa com a neta Pilar, de 11 meses. A apresentadora partilhou uma foto no Instagram em que a neta est\u00e1 ao colo. Na legenda, J\u00falia diz que \u00e9 hora de dormir, mas Pilar quer fugir para os bra\u00e7os do Av\u00f4 Rui P\u00eago. Pilar \u00e9 filha de Matilde, uma das g\u00e9meas de J\u00falia Pinheiro. J\u00falia Pinheiro e Rui P\u00eago s\u00e3o ainda pais de Carolina e Rui Maria P\u00eago.","og_url":"https:\/\/portaltela.pt\/noticias\/2026\/04\/06\/julia-pinheiro-emociona-se-ao-abracar-neta-bebe\/","og_site_name":"Portal Tela Portugal","article_published_time":"2026-04-06T15:17:12+00:00","author":"Telinha","twitter_card":"summary_large_image","twitter_misc":{"Escrito por":"Telinha","Tempo estimado de leitura":"1 minuto"},"schema":{"@context":"https:\/\/schema.org","@graph":[{"@type":"Article","@id":"https:\/\/portaltela.pt\/noticias\/2026\/04\/06\/julia-pinheiro-emociona-se-ao-abracar-neta-bebe\/#article","isPartOf":{"@id":"https:\/\/portaltela.pt\/noticias\/2026\/04\/06\/julia-pinheiro-emociona-se-ao-abracar-neta-bebe\/"},"author":{"name":"Telinha","@id":"https:\/\/portaltela.pt\/#\/schema\/person\/c4278d4a6028830caff9ee44b42d32ed"},"headline":"J\u00falia Pinheiro emociona-se ao abra\u00e7ar neta beb\u00e9","datePublished":"2026-04-06T15:17:12+00:00","mainEntityOfPage":{"@id":"https:\/\/portaltela.pt\/noticias\/2026\/04\/06\/julia-pinheiro-emociona-se-ao-abracar-neta-bebe\/"},"wordCount":145,"image":{"@id":"https:\/\/portaltela.pt\/noticias\/2026\/04\/06\/julia-pinheiro-emociona-se-ao-abracar-neta-bebe\/#primaryimage"},"thumbnailUrl":"https:\/\/portaltela.pt\/s.01k8rhncp4jt1\/2026\/04\/img_1280x718uu2026-04-06-14-34-17-2276863-im-639110828719846313.jpg","keywords":["celebidades","fam\u00edlia","fam\u00edlias","infantil","pessoas"],"articleSection":["Celebridades"],"inLanguage":"pt-PT"},{"@type":"WebPage","@id":"https:\/\/portaltela.pt\/noticias\/2026\/04\/06\/julia-pinheiro-emociona-se-ao-abracar-neta-bebe\/","url":"https:\/\/portaltela.pt\/noticias\/2026\/04\/06\/julia-pinheiro-emociona-se-ao-abracar-neta-bebe\/","name":"J\u00falia Pinheiro emociona-se ao abra\u00e7ar neta beb\u00e9 - Portal Tela Portugal","isPartOf":{"@id":"https:\/\/portaltela.pt\/#website"},"primaryImageOfPage":{"@id":"https:\/\/portaltela.pt\/noticias\/2026\/04\/06\/julia-pinheiro-emociona-se-ao-abracar-neta-bebe\/#primaryimage"},"image":{"@id":"https:\/\/portaltela.pt\/noticias\/2026\/04\/06\/julia-pinheiro-emociona-se-ao-abracar-neta-bebe\/#primaryimage"},"thumbnailUrl":"https:\/\/portaltela.pt\/s.01k8rhncp4jt1\/2026\/04\/img_1280x718uu2026-04-06-14-34-17-2276863-im-639110828719846313.jpg","datePublished":"2026-04-06T15:17:12+00:00","author":{"@id":"https:\/\/portaltela.pt\/#\/schema\/person\/c4278d4a6028830caff9ee44b42d32ed"},"breadcrumb":{"@id":"https:\/\/portaltela.pt\/noticias\/2026\/04\/06\/julia-pinheiro-emociona-se-ao-abracar-neta-bebe\/#breadcrumb"},"inLanguage":"pt-PT","potentialAction":[{"@type":"ReadAction","target":["https:\/\/portaltela.pt\/noticias\/2026\/04\/06\/julia-pinheiro-emociona-se-ao-abracar-neta-bebe\/"]}]},{"@type":"ImageObject","inLanguage":"pt-PT","@id":"https:\/\/portaltela.pt\/noticias\/2026\/04\/06\/julia-pinheiro-emociona-se-ao-abracar-neta-bebe\/#primaryimage","url":"https:\/\/portaltela.pt\/s.01k8rhncp4jt1\/2026\/04\/img_1280x718uu2026-04-06-14-34-17-2276863-im-639110828719846313.jpg","contentUrl":"https:\/\/portaltela.pt\/s.01k8rhncp4jt1\/2026\/04\/img_1280x718uu2026-04-06-14-34-17-2276863-im-639110828719846313.jpg","width":796,"height":448,"caption":"J\u00falia Pinheiro"},{"@type":"BreadcrumbList","@id":"https:\/\/portaltela.pt\/noticias\/2026\/04\/06\/julia-pinheiro-emociona-se-ao-abracar-neta-bebe\/#breadcrumb","itemListElement":[{"@type":"ListItem","position":1,"name":"In\u00edcio","item":"https:\/\/portaltela.pt\/"},{"@type":"ListItem","position":2,"name":"J\u00falia Pinheiro emociona-se ao abra\u00e7ar neta beb\u00e9"}]},{"@type":"WebSite","@id":"https:\/\/portaltela.pt\/#website","url":"https:\/\/portaltela.pt\/","name":"Portal Tela Portugal","description":"","potentialAction":[{"@type":"SearchAction","target":{"@type":"EntryPoint","urlTemplate":"https:\/\/portaltela.pt\/?s={search_term_string}"},"query-input":{"@type":"PropertyValueSpecification","valueRequired":true,"valueName":"search_term_string"}}],"inLanguage":"pt-PT"},{"@type":"Person","@id":"https:\/\/portaltela.pt\/#\/schema\/person\/c4278d4a6028830caff9ee44b42d32ed","name":"Telinha","image":{"@type":"ImageObject","inLanguage":"pt-PT","@id":"https:\/\/portaltela.pt\/s.01k8rhncp4jt1\/2025\/11\/talking-bot-125x125.png","url":"https:\/\/portaltela.pt\/s.01k8rhncp4jt1\/2025\/11\/talking-bot-125x125.png","contentUrl":"https:\/\/portaltela.pt\/s.01k8rhncp4jt1\/2025\/11\/talking-bot-125x125.png","caption":"Telinha"},"sameAs":["https:\/\/portaltela.pt\/"],"url":"https:\/\/portaltela.pt\/por\/367410592786\/"}]}},"_links":{"self":[{"href":"https:\/\/portaltela.pt\/api\/wp\/v2\/posts\/434325","targetHints":{"allow":["GET"]}}],"collection":[{"href":"https:\/\/portaltela.pt\/api\/wp\/v2\/posts"}],"about":[{"href":"https:\/\/portaltela.pt\/api\/wp\/v2\/types\/post"}],"author":[{"embeddable":true,"href":"https:\/\/portaltela.pt\/api\/wp\/v2\/users\/2"}],"replies":[{"embeddable":true,"href":"https:\/\/portaltela.pt\/api\/wp\/v2\/comments?post=434325"}],"version-history":[{"count":0,"href":"https:\/\/portaltela.pt\/api\/wp\/v2\/posts\/434325\/revisions"}],"wp:featuredmedia":[{"embeddable":true,"href":"https:\/\/portaltela.pt\/api\/wp\/v2\/media\/434331"}],"wp:attachment":[{"href":"https:\/\/portaltela.pt\/api\/wp\/v2\/media?parent=434325"}],"wp:term":[{"taxonomy":"category","embeddable":true,"href":"https:\/\/portaltela.pt\/api\/wp\/v2\/categories?post=434325"},{"taxonomy":"post_tag","embeddable":true,"href":"https:\/\/portaltela.pt\/api\/wp\/v2\/tags?post=434325"}],"curies":[{"name":"wp","href":"https:\/\/api.w.org\/{rel}","templated":true}]}}