{"id":434314,"date":"2026-04-06T12:03:05","date_gmt":"2026-04-06T15:03:05","guid":{"rendered":"https:\/\/portaltela.pt\/noticias\/2026\/04\/06\/artemis-ii-dez-dias-em-orbita-ao-redor-da-lua\/"},"modified":"2026-04-06T12:03:05","modified_gmt":"2026-04-06T15:03:05","slug":"artemis-ii-dez-dias-em-orbita-ao-redor-da-lua","status":"publish","type":"post","link":"https:\/\/portaltela.pt\/tecnologia\/2026\/04\/06\/artemis-ii-dez-dias-em-orbita-ao-redor-da-lua\/","title":{"rendered":"Artemis II: dez dias em \u00f3rbita ao redor da Lua"},"content":{"rendered":"<p>A miss\u00e3o Artemis II da NASA envolve uma viagem tripulada ao redor da Lua, marcando o retorno do programa Artemis. A nave Orion ser\u00e1 lan\u00e7ada pelo foguet\u00e3o Space Launch System (SLS) e dever\u00e1 completar uma \u00f3rbita de cerca de dez dias, com testes e experi\u00eancias cient\u00edficas a bordo.<\/p>\n<p>Este esfor\u00e7o visa testar os sistemas de voo e de suporte \u00e0 vida da Orion e validar tecnologias para futuras miss\u00f5es de pouso na superf\u00edcie lunar. Os astronautas realizar\u00e3o atividades extraveiculares e recolher\u00e3o dados para apoiar a Artemis III, com o objetivo de pousar na Lua.<\/p>\n<p>A Artemis II faz parte da estrat\u00e9gia de presen\u00e7a sustent\u00e1vel da NASA na Lua, preparando uma base que possa servir de plataforma para miss\u00f5es a Marte. A miss\u00e3o envolve parceiros internacionais que contribuem com tecnologia e know-how, com lan\u00e7amento previsto para 2024 sujeito a condi\u00e7\u00f5es meteorol\u00f3gicas e testes finais.<\/p>\n<h3>Objetivos e parcerias<\/h3>\n<ul>\n<li>A colabora\u00e7\u00e3o internacional abrange v\u00e1rias ag\u00eancias espaciais que fornecem recursos para o programa Artemis.<\/li>\n<li>O lan\u00e7amento depende das condi\u00e7\u00f5es atmosf\u00e9ricas na janela de 2024.<\/li>\n<li>O hist\u00f3rico da miss\u00e3o representa um marco ap\u00f3s a \u00faltima \u00f3rbita tripulada da Lua pela Apollo 17, em 1972.<\/li>\n<\/ul>\n","protected":false},"excerpt":{"rendered":"<ul>\n<li>A miss\u00e3o Artemis II \u00e9 a primeira miss\u00e3o tripulada a orbitar a Lua desde a Apollo 17 (1972), com a nave Orion a bordo do foguete Space Launch System (SLS).<\/li>\n<li>A viagem dever\u00e1 durar cerca de dez dias, durante os quais ser\u00e3o realizados testes e experi\u00eancias cient\u00edficas a bordo.<\/li>\n<li>O objetivo principal \u00e9 testar sistemas de voo e de suporte \u00e0 vida da Orion, e validar a tecnologia para futuras miss\u00f5es de pouso lunar.<\/li>\n<li>Os astronautas poder\u00e3o realizar atividades extraveiculares e recolher dados para o planeamento da Artemis III, que prev\u00ea o pouso humano na superf\u00edcie lunar.<\/li>\n<li>A miss\u00e3o, que envolve colabora\u00e7\u00e3o internacional, est\u00e1 prevista para 2024, dependendo de condi\u00e7\u00f5es meteorol\u00f3gicas e de testes na plataforma de lan\u00e7amento.<\/li>\n<\/ul>\n","protected":false},"author":2,"featured_media":434315,"comment_status":"closed","ping_status":"closed","sticky":false,"template":"","format":"standard","meta":{"footnotes":""},"categories":[6716],"tags":[2982,7186,1992,5528,6232,153],"class_list":["post-434314","post","type-post","status-publish","format-standard","has-post-thumbnail","hentry","category-tecnologia","tag-agencia-espacial-portuguesa","tag-astronomia","tag-ciencia","tag-exploracao","tag-nasa","tag-tecnologia"],"yoast_head":"<!-- This site is optimized with the Yoast SEO plugin v27.2 - https:\/\/yoast.com\/product\/yoast-seo-wordpress\/ -->\n<title>Artemis II: dez dias em \u00f3rbita ao redor da Lua - Portal Tela Portugal<\/title>\n<meta name=\"robots\" content=\"index, follow, max-snippet:-1, max-image-preview:large, max-video-preview:-1\" \/>\n<meta property=\"og:locale\" content=\"pt_PT\" \/>\n<meta property=\"og:type\" content=\"article\" \/>\n<meta property=\"og:title\" content=\"Artemis II: dez dias em \u00f3rbita ao redor da Lua - Portal Tela Portugal\" \/>\n<meta property=\"og:description\" content=\"A miss\u00e3o Artemis II \u00e9 a primeira miss\u00e3o tripulada a orbitar a Lua desde a Apollo 17 (1972), com a nave Orion a bordo do foguete Space Launch System (SLS). A viagem dever\u00e1 durar cerca de dez dias, durante os quais ser\u00e3o realizados testes e experi\u00eancias cient\u00edficas a bordo. O objetivo principal \u00e9 testar sistemas de voo e de suporte \u00e0 vida da Orion, e validar a tecnologia para futuras miss\u00f5es de pouso lunar. Os astronautas poder\u00e3o realizar atividades extraveiculares e recolher dados para o planeamento da Artemis III, que prev\u00ea o pouso humano na superf\u00edcie lunar. A miss\u00e3o, que envolve colabora\u00e7\u00e3o internacional, est\u00e1 prevista para 2024, dependendo de condi\u00e7\u00f5es meteorol\u00f3gicas e de testes na plataforma de lan\u00e7amento.\" \/>\n<meta property=\"og:url\" content=\"https:\/\/portaltela.pt\/noticias\/2026\/04\/06\/artemis-ii-dez-dias-em-orbita-ao-redor-da-lua\/\" \/>\n<meta property=\"og:site_name\" content=\"Portal Tela Portugal\" \/>\n<meta property=\"article:published_time\" content=\"2026-04-06T15:03:05+00:00\" \/>\n<meta name=\"author\" content=\"Telinha\" \/>\n<meta name=\"twitter:card\" content=\"summary_large_image\" \/>\n<meta name=\"twitter:label1\" content=\"Escrito por\" \/>\n\t<meta name=\"twitter:data1\" content=\"Telinha\" \/>\n\t<meta name=\"twitter:label2\" content=\"Tempo estimado de leitura\" \/>\n\t<meta name=\"twitter:data2\" content=\"1 minuto\" \/>\n<script type=\"application\/ld+json\" class=\"yoast-schema-graph\">{\"@context\":\"https:\/\/schema.org\",\"@graph\":[{\"@type\":\"Article\",\"@id\":\"https:\/\/portaltela.pt\/noticias\/2026\/04\/06\/artemis-ii-dez-dias-em-orbita-ao-redor-da-lua\/#article\",\"isPartOf\":{\"@id\":\"https:\/\/portaltela.pt\/noticias\/2026\/04\/06\/artemis-ii-dez-dias-em-orbita-ao-redor-da-lua\/\"},\"author\":{\"name\":\"Telinha\",\"@id\":\"https:\/\/portaltela.pt\/#\/schema\/person\/c4278d4a6028830caff9ee44b42d32ed\"},\"headline\":\"Artemis II: dez dias em \u00f3rbita ao redor da Lua\",\"datePublished\":\"2026-04-06T15:03:05+00:00\",\"mainEntityOfPage\":{\"@id\":\"https:\/\/portaltela.pt\/noticias\/2026\/04\/06\/artemis-ii-dez-dias-em-orbita-ao-redor-da-lua\/\"},\"wordCount\":221,\"image\":{\"@id\":\"https:\/\/portaltela.pt\/noticias\/2026\/04\/06\/artemis-ii-dez-dias-em-orbita-ao-redor-da-lua\/#primaryimage\"},\"thumbnailUrl\":\"https:\/\/portaltela.pt\/s.01k8rhncp4jt1\/2026\/04\/image-10.webp\",\"keywords\":[\"Ag\u00eancia Espacial Portuguesa\",\"astronomia\",\"ci\u00eancia\",\"explora\u00e7\u00e3o\",\"NASA\",\"tecnologia\"],\"articleSection\":[\"Tecnologia\"],\"inLanguage\":\"pt-PT\"},{\"@type\":\"WebPage\",\"@id\":\"https:\/\/portaltela.pt\/noticias\/2026\/04\/06\/artemis-ii-dez-dias-em-orbita-ao-redor-da-lua\/\",\"url\":\"https:\/\/portaltela.pt\/noticias\/2026\/04\/06\/artemis-ii-dez-dias-em-orbita-ao-redor-da-lua\/\",\"name\":\"Artemis II: dez dias em \u00f3rbita ao redor da Lua - Portal Tela Portugal\",\"isPartOf\":{\"@id\":\"https:\/\/portaltela.pt\/#website\"},\"primaryImageOfPage\":{\"@id\":\"https:\/\/portaltela.pt\/noticias\/2026\/04\/06\/artemis-ii-dez-dias-em-orbita-ao-redor-da-lua\/#primaryimage\"},\"image\":{\"@id\":\"https:\/\/portaltela.pt\/noticias\/2026\/04\/06\/artemis-ii-dez-dias-em-orbita-ao-redor-da-lua\/#primaryimage\"},\"thumbnailUrl\":\"https:\/\/portaltela.pt\/s.01k8rhncp4jt1\/2026\/04\/image-10.webp\",\"datePublished\":\"2026-04-06T15:03:05+00:00\",\"author\":{\"@id\":\"https:\/\/portaltela.pt\/#\/schema\/person\/c4278d4a6028830caff9ee44b42d32ed\"},\"breadcrumb\":{\"@id\":\"https:\/\/portaltela.pt\/noticias\/2026\/04\/06\/artemis-ii-dez-dias-em-orbita-ao-redor-da-lua\/#breadcrumb\"},\"inLanguage\":\"pt-PT\",\"potentialAction\":[{\"@type\":\"ReadAction\",\"target\":[\"https:\/\/portaltela.pt\/noticias\/2026\/04\/06\/artemis-ii-dez-dias-em-orbita-ao-redor-da-lua\/\"]}]},{\"@type\":\"ImageObject\",\"inLanguage\":\"pt-PT\",\"@id\":\"https:\/\/portaltela.pt\/noticias\/2026\/04\/06\/artemis-ii-dez-dias-em-orbita-ao-redor-da-lua\/#primaryimage\",\"url\":\"https:\/\/portaltela.pt\/s.01k8rhncp4jt1\/2026\/04\/image-10.webp\",\"contentUrl\":\"https:\/\/portaltela.pt\/s.01k8rhncp4jt1\/2026\/04\/image-10.webp\",\"width\":1200,\"height\":1505,\"caption\":\"Imagem ilustrativa da miss\u00e3o Artemis II\"},{\"@type\":\"BreadcrumbList\",\"@id\":\"https:\/\/portaltela.pt\/noticias\/2026\/04\/06\/artemis-ii-dez-dias-em-orbita-ao-redor-da-lua\/#breadcrumb\",\"itemListElement\":[{\"@type\":\"ListItem\",\"position\":1,\"name\":\"In\u00edcio\",\"item\":\"https:\/\/portaltela.pt\/\"},{\"@type\":\"ListItem\",\"position\":2,\"name\":\"Artemis II: dez dias em \u00f3rbita ao redor da Lua\"}]},{\"@type\":\"WebSite\",\"@id\":\"https:\/\/portaltela.pt\/#website\",\"url\":\"https:\/\/portaltela.pt\/\",\"name\":\"Portal Tela Portugal\",\"description\":\"\",\"potentialAction\":[{\"@type\":\"SearchAction\",\"target\":{\"@type\":\"EntryPoint\",\"urlTemplate\":\"https:\/\/portaltela.pt\/?s={search_term_string}\"},\"query-input\":{\"@type\":\"PropertyValueSpecification\",\"valueRequired\":true,\"valueName\":\"search_term_string\"}}],\"inLanguage\":\"pt-PT\"},{\"@type\":\"Person\",\"@id\":\"https:\/\/portaltela.pt\/#\/schema\/person\/c4278d4a6028830caff9ee44b42d32ed\",\"name\":\"Telinha\",\"image\":{\"@type\":\"ImageObject\",\"inLanguage\":\"pt-PT\",\"@id\":\"https:\/\/portaltela.pt\/s.01k8rhncp4jt1\/2025\/11\/talking-bot-125x125.png\",\"url\":\"https:\/\/portaltela.pt\/s.01k8rhncp4jt1\/2025\/11\/talking-bot-125x125.png\",\"contentUrl\":\"https:\/\/portaltela.pt\/s.01k8rhncp4jt1\/2025\/11\/talking-bot-125x125.png\",\"caption\":\"Telinha\"},\"sameAs\":[\"https:\/\/portaltela.pt\/\"],\"url\":\"https:\/\/portaltela.pt\/por\/367410592786\/\"}]}<\/script>\n<!-- \/ Yoast SEO plugin. -->","yoast_head_json":{"title":"Artemis II: dez dias em \u00f3rbita ao redor da Lua - Portal Tela Portugal","robots":{"index":"index","follow":"follow","max-snippet":"max-snippet:-1","max-image-preview":"max-image-preview:large","max-video-preview":"max-video-preview:-1"},"og_locale":"pt_PT","og_type":"article","og_title":"Artemis II: dez dias em \u00f3rbita ao redor da Lua - Portal Tela Portugal","og_description":"A miss\u00e3o Artemis II \u00e9 a primeira miss\u00e3o tripulada a orbitar a Lua desde a Apollo 17 (1972), com a nave Orion a bordo do foguete Space Launch System (SLS). A viagem dever\u00e1 durar cerca de dez dias, durante os quais ser\u00e3o realizados testes e experi\u00eancias cient\u00edficas a bordo. O objetivo principal \u00e9 testar sistemas de voo e de suporte \u00e0 vida da Orion, e validar a tecnologia para futuras miss\u00f5es de pouso lunar. Os astronautas poder\u00e3o realizar atividades extraveiculares e recolher dados para o planeamento da Artemis III, que prev\u00ea o pouso humano na superf\u00edcie lunar. A miss\u00e3o, que envolve colabora\u00e7\u00e3o internacional, est\u00e1 prevista para 2024, dependendo de condi\u00e7\u00f5es meteorol\u00f3gicas e de testes na plataforma de lan\u00e7amento.","og_url":"https:\/\/portaltela.pt\/noticias\/2026\/04\/06\/artemis-ii-dez-dias-em-orbita-ao-redor-da-lua\/","og_site_name":"Portal Tela Portugal","article_published_time":"2026-04-06T15:03:05+00:00","author":"Telinha","twitter_card":"summary_large_image","twitter_misc":{"Escrito por":"Telinha","Tempo estimado de leitura":"1 minuto"},"schema":{"@context":"https:\/\/schema.org","@graph":[{"@type":"Article","@id":"https:\/\/portaltela.pt\/noticias\/2026\/04\/06\/artemis-ii-dez-dias-em-orbita-ao-redor-da-lua\/#article","isPartOf":{"@id":"https:\/\/portaltela.pt\/noticias\/2026\/04\/06\/artemis-ii-dez-dias-em-orbita-ao-redor-da-lua\/"},"author":{"name":"Telinha","@id":"https:\/\/portaltela.pt\/#\/schema\/person\/c4278d4a6028830caff9ee44b42d32ed"},"headline":"Artemis II: dez dias em \u00f3rbita ao redor da Lua","datePublished":"2026-04-06T15:03:05+00:00","mainEntityOfPage":{"@id":"https:\/\/portaltela.pt\/noticias\/2026\/04\/06\/artemis-ii-dez-dias-em-orbita-ao-redor-da-lua\/"},"wordCount":221,"image":{"@id":"https:\/\/portaltela.pt\/noticias\/2026\/04\/06\/artemis-ii-dez-dias-em-orbita-ao-redor-da-lua\/#primaryimage"},"thumbnailUrl":"https:\/\/portaltela.pt\/s.01k8rhncp4jt1\/2026\/04\/image-10.webp","keywords":["Ag\u00eancia Espacial Portuguesa","astronomia","ci\u00eancia","explora\u00e7\u00e3o","NASA","tecnologia"],"articleSection":["Tecnologia"],"inLanguage":"pt-PT"},{"@type":"WebPage","@id":"https:\/\/portaltela.pt\/noticias\/2026\/04\/06\/artemis-ii-dez-dias-em-orbita-ao-redor-da-lua\/","url":"https:\/\/portaltela.pt\/noticias\/2026\/04\/06\/artemis-ii-dez-dias-em-orbita-ao-redor-da-lua\/","name":"Artemis II: dez dias em \u00f3rbita ao redor da Lua - Portal Tela Portugal","isPartOf":{"@id":"https:\/\/portaltela.pt\/#website"},"primaryImageOfPage":{"@id":"https:\/\/portaltela.pt\/noticias\/2026\/04\/06\/artemis-ii-dez-dias-em-orbita-ao-redor-da-lua\/#primaryimage"},"image":{"@id":"https:\/\/portaltela.pt\/noticias\/2026\/04\/06\/artemis-ii-dez-dias-em-orbita-ao-redor-da-lua\/#primaryimage"},"thumbnailUrl":"https:\/\/portaltela.pt\/s.01k8rhncp4jt1\/2026\/04\/image-10.webp","datePublished":"2026-04-06T15:03:05+00:00","author":{"@id":"https:\/\/portaltela.pt\/#\/schema\/person\/c4278d4a6028830caff9ee44b42d32ed"},"breadcrumb":{"@id":"https:\/\/portaltela.pt\/noticias\/2026\/04\/06\/artemis-ii-dez-dias-em-orbita-ao-redor-da-lua\/#breadcrumb"},"inLanguage":"pt-PT","potentialAction":[{"@type":"ReadAction","target":["https:\/\/portaltela.pt\/noticias\/2026\/04\/06\/artemis-ii-dez-dias-em-orbita-ao-redor-da-lua\/"]}]},{"@type":"ImageObject","inLanguage":"pt-PT","@id":"https:\/\/portaltela.pt\/noticias\/2026\/04\/06\/artemis-ii-dez-dias-em-orbita-ao-redor-da-lua\/#primaryimage","url":"https:\/\/portaltela.pt\/s.01k8rhncp4jt1\/2026\/04\/image-10.webp","contentUrl":"https:\/\/portaltela.pt\/s.01k8rhncp4jt1\/2026\/04\/image-10.webp","width":1200,"height":1505,"caption":"Imagem ilustrativa da miss\u00e3o Artemis II"},{"@type":"BreadcrumbList","@id":"https:\/\/portaltela.pt\/noticias\/2026\/04\/06\/artemis-ii-dez-dias-em-orbita-ao-redor-da-lua\/#breadcrumb","itemListElement":[{"@type":"ListItem","position":1,"name":"In\u00edcio","item":"https:\/\/portaltela.pt\/"},{"@type":"ListItem","position":2,"name":"Artemis II: dez dias em \u00f3rbita ao redor da Lua"}]},{"@type":"WebSite","@id":"https:\/\/portaltela.pt\/#website","url":"https:\/\/portaltela.pt\/","name":"Portal Tela Portugal","description":"","potentialAction":[{"@type":"SearchAction","target":{"@type":"EntryPoint","urlTemplate":"https:\/\/portaltela.pt\/?s={search_term_string}"},"query-input":{"@type":"PropertyValueSpecification","valueRequired":true,"valueName":"search_term_string"}}],"inLanguage":"pt-PT"},{"@type":"Person","@id":"https:\/\/portaltela.pt\/#\/schema\/person\/c4278d4a6028830caff9ee44b42d32ed","name":"Telinha","image":{"@type":"ImageObject","inLanguage":"pt-PT","@id":"https:\/\/portaltela.pt\/s.01k8rhncp4jt1\/2025\/11\/talking-bot-125x125.png","url":"https:\/\/portaltela.pt\/s.01k8rhncp4jt1\/2025\/11\/talking-bot-125x125.png","contentUrl":"https:\/\/portaltela.pt\/s.01k8rhncp4jt1\/2025\/11\/talking-bot-125x125.png","caption":"Telinha"},"sameAs":["https:\/\/portaltela.pt\/"],"url":"https:\/\/portaltela.pt\/por\/367410592786\/"}]}},"_links":{"self":[{"href":"https:\/\/portaltela.pt\/api\/wp\/v2\/posts\/434314","targetHints":{"allow":["GET"]}}],"collection":[{"href":"https:\/\/portaltela.pt\/api\/wp\/v2\/posts"}],"about":[{"href":"https:\/\/portaltela.pt\/api\/wp\/v2\/types\/post"}],"author":[{"embeddable":true,"href":"https:\/\/portaltela.pt\/api\/wp\/v2\/users\/2"}],"replies":[{"embeddable":true,"href":"https:\/\/portaltela.pt\/api\/wp\/v2\/comments?post=434314"}],"version-history":[{"count":0,"href":"https:\/\/portaltela.pt\/api\/wp\/v2\/posts\/434314\/revisions"}],"wp:featuredmedia":[{"embeddable":true,"href":"https:\/\/portaltela.pt\/api\/wp\/v2\/media\/434315"}],"wp:attachment":[{"href":"https:\/\/portaltela.pt\/api\/wp\/v2\/media?parent=434314"}],"wp:term":[{"taxonomy":"category","embeddable":true,"href":"https:\/\/portaltela.pt\/api\/wp\/v2\/categories?post=434314"},{"taxonomy":"post_tag","embeddable":true,"href":"https:\/\/portaltela.pt\/api\/wp\/v2\/tags?post=434314"}],"curies":[{"name":"wp","href":"https:\/\/api.w.org\/{rel}","templated":true}]}}