{"id":434311,"date":"2026-04-06T12:02:56","date_gmt":"2026-04-06T15:02:56","guid":{"rendered":"https:\/\/portaltela.pt\/noticias\/2026\/04\/06\/pelo-menos-40-mulheres-mortas-em-mocambique-em-2025-por-violencia-de-genero\/"},"modified":"2026-04-06T12:02:56","modified_gmt":"2026-04-06T15:02:56","slug":"pelo-menos-40-mulheres-mortas-em-mocambique-em-2025-por-violencia-de-genero","status":"publish","type":"post","link":"https:\/\/portaltela.pt\/noticias\/2026\/04\/06\/pelo-menos-40-mulheres-mortas-em-mocambique-em-2025-por-violencia-de-genero\/","title":{"rendered":"Pelo menos 40 mulheres mortas em Mo\u00e7ambique em 2025 por viol\u00eancia de g\u00e9nero"},"content":{"rendered":"<p>O Governo de Mo\u00e7ambique informou hoje que, em 2025, foram registadas 40 mortes de mulheres no \u00e2mbito de 18.365 casos de Viol\u00eancia Baseada no G\u00e9nero (VBG). Os n\u00fameros s\u00e3o comunicados pelas autoridades nacionais.<\/p>\n<p>O an\u00fancio destaca a persist\u00eancia da VBG como desafio crucial para a prote\u00e7\u00e3o das mulheres, com impacto direto na sa\u00fade, na seguran\u00e7a e nos direitos humanos. O relat\u00f3rio aponta a necessidade de respostas r\u00e1pidas e eficazes das institui\u00e7\u00f5es.<\/p>\n<p>O Governo indica ainda a pondera\u00e7\u00e3o de rever o C\u00f3digo Penal para criar uma lei espec\u00edfica contra o feminic\u00eddio, visando impor san\u00e7\u00f5es mais claras e proporcionais aos casos de viol\u00eancia homicida contra mulheres.<\/p>\n<h3>Medidas e contexto<\/h3>\n<p>A proposta de revis\u00e3o legal pretende clarificar conceitos, ampliar medidas de prote\u00e7\u00e3o \u00e0s v\u00edtimas e melhorar a atua\u00e7\u00e3o dos servi\u00e7os de apoio. A atualiza\u00e7\u00e3o legislativa ser\u00e1 acompanhada por a\u00e7\u00f5es de preven\u00e7\u00e3o e sensibiliza\u00e7\u00e3o p\u00fablica.<\/p>\n","protected":false},"excerpt":{"rendered":"<ul>\n<li>Mo\u00e7ambique registou 40 mortes de mulheres em 18.365 casos de Viol\u00eancia Baseada no G\u00e9nero (VBG) em 2025, divulgado pelo Governo.<\/li>\n<li>O Governo anunciou a contagem e indicou que pode rever o C\u00f3digo Penal.<\/li>\n<li>A revis\u00e3o tem como objetivo criar uma lei espec\u00edfica contra o feminic\u00eddio.<\/li>\n<li>Os dados foram apresentados pelo Governo em confer\u00eancia de imprensa realizada hoje.<\/li>\n<li>O objetivo \u00e9 refor\u00e7ar a prote\u00e7\u00e3o de mulheres e reduzir os crimes de g\u00e9nero.<\/li>\n<\/ul>\n","protected":false},"author":2,"featured_media":434313,"comment_status":"closed","ping_status":"closed","sticky":false,"template":"","format":"standard","meta":{"footnotes":""},"categories":[7386,1],"tags":[4230,2633,1166,1911,2701,4114],"class_list":["post-434311","post","type-post","status-publish","format-standard","has-post-thumbnail","hentry","category-crimes-contra-a-pessoa","category-noticias","tag-codigo-penal","tag-direitos-humanos","tag-feminicidio","tag-mocambique","tag-mulheres","tag-violencia-de-genero-desafios-na-atualidade"],"yoast_head":"<!-- This site is optimized with the Yoast SEO plugin v27.2 - https:\/\/yoast.com\/product\/yoast-seo-wordpress\/ -->\n<title>Pelo menos 40 mulheres mortas em Mo\u00e7ambique em 2025 por viol\u00eancia de g\u00e9nero - Portal Tela Portugal<\/title>\n<meta name=\"robots\" content=\"index, follow, max-snippet:-1, max-image-preview:large, max-video-preview:-1\" \/>\n<meta property=\"og:locale\" content=\"pt_PT\" \/>\n<meta property=\"og:type\" content=\"article\" \/>\n<meta property=\"og:title\" content=\"Pelo menos 40 mulheres mortas em Mo\u00e7ambique em 2025 por viol\u00eancia de g\u00e9nero - Portal Tela Portugal\" \/>\n<meta property=\"og:description\" content=\"Mo\u00e7ambique registou 40 mortes de mulheres em 18.365 casos de Viol\u00eancia Baseada no G\u00e9nero (VBG) em 2025, divulgado pelo Governo. O Governo anunciou a contagem e indicou que pode rever o C\u00f3digo Penal. A revis\u00e3o tem como objetivo criar uma lei espec\u00edfica contra o feminic\u00eddio. Os dados foram apresentados pelo Governo em confer\u00eancia de imprensa realizada hoje. O objetivo \u00e9 refor\u00e7ar a prote\u00e7\u00e3o de mulheres e reduzir os crimes de g\u00e9nero.\" \/>\n<meta property=\"og:url\" content=\"https:\/\/portaltela.pt\/noticias\/2026\/04\/06\/pelo-menos-40-mulheres-mortas-em-mocambique-em-2025-por-violencia-de-genero\/\" \/>\n<meta property=\"og:site_name\" content=\"Portal Tela Portugal\" \/>\n<meta property=\"article:published_time\" content=\"2026-04-06T15:02:56+00:00\" \/>\n<meta name=\"author\" content=\"Telinha\" \/>\n<meta name=\"twitter:card\" content=\"summary_large_image\" \/>\n<meta name=\"twitter:label1\" content=\"Escrito por\" \/>\n\t<meta name=\"twitter:data1\" content=\"Telinha\" \/>\n\t<meta name=\"twitter:label2\" content=\"Tempo estimado de leitura\" \/>\n\t<meta name=\"twitter:data2\" content=\"1 minuto\" \/>\n<script type=\"application\/ld+json\" class=\"yoast-schema-graph\">{\"@context\":\"https:\/\/schema.org\",\"@graph\":[{\"@type\":\"Article\",\"@id\":\"https:\/\/portaltela.pt\/noticias\/2026\/04\/06\/pelo-menos-40-mulheres-mortas-em-mocambique-em-2025-por-violencia-de-genero\/#article\",\"isPartOf\":{\"@id\":\"https:\/\/portaltela.pt\/noticias\/2026\/04\/06\/pelo-menos-40-mulheres-mortas-em-mocambique-em-2025-por-violencia-de-genero\/\"},\"author\":{\"name\":\"Telinha\",\"@id\":\"https:\/\/portaltela.pt\/#\/schema\/person\/c4278d4a6028830caff9ee44b42d32ed\"},\"headline\":\"Pelo menos 40 mulheres mortas em Mo\u00e7ambique em 2025 por viol\u00eancia de g\u00e9nero\",\"datePublished\":\"2026-04-06T15:02:56+00:00\",\"mainEntityOfPage\":{\"@id\":\"https:\/\/portaltela.pt\/noticias\/2026\/04\/06\/pelo-menos-40-mulheres-mortas-em-mocambique-em-2025-por-violencia-de-genero\/\"},\"wordCount\":181,\"image\":{\"@id\":\"https:\/\/portaltela.pt\/noticias\/2026\/04\/06\/pelo-menos-40-mulheres-mortas-em-mocambique-em-2025-por-violencia-de-genero\/#primaryimage\"},\"thumbnailUrl\":\"https:\/\/portaltela.pt\/s.01k8rhncp4jt1\/2026\/04\/CACHE_780X1200_ANALOG_WATERMARKED_25870211_2250940_28032019012633.jpg\",\"keywords\":[\"C\u00f3digo Penal\",\"direitos humanos\",\"feminic\u00eddio\",\"Mo\u00e7ambique\",\"Mulheres\",\"viol\u00eancia de g\u00e9nero \u2013 Desafios na Atualidade\"],\"articleSection\":[\"Crimes contra a pessoa\",\"Not\u00edcias\"],\"inLanguage\":\"pt-PT\"},{\"@type\":\"WebPage\",\"@id\":\"https:\/\/portaltela.pt\/noticias\/2026\/04\/06\/pelo-menos-40-mulheres-mortas-em-mocambique-em-2025-por-violencia-de-genero\/\",\"url\":\"https:\/\/portaltela.pt\/noticias\/2026\/04\/06\/pelo-menos-40-mulheres-mortas-em-mocambique-em-2025-por-violencia-de-genero\/\",\"name\":\"Pelo menos 40 mulheres mortas em Mo\u00e7ambique em 2025 por viol\u00eancia de g\u00e9nero - Portal Tela Portugal\",\"isPartOf\":{\"@id\":\"https:\/\/portaltela.pt\/#website\"},\"primaryImageOfPage\":{\"@id\":\"https:\/\/portaltela.pt\/noticias\/2026\/04\/06\/pelo-menos-40-mulheres-mortas-em-mocambique-em-2025-por-violencia-de-genero\/#primaryimage\"},\"image\":{\"@id\":\"https:\/\/portaltela.pt\/noticias\/2026\/04\/06\/pelo-menos-40-mulheres-mortas-em-mocambique-em-2025-por-violencia-de-genero\/#primaryimage\"},\"thumbnailUrl\":\"https:\/\/portaltela.pt\/s.01k8rhncp4jt1\/2026\/04\/CACHE_780X1200_ANALOG_WATERMARKED_25870211_2250940_28032019012633.jpg\",\"datePublished\":\"2026-04-06T15:02:56+00:00\",\"author\":{\"@id\":\"https:\/\/portaltela.pt\/#\/schema\/person\/c4278d4a6028830caff9ee44b42d32ed\"},\"breadcrumb\":{\"@id\":\"https:\/\/portaltela.pt\/noticias\/2026\/04\/06\/pelo-menos-40-mulheres-mortas-em-mocambique-em-2025-por-violencia-de-genero\/#breadcrumb\"},\"inLanguage\":\"pt-PT\",\"potentialAction\":[{\"@type\":\"ReadAction\",\"target\":[\"https:\/\/portaltela.pt\/noticias\/2026\/04\/06\/pelo-menos-40-mulheres-mortas-em-mocambique-em-2025-por-violencia-de-genero\/\"]}]},{\"@type\":\"ImageObject\",\"inLanguage\":\"pt-PT\",\"@id\":\"https:\/\/portaltela.pt\/noticias\/2026\/04\/06\/pelo-menos-40-mulheres-mortas-em-mocambique-em-2025-por-violencia-de-genero\/#primaryimage\",\"url\":\"https:\/\/portaltela.pt\/s.01k8rhncp4jt1\/2026\/04\/CACHE_780X1200_ANALOG_WATERMARKED_25870211_2250940_28032019012633.jpg\",\"contentUrl\":\"https:\/\/portaltela.pt\/s.01k8rhncp4jt1\/2026\/04\/CACHE_780X1200_ANALOG_WATERMARKED_25870211_2250940_28032019012633.jpg\",\"width\":768,\"height\":512,\"caption\":\"Pelo menos 40 mulheres mortas em Mo\u00e7ambique em 2025 por viol\u00eancia de g\u00e9nero\"},{\"@type\":\"BreadcrumbList\",\"@id\":\"https:\/\/portaltela.pt\/noticias\/2026\/04\/06\/pelo-menos-40-mulheres-mortas-em-mocambique-em-2025-por-violencia-de-genero\/#breadcrumb\",\"itemListElement\":[{\"@type\":\"ListItem\",\"position\":1,\"name\":\"In\u00edcio\",\"item\":\"https:\/\/portaltela.pt\/\"},{\"@type\":\"ListItem\",\"position\":2,\"name\":\"Pelo menos 40 mulheres mortas em Mo\u00e7ambique em 2025 por viol\u00eancia de g\u00e9nero\"}]},{\"@type\":\"WebSite\",\"@id\":\"https:\/\/portaltela.pt\/#website\",\"url\":\"https:\/\/portaltela.pt\/\",\"name\":\"Portal Tela Portugal\",\"description\":\"\",\"potentialAction\":[{\"@type\":\"SearchAction\",\"target\":{\"@type\":\"EntryPoint\",\"urlTemplate\":\"https:\/\/portaltela.pt\/?s={search_term_string}\"},\"query-input\":{\"@type\":\"PropertyValueSpecification\",\"valueRequired\":true,\"valueName\":\"search_term_string\"}}],\"inLanguage\":\"pt-PT\"},{\"@type\":\"Person\",\"@id\":\"https:\/\/portaltela.pt\/#\/schema\/person\/c4278d4a6028830caff9ee44b42d32ed\",\"name\":\"Telinha\",\"image\":{\"@type\":\"ImageObject\",\"inLanguage\":\"pt-PT\",\"@id\":\"https:\/\/portaltela.pt\/s.01k8rhncp4jt1\/2025\/11\/talking-bot-125x125.png\",\"url\":\"https:\/\/portaltela.pt\/s.01k8rhncp4jt1\/2025\/11\/talking-bot-125x125.png\",\"contentUrl\":\"https:\/\/portaltela.pt\/s.01k8rhncp4jt1\/2025\/11\/talking-bot-125x125.png\",\"caption\":\"Telinha\"},\"sameAs\":[\"https:\/\/portaltela.pt\/\"],\"url\":\"https:\/\/portaltela.pt\/por\/367410592786\/\"}]}<\/script>\n<!-- \/ Yoast SEO plugin. -->","yoast_head_json":{"title":"Pelo menos 40 mulheres mortas em Mo\u00e7ambique em 2025 por viol\u00eancia de g\u00e9nero - Portal Tela Portugal","robots":{"index":"index","follow":"follow","max-snippet":"max-snippet:-1","max-image-preview":"max-image-preview:large","max-video-preview":"max-video-preview:-1"},"og_locale":"pt_PT","og_type":"article","og_title":"Pelo menos 40 mulheres mortas em Mo\u00e7ambique em 2025 por viol\u00eancia de g\u00e9nero - Portal Tela Portugal","og_description":"Mo\u00e7ambique registou 40 mortes de mulheres em 18.365 casos de Viol\u00eancia Baseada no G\u00e9nero (VBG) em 2025, divulgado pelo Governo. O Governo anunciou a contagem e indicou que pode rever o C\u00f3digo Penal. A revis\u00e3o tem como objetivo criar uma lei espec\u00edfica contra o feminic\u00eddio. Os dados foram apresentados pelo Governo em confer\u00eancia de imprensa realizada hoje. O objetivo \u00e9 refor\u00e7ar a prote\u00e7\u00e3o de mulheres e reduzir os crimes de g\u00e9nero.","og_url":"https:\/\/portaltela.pt\/noticias\/2026\/04\/06\/pelo-menos-40-mulheres-mortas-em-mocambique-em-2025-por-violencia-de-genero\/","og_site_name":"Portal Tela Portugal","article_published_time":"2026-04-06T15:02:56+00:00","author":"Telinha","twitter_card":"summary_large_image","twitter_misc":{"Escrito por":"Telinha","Tempo estimado de leitura":"1 minuto"},"schema":{"@context":"https:\/\/schema.org","@graph":[{"@type":"Article","@id":"https:\/\/portaltela.pt\/noticias\/2026\/04\/06\/pelo-menos-40-mulheres-mortas-em-mocambique-em-2025-por-violencia-de-genero\/#article","isPartOf":{"@id":"https:\/\/portaltela.pt\/noticias\/2026\/04\/06\/pelo-menos-40-mulheres-mortas-em-mocambique-em-2025-por-violencia-de-genero\/"},"author":{"name":"Telinha","@id":"https:\/\/portaltela.pt\/#\/schema\/person\/c4278d4a6028830caff9ee44b42d32ed"},"headline":"Pelo menos 40 mulheres mortas em Mo\u00e7ambique em 2025 por viol\u00eancia de g\u00e9nero","datePublished":"2026-04-06T15:02:56+00:00","mainEntityOfPage":{"@id":"https:\/\/portaltela.pt\/noticias\/2026\/04\/06\/pelo-menos-40-mulheres-mortas-em-mocambique-em-2025-por-violencia-de-genero\/"},"wordCount":181,"image":{"@id":"https:\/\/portaltela.pt\/noticias\/2026\/04\/06\/pelo-menos-40-mulheres-mortas-em-mocambique-em-2025-por-violencia-de-genero\/#primaryimage"},"thumbnailUrl":"https:\/\/portaltela.pt\/s.01k8rhncp4jt1\/2026\/04\/CACHE_780X1200_ANALOG_WATERMARKED_25870211_2250940_28032019012633.jpg","keywords":["C\u00f3digo Penal","direitos humanos","feminic\u00eddio","Mo\u00e7ambique","Mulheres","viol\u00eancia de g\u00e9nero \u2013 Desafios na Atualidade"],"articleSection":["Crimes contra a pessoa","Not\u00edcias"],"inLanguage":"pt-PT"},{"@type":"WebPage","@id":"https:\/\/portaltela.pt\/noticias\/2026\/04\/06\/pelo-menos-40-mulheres-mortas-em-mocambique-em-2025-por-violencia-de-genero\/","url":"https:\/\/portaltela.pt\/noticias\/2026\/04\/06\/pelo-menos-40-mulheres-mortas-em-mocambique-em-2025-por-violencia-de-genero\/","name":"Pelo menos 40 mulheres mortas em Mo\u00e7ambique em 2025 por viol\u00eancia de g\u00e9nero - Portal Tela Portugal","isPartOf":{"@id":"https:\/\/portaltela.pt\/#website"},"primaryImageOfPage":{"@id":"https:\/\/portaltela.pt\/noticias\/2026\/04\/06\/pelo-menos-40-mulheres-mortas-em-mocambique-em-2025-por-violencia-de-genero\/#primaryimage"},"image":{"@id":"https:\/\/portaltela.pt\/noticias\/2026\/04\/06\/pelo-menos-40-mulheres-mortas-em-mocambique-em-2025-por-violencia-de-genero\/#primaryimage"},"thumbnailUrl":"https:\/\/portaltela.pt\/s.01k8rhncp4jt1\/2026\/04\/CACHE_780X1200_ANALOG_WATERMARKED_25870211_2250940_28032019012633.jpg","datePublished":"2026-04-06T15:02:56+00:00","author":{"@id":"https:\/\/portaltela.pt\/#\/schema\/person\/c4278d4a6028830caff9ee44b42d32ed"},"breadcrumb":{"@id":"https:\/\/portaltela.pt\/noticias\/2026\/04\/06\/pelo-menos-40-mulheres-mortas-em-mocambique-em-2025-por-violencia-de-genero\/#breadcrumb"},"inLanguage":"pt-PT","potentialAction":[{"@type":"ReadAction","target":["https:\/\/portaltela.pt\/noticias\/2026\/04\/06\/pelo-menos-40-mulheres-mortas-em-mocambique-em-2025-por-violencia-de-genero\/"]}]},{"@type":"ImageObject","inLanguage":"pt-PT","@id":"https:\/\/portaltela.pt\/noticias\/2026\/04\/06\/pelo-menos-40-mulheres-mortas-em-mocambique-em-2025-por-violencia-de-genero\/#primaryimage","url":"https:\/\/portaltela.pt\/s.01k8rhncp4jt1\/2026\/04\/CACHE_780X1200_ANALOG_WATERMARKED_25870211_2250940_28032019012633.jpg","contentUrl":"https:\/\/portaltela.pt\/s.01k8rhncp4jt1\/2026\/04\/CACHE_780X1200_ANALOG_WATERMARKED_25870211_2250940_28032019012633.jpg","width":768,"height":512,"caption":"Pelo menos 40 mulheres mortas em Mo\u00e7ambique em 2025 por viol\u00eancia de g\u00e9nero"},{"@type":"BreadcrumbList","@id":"https:\/\/portaltela.pt\/noticias\/2026\/04\/06\/pelo-menos-40-mulheres-mortas-em-mocambique-em-2025-por-violencia-de-genero\/#breadcrumb","itemListElement":[{"@type":"ListItem","position":1,"name":"In\u00edcio","item":"https:\/\/portaltela.pt\/"},{"@type":"ListItem","position":2,"name":"Pelo menos 40 mulheres mortas em Mo\u00e7ambique em 2025 por viol\u00eancia de g\u00e9nero"}]},{"@type":"WebSite","@id":"https:\/\/portaltela.pt\/#website","url":"https:\/\/portaltela.pt\/","name":"Portal Tela Portugal","description":"","potentialAction":[{"@type":"SearchAction","target":{"@type":"EntryPoint","urlTemplate":"https:\/\/portaltela.pt\/?s={search_term_string}"},"query-input":{"@type":"PropertyValueSpecification","valueRequired":true,"valueName":"search_term_string"}}],"inLanguage":"pt-PT"},{"@type":"Person","@id":"https:\/\/portaltela.pt\/#\/schema\/person\/c4278d4a6028830caff9ee44b42d32ed","name":"Telinha","image":{"@type":"ImageObject","inLanguage":"pt-PT","@id":"https:\/\/portaltela.pt\/s.01k8rhncp4jt1\/2025\/11\/talking-bot-125x125.png","url":"https:\/\/portaltela.pt\/s.01k8rhncp4jt1\/2025\/11\/talking-bot-125x125.png","contentUrl":"https:\/\/portaltela.pt\/s.01k8rhncp4jt1\/2025\/11\/talking-bot-125x125.png","caption":"Telinha"},"sameAs":["https:\/\/portaltela.pt\/"],"url":"https:\/\/portaltela.pt\/por\/367410592786\/"}]}},"_links":{"self":[{"href":"https:\/\/portaltela.pt\/api\/wp\/v2\/posts\/434311","targetHints":{"allow":["GET"]}}],"collection":[{"href":"https:\/\/portaltela.pt\/api\/wp\/v2\/posts"}],"about":[{"href":"https:\/\/portaltela.pt\/api\/wp\/v2\/types\/post"}],"author":[{"embeddable":true,"href":"https:\/\/portaltela.pt\/api\/wp\/v2\/users\/2"}],"replies":[{"embeddable":true,"href":"https:\/\/portaltela.pt\/api\/wp\/v2\/comments?post=434311"}],"version-history":[{"count":0,"href":"https:\/\/portaltela.pt\/api\/wp\/v2\/posts\/434311\/revisions"}],"wp:featuredmedia":[{"embeddable":true,"href":"https:\/\/portaltela.pt\/api\/wp\/v2\/media\/434313"}],"wp:attachment":[{"href":"https:\/\/portaltela.pt\/api\/wp\/v2\/media?parent=434311"}],"wp:term":[{"taxonomy":"category","embeddable":true,"href":"https:\/\/portaltela.pt\/api\/wp\/v2\/categories?post=434311"},{"taxonomy":"post_tag","embeddable":true,"href":"https:\/\/portaltela.pt\/api\/wp\/v2\/tags?post=434311"}],"curies":[{"name":"wp","href":"https:\/\/api.w.org\/{rel}","templated":true}]}}