{"id":434288,"date":"2026-04-06T12:02:40","date_gmt":"2026-04-06T15:02:40","guid":{"rendered":"https:\/\/portaltela.pt\/noticias\/2026\/04\/06\/gnr-fiscaliza-autocarros-de-viagens-de-finalistas\/"},"modified":"2026-04-06T12:02:40","modified_gmt":"2026-04-06T15:02:40","slug":"gnr-fiscaliza-autocarros-de-viagens-de-finalistas","status":"publish","type":"post","link":"https:\/\/portaltela.pt\/seguranca\/2026\/04\/06\/gnr-fiscaliza-autocarros-de-viagens-de-finalistas\/","title":{"rendered":"GNR fiscaliza autocarros de viagens de finalistas"},"content":{"rendered":"<p>A Guarda Nacional Republicana (GNR) realizou uma opera\u00e7\u00e3o de fiscaliza\u00e7\u00e3o a autocarros que transportam finalistas, com o objetivo de detetar drogas ou \u00e1lcool e verificar a seguran\u00e7a das viaturas. A a\u00e7\u00e3o ocorreu na quarta-feira passada, em v\u00e1rias zonas do pa\u00eds, envolvendo ve\u00edculos que transportam estudantes para eventos de finalistas.<\/p>\n<p>Durante a opera\u00e7\u00e3o foram efetuadas dezenas de inspe\u00e7\u00f5es a viaturas e condutores. Em alguns casos foram identificadas irregularidades que exigiram a\u00e7\u00f5es corretivas imediatas e, em situa\u00e7\u00f5es espec\u00edficas, a apreens\u00e3o de ve\u00edculos por quest\u00f5es de seguran\u00e7a ou documenta\u00e7\u00e3o em ordem.<\/p>\n<p>A opera\u00e7\u00e3o contou com o apoio de v\u00e1rias unidades da GNR, incluindo especialistas em fiscaliza\u00e7\u00e3o rodovi\u00e1ria e tr\u00e2nsito. A interven\u00e7\u00e3o visa refor\u00e7ar a sensibiliza\u00e7\u00e3o para o cumprimento das regras de seguran\u00e7a nas viagens de finalistas e reduzir comportamentos de risco.<\/p>\n<h3>Resultados e pr\u00f3ximos passos<\/h3>\n<p>A GNR informou que continuar\u00e1 a realizar a\u00e7\u00f5es de fiscaliza\u00e7\u00e3o semelhantes, sobretudo em per\u00edodos de maior movimento de jovens em viagens de finalistas. A inten\u00e7\u00e3o \u00e9 manter a seguran\u00e7a de todos os passageios e prevenir incidentes durante os deslocamentos.<\/p>\n<p>As autoridades destacam a import\u00e2ncia da conformidade com as normas de seguran\u00e7a, incluindo a verifica\u00e7\u00e3o de documenta\u00e7\u00e3o, condi\u00e7\u00f5es das viaturas e consumo de \u00e1lcool. A implementa\u00e7\u00e3o destas verifica\u00e7\u00f5es busca preservar a integridade f\u00edsica dos jovens e de demais utentes da estrada.<\/p>\n","protected":false},"excerpt":{"rendered":"<ul>\n<li>A Guarda Nacional Republicana (GNR) fiscalizou autocarros de viagens de finalistas com o objetivo de detetar drogas ou \u00e1lcool, e verificar a seguran\u00e7a das viaturas.<\/li>\n<li>A opera\u00e7\u00e3o decorreu na \u00faltima quarta-feira, com v\u00e1rias a\u00e7\u00f5es de inspe\u00e7\u00e3o \u00e0s viaturas que transportam estudantes para eventos de finalistas.<\/li>\n<li>Foram realizadas dezenas de inspe\u00e7\u00f5es, com algumas irregularidades que exigiram a\u00e7\u00f5es corretivas e, em alguns casos, a apreens\u00e3o de ve\u00edculos por quest\u00f5es de seguran\u00e7a ou documenta\u00e7\u00e3o.<\/li>\n<li>O acompanhamento contou com v\u00e1rias unidades da GNR, incluindo especialistas em fiscaliza\u00e7\u00e3o rodovi\u00e1ria e de tr\u00e2nsito.<\/li>\n<li>A GNR pretende manter a\u00e7\u00f5es semelhantes em todo o pa\u00eds, sobretudo em per\u00edodos de maior movimento de jovens em viagens de finalistas, para garantir a seguran\u00e7a de todos.<\/li>\n<\/ul>\n","protected":false},"author":2,"featured_media":434294,"comment_status":"closed","ping_status":"closed","sticky":false,"template":"","format":"standard","meta":{"footnotes":""},"categories":[6781,6779],"tags":[1692,2844,5915,2761,192,71],"class_list":["post-434288","post","type-post","status-publish","format-standard","has-post-thumbnail","hentry","category-policia","category-seguranca","tag-fiscalizacao-de-transito","tag-jovens","tag-rodoviarios","tag-seguranca-rodoviaria","tag-transporte","tag-viagens"],"yoast_head":"<!-- This site is optimized with the Yoast SEO plugin v27.2 - https:\/\/yoast.com\/product\/yoast-seo-wordpress\/ -->\n<title>GNR fiscaliza autocarros de viagens de finalistas - Portal Tela Portugal<\/title>\n<meta name=\"robots\" content=\"index, follow, max-snippet:-1, max-image-preview:large, max-video-preview:-1\" \/>\n<meta property=\"og:locale\" content=\"pt_PT\" \/>\n<meta property=\"og:type\" content=\"article\" \/>\n<meta property=\"og:title\" content=\"GNR fiscaliza autocarros de viagens de finalistas - Portal Tela Portugal\" \/>\n<meta property=\"og:description\" content=\"A Guarda Nacional Republicana (GNR) fiscalizou autocarros de viagens de finalistas com o objetivo de detetar drogas ou \u00e1lcool, e verificar a seguran\u00e7a das viaturas. A opera\u00e7\u00e3o decorreu na \u00faltima quarta-feira, com v\u00e1rias a\u00e7\u00f5es de inspe\u00e7\u00e3o \u00e0s viaturas que transportam estudantes para eventos de finalistas. Foram realizadas dezenas de inspe\u00e7\u00f5es, com algumas irregularidades que exigiram a\u00e7\u00f5es corretivas e, em alguns casos, a apreens\u00e3o de ve\u00edculos por quest\u00f5es de seguran\u00e7a ou documenta\u00e7\u00e3o. O acompanhamento contou com v\u00e1rias unidades da GNR, incluindo especialistas em fiscaliza\u00e7\u00e3o rodovi\u00e1ria e de tr\u00e2nsito. A GNR pretende manter a\u00e7\u00f5es semelhantes em todo o pa\u00eds, sobretudo em per\u00edodos de maior movimento de jovens em viagens de finalistas, para garantir a seguran\u00e7a de todos.\" \/>\n<meta property=\"og:url\" content=\"https:\/\/portaltela.pt\/noticias\/2026\/04\/06\/gnr-fiscaliza-autocarros-de-viagens-de-finalistas\/\" \/>\n<meta property=\"og:site_name\" content=\"Portal Tela Portugal\" \/>\n<meta property=\"article:published_time\" content=\"2026-04-06T15:02:40+00:00\" \/>\n<meta name=\"author\" content=\"Telinha\" \/>\n<meta name=\"twitter:card\" content=\"summary_large_image\" \/>\n<meta name=\"twitter:label1\" content=\"Escrito por\" \/>\n\t<meta name=\"twitter:data1\" content=\"Telinha\" \/>\n\t<meta name=\"twitter:label2\" content=\"Tempo estimado de leitura\" \/>\n\t<meta name=\"twitter:data2\" content=\"1 minuto\" \/>\n<script type=\"application\/ld+json\" class=\"yoast-schema-graph\">{\"@context\":\"https:\/\/schema.org\",\"@graph\":[{\"@type\":\"Article\",\"@id\":\"https:\/\/portaltela.pt\/noticias\/2026\/04\/06\/gnr-fiscaliza-autocarros-de-viagens-de-finalistas\/#article\",\"isPartOf\":{\"@id\":\"https:\/\/portaltela.pt\/noticias\/2026\/04\/06\/gnr-fiscaliza-autocarros-de-viagens-de-finalistas\/\"},\"author\":{\"name\":\"Telinha\",\"@id\":\"https:\/\/portaltela.pt\/#\/schema\/person\/c4278d4a6028830caff9ee44b42d32ed\"},\"headline\":\"GNR fiscaliza autocarros de viagens de finalistas\",\"datePublished\":\"2026-04-06T15:02:40+00:00\",\"mainEntityOfPage\":{\"@id\":\"https:\/\/portaltela.pt\/noticias\/2026\/04\/06\/gnr-fiscaliza-autocarros-de-viagens-de-finalistas\/\"},\"wordCount\":258,\"image\":{\"@id\":\"https:\/\/portaltela.pt\/noticias\/2026\/04\/06\/gnr-fiscaliza-autocarros-de-viagens-de-finalistas\/#primaryimage\"},\"thumbnailUrl\":\"https:\/\/portaltela.pt\/s.01k8rhncp4jt1\/2026\/04\/img_1280x722uu2020-06-22-00-45-21-951109.jpg\",\"keywords\":[\"fiscaliza\u00e7\u00e3o de tr\u00e2nsito\",\"jovens\",\"rodovi\u00e1rios\",\"seguran\u00e7a rodovi\u00e1ria\",\"transporte\",\"viagens\"],\"articleSection\":[\"Pol\u00edcia\",\"Seguran\u00e7a\"],\"inLanguage\":\"pt-PT\"},{\"@type\":\"WebPage\",\"@id\":\"https:\/\/portaltela.pt\/noticias\/2026\/04\/06\/gnr-fiscaliza-autocarros-de-viagens-de-finalistas\/\",\"url\":\"https:\/\/portaltela.pt\/noticias\/2026\/04\/06\/gnr-fiscaliza-autocarros-de-viagens-de-finalistas\/\",\"name\":\"GNR fiscaliza autocarros de viagens de finalistas - Portal Tela Portugal\",\"isPartOf\":{\"@id\":\"https:\/\/portaltela.pt\/#website\"},\"primaryImageOfPage\":{\"@id\":\"https:\/\/portaltela.pt\/noticias\/2026\/04\/06\/gnr-fiscaliza-autocarros-de-viagens-de-finalistas\/#primaryimage\"},\"image\":{\"@id\":\"https:\/\/portaltela.pt\/noticias\/2026\/04\/06\/gnr-fiscaliza-autocarros-de-viagens-de-finalistas\/#primaryimage\"},\"thumbnailUrl\":\"https:\/\/portaltela.pt\/s.01k8rhncp4jt1\/2026\/04\/img_1280x722uu2020-06-22-00-45-21-951109.jpg\",\"datePublished\":\"2026-04-06T15:02:40+00:00\",\"author\":{\"@id\":\"https:\/\/portaltela.pt\/#\/schema\/person\/c4278d4a6028830caff9ee44b42d32ed\"},\"breadcrumb\":{\"@id\":\"https:\/\/portaltela.pt\/noticias\/2026\/04\/06\/gnr-fiscaliza-autocarros-de-viagens-de-finalistas\/#breadcrumb\"},\"inLanguage\":\"pt-PT\",\"potentialAction\":[{\"@type\":\"ReadAction\",\"target\":[\"https:\/\/portaltela.pt\/noticias\/2026\/04\/06\/gnr-fiscaliza-autocarros-de-viagens-de-finalistas\/\"]}]},{\"@type\":\"ImageObject\",\"inLanguage\":\"pt-PT\",\"@id\":\"https:\/\/portaltela.pt\/noticias\/2026\/04\/06\/gnr-fiscaliza-autocarros-de-viagens-de-finalistas\/#primaryimage\",\"url\":\"https:\/\/portaltela.pt\/s.01k8rhncp4jt1\/2026\/04\/img_1280x722uu2020-06-22-00-45-21-951109.jpg\",\"contentUrl\":\"https:\/\/portaltela.pt\/s.01k8rhncp4jt1\/2026\/04\/img_1280x722uu2020-06-22-00-45-21-951109.jpg\",\"width\":796,\"height\":448,\"caption\":\"GNR durante opera\u00e7\u00e3o de fiscaliza\u00e7\u00e3o.\"},{\"@type\":\"BreadcrumbList\",\"@id\":\"https:\/\/portaltela.pt\/noticias\/2026\/04\/06\/gnr-fiscaliza-autocarros-de-viagens-de-finalistas\/#breadcrumb\",\"itemListElement\":[{\"@type\":\"ListItem\",\"position\":1,\"name\":\"In\u00edcio\",\"item\":\"https:\/\/portaltela.pt\/\"},{\"@type\":\"ListItem\",\"position\":2,\"name\":\"GNR fiscaliza autocarros de viagens de finalistas\"}]},{\"@type\":\"WebSite\",\"@id\":\"https:\/\/portaltela.pt\/#website\",\"url\":\"https:\/\/portaltela.pt\/\",\"name\":\"Portal Tela Portugal\",\"description\":\"\",\"potentialAction\":[{\"@type\":\"SearchAction\",\"target\":{\"@type\":\"EntryPoint\",\"urlTemplate\":\"https:\/\/portaltela.pt\/?s={search_term_string}\"},\"query-input\":{\"@type\":\"PropertyValueSpecification\",\"valueRequired\":true,\"valueName\":\"search_term_string\"}}],\"inLanguage\":\"pt-PT\"},{\"@type\":\"Person\",\"@id\":\"https:\/\/portaltela.pt\/#\/schema\/person\/c4278d4a6028830caff9ee44b42d32ed\",\"name\":\"Telinha\",\"image\":{\"@type\":\"ImageObject\",\"inLanguage\":\"pt-PT\",\"@id\":\"https:\/\/portaltela.pt\/s.01k8rhncp4jt1\/2025\/11\/talking-bot-125x125.png\",\"url\":\"https:\/\/portaltela.pt\/s.01k8rhncp4jt1\/2025\/11\/talking-bot-125x125.png\",\"contentUrl\":\"https:\/\/portaltela.pt\/s.01k8rhncp4jt1\/2025\/11\/talking-bot-125x125.png\",\"caption\":\"Telinha\"},\"sameAs\":[\"https:\/\/portaltela.pt\/\"],\"url\":\"https:\/\/portaltela.pt\/por\/367410592786\/\"}]}<\/script>\n<!-- \/ Yoast SEO plugin. -->","yoast_head_json":{"title":"GNR fiscaliza autocarros de viagens de finalistas - Portal Tela Portugal","robots":{"index":"index","follow":"follow","max-snippet":"max-snippet:-1","max-image-preview":"max-image-preview:large","max-video-preview":"max-video-preview:-1"},"og_locale":"pt_PT","og_type":"article","og_title":"GNR fiscaliza autocarros de viagens de finalistas - Portal Tela Portugal","og_description":"A Guarda Nacional Republicana (GNR) fiscalizou autocarros de viagens de finalistas com o objetivo de detetar drogas ou \u00e1lcool, e verificar a seguran\u00e7a das viaturas. A opera\u00e7\u00e3o decorreu na \u00faltima quarta-feira, com v\u00e1rias a\u00e7\u00f5es de inspe\u00e7\u00e3o \u00e0s viaturas que transportam estudantes para eventos de finalistas. Foram realizadas dezenas de inspe\u00e7\u00f5es, com algumas irregularidades que exigiram a\u00e7\u00f5es corretivas e, em alguns casos, a apreens\u00e3o de ve\u00edculos por quest\u00f5es de seguran\u00e7a ou documenta\u00e7\u00e3o. O acompanhamento contou com v\u00e1rias unidades da GNR, incluindo especialistas em fiscaliza\u00e7\u00e3o rodovi\u00e1ria e de tr\u00e2nsito. A GNR pretende manter a\u00e7\u00f5es semelhantes em todo o pa\u00eds, sobretudo em per\u00edodos de maior movimento de jovens em viagens de finalistas, para garantir a seguran\u00e7a de todos.","og_url":"https:\/\/portaltela.pt\/noticias\/2026\/04\/06\/gnr-fiscaliza-autocarros-de-viagens-de-finalistas\/","og_site_name":"Portal Tela Portugal","article_published_time":"2026-04-06T15:02:40+00:00","author":"Telinha","twitter_card":"summary_large_image","twitter_misc":{"Escrito por":"Telinha","Tempo estimado de leitura":"1 minuto"},"schema":{"@context":"https:\/\/schema.org","@graph":[{"@type":"Article","@id":"https:\/\/portaltela.pt\/noticias\/2026\/04\/06\/gnr-fiscaliza-autocarros-de-viagens-de-finalistas\/#article","isPartOf":{"@id":"https:\/\/portaltela.pt\/noticias\/2026\/04\/06\/gnr-fiscaliza-autocarros-de-viagens-de-finalistas\/"},"author":{"name":"Telinha","@id":"https:\/\/portaltela.pt\/#\/schema\/person\/c4278d4a6028830caff9ee44b42d32ed"},"headline":"GNR fiscaliza autocarros de viagens de finalistas","datePublished":"2026-04-06T15:02:40+00:00","mainEntityOfPage":{"@id":"https:\/\/portaltela.pt\/noticias\/2026\/04\/06\/gnr-fiscaliza-autocarros-de-viagens-de-finalistas\/"},"wordCount":258,"image":{"@id":"https:\/\/portaltela.pt\/noticias\/2026\/04\/06\/gnr-fiscaliza-autocarros-de-viagens-de-finalistas\/#primaryimage"},"thumbnailUrl":"https:\/\/portaltela.pt\/s.01k8rhncp4jt1\/2026\/04\/img_1280x722uu2020-06-22-00-45-21-951109.jpg","keywords":["fiscaliza\u00e7\u00e3o de tr\u00e2nsito","jovens","rodovi\u00e1rios","seguran\u00e7a rodovi\u00e1ria","transporte","viagens"],"articleSection":["Pol\u00edcia","Seguran\u00e7a"],"inLanguage":"pt-PT"},{"@type":"WebPage","@id":"https:\/\/portaltela.pt\/noticias\/2026\/04\/06\/gnr-fiscaliza-autocarros-de-viagens-de-finalistas\/","url":"https:\/\/portaltela.pt\/noticias\/2026\/04\/06\/gnr-fiscaliza-autocarros-de-viagens-de-finalistas\/","name":"GNR fiscaliza autocarros de viagens de finalistas - Portal Tela Portugal","isPartOf":{"@id":"https:\/\/portaltela.pt\/#website"},"primaryImageOfPage":{"@id":"https:\/\/portaltela.pt\/noticias\/2026\/04\/06\/gnr-fiscaliza-autocarros-de-viagens-de-finalistas\/#primaryimage"},"image":{"@id":"https:\/\/portaltela.pt\/noticias\/2026\/04\/06\/gnr-fiscaliza-autocarros-de-viagens-de-finalistas\/#primaryimage"},"thumbnailUrl":"https:\/\/portaltela.pt\/s.01k8rhncp4jt1\/2026\/04\/img_1280x722uu2020-06-22-00-45-21-951109.jpg","datePublished":"2026-04-06T15:02:40+00:00","author":{"@id":"https:\/\/portaltela.pt\/#\/schema\/person\/c4278d4a6028830caff9ee44b42d32ed"},"breadcrumb":{"@id":"https:\/\/portaltela.pt\/noticias\/2026\/04\/06\/gnr-fiscaliza-autocarros-de-viagens-de-finalistas\/#breadcrumb"},"inLanguage":"pt-PT","potentialAction":[{"@type":"ReadAction","target":["https:\/\/portaltela.pt\/noticias\/2026\/04\/06\/gnr-fiscaliza-autocarros-de-viagens-de-finalistas\/"]}]},{"@type":"ImageObject","inLanguage":"pt-PT","@id":"https:\/\/portaltela.pt\/noticias\/2026\/04\/06\/gnr-fiscaliza-autocarros-de-viagens-de-finalistas\/#primaryimage","url":"https:\/\/portaltela.pt\/s.01k8rhncp4jt1\/2026\/04\/img_1280x722uu2020-06-22-00-45-21-951109.jpg","contentUrl":"https:\/\/portaltela.pt\/s.01k8rhncp4jt1\/2026\/04\/img_1280x722uu2020-06-22-00-45-21-951109.jpg","width":796,"height":448,"caption":"GNR durante opera\u00e7\u00e3o de fiscaliza\u00e7\u00e3o."},{"@type":"BreadcrumbList","@id":"https:\/\/portaltela.pt\/noticias\/2026\/04\/06\/gnr-fiscaliza-autocarros-de-viagens-de-finalistas\/#breadcrumb","itemListElement":[{"@type":"ListItem","position":1,"name":"In\u00edcio","item":"https:\/\/portaltela.pt\/"},{"@type":"ListItem","position":2,"name":"GNR fiscaliza autocarros de viagens de finalistas"}]},{"@type":"WebSite","@id":"https:\/\/portaltela.pt\/#website","url":"https:\/\/portaltela.pt\/","name":"Portal Tela Portugal","description":"","potentialAction":[{"@type":"SearchAction","target":{"@type":"EntryPoint","urlTemplate":"https:\/\/portaltela.pt\/?s={search_term_string}"},"query-input":{"@type":"PropertyValueSpecification","valueRequired":true,"valueName":"search_term_string"}}],"inLanguage":"pt-PT"},{"@type":"Person","@id":"https:\/\/portaltela.pt\/#\/schema\/person\/c4278d4a6028830caff9ee44b42d32ed","name":"Telinha","image":{"@type":"ImageObject","inLanguage":"pt-PT","@id":"https:\/\/portaltela.pt\/s.01k8rhncp4jt1\/2025\/11\/talking-bot-125x125.png","url":"https:\/\/portaltela.pt\/s.01k8rhncp4jt1\/2025\/11\/talking-bot-125x125.png","contentUrl":"https:\/\/portaltela.pt\/s.01k8rhncp4jt1\/2025\/11\/talking-bot-125x125.png","caption":"Telinha"},"sameAs":["https:\/\/portaltela.pt\/"],"url":"https:\/\/portaltela.pt\/por\/367410592786\/"}]}},"_links":{"self":[{"href":"https:\/\/portaltela.pt\/api\/wp\/v2\/posts\/434288","targetHints":{"allow":["GET"]}}],"collection":[{"href":"https:\/\/portaltela.pt\/api\/wp\/v2\/posts"}],"about":[{"href":"https:\/\/portaltela.pt\/api\/wp\/v2\/types\/post"}],"author":[{"embeddable":true,"href":"https:\/\/portaltela.pt\/api\/wp\/v2\/users\/2"}],"replies":[{"embeddable":true,"href":"https:\/\/portaltela.pt\/api\/wp\/v2\/comments?post=434288"}],"version-history":[{"count":0,"href":"https:\/\/portaltela.pt\/api\/wp\/v2\/posts\/434288\/revisions"}],"wp:featuredmedia":[{"embeddable":true,"href":"https:\/\/portaltela.pt\/api\/wp\/v2\/media\/434294"}],"wp:attachment":[{"href":"https:\/\/portaltela.pt\/api\/wp\/v2\/media?parent=434288"}],"wp:term":[{"taxonomy":"category","embeddable":true,"href":"https:\/\/portaltela.pt\/api\/wp\/v2\/categories?post=434288"},{"taxonomy":"post_tag","embeddable":true,"href":"https:\/\/portaltela.pt\/api\/wp\/v2\/tags?post=434288"}],"curies":[{"name":"wp","href":"https:\/\/api.w.org\/{rel}","templated":true}]}}