{"id":434274,"date":"2026-04-06T11:47:32","date_gmt":"2026-04-06T14:47:32","guid":{"rendered":"https:\/\/portaltela.pt\/noticias\/2026\/04\/06\/verao-turistas-trocam-riviera-pelos-balcas-por-custos-e-experiencias\/"},"modified":"2026-04-06T11:47:32","modified_gmt":"2026-04-06T14:47:32","slug":"verao-turistas-trocam-riviera-pelos-balcas-por-custos-e-experiencias","status":"publish","type":"post","link":"https:\/\/portaltela.pt\/lazer\/2026\/04\/06\/verao-turistas-trocam-riviera-pelos-balcas-por-custos-e-experiencias\/","title":{"rendered":"Ver\u00e3o: turistas trocam Riviera pelos Balc\u00e3s por custos e experi\u00eancias"},"content":{"rendered":"<p>A costa adri\u00e1tica da Cro\u00e1cia, conhecida como Jadranska Hrvatska, tornou-se o destino mais popular da UE para reservas de hotel entre junho e setembro de 2025. Dados do Eurostat, analisados pela Europe in Motion, apontam 34 milh\u00f5es de noites reservadas em plataformas como Airbnb, Booking e Expedia. O recorde destaca-se numa \u00e9poca de ver\u00e3o na regi\u00e3o.<\/p>\n<p>A extens\u00e3o costeira croata atrai turistas pela combina\u00e7\u00e3o de praias l\u00edmpidas, ilhas de f\u00e1cil acesso e cidades hist\u00f3ricas. Split, com o pal\u00e1cio de Diocleciano, convive com a ilha de Hvar e as \u00e1reas de banhos na Kasjuni, enquanto Bra\u010d e Jerolim oferecem op\u00e7\u00f5es de windsurf e snorkeling. O Biokovo Skywalk \u00e9 outra atra\u00e7\u00e3o de peso na regi\u00e3o de Makarska.<\/p>\n<p>Dubrovnik continua a ser o ponto mais medi\u00e1tico, sustentado pelo estatuto de Patrim\u00f3nio da UNESCO e pelo uso como cen\u00e1rio de filmes. Muralhas hist\u00f3ricas e caiaques ao p\u00f4r do sol s\u00e3o atividades comuns, mas a sobrelota\u00e7\u00e3o do ver\u00e3o leva muitos viajantes a procurar destinos como Zadar ou Sibenik para uma experi\u00eancia mais calma.<\/p>\n<p>Entre outros destaques regionais, o top 10 europeu inclui uma predomin\u00e2ncia de regi\u00f5es francesas e espanholas, como Andaluzia, Proven\u00e7a e Catalunha, com Creta a representar a exce\u00e7\u00e3o grega entre as favoritas. A n\u00edvel nacional, Fran\u00e7a liderou com 108 milh\u00f5es de noites em 2025, seguida pela Espanha (91 milh\u00f5es) e pela It\u00e1lia (75 milh\u00f5es).<\/p>\n<p>Em termos globais, 2025 registou perto de 950 milh\u00f5es de noites em alojamentos de curta dura\u00e7\u00e3o reservados online, um aumento de 11,4% face a 2024 e 32,4% face a 2023. O setor mant\u00e9m-se saud\u00e1vel, mas 2026 pode trazer perturba\u00e7\u00f5es por custos de energia e combust\u00edvel devido a tens\u00f5es no Ir\u00e3o, com poss\u00edvel redu\u00e7\u00e3o de voos e aumento de tarifas.<\/p>\n","protected":false},"excerpt":{"rendered":"<ul>\n<li>A regi\u00e3o adri\u00e1tica da Cro\u00e1cia (Jadranska Hrvatska) foi o destino mais popular da UE para turistas, com 34 milh\u00f5es de noites reservadas entre junho e final de setembro de 2025, atrav\u00e9s da Airbnb, Booking e Expedia.<\/li>\n<li>A costa croata atrai pela beleza natural, clima quente, cidades litorais e ilhas de \u00e1guas claras, com destaque para Split, Hvar, Bra\u010d e Biokovo Skywalk.<\/li>\n<li>Dubrovnik continua entre os destinos mais medi\u00e1ticos, ligado \u00e0 UNESCO e a cenas de Game of Thrones; o local \u00e9 muito procurado para visitas \u00e0s muralhas e passeios de caiaque ao p\u00f4r do sol, mas a sobrelota\u00e7\u00e3o \u00e9 comum no ver\u00e3o.<\/li>\n<li>No top 10 europeu, al\u00e9m da Cro\u00e1cia, destacam-se regi\u00f5es francesas e espanholas, com Creta e Ilhas do Egeu a figurarem como exce\u00e7\u00e3o entre as zonas mediterr\u00e2neas mais populares.<\/li>\n<li>Em termos nacionais, Fran\u00e7a teve 108 milh\u00f5es de noites reservadas no ver\u00e3o de 2025, seguida por Espanha (91 milh\u00f5es) e It\u00e1lia (75 milh\u00f5es); o conjunto europeu somou cerca de 950 milh\u00f5es de noites em alojamentos de curta dura\u00e7\u00e3o, mais 11,4% que 2024.<\/li>\n<\/ul>\n","protected":false},"author":2,"featured_media":434277,"comment_status":"closed","ping_status":"closed","sticky":false,"template":"","format":"standard","meta":{"footnotes":""},"categories":[7381],"tags":[3487,6592,28,2487,169,71],"class_list":["post-434274","post","type-post","status-publish","format-standard","has-post-thumbnail","hentry","category-lazer","tag-croacia","tag-destinos-internacionais","tag-economia","tag-europa","tag-turismo","tag-viagens"],"yoast_head":"<!-- This site is optimized with the Yoast SEO plugin v27.2 - https:\/\/yoast.com\/product\/yoast-seo-wordpress\/ -->\n<title>Ver\u00e3o: turistas trocam Riviera pelos Balc\u00e3s por custos e experi\u00eancias - Portal Tela Portugal<\/title>\n<meta name=\"robots\" content=\"index, follow, max-snippet:-1, max-image-preview:large, max-video-preview:-1\" \/>\n<meta property=\"og:locale\" content=\"pt_PT\" \/>\n<meta property=\"og:type\" content=\"article\" \/>\n<meta property=\"og:title\" content=\"Ver\u00e3o: turistas trocam Riviera pelos Balc\u00e3s por custos e experi\u00eancias - Portal Tela Portugal\" \/>\n<meta property=\"og:description\" content=\"A regi\u00e3o adri\u00e1tica da Cro\u00e1cia (Jadranska Hrvatska) foi o destino mais popular da UE para turistas, com 34 milh\u00f5es de noites reservadas entre junho e final de setembro de 2025, atrav\u00e9s da Airbnb, Booking e Expedia. A costa croata atrai pela beleza natural, clima quente, cidades litorais e ilhas de \u00e1guas claras, com destaque para Split, Hvar, Bra\u010d e Biokovo Skywalk. Dubrovnik continua entre os destinos mais medi\u00e1ticos, ligado \u00e0 UNESCO e a cenas de Game of Thrones; o local \u00e9 muito procurado para visitas \u00e0s muralhas e passeios de caiaque ao p\u00f4r do sol, mas a sobrelota\u00e7\u00e3o \u00e9 comum no ver\u00e3o. No top 10 europeu, al\u00e9m da Cro\u00e1cia, destacam-se regi\u00f5es francesas e espanholas, com Creta e Ilhas do Egeu a figurarem como exce\u00e7\u00e3o entre as zonas mediterr\u00e2neas mais populares. Em termos nacionais, Fran\u00e7a teve 108 milh\u00f5es de noites reservadas no ver\u00e3o de 2025, seguida por Espanha (91 milh\u00f5es) e It\u00e1lia (75 milh\u00f5es); o conjunto europeu somou cerca de 950 milh\u00f5es de noites em alojamentos de curta dura\u00e7\u00e3o, mais 11,4% que 2024.\" \/>\n<meta property=\"og:url\" content=\"https:\/\/portaltela.pt\/noticias\/2026\/04\/06\/verao-turistas-trocam-riviera-pelos-balcas-por-custos-e-experiencias\/\" \/>\n<meta property=\"og:site_name\" content=\"Portal Tela Portugal\" \/>\n<meta property=\"article:published_time\" content=\"2026-04-06T14:47:32+00:00\" \/>\n<meta name=\"author\" content=\"Telinha\" \/>\n<meta name=\"twitter:card\" content=\"summary_large_image\" \/>\n<meta name=\"twitter:label1\" content=\"Escrito por\" \/>\n\t<meta name=\"twitter:data1\" content=\"Telinha\" \/>\n\t<meta name=\"twitter:label2\" content=\"Tempo estimado de leitura\" \/>\n\t<meta name=\"twitter:data2\" content=\"2 minutos\" \/>\n<script type=\"application\/ld+json\" class=\"yoast-schema-graph\">{\"@context\":\"https:\/\/schema.org\",\"@graph\":[{\"@type\":\"Article\",\"@id\":\"https:\/\/portaltela.pt\/noticias\/2026\/04\/06\/verao-turistas-trocam-riviera-pelos-balcas-por-custos-e-experiencias\/#article\",\"isPartOf\":{\"@id\":\"https:\/\/portaltela.pt\/noticias\/2026\/04\/06\/verao-turistas-trocam-riviera-pelos-balcas-por-custos-e-experiencias\/\"},\"author\":{\"name\":\"Telinha\",\"@id\":\"https:\/\/portaltela.pt\/#\/schema\/person\/c4278d4a6028830caff9ee44b42d32ed\"},\"headline\":\"Ver\u00e3o: turistas trocam Riviera pelos Balc\u00e3s por custos e experi\u00eancias\",\"datePublished\":\"2026-04-06T14:47:32+00:00\",\"mainEntityOfPage\":{\"@id\":\"https:\/\/portaltela.pt\/noticias\/2026\/04\/06\/verao-turistas-trocam-riviera-pelos-balcas-por-custos-e-experiencias\/\"},\"wordCount\":321,\"image\":{\"@id\":\"https:\/\/portaltela.pt\/noticias\/2026\/04\/06\/verao-turistas-trocam-riviera-pelos-balcas-por-custos-e-experiencias\/#primaryimage\"},\"thumbnailUrl\":\"https:\/\/portaltela.pt\/s.01k8rhncp4jt1\/2026\/04\/1536x864_cmsv2_fa0619de-b182-59fd-95f7-be201e280d1a-9711708.jpg\",\"keywords\":[\"Cro\u00e1cia\",\"destinos internacionais\",\"economia\",\"Europa\",\"turismo\",\"viagens\"],\"articleSection\":[\"Lazer\"],\"inLanguage\":\"pt-PT\"},{\"@type\":\"WebPage\",\"@id\":\"https:\/\/portaltela.pt\/noticias\/2026\/04\/06\/verao-turistas-trocam-riviera-pelos-balcas-por-custos-e-experiencias\/\",\"url\":\"https:\/\/portaltela.pt\/noticias\/2026\/04\/06\/verao-turistas-trocam-riviera-pelos-balcas-por-custos-e-experiencias\/\",\"name\":\"Ver\u00e3o: turistas trocam Riviera pelos Balc\u00e3s por custos e experi\u00eancias - Portal Tela Portugal\",\"isPartOf\":{\"@id\":\"https:\/\/portaltela.pt\/#website\"},\"primaryImageOfPage\":{\"@id\":\"https:\/\/portaltela.pt\/noticias\/2026\/04\/06\/verao-turistas-trocam-riviera-pelos-balcas-por-custos-e-experiencias\/#primaryimage\"},\"image\":{\"@id\":\"https:\/\/portaltela.pt\/noticias\/2026\/04\/06\/verao-turistas-trocam-riviera-pelos-balcas-por-custos-e-experiencias\/#primaryimage\"},\"thumbnailUrl\":\"https:\/\/portaltela.pt\/s.01k8rhncp4jt1\/2026\/04\/1536x864_cmsv2_fa0619de-b182-59fd-95f7-be201e280d1a-9711708.jpg\",\"datePublished\":\"2026-04-06T14:47:32+00:00\",\"author\":{\"@id\":\"https:\/\/portaltela.pt\/#\/schema\/person\/c4278d4a6028830caff9ee44b42d32ed\"},\"breadcrumb\":{\"@id\":\"https:\/\/portaltela.pt\/noticias\/2026\/04\/06\/verao-turistas-trocam-riviera-pelos-balcas-por-custos-e-experiencias\/#breadcrumb\"},\"inLanguage\":\"pt-PT\",\"potentialAction\":[{\"@type\":\"ReadAction\",\"target\":[\"https:\/\/portaltela.pt\/noticias\/2026\/04\/06\/verao-turistas-trocam-riviera-pelos-balcas-por-custos-e-experiencias\/\"]}]},{\"@type\":\"ImageObject\",\"inLanguage\":\"pt-PT\",\"@id\":\"https:\/\/portaltela.pt\/noticias\/2026\/04\/06\/verao-turistas-trocam-riviera-pelos-balcas-por-custos-e-experiencias\/#primaryimage\",\"url\":\"https:\/\/portaltela.pt\/s.01k8rhncp4jt1\/2026\/04\/1536x864_cmsv2_fa0619de-b182-59fd-95f7-be201e280d1a-9711708.jpg\",\"contentUrl\":\"https:\/\/portaltela.pt\/s.01k8rhncp4jt1\/2026\/04\/1536x864_cmsv2_fa0619de-b182-59fd-95f7-be201e280d1a-9711708.jpg\",\"width\":796,\"height\":448,\"caption\":\"A Europa em Movimento\"},{\"@type\":\"BreadcrumbList\",\"@id\":\"https:\/\/portaltela.pt\/noticias\/2026\/04\/06\/verao-turistas-trocam-riviera-pelos-balcas-por-custos-e-experiencias\/#breadcrumb\",\"itemListElement\":[{\"@type\":\"ListItem\",\"position\":1,\"name\":\"In\u00edcio\",\"item\":\"https:\/\/portaltela.pt\/\"},{\"@type\":\"ListItem\",\"position\":2,\"name\":\"Ver\u00e3o: turistas trocam Riviera pelos Balc\u00e3s por custos e experi\u00eancias\"}]},{\"@type\":\"WebSite\",\"@id\":\"https:\/\/portaltela.pt\/#website\",\"url\":\"https:\/\/portaltela.pt\/\",\"name\":\"Portal Tela Portugal\",\"description\":\"\",\"potentialAction\":[{\"@type\":\"SearchAction\",\"target\":{\"@type\":\"EntryPoint\",\"urlTemplate\":\"https:\/\/portaltela.pt\/?s={search_term_string}\"},\"query-input\":{\"@type\":\"PropertyValueSpecification\",\"valueRequired\":true,\"valueName\":\"search_term_string\"}}],\"inLanguage\":\"pt-PT\"},{\"@type\":\"Person\",\"@id\":\"https:\/\/portaltela.pt\/#\/schema\/person\/c4278d4a6028830caff9ee44b42d32ed\",\"name\":\"Telinha\",\"image\":{\"@type\":\"ImageObject\",\"inLanguage\":\"pt-PT\",\"@id\":\"https:\/\/portaltela.pt\/s.01k8rhncp4jt1\/2025\/11\/talking-bot-125x125.png\",\"url\":\"https:\/\/portaltela.pt\/s.01k8rhncp4jt1\/2025\/11\/talking-bot-125x125.png\",\"contentUrl\":\"https:\/\/portaltela.pt\/s.01k8rhncp4jt1\/2025\/11\/talking-bot-125x125.png\",\"caption\":\"Telinha\"},\"sameAs\":[\"https:\/\/portaltela.pt\/\"],\"url\":\"https:\/\/portaltela.pt\/por\/367410592786\/\"}]}<\/script>\n<!-- \/ Yoast SEO plugin. -->","yoast_head_json":{"title":"Ver\u00e3o: turistas trocam Riviera pelos Balc\u00e3s por custos e experi\u00eancias - Portal Tela Portugal","robots":{"index":"index","follow":"follow","max-snippet":"max-snippet:-1","max-image-preview":"max-image-preview:large","max-video-preview":"max-video-preview:-1"},"og_locale":"pt_PT","og_type":"article","og_title":"Ver\u00e3o: turistas trocam Riviera pelos Balc\u00e3s por custos e experi\u00eancias - Portal Tela Portugal","og_description":"A regi\u00e3o adri\u00e1tica da Cro\u00e1cia (Jadranska Hrvatska) foi o destino mais popular da UE para turistas, com 34 milh\u00f5es de noites reservadas entre junho e final de setembro de 2025, atrav\u00e9s da Airbnb, Booking e Expedia. A costa croata atrai pela beleza natural, clima quente, cidades litorais e ilhas de \u00e1guas claras, com destaque para Split, Hvar, Bra\u010d e Biokovo Skywalk. Dubrovnik continua entre os destinos mais medi\u00e1ticos, ligado \u00e0 UNESCO e a cenas de Game of Thrones; o local \u00e9 muito procurado para visitas \u00e0s muralhas e passeios de caiaque ao p\u00f4r do sol, mas a sobrelota\u00e7\u00e3o \u00e9 comum no ver\u00e3o. No top 10 europeu, al\u00e9m da Cro\u00e1cia, destacam-se regi\u00f5es francesas e espanholas, com Creta e Ilhas do Egeu a figurarem como exce\u00e7\u00e3o entre as zonas mediterr\u00e2neas mais populares. Em termos nacionais, Fran\u00e7a teve 108 milh\u00f5es de noites reservadas no ver\u00e3o de 2025, seguida por Espanha (91 milh\u00f5es) e It\u00e1lia (75 milh\u00f5es); o conjunto europeu somou cerca de 950 milh\u00f5es de noites em alojamentos de curta dura\u00e7\u00e3o, mais 11,4% que 2024.","og_url":"https:\/\/portaltela.pt\/noticias\/2026\/04\/06\/verao-turistas-trocam-riviera-pelos-balcas-por-custos-e-experiencias\/","og_site_name":"Portal Tela Portugal","article_published_time":"2026-04-06T14:47:32+00:00","author":"Telinha","twitter_card":"summary_large_image","twitter_misc":{"Escrito por":"Telinha","Tempo estimado de leitura":"2 minutos"},"schema":{"@context":"https:\/\/schema.org","@graph":[{"@type":"Article","@id":"https:\/\/portaltela.pt\/noticias\/2026\/04\/06\/verao-turistas-trocam-riviera-pelos-balcas-por-custos-e-experiencias\/#article","isPartOf":{"@id":"https:\/\/portaltela.pt\/noticias\/2026\/04\/06\/verao-turistas-trocam-riviera-pelos-balcas-por-custos-e-experiencias\/"},"author":{"name":"Telinha","@id":"https:\/\/portaltela.pt\/#\/schema\/person\/c4278d4a6028830caff9ee44b42d32ed"},"headline":"Ver\u00e3o: turistas trocam Riviera pelos Balc\u00e3s por custos e experi\u00eancias","datePublished":"2026-04-06T14:47:32+00:00","mainEntityOfPage":{"@id":"https:\/\/portaltela.pt\/noticias\/2026\/04\/06\/verao-turistas-trocam-riviera-pelos-balcas-por-custos-e-experiencias\/"},"wordCount":321,"image":{"@id":"https:\/\/portaltela.pt\/noticias\/2026\/04\/06\/verao-turistas-trocam-riviera-pelos-balcas-por-custos-e-experiencias\/#primaryimage"},"thumbnailUrl":"https:\/\/portaltela.pt\/s.01k8rhncp4jt1\/2026\/04\/1536x864_cmsv2_fa0619de-b182-59fd-95f7-be201e280d1a-9711708.jpg","keywords":["Cro\u00e1cia","destinos internacionais","economia","Europa","turismo","viagens"],"articleSection":["Lazer"],"inLanguage":"pt-PT"},{"@type":"WebPage","@id":"https:\/\/portaltela.pt\/noticias\/2026\/04\/06\/verao-turistas-trocam-riviera-pelos-balcas-por-custos-e-experiencias\/","url":"https:\/\/portaltela.pt\/noticias\/2026\/04\/06\/verao-turistas-trocam-riviera-pelos-balcas-por-custos-e-experiencias\/","name":"Ver\u00e3o: turistas trocam Riviera pelos Balc\u00e3s por custos e experi\u00eancias - Portal Tela Portugal","isPartOf":{"@id":"https:\/\/portaltela.pt\/#website"},"primaryImageOfPage":{"@id":"https:\/\/portaltela.pt\/noticias\/2026\/04\/06\/verao-turistas-trocam-riviera-pelos-balcas-por-custos-e-experiencias\/#primaryimage"},"image":{"@id":"https:\/\/portaltela.pt\/noticias\/2026\/04\/06\/verao-turistas-trocam-riviera-pelos-balcas-por-custos-e-experiencias\/#primaryimage"},"thumbnailUrl":"https:\/\/portaltela.pt\/s.01k8rhncp4jt1\/2026\/04\/1536x864_cmsv2_fa0619de-b182-59fd-95f7-be201e280d1a-9711708.jpg","datePublished":"2026-04-06T14:47:32+00:00","author":{"@id":"https:\/\/portaltela.pt\/#\/schema\/person\/c4278d4a6028830caff9ee44b42d32ed"},"breadcrumb":{"@id":"https:\/\/portaltela.pt\/noticias\/2026\/04\/06\/verao-turistas-trocam-riviera-pelos-balcas-por-custos-e-experiencias\/#breadcrumb"},"inLanguage":"pt-PT","potentialAction":[{"@type":"ReadAction","target":["https:\/\/portaltela.pt\/noticias\/2026\/04\/06\/verao-turistas-trocam-riviera-pelos-balcas-por-custos-e-experiencias\/"]}]},{"@type":"ImageObject","inLanguage":"pt-PT","@id":"https:\/\/portaltela.pt\/noticias\/2026\/04\/06\/verao-turistas-trocam-riviera-pelos-balcas-por-custos-e-experiencias\/#primaryimage","url":"https:\/\/portaltela.pt\/s.01k8rhncp4jt1\/2026\/04\/1536x864_cmsv2_fa0619de-b182-59fd-95f7-be201e280d1a-9711708.jpg","contentUrl":"https:\/\/portaltela.pt\/s.01k8rhncp4jt1\/2026\/04\/1536x864_cmsv2_fa0619de-b182-59fd-95f7-be201e280d1a-9711708.jpg","width":796,"height":448,"caption":"A Europa em Movimento"},{"@type":"BreadcrumbList","@id":"https:\/\/portaltela.pt\/noticias\/2026\/04\/06\/verao-turistas-trocam-riviera-pelos-balcas-por-custos-e-experiencias\/#breadcrumb","itemListElement":[{"@type":"ListItem","position":1,"name":"In\u00edcio","item":"https:\/\/portaltela.pt\/"},{"@type":"ListItem","position":2,"name":"Ver\u00e3o: turistas trocam Riviera pelos Balc\u00e3s por custos e experi\u00eancias"}]},{"@type":"WebSite","@id":"https:\/\/portaltela.pt\/#website","url":"https:\/\/portaltela.pt\/","name":"Portal Tela Portugal","description":"","potentialAction":[{"@type":"SearchAction","target":{"@type":"EntryPoint","urlTemplate":"https:\/\/portaltela.pt\/?s={search_term_string}"},"query-input":{"@type":"PropertyValueSpecification","valueRequired":true,"valueName":"search_term_string"}}],"inLanguage":"pt-PT"},{"@type":"Person","@id":"https:\/\/portaltela.pt\/#\/schema\/person\/c4278d4a6028830caff9ee44b42d32ed","name":"Telinha","image":{"@type":"ImageObject","inLanguage":"pt-PT","@id":"https:\/\/portaltela.pt\/s.01k8rhncp4jt1\/2025\/11\/talking-bot-125x125.png","url":"https:\/\/portaltela.pt\/s.01k8rhncp4jt1\/2025\/11\/talking-bot-125x125.png","contentUrl":"https:\/\/portaltela.pt\/s.01k8rhncp4jt1\/2025\/11\/talking-bot-125x125.png","caption":"Telinha"},"sameAs":["https:\/\/portaltela.pt\/"],"url":"https:\/\/portaltela.pt\/por\/367410592786\/"}]}},"_links":{"self":[{"href":"https:\/\/portaltela.pt\/api\/wp\/v2\/posts\/434274","targetHints":{"allow":["GET"]}}],"collection":[{"href":"https:\/\/portaltela.pt\/api\/wp\/v2\/posts"}],"about":[{"href":"https:\/\/portaltela.pt\/api\/wp\/v2\/types\/post"}],"author":[{"embeddable":true,"href":"https:\/\/portaltela.pt\/api\/wp\/v2\/users\/2"}],"replies":[{"embeddable":true,"href":"https:\/\/portaltela.pt\/api\/wp\/v2\/comments?post=434274"}],"version-history":[{"count":0,"href":"https:\/\/portaltela.pt\/api\/wp\/v2\/posts\/434274\/revisions"}],"wp:featuredmedia":[{"embeddable":true,"href":"https:\/\/portaltela.pt\/api\/wp\/v2\/media\/434277"}],"wp:attachment":[{"href":"https:\/\/portaltela.pt\/api\/wp\/v2\/media?parent=434274"}],"wp:term":[{"taxonomy":"category","embeddable":true,"href":"https:\/\/portaltela.pt\/api\/wp\/v2\/categories?post=434274"},{"taxonomy":"post_tag","embeddable":true,"href":"https:\/\/portaltela.pt\/api\/wp\/v2\/tags?post=434274"}],"curies":[{"name":"wp","href":"https:\/\/api.w.org\/{rel}","templated":true}]}}